{"id":1040,"date":"2023-02-25T17:54:32","date_gmt":"2023-02-25T17:54:32","guid":{"rendered":"https:\/\/encontreportugal.pt\/?p=1040"},"modified":"2024-04-07T13:11:36","modified_gmt":"2024-04-07T13:11:36","slug":"conheca-janaina-extensoes-a-especialista-em-mega-hair-em-portugal","status":"publish","type":"post","link":"https:\/\/encontreportugal.pt\/de\/conheca-janaina-extensoes-a-especialista-em-mega-hair-em-portugal\/","title":{"rendered":"Lernen Sie Jana\u00edna Extens\u00f5es kennen, die Spezialistin f\u00fcr Mega Hair und den Verkauf von Haarverl\u00e4ngerungen in Lissabon und der umliegenden Region."},"content":{"rendered":"\t\t<div data-elementor-type=\"wp-post\" data-elementor-id=\"1040\" class=\"elementor elementor-1040\" data-elementor-post-type=\"post\">\n\t\t\t\t\t\t<section data-particle_enable=\"false\" data-particle-mobile-disabled=\"false\" class=\"elementor-section elementor-top-section elementor-element elementor-element-2bda2402 elementor-section-boxed elementor-section-height-default elementor-section-height-default\" data-id=\"2bda2402\" data-element_type=\"section\" data-e-type=\"section\">\n\t\t\t\t\t\t<div class=\"elementor-container elementor-column-gap-default\">\n\t\t\t\t\t<div class=\"elementor-column elementor-col-100 elementor-top-column elementor-element elementor-element-261f3acb\" data-id=\"261f3acb\" data-element_type=\"column\" data-e-type=\"column\">\n\t\t\t<div class=\"elementor-widget-wrap elementor-element-populated\">\n\t\t\t\t\t\t<div class=\"elementor-element elementor-element-40764439 elementor-widget elementor-widget-text-editor\" data-id=\"40764439\" data-element_type=\"widget\" data-e-type=\"widget\" data-widget_type=\"text-editor.default\">\n\t\t\t\t<div class=\"elementor-widget-container\">\n\t\t\t\t\t\t\t\t\t<h2>Conhe\u00e7a Jana\u00edna Extens\u00f5es, a especialista em Mega Hair e Venda de Extens\u00f5es de Cabelos Humanos em Lisboa e regi\u00e3o<\/h2><p>Usar mega hair em Lisboa e regi\u00e3o pode ser uma excelente escolha para as brasileiras que desejam mudar o visual e ter cabelos mais longos e volumosos. Al\u00e9m de ser uma op\u00e7\u00e3o pr\u00e1tica e vers\u00e1til, o mega hair tamb\u00e9m pode ajudar a aumentar a autoestima e confian\u00e7a.<\/p><p>Ao optar pela extens\u00f5es de cabelos em Lisboa \u00e9 poss\u00edvel escolher entre diferentes t\u00e9cnicas e tipos de cabelos, que se adaptam a diferentes necessidades e prefer\u00eancias. Al\u00e9m disso, \u00e9 poss\u00edvel encontrar profissionais experientes e qualificados para realizar o procedimento, garantindo um resultado natural e duradouro.<\/p><p>Outra vantagem de utilizar o mega hair em Lisboa \u00e9 a facilidade de encontrar produtos para cuidar dos cabelos e manter o resultado por mais tempo. Existem diversas marcas e op\u00e7\u00f5es de shampoos, condicionadores, finalizadores e outros produtos espec\u00edficos para cabelos com mega hair.<\/p><p>Portanto, se voc\u00ea est\u00e1 pensando em mudar o visual e experimentar o mega hair, n\u00e3o perca a oportunidade de fazer isso em Portugal. Com profissionais qualificados, produtos de qualidade e diversas op\u00e7\u00f5es de t\u00e9cnicas e cabelos, o resultado ser\u00e1 incr\u00edvel. Acesse agora o nosso guia completo sobre mega hair em Lisboa e descubra tudo o que voc\u00ea precisa saber sobre essa t\u00e9cnica t\u00e3o querida pelas brasileiras.<\/p><p>O mega hair, tamb\u00e9m conhecido como aplica\u00e7\u00e3o de extens\u00f5es em Portugal, \u00e9 uma t\u00e9cnica que tem sido utilizada h\u00e1 d\u00e9cadas para proporcionar um visual mais volumoso e alongado aos cabelos. Embora a t\u00e9cnica tenha se popularizado nos \u00faltimos anos, sua origem remonta aos tempos antigos.<\/p><h3>Como surgiu o Mega hair ?<\/h3><p>A hist\u00f3ria do mega hair come\u00e7a com as mulheres eg\u00edpcias, que utilizavam cabelos posti\u00e7os feitos com l\u00e3 para complementar seus pr\u00f3prios cabelos. A t\u00e9cnica foi evoluindo ao longo do tempo e, na d\u00e9cada de 1950, ganhou destaque nos Estados Unidos, onde se popularizou entre as estrelas de cinema.<\/p><p>Desde ent\u00e3o, o mega hair se tornou uma op\u00e7\u00e3o cada vez mais comum para mulheres de todas as idades e estilos. Al\u00e9m de proporcionar um visual mais atraente e confiante, o mega hair tamb\u00e9m pode ajudar a disfar\u00e7ar problemas capilares, como cabelos finos, ralos ou com queda.<\/p><p>No entanto, \u00e9 importante destacar que a aplica\u00e7\u00e3o de extens\u00f5es deve ser feita por uma profissional especializada, que possa aconselhar sobre o tipo de cabelo mais adequado e o local confi\u00e1vel para a compra do cabelo. A escolha do cabelo correto e a aplica\u00e7\u00e3o adequada das extens\u00f5es s\u00e3o fundamentais para garantir um resultado natural e duradouro.<\/p><h3>Import\u00e2ncia de contratar uma especialista em extens\u00f5es de cabelos em Lisboa<\/h3><p>Por isso, se voc\u00ea est\u00e1 pensando em fazer uma aplica\u00e7\u00e3o de extens\u00f5es em Lisboa, n\u00e3o deixe de procurar uma especialista experiente e qualificada. Com a ajuda de um profissional, voc\u00ea poder\u00e1 obter um visual incr\u00edvel e desfrutar de todos os benef\u00edcios que o mega hair pode oferecer. Acesse agora nosso guia completo sobre mega hair em Lisboa e saiba tudo o que voc\u00ea precisa para ter cabelos ainda mais bonitos e saud\u00e1veis.<\/p><h3>T\u00e9cnicas mais utilizadas nas Extens\u00f5es de Cabelos<\/h3><p>Existem diversas t\u00e9cnicas para a aplica\u00e7\u00e3o de mega hair, cada uma com suas particularidades. No Brasil, as t\u00e9cnicas mais utilizadas s\u00e3o a de tela costurada e a de queratina. J\u00e1 em Portugal, a t\u00e9cnica mais popular \u00e9 a de ponto americano.<\/p><p>A t\u00e9cnica de tela costurada \u00e9 indicada para pessoas com cabelos crespos ou cacheados, pois as telas s\u00e3o costuradas na raiz dos fios naturais. J\u00e1 a t\u00e9cnica de queratina \u00e9 indicada para quem busca um resultado mais natural, pois as mechas s\u00e3o coladas no cabelo com uma cola de queratina.<\/p><p>Por outro lado, a t\u00e9cnica de ponto americano, \u00e9 uma das mais indicadas para quem busca um resultado mais natural e menos agressivo aos fios. Ela consiste em colocar as extens\u00f5es com an\u00e9is met\u00e1licos que n\u00e3o danificam os fios naturais.<\/p><p>Outra t\u00e9cnica muito utilizada \u00e9 o n\u00f3 italiano, que tamb\u00e9m \u00e9 conhecido como extens\u00e3o de linha ou weft. Nessa t\u00e9cnica, as mechas s\u00e3o costuradas no cabelo natural, proporcionando um resultado volumoso e com movimento.<\/p><p>\u00c9 importante destacar que a escolha da t\u00e9cnica vai depender do tipo de cabelo da pessoa e do resultado que ela deseja. Por isso, \u00e9 essencial buscar a orienta\u00e7\u00e3o de uma especialista, que ir\u00e1 indicar qual t\u00e9cnica \u00e9 a mais adequada para cada caso.<\/p><p>Se voc\u00ea est\u00e1 em Portugal e deseja investir em mega hair, a t\u00e9cnica de n\u00f3 italiano e ponto americano s\u00e3o excelentes op\u00e7\u00f5es, pois proporcionam um resultado natural e n\u00e3o danificam os fios. N\u00e3o deixe de buscar a orienta\u00e7\u00e3o de uma especialista para escolher a melhor t\u00e9cnica e ainda receber dicas de onde comprar cabelo de qualidade e como cuidar das extens\u00f5es.<\/p><h4>M\u00e9dia de Pre\u00e7os de Aplique de Extens\u00f5es em Portugal.<\/h4><div class=\"flex flex-grow flex-col gap-3\"><div class=\"min-h-[20px] flex flex-col items-start gap-4 whitespace-pre-wrap\"><div class=\"markdown prose w-full break-words dark:prose-invert dark\"><p>Os pre\u00e7os para aplica\u00e7\u00e3o de extens\u00f5es de cabelo em Portugal podem variar bastante, dependendo do tipo de t\u00e9cnica escolhida, da quantidade de cabelo aplicado e da experi\u00eancia do profissional que realizar\u00e1 o procedimento.<\/p><p>Em m\u00e9dia, o valor para a aplica\u00e7\u00e3o de extens\u00f5es em Portugal pode variar de 100 a 300 euros, ou mais, dependendo das especifica\u00e7\u00f5es e da regi\u00e3o do pa\u00eds em que voc\u00ea se encontra.<\/p><p>\u00c9 importante ressaltar que o valor pode ser ainda maior caso a pessoa opte por utilizar cabelos mais caros ou raras, como cabelo humano Remy, por exemplo.<\/p><p>No entanto, \u00e9 sempre recomend\u00e1vel fazer uma pesquisa pr\u00e9via e avaliar a qualidade dos servi\u00e7os oferecidos pelos profissionais e sal\u00f5es antes de escolher onde fazer o procedimento. Dessa forma, voc\u00ea poder\u00e1 obter um servi\u00e7o de qualidade com um pre\u00e7o justo.<\/p><h2>\ud83c\udf1f Transforme seu Visual com Extens\u00f5es de Cabelos Humanos de Qualidade na Loja Online LojadosCabelos.pt! \ud83c\udf1f<\/h2><p><strong>Voc\u00ea deseja ter cabelos longos, volumosos e deslumbrantes?<\/strong> As extens\u00f5es de cabelos humanos s\u00e3o a solu\u00e7\u00e3o perfeita para alcan\u00e7ar o visual dos seus sonhos! Seja para um evento especial ou para mudar seu look diariamente, as extens\u00f5es de cabelos proporcionam versatilidade e beleza incompar\u00e1veis.<\/p><p><strong>A Loja Online LojadosCabelos.pt<\/strong> \u00e9 o seu destino ideal para encontrar extens\u00f5es de cabelos humanos de alta qualidade e com uma variedade incr\u00edvel de op\u00e7\u00f5es. Nossa loja oferece uma experi\u00eancia de compra pr\u00e1tica e segura, permitindo que voc\u00ea encontre as extens\u00f5es perfeitas sem sair de casa!<\/p><h3>Por que escolher as Extens\u00f5es de Cabelos Humanos da LojadosCabelos.pt?<\/h3><p>\u2728<strong> Cabelos Naturais e Aut\u00eanticos:<\/strong> Nossas extens\u00f5es s\u00e3o feitas de cabelos humanos aut\u00eanticos, garantindo um resultado natural e realista. Voc\u00ea pode estilizar, pentear e cuidar delas como faria com seu pr\u00f3prio cabelo!<\/p><p>\u2728<strong> Variedade de Estilos e Cores:<\/strong> Na <strong>LojadosCabelos.pt<\/strong>, temos uma ampla variedade de estilos e cores para atender a todos os gostos e prefer\u00eancias. Seja cabelo liso, ondulado, cacheado ou crespo, temos op\u00e7\u00f5es para todos os tipos de cabelo.<\/p><p>\u2728 <strong>Durabilidade e Qualidade:<\/strong> Nossas extens\u00f5es s\u00e3o cuidadosamente selecionadas para garantir que sejam dur\u00e1veis e de alta qualidade. Com os devidos cuidados, elas permanecer\u00e3o belas e radiantes por muito tempo.<\/p><p>\u2728 <strong>Praticidade na Aplica\u00e7\u00e3o:<\/strong> As extens\u00f5es de cabelos humanos da <strong>LojadosCabelos.pt<\/strong> s\u00e3o f\u00e1ceis de aplicar e podem ser usadas no conforto da sua casa. Aplique-as voc\u00ea mesma ou leve-as a um profissional de sua confian\u00e7a.<\/p><p>\u2728<strong> Atendimento Personalizado:<\/strong> Nossa equipe est\u00e1 pronta para ajud\u00e1-la em todas as etapas do processo de compra. Se voc\u00ea tiver d\u00favidas sobre qual extens\u00e3o escolher ou sobre o processo de aplica\u00e7\u00e3o, estaremos aqui para oferecer suporte.<\/p><p>\u2728 <strong>Entrega R\u00e1pida e Segura:<\/strong> Entendemos a import\u00e2ncia de receber suas extens\u00f5es de cabelos o mais r\u00e1pido poss\u00edvel. Por isso, garantimos uma entrega r\u00e1pida e segura para que voc\u00ea possa desfrutar do seu novo visual em pouco tempo!<\/p><p>Renove seu visual e sinta-se confiante com as extens\u00f5es de cabelos humanos da Loja Online <a href=\"http:\/\/lojadoscabelos.pt\"><strong>LojadosCabelos.pt<\/strong><\/a>. Compre com tranquilidade e tenha a certeza de estar adquirindo produtos de qualidade, aut\u00eanticos e que valorizam sua beleza natural.<\/p><p>N\u00e3o espere mais para conquistar o cabelo dos seus sonhos! Acesse agora mesmo LojadosCabelos.pt, a sua loja online de extens\u00f5es de cabelos humanos, e descubra o poder de um visual incr\u00edvel e transformador. Com apenas alguns cliques, voc\u00ea estar\u00e1 um passo mais perto de ter os cabelos que sempre desejou!<\/p><div class=\"flex flex-grow flex-col gap-3\"><div class=\"min-h-[20px] flex flex-col items-start gap-4 whitespace-pre-wrap\"><div class=\"markdown prose w-full break-words dark:prose-invert dark\"><p><strong>Se voc\u00ea est\u00e1 procurando por uma especialista em aplica\u00e7\u00e3o de extens\u00f5es em Portugal, precisa conhecer o trabalho de Jana\u00edna Extens\u00f5es. Com sua vasta experi\u00eancia e conhecimento em t\u00e9cnicas de Ponto americano e N\u00f3 Italiano, ela pode ajud\u00e1-la a transformar seu cabelo em uma obra de arte. <\/strong><\/p><p><strong>Com o portf\u00f3lio impressionante de Jana\u00edna, voc\u00ea pode ter certeza de que est\u00e1 escolhendo a melhor op\u00e7\u00e3o para suas necessidades. Ela pode aconselh\u00e1-la sobre onde comprar cabelo de qualidade e garantir que o aplique fique com aspecto natural e belo. Acesse o portf\u00f3lio por esse link<a href=\"https:\/\/www.instagram.com\/janainaextensoes\/\"> https:\/\/www.instagram.com\/janainaextensoes\/<\/a><\/strong><\/p><p><strong>N\u00e3o importa se voc\u00ea quer um visual discreto ou mais ousado, Jana\u00edna pode ajud\u00e1-la a alcan\u00e7ar o resultado que deseja. N\u00e3o hesite em contat\u00e1-la agora mesmo pelo Whatsapp\/telefone <a href=\"tel:+351927752232\">+351 927 752 232<\/a> e fazer sua\u00a0 marca\u00e7\u00e3o para obter o cabelo dos seus sonhos. N\u00e3o perca mais tempo e agende j\u00e1 pelo bot\u00e3o do Whatsapp ao lado! <\/strong><\/p><\/div><\/div><\/div><\/div><\/div><\/div>\t\t\t\t\t\t\t\t<\/div>\n\t\t\t\t<\/div>\n\t\t\t\t\t<\/div>\n\t\t<\/div>\n\t\t\t\t\t<\/div>\n\t\t<\/section>\n\t\t\t\t<section data-particle_enable=\"false\" data-particle-mobile-disabled=\"false\" class=\"elementor-section elementor-top-section elementor-element elementor-element-df64cd6 elementor-section-boxed elementor-section-height-default elementor-section-height-default\" data-id=\"df64cd6\" data-element_type=\"section\" data-e-type=\"section\">\n\t\t\t\t\t\t<div class=\"elementor-container elementor-column-gap-default\">\n\t\t\t\t\t<div class=\"elementor-column elementor-col-100 elementor-top-column elementor-element elementor-element-031fd45\" data-id=\"031fd45\" data-element_type=\"column\" data-e-type=\"column\">\n\t\t\t<div class=\"elementor-widget-wrap elementor-element-populated\">\n\t\t\t\t\t\t<div class=\"elementor-element elementor-element-9f7684e elementor-button-success elementor-align-right jedv-enabled--yes elementor-widget__width-initial elementor-fixed elementor-widget elementor-widget-button\" data-id=\"9f7684e\" data-element_type=\"widget\" data-e-type=\"widget\" data-settings=\"{&quot;_position&quot;:&quot;fixed&quot;}\" data-widget_type=\"button.default\">\n\t\t\t\t<div class=\"elementor-widget-container\">\n\t\t\t\t\t\t\t\t\t<div class=\"elementor-button-wrapper\">\n\t\t\t\t\t<a class=\"elementor-button elementor-button-link elementor-size-sm\" href=\"https:\/\/api.whatsapp.com\/send?phone=351927752232&#038;text=Ol%C3%A1%20vi%20seu%20anuncio%20no%20site%20encontreportugal.pt%20quero%20mais%20informa%C3%A7%C3%B5es%20sobre%20as%20extens%C3%B5es%20de%20cabelos\">\n\t\t\t\t\t\t<span class=\"elementor-button-content-wrapper\">\n\t\t\t\t\t\t<span class=\"elementor-button-icon\">\n\t\t\t\t<i aria-hidden=\"true\" class=\"fab fa-whatsapp\"><\/i>\t\t\t<\/span>\n\t\t\t\t\t\t\t\t<\/span>\n\t\t\t\t\t<\/a>\n\t\t\t\t<\/div>\n\t\t\t\t\t\t\t\t<\/div>\n\t\t\t\t<\/div>\n\t\t\t\t\t<\/div>\n\t\t<\/div>\n\t\t\t\t\t<\/div>\n\t\t<\/section>\n\t\t\t\t<\/div>\n\t\t","protected":false},"excerpt":{"rendered":"<p>Conhe\u00e7a Jana\u00edna Extens\u00f5es, a especialista em Mega Hair em Lisboa e regi\u00e3o Usar mega hair em Lisboa e regi\u00e3o pode ser uma excelente escolha para as brasileiras que desejam mudar o visual e ter cabelos mais longos e volumosos. Al\u00e9m de ser uma op\u00e7\u00e3o pr\u00e1tica e vers\u00e1til, o mega hair tamb\u00e9m pode ajudar a aumentar [&hellip;]<\/p>\n","protected":false},"author":1,"featured_media":1041,"comment_status":"open","ping_status":"open","sticky":false,"template":"","format":"standard","meta":{"footnotes":""},"categories":[675,667,664],"tags":[],"class_list":["post-1040","post","type-post","status-publish","format-standard","has-post-thumbnail","hentry","category-anuncios-de-vendas-de-produtos","category-anuncios-de-vendas-de-servicos","category-estetica-e-beleza-em-portugal"],"acf":[],"yoast_head":"<!-- This site is optimized with the Yoast SEO plugin v27.5 - https:\/\/yoast.com\/product\/yoast-seo-wordpress\/ -->\n<title>Conhe\u00e7a Jana\u00edna Extens\u00f5es, a especialista em Mega Hair e venda de Extens\u00f5es de Cabelos em Lisboa e regi\u00e3o - Encontre Portugal<\/title>\n<meta name=\"robots\" content=\"index, follow, max-snippet:-1, max-image-preview:large, max-video-preview:-1\" \/>\n<link rel=\"canonical\" href=\"https:\/\/encontreportugal.pt\/de\/conheca-janaina-extensoes-a-especialista-em-mega-hair-em-portugal\/\" \/>\n<meta property=\"og:locale\" content=\"de_DE\" \/>\n<meta property=\"og:type\" content=\"article\" \/>\n<meta property=\"og:title\" content=\"Conhe\u00e7a Jana\u00edna Extens\u00f5es, a especialista em Mega Hair e venda de Extens\u00f5es de Cabelos em Lisboa e regi\u00e3o - Encontre Portugal\" \/>\n<meta property=\"og:url\" content=\"https:\/\/encontreportugal.pt\/de\/conheca-janaina-extensoes-a-especialista-em-mega-hair-em-portugal\/\" \/>\n<meta property=\"og:site_name\" content=\"Encontre Portugal\" \/>\n<meta property=\"article:published_time\" content=\"2023-02-25T17:54:32+00:00\" \/>\n<meta property=\"article:modified_time\" content=\"2024-04-07T13:11:36+00:00\" \/>\n<meta property=\"og:image\" content=\"https:\/\/encontreportugal.pt\/wp-content\/uploads\/2023\/02\/WhatsApp-Image-2023-01-17-at-13.29.49.jpeg\" \/>\n\t<meta property=\"og:image:width\" content=\"1536\" \/>\n\t<meta property=\"og:image:height\" content=\"1536\" \/>\n\t<meta property=\"og:image:type\" content=\"image\/jpeg\" \/>\n<meta name=\"author\" content=\"Douglas Barbosa\" \/>\n<meta name=\"twitter:card\" content=\"summary_large_image\" \/>\n<meta name=\"twitter:label1\" content=\"Verfasst von\" \/>\n\t<meta name=\"twitter:data1\" content=\"Douglas Barbosa\" \/>\n\t<meta name=\"twitter:label2\" content=\"Gesch\u00e4tzte Lesezeit\" \/>\n\t<meta name=\"twitter:data2\" content=\"6\u00a0Minuten\" \/>\n<script type=\"application\/ld+json\" class=\"yoast-schema-graph\">{\"@context\":\"https:\\\/\\\/schema.org\",\"@graph\":[{\"@type\":\"Article\",\"@id\":\"https:\\\/\\\/encontreportugal.pt\\\/conheca-janaina-extensoes-a-especialista-em-mega-hair-em-portugal\\\/#article\",\"isPartOf\":{\"@id\":\"https:\\\/\\\/encontreportugal.pt\\\/conheca-janaina-extensoes-a-especialista-em-mega-hair-em-portugal\\\/\"},\"author\":{\"name\":\"Douglas Barbosa\",\"@id\":\"https:\\\/\\\/encontreportugal.pt\\\/zh\\\/#\\\/schema\\\/person\\\/71ee126caa8e8746f4e1d07bb50ba747\"},\"headline\":\"Conhe\u00e7a Jana\u00edna Extens\u00f5es, a especialista em Mega Hair e venda de Extens\u00f5es de Cabelos em Lisboa e regi\u00e3o\",\"datePublished\":\"2023-02-25T17:54:32+00:00\",\"dateModified\":\"2024-04-07T13:11:36+00:00\",\"mainEntityOfPage\":{\"@id\":\"https:\\\/\\\/encontreportugal.pt\\\/conheca-janaina-extensoes-a-especialista-em-mega-hair-em-portugal\\\/\"},\"wordCount\":1196,\"commentCount\":6,\"publisher\":{\"@id\":\"https:\\\/\\\/encontreportugal.pt\\\/zh\\\/#organization\"},\"image\":{\"@id\":\"https:\\\/\\\/encontreportugal.pt\\\/conheca-janaina-extensoes-a-especialista-em-mega-hair-em-portugal\\\/#primaryimage\"},\"thumbnailUrl\":\"https:\\\/\\\/encontreportugal.pt\\\/wp-content\\\/uploads\\\/2023\\\/02\\\/WhatsApp-Image-2023-01-17-at-13.29.49.jpeg\",\"articleSection\":[\"An\u00fancios de Vendas de Produtos\",\"An\u00fancios de Vendas de Servi\u00e7os\",\"Est\u00e9tica e Beleza em Portugal\"],\"inLanguage\":\"de\",\"potentialAction\":[{\"@type\":\"CommentAction\",\"name\":\"Comment\",\"target\":[\"https:\\\/\\\/encontreportugal.pt\\\/conheca-janaina-extensoes-a-especialista-em-mega-hair-em-portugal\\\/#respond\"]}]},{\"@type\":\"WebPage\",\"@id\":\"https:\\\/\\\/encontreportugal.pt\\\/conheca-janaina-extensoes-a-especialista-em-mega-hair-em-portugal\\\/\",\"url\":\"https:\\\/\\\/encontreportugal.pt\\\/conheca-janaina-extensoes-a-especialista-em-mega-hair-em-portugal\\\/\",\"name\":\"Conhe\u00e7a Jana\u00edna Extens\u00f5es, a especialista em Mega Hair e venda de Extens\u00f5es de Cabelos em Lisboa e regi\u00e3o - Encontre Portugal\",\"isPartOf\":{\"@id\":\"https:\\\/\\\/encontreportugal.pt\\\/zh\\\/#website\"},\"primaryImageOfPage\":{\"@id\":\"https:\\\/\\\/encontreportugal.pt\\\/conheca-janaina-extensoes-a-especialista-em-mega-hair-em-portugal\\\/#primaryimage\"},\"image\":{\"@id\":\"https:\\\/\\\/encontreportugal.pt\\\/conheca-janaina-extensoes-a-especialista-em-mega-hair-em-portugal\\\/#primaryimage\"},\"thumbnailUrl\":\"https:\\\/\\\/encontreportugal.pt\\\/wp-content\\\/uploads\\\/2023\\\/02\\\/WhatsApp-Image-2023-01-17-at-13.29.49.jpeg\",\"datePublished\":\"2023-02-25T17:54:32+00:00\",\"dateModified\":\"2024-04-07T13:11:36+00:00\",\"breadcrumb\":{\"@id\":\"https:\\\/\\\/encontreportugal.pt\\\/conheca-janaina-extensoes-a-especialista-em-mega-hair-em-portugal\\\/#breadcrumb\"},\"inLanguage\":\"de\",\"potentialAction\":[{\"@type\":\"ReadAction\",\"target\":[\"https:\\\/\\\/encontreportugal.pt\\\/conheca-janaina-extensoes-a-especialista-em-mega-hair-em-portugal\\\/\"]}]},{\"@type\":\"ImageObject\",\"inLanguage\":\"de\",\"@id\":\"https:\\\/\\\/encontreportugal.pt\\\/conheca-janaina-extensoes-a-especialista-em-mega-hair-em-portugal\\\/#primaryimage\",\"url\":\"https:\\\/\\\/encontreportugal.pt\\\/wp-content\\\/uploads\\\/2023\\\/02\\\/WhatsApp-Image-2023-01-17-at-13.29.49.jpeg\",\"contentUrl\":\"https:\\\/\\\/encontreportugal.pt\\\/wp-content\\\/uploads\\\/2023\\\/02\\\/WhatsApp-Image-2023-01-17-at-13.29.49.jpeg\",\"width\":1536,\"height\":1536,\"caption\":\"aplica\u00e7\u00e3o de extens\u00f5es\"},{\"@type\":\"BreadcrumbList\",\"@id\":\"https:\\\/\\\/encontreportugal.pt\\\/conheca-janaina-extensoes-a-especialista-em-mega-hair-em-portugal\\\/#breadcrumb\",\"itemListElement\":[{\"@type\":\"ListItem\",\"position\":1,\"name\":\"In\u00edcio\",\"item\":\"https:\\\/\\\/encontreportugal.pt\\\/zh\\\/\"},{\"@type\":\"ListItem\",\"position\":2,\"name\":\"Conhe\u00e7a Jana\u00edna Extens\u00f5es, a especialista em Mega Hair e venda de Extens\u00f5es de Cabelos em Lisboa e regi\u00e3o\"}]},{\"@type\":\"WebSite\",\"@id\":\"https:\\\/\\\/encontreportugal.pt\\\/zh\\\/#website\",\"url\":\"https:\\\/\\\/encontreportugal.pt\\\/zh\\\/\",\"name\":\"Encontre Portugal\",\"description\":\"O maior Portal de dicas ao imigrante brasileiro em Portugal.\",\"publisher\":{\"@id\":\"https:\\\/\\\/encontreportugal.pt\\\/zh\\\/#organization\"},\"potentialAction\":[{\"@type\":\"SearchAction\",\"target\":{\"@type\":\"EntryPoint\",\"urlTemplate\":\"https:\\\/\\\/encontreportugal.pt\\\/zh\\\/?s={search_term_string}\"},\"query-input\":{\"@type\":\"PropertyValueSpecification\",\"valueRequired\":true,\"valueName\":\"search_term_string\"}}],\"inLanguage\":\"de\"},{\"@type\":\"Organization\",\"@id\":\"https:\\\/\\\/encontreportugal.pt\\\/zh\\\/#organization\",\"name\":\"Encontre Portugal\",\"url\":\"https:\\\/\\\/encontreportugal.pt\\\/zh\\\/\",\"logo\":{\"@type\":\"ImageObject\",\"inLanguage\":\"de\",\"@id\":\"https:\\\/\\\/encontreportugal.pt\\\/zh\\\/#\\\/schema\\\/logo\\\/image\\\/\",\"url\":\"https:\\\/\\\/encontreportugal.pt\\\/wp-content\\\/uploads\\\/2024\\\/04\\\/cropped-logo-encontre-portugal.png\",\"contentUrl\":\"https:\\\/\\\/encontreportugal.pt\\\/wp-content\\\/uploads\\\/2024\\\/04\\\/cropped-logo-encontre-portugal.png\",\"width\":500,\"height\":165,\"caption\":\"Encontre Portugal\"},\"image\":{\"@id\":\"https:\\\/\\\/encontreportugal.pt\\\/zh\\\/#\\\/schema\\\/logo\\\/image\\\/\"}},{\"@type\":\"Person\",\"@id\":\"https:\\\/\\\/encontreportugal.pt\\\/zh\\\/#\\\/schema\\\/person\\\/71ee126caa8e8746f4e1d07bb50ba747\",\"name\":\"Douglas Barbosa\",\"image\":{\"@type\":\"ImageObject\",\"inLanguage\":\"de\",\"@id\":\"https:\\\/\\\/encontreportugal.pt\\\/wp-content\\\/uploads\\\/2024\\\/03\\\/douglasfdb_avatar-96x96.jpeg\",\"url\":\"https:\\\/\\\/encontreportugal.pt\\\/wp-content\\\/uploads\\\/2024\\\/03\\\/douglasfdb_avatar-96x96.jpeg\",\"contentUrl\":\"https:\\\/\\\/encontreportugal.pt\\\/wp-content\\\/uploads\\\/2024\\\/03\\\/douglasfdb_avatar-96x96.jpeg\",\"caption\":\"Douglas Barbosa\"},\"description\":\"Graduado em Tecnologia de Redes de Computadores e com P\u00f3s-Gradua\u00e7\u00e3o em Marketing Digital, Business Intelligence e Estrat\u00e9gia Data-Driven pela Pontif\u00edcia Universidade Cat\u00f3lica (PUC). Capacita\u00e7\u00e3o em Linguagem Corporal e Detec\u00e7\u00e3o de Microexpress\u00f5es Faciais. Participa\u00e7\u00e3o na forma\u00e7\u00e3o \\\"M\u00e1quina de Tr\u00e1fego e Convers\u00e3o - Aprenda a Vender Mais pelo Google Todos os Dias\\\". Certificado pelo Google em Rede de Pesquisa. Vasta experi\u00eancia em projetos de SEO, gest\u00e3o de tr\u00e1fego pago no Google Ads e Cria\u00e7\u00e3o de Websites.\",\"sameAs\":[\"https:\\\/\\\/encontreportugal.pt\"],\"url\":\"https:\\\/\\\/encontreportugal.pt\\\/de\\\/author\\\/douglasfdb\\\/\"}]}<\/script>\n<!-- \/ Yoast SEO plugin. -->","yoast_head_json":{"title":"Conhe\u00e7a Jana\u00edna Extens\u00f5es, a especialista em Mega Hair e venda de Extens\u00f5es de Cabelos em Lisboa e regi\u00e3o - Encontre Portugal","robots":{"index":"index","follow":"follow","max-snippet":"max-snippet:-1","max-image-preview":"max-image-preview:large","max-video-preview":"max-video-preview:-1"},"canonical":"https:\/\/encontreportugal.pt\/de\/conheca-janaina-extensoes-a-especialista-em-mega-hair-em-portugal\/","og_locale":"de_DE","og_type":"article","og_title":"Conhe\u00e7a Jana\u00edna Extens\u00f5es, a especialista em Mega Hair e venda de Extens\u00f5es de Cabelos em Lisboa e regi\u00e3o - Encontre Portugal","og_url":"https:\/\/encontreportugal.pt\/de\/conheca-janaina-extensoes-a-especialista-em-mega-hair-em-portugal\/","og_site_name":"Encontre Portugal","article_published_time":"2023-02-25T17:54:32+00:00","article_modified_time":"2024-04-07T13:11:36+00:00","og_image":[{"width":1536,"height":1536,"url":"https:\/\/encontreportugal.pt\/wp-content\/uploads\/2023\/02\/WhatsApp-Image-2023-01-17-at-13.29.49.jpeg","type":"image\/jpeg"}],"author":"Douglas Barbosa","twitter_card":"summary_large_image","twitter_misc":{"Verfasst von":"Douglas Barbosa","Gesch\u00e4tzte Lesezeit":"6\u00a0Minuten"},"schema":{"@context":"https:\/\/schema.org","@graph":[{"@type":"Article","@id":"https:\/\/encontreportugal.pt\/conheca-janaina-extensoes-a-especialista-em-mega-hair-em-portugal\/#article","isPartOf":{"@id":"https:\/\/encontreportugal.pt\/conheca-janaina-extensoes-a-especialista-em-mega-hair-em-portugal\/"},"author":{"name":"Douglas Barbosa","@id":"https:\/\/encontreportugal.pt\/zh\/#\/schema\/person\/71ee126caa8e8746f4e1d07bb50ba747"},"headline":"Conhe\u00e7a Jana\u00edna Extens\u00f5es, a especialista em Mega Hair e venda de Extens\u00f5es de Cabelos em Lisboa e regi\u00e3o","datePublished":"2023-02-25T17:54:32+00:00","dateModified":"2024-04-07T13:11:36+00:00","mainEntityOfPage":{"@id":"https:\/\/encontreportugal.pt\/conheca-janaina-extensoes-a-especialista-em-mega-hair-em-portugal\/"},"wordCount":1196,"commentCount":6,"publisher":{"@id":"https:\/\/encontreportugal.pt\/zh\/#organization"},"image":{"@id":"https:\/\/encontreportugal.pt\/conheca-janaina-extensoes-a-especialista-em-mega-hair-em-portugal\/#primaryimage"},"thumbnailUrl":"https:\/\/encontreportugal.pt\/wp-content\/uploads\/2023\/02\/WhatsApp-Image-2023-01-17-at-13.29.49.jpeg","articleSection":["An\u00fancios de Vendas de Produtos","An\u00fancios de Vendas de Servi\u00e7os","Est\u00e9tica e Beleza em Portugal"],"inLanguage":"de","potentialAction":[{"@type":"CommentAction","name":"Comment","target":["https:\/\/encontreportugal.pt\/conheca-janaina-extensoes-a-especialista-em-mega-hair-em-portugal\/#respond"]}]},{"@type":"WebPage","@id":"https:\/\/encontreportugal.pt\/conheca-janaina-extensoes-a-especialista-em-mega-hair-em-portugal\/","url":"https:\/\/encontreportugal.pt\/conheca-janaina-extensoes-a-especialista-em-mega-hair-em-portugal\/","name":"Conhe\u00e7a Jana\u00edna Extens\u00f5es, a especialista em Mega Hair e venda de Extens\u00f5es de Cabelos em Lisboa e regi\u00e3o - Encontre Portugal","isPartOf":{"@id":"https:\/\/encontreportugal.pt\/zh\/#website"},"primaryImageOfPage":{"@id":"https:\/\/encontreportugal.pt\/conheca-janaina-extensoes-a-especialista-em-mega-hair-em-portugal\/#primaryimage"},"image":{"@id":"https:\/\/encontreportugal.pt\/conheca-janaina-extensoes-a-especialista-em-mega-hair-em-portugal\/#primaryimage"},"thumbnailUrl":"https:\/\/encontreportugal.pt\/wp-content\/uploads\/2023\/02\/WhatsApp-Image-2023-01-17-at-13.29.49.jpeg","datePublished":"2023-02-25T17:54:32+00:00","dateModified":"2024-04-07T13:11:36+00:00","breadcrumb":{"@id":"https:\/\/encontreportugal.pt\/conheca-janaina-extensoes-a-especialista-em-mega-hair-em-portugal\/#breadcrumb"},"inLanguage":"de","potentialAction":[{"@type":"ReadAction","target":["https:\/\/encontreportugal.pt\/conheca-janaina-extensoes-a-especialista-em-mega-hair-em-portugal\/"]}]},{"@type":"ImageObject","inLanguage":"de","@id":"https:\/\/encontreportugal.pt\/conheca-janaina-extensoes-a-especialista-em-mega-hair-em-portugal\/#primaryimage","url":"https:\/\/encontreportugal.pt\/wp-content\/uploads\/2023\/02\/WhatsApp-Image-2023-01-17-at-13.29.49.jpeg","contentUrl":"https:\/\/encontreportugal.pt\/wp-content\/uploads\/2023\/02\/WhatsApp-Image-2023-01-17-at-13.29.49.jpeg","width":1536,"height":1536,"caption":"aplica\u00e7\u00e3o de extens\u00f5es"},{"@type":"BreadcrumbList","@id":"https:\/\/encontreportugal.pt\/conheca-janaina-extensoes-a-especialista-em-mega-hair-em-portugal\/#breadcrumb","itemListElement":[{"@type":"ListItem","position":1,"name":"In\u00edcio","item":"https:\/\/encontreportugal.pt\/zh\/"},{"@type":"ListItem","position":2,"name":"Conhe\u00e7a Jana\u00edna Extens\u00f5es, a especialista em Mega Hair e venda de Extens\u00f5es de Cabelos em Lisboa e regi\u00e3o"}]},{"@type":"WebSite","@id":"https:\/\/encontreportugal.pt\/zh\/#website","url":"https:\/\/encontreportugal.pt\/zh\/","name":"Encontre Portugal","description":"O maior Portal de dicas ao imigrante brasileiro em Portugal.","publisher":{"@id":"https:\/\/encontreportugal.pt\/zh\/#organization"},"potentialAction":[{"@type":"SearchAction","target":{"@type":"EntryPoint","urlTemplate":"https:\/\/encontreportugal.pt\/zh\/?s={search_term_string}"},"query-input":{"@type":"PropertyValueSpecification","valueRequired":true,"valueName":"search_term_string"}}],"inLanguage":"de"},{"@type":"Organization","@id":"https:\/\/encontreportugal.pt\/zh\/#organization","name":"Encontre Portugal","url":"https:\/\/encontreportugal.pt\/zh\/","logo":{"@type":"ImageObject","inLanguage":"de","@id":"https:\/\/encontreportugal.pt\/zh\/#\/schema\/logo\/image\/","url":"https:\/\/encontreportugal.pt\/wp-content\/uploads\/2024\/04\/cropped-logo-encontre-portugal.png","contentUrl":"https:\/\/encontreportugal.pt\/wp-content\/uploads\/2024\/04\/cropped-logo-encontre-portugal.png","width":500,"height":165,"caption":"Encontre Portugal"},"image":{"@id":"https:\/\/encontreportugal.pt\/zh\/#\/schema\/logo\/image\/"}},{"@type":"Person","@id":"https:\/\/encontreportugal.pt\/zh\/#\/schema\/person\/71ee126caa8e8746f4e1d07bb50ba747","name":"Douglas Barbosa","image":{"@type":"ImageObject","inLanguage":"de","@id":"https:\/\/encontreportugal.pt\/wp-content\/uploads\/2024\/03\/douglasfdb_avatar-96x96.jpeg","url":"https:\/\/encontreportugal.pt\/wp-content\/uploads\/2024\/03\/douglasfdb_avatar-96x96.jpeg","contentUrl":"https:\/\/encontreportugal.pt\/wp-content\/uploads\/2024\/03\/douglasfdb_avatar-96x96.jpeg","caption":"Douglas Barbosa"},"description":"Er hat einen Abschluss in Computernetzwerktechnologie und eine postgraduale Qualifikation in digitalem Marketing, Business Intelligence und datengesteuerter Strategie von der P\u00e4pstlichen Katholischen Universit\u00e4t (PUC). Ausbildung in K\u00f6rpersprache und Erkennung von Mikroausdr\u00fccken im Gesicht. Teilnahme an der Schulung \"Traffic and Conversion Machine - Learn to Sell More Through Google Every Day\". Zertifiziert von Google in Suchmaschinenoptimierung. Umfassende Erfahrung in SEO-Projekten, Verwaltung von bezahltem Traffic \u00fcber Google Ads und Erstellung von Websites.","sameAs":["https:\/\/encontreportugal.pt"],"url":"https:\/\/encontreportugal.pt\/de\/author\/douglasfdb\/"}]}},"_links":{"self":[{"href":"https:\/\/encontreportugal.pt\/de\/wp-json\/wp\/v2\/posts\/1040","targetHints":{"allow":["GET"]}}],"collection":[{"href":"https:\/\/encontreportugal.pt\/de\/wp-json\/wp\/v2\/posts"}],"about":[{"href":"https:\/\/encontreportugal.pt\/de\/wp-json\/wp\/v2\/types\/post"}],"author":[{"embeddable":true,"href":"https:\/\/encontreportugal.pt\/de\/wp-json\/wp\/v2\/users\/1"}],"replies":[{"embeddable":true,"href":"https:\/\/encontreportugal.pt\/de\/wp-json\/wp\/v2\/comments?post=1040"}],"version-history":[{"count":0,"href":"https:\/\/encontreportugal.pt\/de\/wp-json\/wp\/v2\/posts\/1040\/revisions"}],"wp:featuredmedia":[{"embeddable":true,"href":"https:\/\/encontreportugal.pt\/de\/wp-json\/wp\/v2\/media\/1041"}],"wp:attachment":[{"href":"https:\/\/encontreportugal.pt\/de\/wp-json\/wp\/v2\/media?parent=1040"}],"wp:term":[{"taxonomy":"category","embeddable":true,"href":"https:\/\/encontreportugal.pt\/de\/wp-json\/wp\/v2\/categories?post=1040"},{"taxonomy":"post_tag","embeddable":true,"href":"https:\/\/encontreportugal.pt\/de\/wp-json\/wp\/v2\/tags?post=1040"}],"curies":[{"name":"wp","href":"https:\/\/api.w.org\/{rel}","templated":true}]}}