{"id":20583,"date":"2025-09-18T10:46:07","date_gmt":"2025-09-18T10:46:07","guid":{"rendered":"https:\/\/encontreportugal.pt\/?p=20583"},"modified":"2025-09-18T10:46:07","modified_gmt":"2025-09-18T10:46:07","slug":"advogados-portugal","status":"publish","type":"post","link":"https:\/\/encontreportugal.pt\/de\/advogados-portugal\/","title":{"rendered":"Anw\u00e4lte Portugal"},"content":{"rendered":"<h1 id=\"advogados-portugal-guia-completo-de-servios-e-espe\" class=\"font-display first:mt-xs mb-2 mt-4 font-semimedium text-lg leading-[1.5em] lg:text-xl\">Advogados Portugal: Guia Completo de Servi\u00e7os e Especialidades<\/h1>\n<p class=\"my-2 [&amp;+p]:mt-4 [&amp;_strong:has(+br)]:inline-block [&amp;_strong:has(+br)]:pb-2\">Procurar\u00a0<strong>advogados em Portugal<\/strong>\u00a0\u00e9 uma realidade comum tanto para residentes quanto para estrangeiros. Seja para quest\u00f5es relacionadas a direitos civis, empresariais, sucess\u00f3rios, criminais ou de imigra\u00e7\u00e3o, o sistema jur\u00eddico portugu\u00eas conta com profissionais altamente capacitados para garantir suporte em todas as \u00e1reas do Direito.<\/p>\n<p class=\"my-2 [&amp;+p]:mt-4 [&amp;_strong:has(+br)]:inline-block [&amp;_strong:has(+br)]:pb-2\">Neste artigo, ser\u00e1 apresentado um panorama do mercado de advocacia em Portugal, tipos de servi\u00e7os jur\u00eddicos, benef\u00edcios de contratar advogados locais, com destaque especial para advogados de Braga e para os especialistas em imigra\u00e7\u00e3o.<\/p>\n<h2 id=\"o-papel-do-advogado-em-portugal\" class=\"mb-2 mt-4 font-display font-semimedium text-base first:mt-0 md:text-lg [hr+&amp;]:mt-4\">O Papel do Advogado em Portugal<\/h2>\n<p class=\"my-2 [&amp;+p]:mt-4 [&amp;_strong:has(+br)]:inline-block [&amp;_strong:has(+br)]:pb-2\">O\u00a0<strong>advogado portugu\u00eas<\/strong>\u00a0\u00e9 um profissional habilitado, inscrito na Ordem dos Advogados, detentor de profundo conhecimento legal e autorizado a defender, aconselhar ou representar cidad\u00e3os e empresas em todas as inst\u00e2ncias do pa\u00eds. O trabalho do advogado vai desde a resolu\u00e7\u00e3o de quest\u00f5es cotidianas \u2014 como contratos e certid\u00f5es \u2014 at\u00e9 a defesa em ju\u00edzo ou assessoria consultiva para investimentos e neg\u00f3cios complexos.<\/p>\n<p class=\"my-2 [&amp;+p]:mt-4 [&amp;_strong:has(+br)]:inline-block [&amp;_strong:has(+br)]:pb-2\">Al\u00e9m disso, muitos escrit\u00f3rios nacionais contam com parcerias internacionais, facilitando demandas de clientes estrangeiros ou processos com interse\u00e7\u00e3o entre diferentes legisla\u00e7\u00f5es.<\/p>\n<h2 id=\"especialidades-dos-advogados-em-portugal\" class=\"mb-2 mt-4 font-display font-semimedium text-base first:mt-0 md:text-lg [hr+&amp;]:mt-4\">Especialidades dos Advogados em Portugal<\/h2>\n<p class=\"my-2 [&amp;+p]:mt-4 [&amp;_strong:has(+br)]:inline-block [&amp;_strong:has(+br)]:pb-2\">Os\u00a0<strong>advogados em Portugal<\/strong>\u00a0atuam em diferentes ramos do Direito, sendo os mais relevantes:<\/p>\n<ul class=\"marker:text-quiet list-disc\">\n<li class=\"py-0 my-0 prose-p:pt-0 prose-p:mb-2 prose-p:my-0 [&amp;&gt;p]:pt-0 [&amp;&gt;p]:mb-2 [&amp;&gt;p]:my-0\">\n<p class=\"my-2 [&amp;+p]:mt-4 [&amp;_strong:has(+br)]:inline-block [&amp;_strong:has(+br)]:pb-2\">Direito Civil (fam\u00edlia, contratos, obriga\u00e7\u00f5es, sucess\u00f5es)<\/p>\n<\/li>\n<li class=\"py-0 my-0 prose-p:pt-0 prose-p:mb-2 prose-p:my-0 [&amp;&gt;p]:pt-0 [&amp;&gt;p]:mb-2 [&amp;&gt;p]:my-0\">\n<p class=\"my-2 [&amp;+p]:mt-4 [&amp;_strong:has(+br)]:inline-block [&amp;_strong:has(+br)]:pb-2\">Direito Criminal<\/p>\n<\/li>\n<li class=\"py-0 my-0 prose-p:pt-0 prose-p:mb-2 prose-p:my-0 [&amp;&gt;p]:pt-0 [&amp;&gt;p]:mb-2 [&amp;&gt;p]:my-0\">\n<p class=\"my-2 [&amp;+p]:mt-4 [&amp;_strong:has(+br)]:inline-block [&amp;_strong:has(+br)]:pb-2\">Direito Empresarial (societ\u00e1rio e comercial)<\/p>\n<\/li>\n<li class=\"py-0 my-0 prose-p:pt-0 prose-p:mb-2 prose-p:my-0 [&amp;&gt;p]:pt-0 [&amp;&gt;p]:mb-2 [&amp;&gt;p]:my-0\">\n<p class=\"my-2 [&amp;+p]:mt-4 [&amp;_strong:has(+br)]:inline-block [&amp;_strong:has(+br)]:pb-2\">Direito do Trabalho<\/p>\n<\/li>\n<li class=\"py-0 my-0 prose-p:pt-0 prose-p:mb-2 prose-p:my-0 [&amp;&gt;p]:pt-0 [&amp;&gt;p]:mb-2 [&amp;&gt;p]:my-0\">\n<p class=\"my-2 [&amp;+p]:mt-4 [&amp;_strong:has(+br)]:inline-block [&amp;_strong:has(+br)]:pb-2\">Direito Fiscal e Tribut\u00e1rio<\/p>\n<\/li>\n<li class=\"py-0 my-0 prose-p:pt-0 prose-p:mb-2 prose-p:my-0 [&amp;&gt;p]:pt-0 [&amp;&gt;p]:mb-2 [&amp;&gt;p]:my-0\">\n<p class=\"my-2 [&amp;+p]:mt-4 [&amp;_strong:has(+br)]:inline-block [&amp;_strong:has(+br)]:pb-2\">Direito Imobili\u00e1rio<\/p>\n<\/li>\n<li class=\"py-0 my-0 prose-p:pt-0 prose-p:mb-2 prose-p:my-0 [&amp;&gt;p]:pt-0 [&amp;&gt;p]:mb-2 [&amp;&gt;p]:my-0\">\n<p class=\"my-2 [&amp;+p]:mt-4 [&amp;_strong:has(+br)]:inline-block [&amp;_strong:has(+br)]:pb-2\">Direito Administrativo<\/p>\n<\/li>\n<li class=\"py-0 my-0 prose-p:pt-0 prose-p:mb-2 prose-p:my-0 [&amp;&gt;p]:pt-0 [&amp;&gt;p]:mb-2 [&amp;&gt;p]:my-0\">\n<p class=\"my-2 [&amp;+p]:mt-4 [&amp;_strong:has(+br)]:inline-block [&amp;_strong:has(+br)]:pb-2\">Direito de Imigra\u00e7\u00e3o e Nacionalidade<\/p>\n<\/li>\n<li class=\"py-0 my-0 prose-p:pt-0 prose-p:mb-2 prose-p:my-0 [&amp;&gt;p]:pt-0 [&amp;&gt;p]:mb-2 [&amp;&gt;p]:my-0\">\n<p class=\"my-2 [&amp;+p]:mt-4 [&amp;_strong:has(+br)]:inline-block [&amp;_strong:has(+br)]:pb-2\">Direito Internacional<\/p>\n<\/li>\n<\/ul>\n<p class=\"my-2 [&amp;+p]:mt-4 [&amp;_strong:has(+br)]:inline-block [&amp;_strong:has(+br)]:pb-2\">A especializa\u00e7\u00e3o \u00e9 fundamental para assegurar atendimento t\u00e9cnico e resultados eficientes, principalmente em \u00e1reas sens\u00edveis como imigra\u00e7\u00e3o, investimentos, lit\u00edgios ou transfer\u00eancias patrimoniais.<\/p>\n<h2 id=\"vantagens-de-contratar-advogados-em-portugal\" class=\"mb-2 mt-4 font-display font-semimedium text-base first:mt-0 md:text-lg [hr+&amp;]:mt-4\">Vantagens de Contratar Advogados em Portugal<\/h2>\n<p class=\"my-2 [&amp;+p]:mt-4 [&amp;_strong:has(+br)]:inline-block [&amp;_strong:has(+br)]:pb-2\">Os advogados locais conhecem em profundidade o ordenamento jur\u00eddico portugu\u00eas e est\u00e3o atualizados com as constantes mudan\u00e7as legislativas. Entre as principais vantagens de contratar\u00a0<strong>advogados Portugal<\/strong>, destacam-se:<\/p>\n<ul class=\"marker:text-quiet list-disc\">\n<li class=\"py-0 my-0 prose-p:pt-0 prose-p:mb-2 prose-p:my-0 [&amp;&gt;p]:pt-0 [&amp;&gt;p]:mb-2 [&amp;&gt;p]:my-0\">\n<p class=\"my-2 [&amp;+p]:mt-4 [&amp;_strong:has(+br)]:inline-block [&amp;_strong:has(+br)]:pb-2\">Assessoria personalizada de acordo com cada situa\u00e7\u00e3o<\/p>\n<\/li>\n<li class=\"py-0 my-0 prose-p:pt-0 prose-p:mb-2 prose-p:my-0 [&amp;&gt;p]:pt-0 [&amp;&gt;p]:mb-2 [&amp;&gt;p]:my-0\">\n<p class=\"my-2 [&amp;+p]:mt-4 [&amp;_strong:has(+br)]:inline-block [&amp;_strong:has(+br)]:pb-2\">Atua\u00e7\u00e3o preventiva para evitar lit\u00edgios<\/p>\n<\/li>\n<li class=\"py-0 my-0 prose-p:pt-0 prose-p:mb-2 prose-p:my-0 [&amp;&gt;p]:pt-0 [&amp;&gt;p]:mb-2 [&amp;&gt;p]:my-0\">\n<p class=\"my-2 [&amp;+p]:mt-4 [&amp;_strong:has(+br)]:inline-block [&amp;_strong:has(+br)]:pb-2\">Media\u00e7\u00e3o em negocia\u00e7\u00f5es e acordos extrajudiciais<\/p>\n<\/li>\n<li class=\"py-0 my-0 prose-p:pt-0 prose-p:mb-2 prose-p:my-0 [&amp;&gt;p]:pt-0 [&amp;&gt;p]:mb-2 [&amp;&gt;p]:my-0\">\n<p class=\"my-2 [&amp;+p]:mt-4 [&amp;_strong:has(+br)]:inline-block [&amp;_strong:has(+br)]:pb-2\">Credibilidade e \u00e9tica nos procedimentos legais<\/p>\n<\/li>\n<li class=\"py-0 my-0 prose-p:pt-0 prose-p:mb-2 prose-p:my-0 [&amp;&gt;p]:pt-0 [&amp;&gt;p]:mb-2 [&amp;&gt;p]:my-0\">\n<p class=\"my-2 [&amp;+p]:mt-4 [&amp;_strong:has(+br)]:inline-block [&amp;_strong:has(+br)]:pb-2\">Representa\u00e7\u00e3o em tribunal com pleno conhecimento das pr\u00e1ticas locais<\/p>\n<\/li>\n<\/ul>\n<p class=\"my-2 [&amp;+p]:mt-4 [&amp;_strong:has(+br)]:inline-block [&amp;_strong:has(+br)]:pb-2\">Al\u00e9m disso, advogados portugueses podem orientar residentes estrangeiros quanto a documenta\u00e7\u00e3o, regulariza\u00e7\u00e3o junto \u00e0 AIMA, pedidos de nacionalidade, vistos e processos judiciais espec\u00edficos para n\u00e3o nacionais.<\/p>\n<h2 id=\"advogados-braga-tradio-e-prestgio-no-norte\" class=\"mb-2 mt-4 font-display font-semimedium text-base first:mt-0 md:text-lg [hr+&amp;]:mt-4\">Advogados Braga: Tradi\u00e7\u00e3o e Prest\u00edgio no Norte<\/h2>\n<p class=\"my-2 [&amp;+p]:mt-4 [&amp;_strong:has(+br)]:inline-block [&amp;_strong:has(+br)]:pb-2\">Braga, uma das cidades mais antigas de Portugal, \u00e9 igualmente reconhecida pelo elevado n\u00edvel dos servi\u00e7os jur\u00eddicos prestados. A procura por\u00a0<a href=\"https:\/\/dcs-advogados.com\/advogados-em-braga-a-chave-para-solucoes-juridicas-confiaveis-em-portugal\/\"><strong>advogados Braga<\/strong><\/a>\u00a0tem crescido entre empresas, fam\u00edlias e cidad\u00e3os que confiam no profissionalismo e experi\u00eancia dos escrit\u00f3rios locais.<\/p>\n<p class=\"my-2 [&amp;+p]:mt-4 [&amp;_strong:has(+br)]:inline-block [&amp;_strong:has(+br)]:pb-2\">Em Braga, destacam-se sociedades de advogados com forte atua\u00e7\u00e3o em direito imobili\u00e1rio (devido \u00e0 valoriza\u00e7\u00e3o do setor na regi\u00e3o), sucess\u00f3rio, fam\u00edlia e empresarial. Os advogados bracarenses s\u00e3o conhecidos pela abordagem personalizada e pelo equil\u00edbrio entre tradi\u00e7\u00e3o e inova\u00e7\u00e3o, atendendo n\u00e3o s\u00f3 demandas regionais, mas tamb\u00e9m nacionais e internacionais.<\/p>\n<p class=\"my-2 [&amp;+p]:mt-4 [&amp;_strong:has(+br)]:inline-block [&amp;_strong:has(+br)]:pb-2\">A cidade concentra profissionais experientes em \u00e1reas como:<\/p>\n<ul class=\"marker:text-quiet list-disc\">\n<li class=\"py-0 my-0 prose-p:pt-0 prose-p:mb-2 prose-p:my-0 [&amp;&gt;p]:pt-0 [&amp;&gt;p]:mb-2 [&amp;&gt;p]:my-0\">\n<p class=\"my-2 [&amp;+p]:mt-4 [&amp;_strong:has(+br)]:inline-block [&amp;_strong:has(+br)]:pb-2\">Assessoria para compra e venda de im\u00f3veis<\/p>\n<\/li>\n<li class=\"py-0 my-0 prose-p:pt-0 prose-p:mb-2 prose-p:my-0 [&amp;&gt;p]:pt-0 [&amp;&gt;p]:mb-2 [&amp;&gt;p]:my-0\">\n<p class=\"my-2 [&amp;+p]:mt-4 [&amp;_strong:has(+br)]:inline-block [&amp;_strong:has(+br)]:pb-2\">Direito de fam\u00edlia (div\u00f3rcios, invent\u00e1rios, partilhas)<\/p>\n<\/li>\n<li class=\"py-0 my-0 prose-p:pt-0 prose-p:mb-2 prose-p:my-0 [&amp;&gt;p]:pt-0 [&amp;&gt;p]:mb-2 [&amp;&gt;p]:my-0\">\n<p class=\"my-2 [&amp;+p]:mt-4 [&amp;_strong:has(+br)]:inline-block [&amp;_strong:has(+br)]:pb-2\">Lit\u00edgios c\u00edveis e comerciais<\/p>\n<\/li>\n<li class=\"py-0 my-0 prose-p:pt-0 prose-p:mb-2 prose-p:my-0 [&amp;&gt;p]:pt-0 [&amp;&gt;p]:mb-2 [&amp;&gt;p]:my-0\">\n<p class=\"my-2 [&amp;+p]:mt-4 [&amp;_strong:has(+br)]:inline-block [&amp;_strong:has(+br)]:pb-2\">Regulariza\u00e7\u00e3o fiscal para empres\u00e1rios locais e estrangeiros<\/p>\n<\/li>\n<li class=\"py-0 my-0 prose-p:pt-0 prose-p:mb-2 prose-p:my-0 [&amp;&gt;p]:pt-0 [&amp;&gt;p]:mb-2 [&amp;&gt;p]:my-0\">\n<p class=\"my-2 [&amp;+p]:mt-4 [&amp;_strong:has(+br)]:inline-block [&amp;_strong:has(+br)]:pb-2\">Consultoria para empresas, startups e investidores<\/p>\n<\/li>\n<\/ul>\n<p class=\"my-2 [&amp;+p]:mt-4 [&amp;_strong:has(+br)]:inline-block [&amp;_strong:has(+br)]:pb-2\">Portanto, quem necessita de atendimento jur\u00eddico eficiente, com acompanhamento pr\u00f3ximo e adaptado \u00e0 realidade do Norte do pa\u00eds, encontrar\u00e1 excelentes op\u00e7\u00f5es entre os advogados de Braga.<\/p>\n<h2 id=\"advogado-de-imigrao-especializao-essencial-em-port\" class=\"mb-2 mt-4 font-display font-semimedium text-base first:mt-0 md:text-lg [hr+&amp;]:mt-4\">Advogado de Imigra\u00e7\u00e3o: Especializa\u00e7\u00e3o Essencial em Portugal<\/h2>\n<p class=\"my-2 [&amp;+p]:mt-4 [&amp;_strong:has(+br)]:inline-block [&amp;_strong:has(+br)]:pb-2\">Portugal tornou-se um dos destinos mais procurados por imigrantes, seja para turismo, investimentos, estudo ou resid\u00eancia. Isso abriu grande espa\u00e7o para a atua\u00e7\u00e3o do\u00a0<strong>advogado de imigra\u00e7\u00e3o em Portugal<\/strong>, tornando-o fundamental para garantir processos legais seguros e sem imprevistos.<\/p>\n<p class=\"my-2 [&amp;+p]:mt-4 [&amp;_strong:has(+br)]:inline-block [&amp;_strong:has(+br)]:pb-2\">O advogado de imigra\u00e7\u00e3o presta assessoria em casos como:<\/p>\n<ul class=\"marker:text-quiet list-disc\">\n<li class=\"py-0 my-0 prose-p:pt-0 prose-p:mb-2 prose-p:my-0 [&amp;&gt;p]:pt-0 [&amp;&gt;p]:mb-2 [&amp;&gt;p]:my-0\">\n<p class=\"my-2 [&amp;+p]:mt-4 [&amp;_strong:has(+br)]:inline-block [&amp;_strong:has(+br)]:pb-2\">Solicita\u00e7\u00e3o de vistos (estudo, trabalho, investimento)<\/p>\n<\/li>\n<li class=\"py-0 my-0 prose-p:pt-0 prose-p:mb-2 prose-p:my-0 [&amp;&gt;p]:pt-0 [&amp;&gt;p]:mb-2 [&amp;&gt;p]:my-0\">\n<p class=\"my-2 [&amp;+p]:mt-4 [&amp;_strong:has(+br)]:inline-block [&amp;_strong:has(+br)]:pb-2\">Obten\u00e7\u00e3o da autoriza\u00e7\u00e3o de resid\u00eancia<\/p>\n<\/li>\n<li class=\"py-0 my-0 prose-p:pt-0 prose-p:mb-2 prose-p:my-0 [&amp;&gt;p]:pt-0 [&amp;&gt;p]:mb-2 [&amp;&gt;p]:my-0\">\n<p class=\"my-2 [&amp;+p]:mt-4 [&amp;_strong:has(+br)]:inline-block [&amp;_strong:has(+br)]:pb-2\">Regulariza\u00e7\u00e3o de estrangeiros<\/p>\n<\/li>\n<li class=\"py-0 my-0 prose-p:pt-0 prose-p:mb-2 prose-p:my-0 [&amp;&gt;p]:pt-0 [&amp;&gt;p]:mb-2 [&amp;&gt;p]:my-0\">\n<p class=\"my-2 [&amp;+p]:mt-4 [&amp;_strong:has(+br)]:inline-block [&amp;_strong:has(+br)]:pb-2\">Pedido de nacionalidade portuguesa por descend\u00eancia, casamento ou tempo de resid\u00eancia<\/p>\n<\/li>\n<li class=\"py-0 my-0 prose-p:pt-0 prose-p:mb-2 prose-p:my-0 [&amp;&gt;p]:pt-0 [&amp;&gt;p]:mb-2 [&amp;&gt;p]:my-0\">\n<p class=\"my-2 [&amp;+p]:mt-4 [&amp;_strong:has(+br)]:inline-block [&amp;_strong:has(+br)]:pb-2\">Assessoria em casos de reagrupamento familiar<\/p>\n<\/li>\n<li class=\"py-0 my-0 prose-p:pt-0 prose-p:mb-2 prose-p:my-0 [&amp;&gt;p]:pt-0 [&amp;&gt;p]:mb-2 [&amp;&gt;p]:my-0\">\n<p class=\"my-2 [&amp;+p]:mt-4 [&amp;_strong:has(+br)]:inline-block [&amp;_strong:has(+br)]:pb-2\">Representa\u00e7\u00e3o junto \u00e0 AIMA e demais \u00f3rg\u00e3os p\u00fablicos<\/p>\n<\/li>\n<li class=\"py-0 my-0 prose-p:pt-0 prose-p:mb-2 prose-p:my-0 [&amp;&gt;p]:pt-0 [&amp;&gt;p]:mb-2 [&amp;&gt;p]:my-0\">\n<p class=\"my-2 [&amp;+p]:mt-4 [&amp;_strong:has(+br)]:inline-block [&amp;_strong:has(+br)]:pb-2\">Contesta\u00e7\u00e3o de indeferimentos e recursos administrativos<\/p>\n<\/li>\n<\/ul>\n<p class=\"my-2 [&amp;+p]:mt-4 [&amp;_strong:has(+br)]:inline-block [&amp;_strong:has(+br)]:pb-2\">O diferencial desses profissionais est\u00e1 no atendimento multidisciplinar. Muitos re\u00fanem saberes de direito internacional, fiscal, sucess\u00f3rio e empresarial para orientar desde empreendedores a estudantes e aposentados. Advogados especializados acompanham cada etapa, da prepara\u00e7\u00e3o documental \u00e0 defesa em situa\u00e7\u00f5es de lit\u00edgio, sempre em conformidade com as normas atuais e altera\u00e7\u00f5es trazidas pela legisla\u00e7\u00e3o portuguesa e europeia.<\/p>\n<h2 id=\"o-mercado-de-advocacia-em-portugal-dados-e-tendnci\" class=\"mb-2 mt-4 font-display font-semimedium text-base first:mt-0 md:text-lg [hr+&amp;]:mt-4\">O Mercado de Advocacia em Portugal: Dados e Tend\u00eancias<\/h2>\n<p class=\"my-2 [&amp;+p]:mt-4 [&amp;_strong:has(+br)]:inline-block [&amp;_strong:has(+br)]:pb-2\">Nos \u00faltimos anos, o mercado de advogados em Portugal tem passado por gradual moderniza\u00e7\u00e3o. O uso de tecnologia, automa\u00e7\u00e3o de processos e oferta de aconselhamento \u00e0 dist\u00e2ncia tem crescido, facilitando o acesso a servi\u00e7os jur\u00eddicos em todas as regi\u00f5es.<\/p>\n<p class=\"my-2 [&amp;+p]:mt-4 [&amp;_strong:has(+br)]:inline-block [&amp;_strong:has(+br)]:pb-2\">Lisboa e Porto concentram o maior n\u00famero de escrit\u00f3rios, mas cidades como Braga, Coimbra e Faro expandem cada vez mais a atua\u00e7\u00e3o, principalmente com clientes estrangeiros e pequenas empresas. Advogados dedicados ao direito imobili\u00e1rio, estrangeiro\/internacional e fiscal est\u00e3o entre os mais procurados, fruto de uma economia aberta e alinhada com a Uni\u00e3o Europeia.<\/p>\n<p class=\"my-2 [&amp;+p]:mt-4 [&amp;_strong:has(+br)]:inline-block [&amp;_strong:has(+br)]:pb-2\">A Ordem dos Advogados \u00e9 respons\u00e1vel por fiscalizar e garantir padr\u00f5es \u00e9ticos e de qualidade entre os profissionais de todo o territ\u00f3rio nacional, sendo recomend\u00e1vel consultar o registro do advogado antes de fechar qualquer contrato.<\/p>\n<h2 id=\"como-escolher-um-bom-advogado-em-portugal\" class=\"mb-2 mt-4 font-display font-semimedium text-base first:mt-0 md:text-lg [hr+&amp;]:mt-4\">Como Escolher um Bom Advogado em Portugal<\/h2>\n<p class=\"my-2 [&amp;+p]:mt-4 [&amp;_strong:has(+br)]:inline-block [&amp;_strong:has(+br)]:pb-2\">Na hora de selecionar o melhor profissional, recomenda-se observar:<\/p>\n<ul class=\"marker:text-quiet list-disc\">\n<li class=\"py-0 my-0 prose-p:pt-0 prose-p:mb-2 prose-p:my-0 [&amp;&gt;p]:pt-0 [&amp;&gt;p]:mb-2 [&amp;&gt;p]:my-0\">\n<p class=\"my-2 [&amp;+p]:mt-4 [&amp;_strong:has(+br)]:inline-block [&amp;_strong:has(+br)]:pb-2\">Especialidade e experi\u00eancia comprovada na \u00e1rea de interesse<\/p>\n<\/li>\n<li class=\"py-0 my-0 prose-p:pt-0 prose-p:mb-2 prose-p:my-0 [&amp;&gt;p]:pt-0 [&amp;&gt;p]:mb-2 [&amp;&gt;p]:my-0\">\n<p class=\"my-2 [&amp;+p]:mt-4 [&amp;_strong:has(+br)]:inline-block [&amp;_strong:has(+br)]:pb-2\">Proximidade geogr\u00e1fica ou possibilidade de atendimento online<\/p>\n<\/li>\n<li class=\"py-0 my-0 prose-p:pt-0 prose-p:mb-2 prose-p:my-0 [&amp;&gt;p]:pt-0 [&amp;&gt;p]:mb-2 [&amp;&gt;p]:my-0\">\n<p class=\"my-2 [&amp;+p]:mt-4 [&amp;_strong:has(+br)]:inline-block [&amp;_strong:has(+br)]:pb-2\">Reputa\u00e7\u00e3o e refer\u00eancias de clientes anteriores<\/p>\n<\/li>\n<li class=\"py-0 my-0 prose-p:pt-0 prose-p:mb-2 prose-p:my-0 [&amp;&gt;p]:pt-0 [&amp;&gt;p]:mb-2 [&amp;&gt;p]:my-0\">\n<p class=\"my-2 [&amp;+p]:mt-4 [&amp;_strong:has(+br)]:inline-block [&amp;_strong:has(+br)]:pb-2\">Transpar\u00eancia em honor\u00e1rios, contratos e prazos<\/p>\n<\/li>\n<li class=\"py-0 my-0 prose-p:pt-0 prose-p:mb-2 prose-p:my-0 [&amp;&gt;p]:pt-0 [&amp;&gt;p]:mb-2 [&amp;&gt;p]:my-0\">\n<p class=\"my-2 [&amp;+p]:mt-4 [&amp;_strong:has(+br)]:inline-block [&amp;_strong:has(+br)]:pb-2\">Capacidade de comunica\u00e7\u00e3o clara e objetiva<\/p>\n<\/li>\n<li class=\"py-0 my-0 prose-p:pt-0 prose-p:mb-2 prose-p:my-0 [&amp;&gt;p]:pt-0 [&amp;&gt;p]:mb-2 [&amp;&gt;p]:my-0\">\n<p class=\"my-2 [&amp;+p]:mt-4 [&amp;_strong:has(+br)]:inline-block [&amp;_strong:has(+br)]:pb-2\">Atualiza\u00e7\u00e3o constante com a legisla\u00e7\u00e3o nacional e comunit\u00e1ria<\/p>\n<\/li>\n<\/ul>\n<p class=\"my-2 [&amp;+p]:mt-4 [&amp;_strong:has(+br)]:inline-block [&amp;_strong:has(+br)]:pb-2\">A escolha acertada impacta diretamente no \u00eaxito do processo, seja judicial, extrajudicial, administrativo ou consultivo.<\/p>\n<h2 id=\"perguntas-frequentes-sobre-advogados-em-portugal\" class=\"mb-2 mt-4 font-display font-semimedium text-base first:mt-0 md:text-lg [hr+&amp;]:mt-4\">Perguntas Frequentes Sobre Advogados em Portugal<\/h2>\n<p class=\"my-2 [&amp;+p]:mt-4 [&amp;_strong:has(+br)]:inline-block [&amp;_strong:has(+br)]:pb-2\"><strong>Como encontrar um advogado qualificado?<\/strong><br \/>\nO site da Ordem dos Advogados de Portugal permite consultar a inscri\u00e7\u00e3o de cada profissional e listar especialistas por \u00e1rea de atua\u00e7\u00e3o e localiza\u00e7\u00e3o.<\/p>\n<p class=\"my-2 [&amp;+p]:mt-4 [&amp;_strong:has(+br)]:inline-block [&amp;_strong:has(+br)]:pb-2\"><strong>Quanto custa um advogado em Portugal?<\/strong><br \/>\nOs honor\u00e1rios variam conforme a especialidade, a complexidade do caso e a reputa\u00e7\u00e3o do escrit\u00f3rio. Muitos advogados apresentam tabelas de pre\u00e7os ou or\u00e7amentos pr\u00e9vios conforme cada situa\u00e7\u00e3o.<\/p>\n<p class=\"my-2 [&amp;+p]:mt-4 [&amp;_strong:has(+br)]:inline-block [&amp;_strong:has(+br)]:pb-2\"><strong>Preciso de advogado para pedir nacionalidade?<\/strong><br \/>\nApesar de n\u00e3o ser obrigat\u00f3rio, o acompanhamento do advogado agiliza o processo, evita erros documentais e reduz chances de indeferimento, especialmente para casos mais complexos.<\/p>\n<p class=\"my-2 [&amp;+p]:mt-4 [&amp;_strong:has(+br)]:inline-block [&amp;_strong:has(+br)]:pb-2\"><strong>Estrangeiros podem ter advogado pr\u00f3prio em Portugal?<\/strong><br \/>\nSim. Residentes ou turistas podem contratar advogados em todas as \u00e1reas do Direito, usufruindo do mesmo n\u00edvel de prote\u00e7\u00e3o jur\u00eddica que cidad\u00e3os portugueses.<\/p>\n<h2 id=\"concluso\" class=\"mb-2 mt-4 font-display font-semimedium text-base first:mt-0 md:text-lg [hr+&amp;]:mt-4\">Conclus\u00e3o<\/h2>\n<p class=\"my-2 [&amp;+p]:mt-4 [&amp;_strong:has(+br)]:inline-block [&amp;_strong:has(+br)]:pb-2\">O servi\u00e7o de\u00a0<strong>advogados Portugal<\/strong>\u00a0\u00e9 essencial para garantir seguran\u00e7a, agilidade e defesa dos direitos em m\u00faltiplos contextos. Seja para compra de im\u00f3vel, cria\u00e7\u00e3o de empresas, assuntos familiares, quest\u00f5es fiscais ou processos de imigra\u00e7\u00e3o, o apoio especializado faz toda a diferen\u00e7a.<\/p>\n<p class=\"my-2 [&amp;+p]:mt-4 [&amp;_strong:has(+br)]:inline-block [&amp;_strong:has(+br)]:pb-2\">Cidades como Braga s\u00e3o refer\u00eancia em atendimento jur\u00eddico eficiente e adaptado \u00e0s necessidades locais e globais. Para quem busca regularizar a situa\u00e7\u00e3o migrat\u00f3ria, o\u00a0<a href=\"https:\/\/advogadodeimigracao.pt\/\"><strong>advogado de imigra\u00e7\u00e3o em Portugal<\/strong><\/a>\u00a0\u00e9 o parceiro ideal \u2014 um guia t\u00e9cnico e humano na conquista de novos caminhos.<\/p>\n<p class=\"my-2 [&amp;+p]:mt-4 [&amp;_strong:has(+br)]:inline-block [&amp;_strong:has(+br)]:pb-2\">Conte sempre com advogados qualificados para proteger interesses, resolver conflitos e facilitar projetos de vida em qualquer ponto do pa\u00eds.<\/p>\n","protected":false},"excerpt":{"rendered":"<p>Advogados Portugal: Guia Completo de Servi\u00e7os e Especialidades Procurar\u00a0advogados em Portugal\u00a0\u00e9 uma realidade comum tanto para residentes quanto para estrangeiros. Seja para quest\u00f5es relacionadas a direitos civis, empresariais, sucess\u00f3rios, criminais ou de imigra\u00e7\u00e3o, o sistema jur\u00eddico portugu\u00eas conta com profissionais altamente capacitados para garantir suporte em todas as \u00e1reas do Direito. Neste artigo, ser\u00e1 apresentado [&hellip;]<\/p>\n","protected":false},"author":1,"featured_media":4399,"comment_status":"open","ping_status":"open","sticky":false,"template":"","format":"standard","meta":{"footnotes":""},"categories":[680],"tags":[],"class_list":["post-20583","post","type-post","status-publish","format-standard","has-post-thumbnail","hentry","category-juridico"],"acf":[],"yoast_head":"<!-- This site is optimized with the Yoast SEO plugin v27.5 - https:\/\/yoast.com\/product\/yoast-seo-wordpress\/ -->\n<title>Advogados Portugal - Encontre Portugal<\/title>\n<meta name=\"robots\" content=\"index, follow, max-snippet:-1, max-image-preview:large, max-video-preview:-1\" \/>\n<link rel=\"canonical\" href=\"https:\/\/encontreportugal.pt\/de\/advogados-portugal\/\" \/>\n<meta property=\"og:locale\" content=\"de_DE\" \/>\n<meta property=\"og:type\" content=\"article\" \/>\n<meta property=\"og:title\" content=\"Advogados Portugal - Encontre Portugal\" \/>\n<meta property=\"og:url\" content=\"https:\/\/encontreportugal.pt\/de\/advogados-portugal\/\" \/>\n<meta property=\"og:site_name\" content=\"Encontre Portugal\" \/>\n<meta property=\"article:published_time\" content=\"2025-09-18T10:46:07+00:00\" \/>\n<meta property=\"og:image\" content=\"https:\/\/encontreportugal.pt\/wp-content\/uploads\/2024\/01\/mulher-de-porte-medio-que-trabalha-como-advogada-scaled.jpg\" \/>\n\t<meta property=\"og:image:width\" content=\"1707\" \/>\n\t<meta property=\"og:image:height\" content=\"2560\" \/>\n\t<meta property=\"og:image:type\" content=\"image\/jpeg\" \/>\n<meta name=\"author\" content=\"Douglas Barbosa\" \/>\n<meta name=\"twitter:card\" content=\"summary_large_image\" \/>\n<meta name=\"twitter:label1\" content=\"Verfasst von\" \/>\n\t<meta name=\"twitter:data1\" content=\"Douglas Barbosa\" \/>\n\t<meta name=\"twitter:label2\" content=\"Gesch\u00e4tzte Lesezeit\" \/>\n\t<meta name=\"twitter:data2\" content=\"6\u00a0Minuten\" \/>\n<script type=\"application\/ld+json\" class=\"yoast-schema-graph\">{\"@context\":\"https:\\\/\\\/schema.org\",\"@graph\":[{\"@type\":\"Article\",\"@id\":\"http:\\\/\\\/encontreportugal.pt\\\/zh\\\/advogados-portugal\\\/#article\",\"isPartOf\":{\"@id\":\"http:\\\/\\\/encontreportugal.pt\\\/zh\\\/advogados-portugal\\\/\"},\"author\":{\"name\":\"Douglas Barbosa\",\"@id\":\"https:\\\/\\\/encontreportugal.pt\\\/zh\\\/#\\\/schema\\\/person\\\/71ee126caa8e8746f4e1d07bb50ba747\"},\"headline\":\"Advogados Portugal\",\"datePublished\":\"2025-09-18T10:46:07+00:00\",\"mainEntityOfPage\":{\"@id\":\"http:\\\/\\\/encontreportugal.pt\\\/zh\\\/advogados-portugal\\\/\"},\"wordCount\":1255,\"commentCount\":0,\"publisher\":{\"@id\":\"https:\\\/\\\/encontreportugal.pt\\\/zh\\\/#organization\"},\"image\":{\"@id\":\"http:\\\/\\\/encontreportugal.pt\\\/zh\\\/advogados-portugal\\\/#primaryimage\"},\"thumbnailUrl\":\"https:\\\/\\\/encontreportugal.pt\\\/wp-content\\\/uploads\\\/2024\\\/01\\\/mulher-de-porte-medio-que-trabalha-como-advogada-scaled.jpg\",\"articleSection\":[\"Juridico\"],\"inLanguage\":\"de\",\"potentialAction\":[{\"@type\":\"CommentAction\",\"name\":\"Comment\",\"target\":[\"http:\\\/\\\/encontreportugal.pt\\\/zh\\\/advogados-portugal\\\/#respond\"]}]},{\"@type\":\"WebPage\",\"@id\":\"http:\\\/\\\/encontreportugal.pt\\\/zh\\\/advogados-portugal\\\/\",\"url\":\"http:\\\/\\\/encontreportugal.pt\\\/zh\\\/advogados-portugal\\\/\",\"name\":\"Advogados Portugal - Encontre Portugal\",\"isPartOf\":{\"@id\":\"https:\\\/\\\/encontreportugal.pt\\\/zh\\\/#website\"},\"primaryImageOfPage\":{\"@id\":\"http:\\\/\\\/encontreportugal.pt\\\/zh\\\/advogados-portugal\\\/#primaryimage\"},\"image\":{\"@id\":\"http:\\\/\\\/encontreportugal.pt\\\/zh\\\/advogados-portugal\\\/#primaryimage\"},\"thumbnailUrl\":\"https:\\\/\\\/encontreportugal.pt\\\/wp-content\\\/uploads\\\/2024\\\/01\\\/mulher-de-porte-medio-que-trabalha-como-advogada-scaled.jpg\",\"datePublished\":\"2025-09-18T10:46:07+00:00\",\"breadcrumb\":{\"@id\":\"http:\\\/\\\/encontreportugal.pt\\\/zh\\\/advogados-portugal\\\/#breadcrumb\"},\"inLanguage\":\"de\",\"potentialAction\":[{\"@type\":\"ReadAction\",\"target\":[\"http:\\\/\\\/encontreportugal.pt\\\/zh\\\/advogados-portugal\\\/\"]}]},{\"@type\":\"ImageObject\",\"inLanguage\":\"de\",\"@id\":\"http:\\\/\\\/encontreportugal.pt\\\/zh\\\/advogados-portugal\\\/#primaryimage\",\"url\":\"https:\\\/\\\/encontreportugal.pt\\\/wp-content\\\/uploads\\\/2024\\\/01\\\/mulher-de-porte-medio-que-trabalha-como-advogada-scaled.jpg\",\"contentUrl\":\"https:\\\/\\\/encontreportugal.pt\\\/wp-content\\\/uploads\\\/2024\\\/01\\\/mulher-de-porte-medio-que-trabalha-como-advogada-scaled.jpg\",\"width\":1707,\"height\":2560,\"caption\":\"conseguir um advogado gratuito em Portugal\"},{\"@type\":\"BreadcrumbList\",\"@id\":\"http:\\\/\\\/encontreportugal.pt\\\/zh\\\/advogados-portugal\\\/#breadcrumb\",\"itemListElement\":[{\"@type\":\"ListItem\",\"position\":1,\"name\":\"In\u00edcio\",\"item\":\"https:\\\/\\\/encontreportugal.pt\\\/zh\\\/\"},{\"@type\":\"ListItem\",\"position\":2,\"name\":\"Advogados Portugal\"}]},{\"@type\":\"WebSite\",\"@id\":\"https:\\\/\\\/encontreportugal.pt\\\/zh\\\/#website\",\"url\":\"https:\\\/\\\/encontreportugal.pt\\\/zh\\\/\",\"name\":\"Encontre Portugal\",\"description\":\"O maior Portal de dicas ao imigrante brasileiro em Portugal.\",\"publisher\":{\"@id\":\"https:\\\/\\\/encontreportugal.pt\\\/zh\\\/#organization\"},\"potentialAction\":[{\"@type\":\"SearchAction\",\"target\":{\"@type\":\"EntryPoint\",\"urlTemplate\":\"https:\\\/\\\/encontreportugal.pt\\\/zh\\\/?s={search_term_string}\"},\"query-input\":{\"@type\":\"PropertyValueSpecification\",\"valueRequired\":true,\"valueName\":\"search_term_string\"}}],\"inLanguage\":\"de\"},{\"@type\":\"Organization\",\"@id\":\"https:\\\/\\\/encontreportugal.pt\\\/zh\\\/#organization\",\"name\":\"Encontre Portugal\",\"url\":\"https:\\\/\\\/encontreportugal.pt\\\/zh\\\/\",\"logo\":{\"@type\":\"ImageObject\",\"inLanguage\":\"de\",\"@id\":\"https:\\\/\\\/encontreportugal.pt\\\/zh\\\/#\\\/schema\\\/logo\\\/image\\\/\",\"url\":\"https:\\\/\\\/encontreportugal.pt\\\/wp-content\\\/uploads\\\/2024\\\/04\\\/cropped-logo-encontre-portugal.png\",\"contentUrl\":\"https:\\\/\\\/encontreportugal.pt\\\/wp-content\\\/uploads\\\/2024\\\/04\\\/cropped-logo-encontre-portugal.png\",\"width\":500,\"height\":165,\"caption\":\"Encontre Portugal\"},\"image\":{\"@id\":\"https:\\\/\\\/encontreportugal.pt\\\/zh\\\/#\\\/schema\\\/logo\\\/image\\\/\"}},{\"@type\":\"Person\",\"@id\":\"https:\\\/\\\/encontreportugal.pt\\\/zh\\\/#\\\/schema\\\/person\\\/71ee126caa8e8746f4e1d07bb50ba747\",\"name\":\"Douglas Barbosa\",\"image\":{\"@type\":\"ImageObject\",\"inLanguage\":\"de\",\"@id\":\"https:\\\/\\\/encontreportugal.pt\\\/wp-content\\\/uploads\\\/2024\\\/03\\\/douglasfdb_avatar-96x96.jpeg\",\"url\":\"https:\\\/\\\/encontreportugal.pt\\\/wp-content\\\/uploads\\\/2024\\\/03\\\/douglasfdb_avatar-96x96.jpeg\",\"contentUrl\":\"https:\\\/\\\/encontreportugal.pt\\\/wp-content\\\/uploads\\\/2024\\\/03\\\/douglasfdb_avatar-96x96.jpeg\",\"caption\":\"Douglas Barbosa\"},\"description\":\"Graduado em Tecnologia de Redes de Computadores e com P\u00f3s-Gradua\u00e7\u00e3o em Marketing Digital, Business Intelligence e Estrat\u00e9gia Data-Driven pela Pontif\u00edcia Universidade Cat\u00f3lica (PUC). Capacita\u00e7\u00e3o em Linguagem Corporal e Detec\u00e7\u00e3o de Microexpress\u00f5es Faciais. Participa\u00e7\u00e3o na forma\u00e7\u00e3o \\\"M\u00e1quina de Tr\u00e1fego e Convers\u00e3o - Aprenda a Vender Mais pelo Google Todos os Dias\\\". Certificado pelo Google em Rede de Pesquisa. Vasta experi\u00eancia em projetos de SEO, gest\u00e3o de tr\u00e1fego pago no Google Ads e Cria\u00e7\u00e3o de Websites.\",\"sameAs\":[\"https:\\\/\\\/encontreportugal.pt\"],\"url\":\"https:\\\/\\\/encontreportugal.pt\\\/de\\\/author\\\/douglasfdb\\\/\"}]}<\/script>\n<!-- \/ Yoast SEO plugin. -->","yoast_head_json":{"title":"Advogados Portugal - Encontre Portugal","robots":{"index":"index","follow":"follow","max-snippet":"max-snippet:-1","max-image-preview":"max-image-preview:large","max-video-preview":"max-video-preview:-1"},"canonical":"https:\/\/encontreportugal.pt\/de\/advogados-portugal\/","og_locale":"de_DE","og_type":"article","og_title":"Advogados Portugal - Encontre Portugal","og_url":"https:\/\/encontreportugal.pt\/de\/advogados-portugal\/","og_site_name":"Encontre Portugal","article_published_time":"2025-09-18T10:46:07+00:00","og_image":[{"width":1707,"height":2560,"url":"https:\/\/encontreportugal.pt\/wp-content\/uploads\/2024\/01\/mulher-de-porte-medio-que-trabalha-como-advogada-scaled.jpg","type":"image\/jpeg"}],"author":"Douglas Barbosa","twitter_card":"summary_large_image","twitter_misc":{"Verfasst von":"Douglas Barbosa","Gesch\u00e4tzte Lesezeit":"6\u00a0Minuten"},"schema":{"@context":"https:\/\/schema.org","@graph":[{"@type":"Article","@id":"https:\/\/encontreportugal.pt\/zh\/advogados-portugal\/#article","isPartOf":{"@id":"https:\/\/encontreportugal.pt\/zh\/advogados-portugal\/"},"author":{"name":"Douglas Barbosa","@id":"https:\/\/encontreportugal.pt\/zh\/#\/schema\/person\/71ee126caa8e8746f4e1d07bb50ba747"},"headline":"Advogados Portugal","datePublished":"2025-09-18T10:46:07+00:00","mainEntityOfPage":{"@id":"https:\/\/encontreportugal.pt\/zh\/advogados-portugal\/"},"wordCount":1255,"commentCount":0,"publisher":{"@id":"https:\/\/encontreportugal.pt\/zh\/#organization"},"image":{"@id":"https:\/\/encontreportugal.pt\/zh\/advogados-portugal\/#primaryimage"},"thumbnailUrl":"https:\/\/encontreportugal.pt\/wp-content\/uploads\/2024\/01\/mulher-de-porte-medio-que-trabalha-como-advogada-scaled.jpg","articleSection":["Juridico"],"inLanguage":"de","potentialAction":[{"@type":"CommentAction","name":"Comment","target":["https:\/\/encontreportugal.pt\/zh\/advogados-portugal\/#respond"]}]},{"@type":"WebPage","@id":"https:\/\/encontreportugal.pt\/zh\/advogados-portugal\/","url":"https:\/\/encontreportugal.pt\/zh\/advogados-portugal\/","name":"Advogados Portugal - Encontre Portugal","isPartOf":{"@id":"https:\/\/encontreportugal.pt\/zh\/#website"},"primaryImageOfPage":{"@id":"https:\/\/encontreportugal.pt\/zh\/advogados-portugal\/#primaryimage"},"image":{"@id":"https:\/\/encontreportugal.pt\/zh\/advogados-portugal\/#primaryimage"},"thumbnailUrl":"https:\/\/encontreportugal.pt\/wp-content\/uploads\/2024\/01\/mulher-de-porte-medio-que-trabalha-como-advogada-scaled.jpg","datePublished":"2025-09-18T10:46:07+00:00","breadcrumb":{"@id":"https:\/\/encontreportugal.pt\/zh\/advogados-portugal\/#breadcrumb"},"inLanguage":"de","potentialAction":[{"@type":"ReadAction","target":["https:\/\/encontreportugal.pt\/zh\/advogados-portugal\/"]}]},{"@type":"ImageObject","inLanguage":"de","@id":"https:\/\/encontreportugal.pt\/zh\/advogados-portugal\/#primaryimage","url":"https:\/\/encontreportugal.pt\/wp-content\/uploads\/2024\/01\/mulher-de-porte-medio-que-trabalha-como-advogada-scaled.jpg","contentUrl":"https:\/\/encontreportugal.pt\/wp-content\/uploads\/2024\/01\/mulher-de-porte-medio-que-trabalha-como-advogada-scaled.jpg","width":1707,"height":2560,"caption":"conseguir um advogado gratuito em Portugal"},{"@type":"BreadcrumbList","@id":"https:\/\/encontreportugal.pt\/zh\/advogados-portugal\/#breadcrumb","itemListElement":[{"@type":"ListItem","position":1,"name":"In\u00edcio","item":"https:\/\/encontreportugal.pt\/zh\/"},{"@type":"ListItem","position":2,"name":"Advogados Portugal"}]},{"@type":"WebSite","@id":"https:\/\/encontreportugal.pt\/zh\/#website","url":"https:\/\/encontreportugal.pt\/zh\/","name":"Encontre Portugal","description":"O maior Portal de dicas ao imigrante brasileiro em Portugal.","publisher":{"@id":"https:\/\/encontreportugal.pt\/zh\/#organization"},"potentialAction":[{"@type":"SearchAction","target":{"@type":"EntryPoint","urlTemplate":"https:\/\/encontreportugal.pt\/zh\/?s={search_term_string}"},"query-input":{"@type":"PropertyValueSpecification","valueRequired":true,"valueName":"search_term_string"}}],"inLanguage":"de"},{"@type":"Organization","@id":"https:\/\/encontreportugal.pt\/zh\/#organization","name":"Encontre Portugal","url":"https:\/\/encontreportugal.pt\/zh\/","logo":{"@type":"ImageObject","inLanguage":"de","@id":"https:\/\/encontreportugal.pt\/zh\/#\/schema\/logo\/image\/","url":"https:\/\/encontreportugal.pt\/wp-content\/uploads\/2024\/04\/cropped-logo-encontre-portugal.png","contentUrl":"https:\/\/encontreportugal.pt\/wp-content\/uploads\/2024\/04\/cropped-logo-encontre-portugal.png","width":500,"height":165,"caption":"Encontre Portugal"},"image":{"@id":"https:\/\/encontreportugal.pt\/zh\/#\/schema\/logo\/image\/"}},{"@type":"Person","@id":"https:\/\/encontreportugal.pt\/zh\/#\/schema\/person\/71ee126caa8e8746f4e1d07bb50ba747","name":"Douglas Barbosa","image":{"@type":"ImageObject","inLanguage":"de","@id":"https:\/\/encontreportugal.pt\/wp-content\/uploads\/2024\/03\/douglasfdb_avatar-96x96.jpeg","url":"https:\/\/encontreportugal.pt\/wp-content\/uploads\/2024\/03\/douglasfdb_avatar-96x96.jpeg","contentUrl":"https:\/\/encontreportugal.pt\/wp-content\/uploads\/2024\/03\/douglasfdb_avatar-96x96.jpeg","caption":"Douglas Barbosa"},"description":"Er hat einen Abschluss in Computernetzwerktechnologie und eine postgraduale Qualifikation in digitalem Marketing, Business Intelligence und datengesteuerter Strategie von der P\u00e4pstlichen Katholischen Universit\u00e4t (PUC). Ausbildung in K\u00f6rpersprache und Erkennung von Mikroausdr\u00fccken im Gesicht. Teilnahme an der Schulung \"Traffic and Conversion Machine - Learn to Sell More Through Google Every Day\". Zertifiziert von Google in Suchmaschinenoptimierung. Umfassende Erfahrung in SEO-Projekten, Verwaltung von bezahltem Traffic \u00fcber Google Ads und Erstellung von Websites.","sameAs":["https:\/\/encontreportugal.pt"],"url":"https:\/\/encontreportugal.pt\/de\/author\/douglasfdb\/"}]}},"_links":{"self":[{"href":"https:\/\/encontreportugal.pt\/de\/wp-json\/wp\/v2\/posts\/20583","targetHints":{"allow":["GET"]}}],"collection":[{"href":"https:\/\/encontreportugal.pt\/de\/wp-json\/wp\/v2\/posts"}],"about":[{"href":"https:\/\/encontreportugal.pt\/de\/wp-json\/wp\/v2\/types\/post"}],"author":[{"embeddable":true,"href":"https:\/\/encontreportugal.pt\/de\/wp-json\/wp\/v2\/users\/1"}],"replies":[{"embeddable":true,"href":"https:\/\/encontreportugal.pt\/de\/wp-json\/wp\/v2\/comments?post=20583"}],"version-history":[{"count":0,"href":"https:\/\/encontreportugal.pt\/de\/wp-json\/wp\/v2\/posts\/20583\/revisions"}],"wp:featuredmedia":[{"embeddable":true,"href":"https:\/\/encontreportugal.pt\/de\/wp-json\/wp\/v2\/media\/4399"}],"wp:attachment":[{"href":"https:\/\/encontreportugal.pt\/de\/wp-json\/wp\/v2\/media?parent=20583"}],"wp:term":[{"taxonomy":"category","embeddable":true,"href":"https:\/\/encontreportugal.pt\/de\/wp-json\/wp\/v2\/categories?post=20583"},{"taxonomy":"post_tag","embeddable":true,"href":"https:\/\/encontreportugal.pt\/de\/wp-json\/wp\/v2\/tags?post=20583"}],"curies":[{"name":"wp","href":"https:\/\/api.w.org\/{rel}","templated":true}]}}