{"id":4732,"date":"2024-01-27T20:11:21","date_gmt":"2024-01-27T20:11:21","guid":{"rendered":"https:\/\/encontreportugal.pt\/?p=4732"},"modified":"2024-01-27T20:11:21","modified_gmt":"2024-01-27T20:11:21","slug":"os-cantores-portugueses-que-deixam-a-sua-marca-na-historia-da-musica","status":"publish","type":"post","link":"https:\/\/encontreportugal.pt\/de\/os-cantores-portugueses-que-deixam-a-sua-marca-na-historia-da-musica\/","title":{"rendered":"Portugiesische S\u00e4ngerinnen und S\u00e4nger, die die Musikgeschichte gepr\u00e4gt haben"},"content":{"rendered":"<p><img  title=\"\"  alt=\"photo-1603657289433-e4983d2114b9?crop=entropy&amp;cs=srgb&amp;fm=jpg&amp;ixid=M3w0MDY0MzJ8MHwxfHNlYXJjaHwyfHwlMjJQb3J0dWd1ZXNlJTIwc2luZ2VycyUyMnxlbnwwfDB8fHwxNzA2Mzg1MTcyfDA&amp;ixlib=rb-4.0 Os Cantores Portugueses que Deixam a Sua Marca na Hist\u00f3ria da M\u00fasica\" decoding=\"async\" class=\"inline-flex items-center justify-center mb-4\" style=\"max-width: 800px; display: block; margin-left: auto; margin-right: auto;\" src=\"https:\/\/images.unsplash.com\/photo-1603657289433-e4983d2114b9?crop=entropy&amp;cs=srgb&amp;fm=jpg&amp;ixid=M3w0MDY0MzJ8MHwxfHNlYXJjaHwyfHwlMjJQb3J0dWd1ZXNlJTIwc2luZ2VycyUyMnxlbnwwfDB8fHwxNzA2Mzg1MTcyfDA&amp;ixlib=rb-4.0.3&amp;q=85&amp;w=900&amp;w=900\" \/><\/p>\n<h1><span style=\"vertical-align: inherit;\">Portugiesische S\u00e4ngerinnen und S\u00e4nger, die die Musikgeschichte gepr\u00e4gt haben<\/span><\/h1>\n<p><span style=\"vertical-align: inherit;\">A m\u00fasica portuguesa \u00e9 uma parte essencial da cultura do pa\u00eds, com uma rica hist\u00f3ria e uma variedade de estilos e g\u00eaneros. Desde o fado tradicional at\u00e9 ao rock moderno, a m\u00fasica portuguesa tem desempenhado um papel importante na cultura do pa\u00eds. Neste artigo, exploraremos alguns dos artistas mais influentes da m\u00fasica portuguesa, desde os pioneiros do fado at\u00e9 os \u00edcones do rock e da m\u00fasica pop.<\/span><\/p>\n<h2><span style=\"vertical-align: inherit;\">Am\u00e1lia Rodrigues: A Rainha do Fado<\/span><\/h2>\n<p><span style=\"vertical-align: inherit;\">Am\u00e1lia Rodrigues \u00e9 considerada a Rainha do Fado, um g\u00e9nero musical tradicionalmente associado a Portugal. Nascida em 1920, Am\u00e1lia iniciou a sua carreira como atriz de teatro, mas logo se destacou como cantora de fado. Sua voz \u00fanica e emocional conquistou o cora\u00e7\u00e3o dos portugueses e ela se tornou uma das artistas mais populares do pa\u00eds. <\/span><\/p>\n<p><span style=\"vertical-align: inherit;\">Am\u00e1lia contribuiu para a populariza\u00e7\u00e3o do fado em todo o mundo, realizando turn\u00eas internacionais e gravando \u00e1lbuns em v\u00e1rios idiomas. Ela tamb\u00e9m foi uma das primeiras artistas a introduzir instrumentos como a guitarra el\u00e9trica no fado tradicional, modernizando o g\u00eanero. <\/span><\/p>\n<p><span style=\"vertical-align: inherit;\">O legado de Am\u00e1lia Rodrigues \u00e9 ineg\u00e1vel. Ela \u00e9 considerada uma das maiores vozes da m\u00fasica portuguesa e a sua influ\u00eancia pode ser sentida em gera\u00e7\u00f5es posteriores de artistas de fado. Seu estilo \u00fanico e sua paix\u00e3o pela m\u00fasica continuam a inspirar artistas at\u00e9 hoje.<\/span><\/p>\n<h2><span style=\"vertical-align: inherit;\">Carlos do Carmo: A Voz do Fado Moderno<\/span><\/h2>\n<p><span style=\"vertical-align: inherit;\">Carlos do Carmo \u00e9 conhecido como Voz do Fado Moderno. Nascido em 1939, iniciou a sua carreira como cantor de fado na d\u00e9cada de 1960. Carlos do Carmo foi fundamental na moderniza\u00e7\u00e3o do fado, introduzindo novos arranjos musicais e abordando temas contempor\u00e2neos em suas letras. <\/span><\/p>\n<p><span style=\"vertical-align: inherit;\">Ao longo da sua carreira, Carlos do Carmo recebeu v\u00e1rios pr\u00e9mios e reconhecimentos, incluindo o Grammy Latino de Melhor \u00c1lbum de M\u00fasica Folcl\u00f3rica em 2014. Ele tamb\u00e9m foi nomeado Embaixador da Boa Vontade da UNICEF em Portugal. <\/span><\/p>\n<p><span style=\"vertical-align: inherit;\">A contribui\u00e7\u00e3o de Carlos do Carmo para o fado moderno \u00e9 ineg\u00e1vel. Ele ajudou a popularizar o g\u00eanero entre as gera\u00e7\u00f5es mais jovens e trouxe uma abordagem contempor\u00e2nea para a m\u00fasica tradicional portuguesa.<\/span><\/p>\n<h2><span style=\"vertical-align: inherit;\">Mariza: A Nova Gera\u00e7\u00e3o do Fado<\/span><\/h2>\n<p>Mariza \u00e9 uma das artistas mais populares da nova gera\u00e7\u00e3o do fado. Nascida em Mo\u00e7ambique e criada em Lisboa, ela come\u00e7ou sua carreira como cantora de fado na d\u00e9cada de 1990. Mariza trouxe uma abordagem contempor\u00e2nea para o fado, incorporando influ\u00eancias de outros g\u00eaneros musicais, como o jazz e o flamenco.<\/p>\n<p>Com sua voz poderosa e emocional, Mariza conquistou o p\u00fablico internacional e se apresentou em alguns dos palcos mais prestigiados do mundo. Ela tamb\u00e9m recebeu v\u00e1rios pr\u00eamios ao longo de sua carreira, incluindo o Grammy Latino de Melhor \u00c1lbum de M\u00fasica Folcl\u00f3rica em 2003.<\/p>\n<p>Mariza \u00e9 considerada uma das artistas mais importantes da nova gera\u00e7\u00e3o do fado e sua m\u00fasica continua a encantar e inspirar pessoas ao redor do mundo.<\/p>\n<h2>Ant\u00f3nio Varia\u00e7\u00f5es: O \u00cdcone da Pop Portuguesa<\/h2>\n<p>Ant\u00f3nio Varia\u00e7\u00f5es foi um dos artistas mais inovadores da m\u00fasica pop portuguesa. Nascido em 1944, ele come\u00e7ou sua carreira como cabeleireiro, mas logo se tornou conhecido por seu estilo \u00fanico e sua m\u00fasica original.<\/p>\n<p>Ant\u00f3nio Varia\u00e7\u00f5es combinava elementos de m\u00fasica pop, rock e eletr\u00f4nica com letras po\u00e9ticas e provocativas. Ele desafiou as conven\u00e7\u00f5es da m\u00fasica portuguesa e se tornou um \u00edcone da contracultura nos anos 80.<\/p>\n<p>Infelizmente, a carreira de Ant\u00f3nio Varia\u00e7\u00f5es foi interrompida precocemente devido \u00e0 sua morte prematura em 1984. No entanto, seu legado vive at\u00e9 hoje e ele \u00e9 considerado um dos artistas mais influentes da m\u00fasica pop portuguesa.<\/p>\n<h2>Jos\u00e9 Afonso: O Cantor da Revolu\u00e7\u00e3o<\/h2>\n<p>Jos\u00e9 Afonso foi um dos artistas mais importantes da m\u00fasica portuguesa durante a ditadura do Estado Novo. Nascido em 1929, ele usou sua m\u00fasica como uma forma de protesto contra o regime autorit\u00e1rio.<\/p>\n<p>Durante a Revolu\u00e7\u00e3o dos Cravos em 1974, Jos\u00e9 Afonso se apresentou em um concerto hist\u00f3rico que marcou o fim da ditadura e o in\u00edcio de uma nova era para Portugal. Suas m\u00fasicas, como &#8220;Gr\u00e2ndola, Vila Morena&#8221;, se tornaram hinos do movimento revolucion\u00e1rio.<\/p>\n<p>O legado de Jos\u00e9 Afonso vai al\u00e9m da m\u00fasica. Ele \u00e9 considerado um s\u00edmbolo de resist\u00eancia e liberdade, e suas letras continuam a inspirar artistas e ativistas at\u00e9 hoje.<\/p>\n<h2>Madredeus: A Fus\u00e3o da M\u00fasica Tradicional e Contempor\u00e2nea<\/h2>\n<p>Madredeus \u00e9 uma das bandas mais conhecidas da m\u00fasica portuguesa. Formada em 1985, a banda combina elementos de m\u00fasica tradicional portuguesa com arranjos contempor\u00e2neos.<\/p>\n<p>A voz \u00fanica de Teresa Salgueiro e os arranjos musicais delicados fizeram de Madredeus um sucesso internacional. A banda se apresentou em v\u00e1rios pa\u00edses ao redor do mundo e gravou trilhas sonoras para filmes famosos, como &#8220;Lisboa Story&#8221; de Wim Wenders.<\/p>\n<p>Madredeus \u00e9 conhecida por sua fus\u00e3o \u00fanica de m\u00fasica tradicional e contempor\u00e2nea, criando um som distintamente portugu\u00eas que cativa o p\u00fablico global.<\/p>\n<h2>Dulce Pontes: A Voz da Lusofonia<\/h2>\n<p>Dulce Pontes \u00e9 uma das vozes mais poderosas da m\u00fasica portuguesa. Nascida em 1969, ela come\u00e7ou sua carreira como cantora de \u00f3pera, mas logo se destacou como int\u00e9rprete de m\u00fasica tradicional portuguesa.<\/p>\n<p>Dulce Pontes representou Portugal no Festival Eurovis\u00e3o da Can\u00e7\u00e3o em 1991 e alcan\u00e7ou sucesso internacional com seu \u00e1lbum &#8220;Caminhos&#8221;. Ela tamb\u00e9m colaborou com artistas internacionais, como Ennio Morricone e Andrea Bocelli.<\/p>\n<p>A voz \u00fanica e emocional de Dulce Pontes representa a diversidade cultural da lusofonia e sua m\u00fasica continua a encantar pessoas ao redor do mundo.<\/p>\n<h2>S\u00e9rgio Godinho: O Poeta da Can\u00e7\u00e3o<\/h2>\n<p>S\u00e9rgio Godinho \u00e9 um dos cantores e compositores mais importantes da m\u00fasica portuguesa. Nascido em 1945, ele come\u00e7ou sua carreira na d\u00e9cada de 1970 e se destacou por suas letras po\u00e9ticas e sua abordagem inovadora.<\/p>\n<p>S\u00e9rgio Godinho \u00e9 conhecido por usar a poesia em suas m\u00fasicas, criando uma fus\u00e3o \u00fanica de m\u00fasica e literatura. Ele tamb\u00e9m abordou temas sociais e pol\u00edticos em suas letras, tornando-se uma voz importante durante a ditadura do Estado Novo.<\/p>\n<p>O legado de S\u00e9rgio Godinho \u00e9 ineg\u00e1vel. Ele \u00e9 considerado um dos maiores poetas da m\u00fasica portuguesa e sua influ\u00eancia pode ser sentida em gera\u00e7\u00f5es posteriores de artistas.<\/p>\n<h2>Paulo de Carvalho: O Cantor da Eurovis\u00e3o<\/h2>\n<p>Paulo de Carvalho \u00e9 um dos cantores mais populares da m\u00fasica pop portuguesa. Nascido em 1947, ele ganhou destaque internacional ao representar Portugal no Festival Eurovis\u00e3o da Can\u00e7\u00e3o em 1974.<\/p>\n<p>A m\u00fasica &#8220;E Depois do Adeus&#8221;, interpretada por Paulo de Carvalho, foi uma das can\u00e7\u00f5es que sinalizaram o in\u00edcio da Revolu\u00e7\u00e3o dos Cravos em Portugal. Sua participa\u00e7\u00e3o no festival ajudou a difundir a m\u00fasica portuguesa al\u00e9m das fronteiras do pa\u00eds.<\/p>\n<p>Paulo de Carvalho continua a ser um dos artistas mais queridos de Portugal e sua contribui\u00e7\u00e3o para a m\u00fasica pop portuguesa \u00e9 ineg\u00e1vel.<\/p>\n<h2>Teresa Salgueiro: A Voz dos Madredeus<\/h2>\n<p>Teresa Salgueiro \u00e9 conhecida como a voz dos Madredeus, uma das bandas mais populares da m\u00fasica portuguesa. Nascida em 1969, ela se juntou \u00e0 banda em 1987 e se tornou a vocalista principal.<\/p>\n<p>Com sua voz \u00fanica e emocional, Teresa Salgueiro ajudou a definir o som distintivo dos Madredeus. A banda se apresentou em todo o mundo e gravou v\u00e1rios \u00e1lbuns aclamados pela cr\u00edtica.<\/p>\n<p>Ap\u00f3s deixar os Madredeus em 2007, Teresa Salgueiro seguiu carreira solo e colaborou com v\u00e1rios artistas internacionais. Sua m\u00fasica continua a encantar e inspirar pessoas ao redor do mundo.<\/p>\n<h2>Rui Veloso: O Pai do Rock Portugu\u00eas<\/h2>\n<p><span style=\"vertical-align: inherit;\">Rui Veloso \u00e9 conhecido como o pai do rock portugu\u00eas. Nascido em 1957, ele foi um dos pioneiros do rock em Portugal e ajudou a popularizar o g\u00eanero no pa\u00eds. <\/span><\/p>\n<p><span style=\"vertical-align: inherit;\">Com seu estilo \u00fanico e suas letras po\u00e9ticas, Rui Veloso conquistou o p\u00fablico portugu\u00eas e se tornou um dos artistas mais populares do pa\u00eds. Ele tamb\u00e9m colaborou com outros artistas portugueses, como Carlos T\u00ea e Jorge Palma. <\/span><\/p>\n<p><span style=\"vertical-align: inherit;\">O legado de Rui Veloso \u00e9 ineg\u00e1vel. Ele \u00e9 considerado uma das figuras mais importantes da m\u00fasica portuguesa e sua influ\u00eancia pode ser sentida em gera\u00e7\u00f5es posteriores de artistas de rock.<\/span><\/p>\n<h2><span style=\"vertical-align: inherit;\">Schlussfolgerung<\/span><\/h2>\n<p><span style=\"vertical-align: inherit;\">A m\u00fasica portuguesa desempenha um papel fundamental na cultura do pa\u00eds, representando a sua hist\u00f3ria, identidade e diversidade cultural. Desde os pioneiros do fado at\u00e9 aos \u00edcones do rock e da m\u00fasica pop, os artistas portugueses deixaram um legado duradouro na m\u00fasica. <\/span><\/p>\n<p><span style=\"vertical-align: inherit;\">\u00c9 importante explorar e apreciar a m\u00fasica portuguesa, pois ela reflete a rica heran\u00e7a cultural do pa\u00eds. Ao ouvir os sons \u00fanicos e emocionais do fado, o ritmo contagiante do rock portugu\u00eas ou as melodias cativantes da m\u00fasica pop, podemos nos conectar com a alma de Portugal e apreciar a beleza de sua m\u00fasica.<\/span><\/p>","protected":false},"excerpt":{"rendered":"<p>Os Cantores Portugueses que Deixam a Sua Marca na Hist\u00f3ria da M\u00fasica A m\u00fasica portuguesa \u00e9 uma parte essencial da cultura do pa\u00eds, com uma rica hist\u00f3ria e uma variedade de estilos e g\u00eaneros. Desde o fado tradicional at\u00e9 ao rock moderno, a m\u00fasica portuguesa tem desempenhado um papel importante na cultura do pa\u00eds. Neste [&hellip;]<\/p>\n","protected":false},"author":1,"featured_media":4733,"comment_status":"open","ping_status":"open","sticky":false,"template":"","format":"standard","meta":{"footnotes":""},"categories":[18],"tags":[],"class_list":["post-4732","post","type-post","status-publish","format-standard","has-post-thumbnail","hentry","category-dicas-de-portugal"],"acf":[],"yoast_head":"<!-- This site is optimized with the Yoast SEO plugin v27.5 - https:\/\/yoast.com\/product\/yoast-seo-wordpress\/ -->\n<title>Os Cantores Portugueses que Deixam a Sua Marca na Hist\u00f3ria da M\u00fasica - Encontre Portugal<\/title>\n<meta name=\"robots\" content=\"index, follow, max-snippet:-1, max-image-preview:large, max-video-preview:-1\" \/>\n<link rel=\"canonical\" href=\"https:\/\/encontreportugal.pt\/de\/os-cantores-portugueses-que-deixam-a-sua-marca-na-historia-da-musica\/\" \/>\n<meta property=\"og:locale\" content=\"de_DE\" \/>\n<meta property=\"og:type\" content=\"article\" \/>\n<meta property=\"og:title\" content=\"Os Cantores Portugueses que Deixam a Sua Marca na Hist\u00f3ria da M\u00fasica - Encontre Portugal\" \/>\n<meta property=\"og:url\" content=\"https:\/\/encontreportugal.pt\/de\/os-cantores-portugueses-que-deixam-a-sua-marca-na-historia-da-musica\/\" \/>\n<meta property=\"og:site_name\" content=\"Encontre Portugal\" \/>\n<meta property=\"article:published_time\" content=\"2024-01-27T20:11:21+00:00\" \/>\n<meta property=\"og:image\" content=\"https:\/\/encontreportugal.pt\/wp-content\/uploads\/2024\/01\/jovem-tocando-violao-ao-ar-livre-scaled.jpg\" \/>\n\t<meta property=\"og:image:width\" content=\"1707\" \/>\n\t<meta property=\"og:image:height\" content=\"2560\" \/>\n\t<meta property=\"og:image:type\" content=\"image\/jpeg\" \/>\n<meta name=\"author\" content=\"Douglas Barbosa\" \/>\n<meta name=\"twitter:card\" content=\"summary_large_image\" \/>\n<meta name=\"twitter:label1\" content=\"Verfasst von\" \/>\n\t<meta name=\"twitter:data1\" content=\"Douglas Barbosa\" \/>\n\t<meta name=\"twitter:label2\" content=\"Gesch\u00e4tzte Lesezeit\" \/>\n\t<meta name=\"twitter:data2\" content=\"8\u00a0Minuten\" \/>\n<script type=\"application\/ld+json\" class=\"yoast-schema-graph\">{\"@context\":\"https:\\\/\\\/schema.org\",\"@graph\":[{\"@type\":\"Article\",\"@id\":\"https:\\\/\\\/encontreportugal.pt\\\/os-cantores-portugueses-que-deixam-a-sua-marca-na-historia-da-musica\\\/#article\",\"isPartOf\":{\"@id\":\"https:\\\/\\\/encontreportugal.pt\\\/os-cantores-portugueses-que-deixam-a-sua-marca-na-historia-da-musica\\\/\"},\"author\":{\"name\":\"Douglas Barbosa\",\"@id\":\"https:\\\/\\\/encontreportugal.pt\\\/zh\\\/#\\\/schema\\\/person\\\/71ee126caa8e8746f4e1d07bb50ba747\"},\"headline\":\"Os Cantores Portugueses que Deixam a Sua Marca na Hist\u00f3ria da M\u00fasica\",\"datePublished\":\"2024-01-27T20:11:21+00:00\",\"mainEntityOfPage\":{\"@id\":\"https:\\\/\\\/encontreportugal.pt\\\/os-cantores-portugueses-que-deixam-a-sua-marca-na-historia-da-musica\\\/\"},\"wordCount\":1536,\"commentCount\":0,\"publisher\":{\"@id\":\"https:\\\/\\\/encontreportugal.pt\\\/zh\\\/#organization\"},\"image\":{\"@id\":\"https:\\\/\\\/encontreportugal.pt\\\/os-cantores-portugueses-que-deixam-a-sua-marca-na-historia-da-musica\\\/#primaryimage\"},\"thumbnailUrl\":\"https:\\\/\\\/encontreportugal.pt\\\/wp-content\\\/uploads\\\/2024\\\/01\\\/jovem-tocando-violao-ao-ar-livre-scaled.jpg\",\"articleSection\":[\"Dicas de Portugal\"],\"inLanguage\":\"de\",\"potentialAction\":[{\"@type\":\"CommentAction\",\"name\":\"Comment\",\"target\":[\"https:\\\/\\\/encontreportugal.pt\\\/os-cantores-portugueses-que-deixam-a-sua-marca-na-historia-da-musica\\\/#respond\"]}]},{\"@type\":\"WebPage\",\"@id\":\"https:\\\/\\\/encontreportugal.pt\\\/os-cantores-portugueses-que-deixam-a-sua-marca-na-historia-da-musica\\\/\",\"url\":\"https:\\\/\\\/encontreportugal.pt\\\/os-cantores-portugueses-que-deixam-a-sua-marca-na-historia-da-musica\\\/\",\"name\":\"Os Cantores Portugueses que Deixam a Sua Marca na Hist\u00f3ria da M\u00fasica - Encontre Portugal\",\"isPartOf\":{\"@id\":\"https:\\\/\\\/encontreportugal.pt\\\/zh\\\/#website\"},\"primaryImageOfPage\":{\"@id\":\"https:\\\/\\\/encontreportugal.pt\\\/os-cantores-portugueses-que-deixam-a-sua-marca-na-historia-da-musica\\\/#primaryimage\"},\"image\":{\"@id\":\"https:\\\/\\\/encontreportugal.pt\\\/os-cantores-portugueses-que-deixam-a-sua-marca-na-historia-da-musica\\\/#primaryimage\"},\"thumbnailUrl\":\"https:\\\/\\\/encontreportugal.pt\\\/wp-content\\\/uploads\\\/2024\\\/01\\\/jovem-tocando-violao-ao-ar-livre-scaled.jpg\",\"datePublished\":\"2024-01-27T20:11:21+00:00\",\"breadcrumb\":{\"@id\":\"https:\\\/\\\/encontreportugal.pt\\\/os-cantores-portugueses-que-deixam-a-sua-marca-na-historia-da-musica\\\/#breadcrumb\"},\"inLanguage\":\"de\",\"potentialAction\":[{\"@type\":\"ReadAction\",\"target\":[\"https:\\\/\\\/encontreportugal.pt\\\/os-cantores-portugueses-que-deixam-a-sua-marca-na-historia-da-musica\\\/\"]}]},{\"@type\":\"ImageObject\",\"inLanguage\":\"de\",\"@id\":\"https:\\\/\\\/encontreportugal.pt\\\/os-cantores-portugueses-que-deixam-a-sua-marca-na-historia-da-musica\\\/#primaryimage\",\"url\":\"https:\\\/\\\/encontreportugal.pt\\\/wp-content\\\/uploads\\\/2024\\\/01\\\/jovem-tocando-violao-ao-ar-livre-scaled.jpg\",\"contentUrl\":\"https:\\\/\\\/encontreportugal.pt\\\/wp-content\\\/uploads\\\/2024\\\/01\\\/jovem-tocando-violao-ao-ar-livre-scaled.jpg\",\"width\":1707,\"height\":2560,\"caption\":\"Os Cantores Portugueses que Deixam a Sua Marca na Hist\u00f3ria da M\u00fasica\"},{\"@type\":\"BreadcrumbList\",\"@id\":\"https:\\\/\\\/encontreportugal.pt\\\/os-cantores-portugueses-que-deixam-a-sua-marca-na-historia-da-musica\\\/#breadcrumb\",\"itemListElement\":[{\"@type\":\"ListItem\",\"position\":1,\"name\":\"In\u00edcio\",\"item\":\"https:\\\/\\\/encontreportugal.pt\\\/zh\\\/\"},{\"@type\":\"ListItem\",\"position\":2,\"name\":\"Os Cantores Portugueses que Deixam a Sua Marca na Hist\u00f3ria da M\u00fasica\"}]},{\"@type\":\"WebSite\",\"@id\":\"https:\\\/\\\/encontreportugal.pt\\\/zh\\\/#website\",\"url\":\"https:\\\/\\\/encontreportugal.pt\\\/zh\\\/\",\"name\":\"Encontre Portugal\",\"description\":\"O maior Portal de dicas ao imigrante brasileiro em Portugal.\",\"publisher\":{\"@id\":\"https:\\\/\\\/encontreportugal.pt\\\/zh\\\/#organization\"},\"potentialAction\":[{\"@type\":\"SearchAction\",\"target\":{\"@type\":\"EntryPoint\",\"urlTemplate\":\"https:\\\/\\\/encontreportugal.pt\\\/zh\\\/?s={search_term_string}\"},\"query-input\":{\"@type\":\"PropertyValueSpecification\",\"valueRequired\":true,\"valueName\":\"search_term_string\"}}],\"inLanguage\":\"de\"},{\"@type\":\"Organization\",\"@id\":\"https:\\\/\\\/encontreportugal.pt\\\/zh\\\/#organization\",\"name\":\"Encontre Portugal\",\"url\":\"https:\\\/\\\/encontreportugal.pt\\\/zh\\\/\",\"logo\":{\"@type\":\"ImageObject\",\"inLanguage\":\"de\",\"@id\":\"https:\\\/\\\/encontreportugal.pt\\\/zh\\\/#\\\/schema\\\/logo\\\/image\\\/\",\"url\":\"https:\\\/\\\/encontreportugal.pt\\\/wp-content\\\/uploads\\\/2024\\\/04\\\/cropped-logo-encontre-portugal.png\",\"contentUrl\":\"https:\\\/\\\/encontreportugal.pt\\\/wp-content\\\/uploads\\\/2024\\\/04\\\/cropped-logo-encontre-portugal.png\",\"width\":500,\"height\":165,\"caption\":\"Encontre Portugal\"},\"image\":{\"@id\":\"https:\\\/\\\/encontreportugal.pt\\\/zh\\\/#\\\/schema\\\/logo\\\/image\\\/\"}},{\"@type\":\"Person\",\"@id\":\"https:\\\/\\\/encontreportugal.pt\\\/zh\\\/#\\\/schema\\\/person\\\/71ee126caa8e8746f4e1d07bb50ba747\",\"name\":\"Douglas Barbosa\",\"image\":{\"@type\":\"ImageObject\",\"inLanguage\":\"de\",\"@id\":\"https:\\\/\\\/encontreportugal.pt\\\/wp-content\\\/uploads\\\/2024\\\/03\\\/douglasfdb_avatar-96x96.jpeg\",\"url\":\"https:\\\/\\\/encontreportugal.pt\\\/wp-content\\\/uploads\\\/2024\\\/03\\\/douglasfdb_avatar-96x96.jpeg\",\"contentUrl\":\"https:\\\/\\\/encontreportugal.pt\\\/wp-content\\\/uploads\\\/2024\\\/03\\\/douglasfdb_avatar-96x96.jpeg\",\"caption\":\"Douglas Barbosa\"},\"description\":\"Graduado em Tecnologia de Redes de Computadores e com P\u00f3s-Gradua\u00e7\u00e3o em Marketing Digital, Business Intelligence e Estrat\u00e9gia Data-Driven pela Pontif\u00edcia Universidade Cat\u00f3lica (PUC). Capacita\u00e7\u00e3o em Linguagem Corporal e Detec\u00e7\u00e3o de Microexpress\u00f5es Faciais. Participa\u00e7\u00e3o na forma\u00e7\u00e3o \\\"M\u00e1quina de Tr\u00e1fego e Convers\u00e3o - Aprenda a Vender Mais pelo Google Todos os Dias\\\". Certificado pelo Google em Rede de Pesquisa. Vasta experi\u00eancia em projetos de SEO, gest\u00e3o de tr\u00e1fego pago no Google Ads e Cria\u00e7\u00e3o de Websites.\",\"sameAs\":[\"https:\\\/\\\/encontreportugal.pt\"],\"url\":\"https:\\\/\\\/encontreportugal.pt\\\/de\\\/author\\\/douglasfdb\\\/\"}]}<\/script>\n<!-- \/ Yoast SEO plugin. -->","yoast_head_json":{"title":"Os Cantores Portugueses que Deixam a Sua Marca na Hist\u00f3ria da M\u00fasica - Encontre Portugal","robots":{"index":"index","follow":"follow","max-snippet":"max-snippet:-1","max-image-preview":"max-image-preview:large","max-video-preview":"max-video-preview:-1"},"canonical":"https:\/\/encontreportugal.pt\/de\/os-cantores-portugueses-que-deixam-a-sua-marca-na-historia-da-musica\/","og_locale":"de_DE","og_type":"article","og_title":"Os Cantores Portugueses que Deixam a Sua Marca na Hist\u00f3ria da M\u00fasica - Encontre Portugal","og_url":"https:\/\/encontreportugal.pt\/de\/os-cantores-portugueses-que-deixam-a-sua-marca-na-historia-da-musica\/","og_site_name":"Encontre Portugal","article_published_time":"2024-01-27T20:11:21+00:00","og_image":[{"width":1707,"height":2560,"url":"https:\/\/encontreportugal.pt\/wp-content\/uploads\/2024\/01\/jovem-tocando-violao-ao-ar-livre-scaled.jpg","type":"image\/jpeg"}],"author":"Douglas Barbosa","twitter_card":"summary_large_image","twitter_misc":{"Verfasst von":"Douglas Barbosa","Gesch\u00e4tzte Lesezeit":"8\u00a0Minuten"},"schema":{"@context":"https:\/\/schema.org","@graph":[{"@type":"Article","@id":"https:\/\/encontreportugal.pt\/os-cantores-portugueses-que-deixam-a-sua-marca-na-historia-da-musica\/#article","isPartOf":{"@id":"https:\/\/encontreportugal.pt\/os-cantores-portugueses-que-deixam-a-sua-marca-na-historia-da-musica\/"},"author":{"name":"Douglas Barbosa","@id":"https:\/\/encontreportugal.pt\/zh\/#\/schema\/person\/71ee126caa8e8746f4e1d07bb50ba747"},"headline":"Os Cantores Portugueses que Deixam a Sua Marca na Hist\u00f3ria da M\u00fasica","datePublished":"2024-01-27T20:11:21+00:00","mainEntityOfPage":{"@id":"https:\/\/encontreportugal.pt\/os-cantores-portugueses-que-deixam-a-sua-marca-na-historia-da-musica\/"},"wordCount":1536,"commentCount":0,"publisher":{"@id":"https:\/\/encontreportugal.pt\/zh\/#organization"},"image":{"@id":"https:\/\/encontreportugal.pt\/os-cantores-portugueses-que-deixam-a-sua-marca-na-historia-da-musica\/#primaryimage"},"thumbnailUrl":"https:\/\/encontreportugal.pt\/wp-content\/uploads\/2024\/01\/jovem-tocando-violao-ao-ar-livre-scaled.jpg","articleSection":["Dicas de Portugal"],"inLanguage":"de","potentialAction":[{"@type":"CommentAction","name":"Comment","target":["https:\/\/encontreportugal.pt\/os-cantores-portugueses-que-deixam-a-sua-marca-na-historia-da-musica\/#respond"]}]},{"@type":"WebPage","@id":"https:\/\/encontreportugal.pt\/os-cantores-portugueses-que-deixam-a-sua-marca-na-historia-da-musica\/","url":"https:\/\/encontreportugal.pt\/os-cantores-portugueses-que-deixam-a-sua-marca-na-historia-da-musica\/","name":"Os Cantores Portugueses que Deixam a Sua Marca na Hist\u00f3ria da M\u00fasica - Encontre Portugal","isPartOf":{"@id":"https:\/\/encontreportugal.pt\/zh\/#website"},"primaryImageOfPage":{"@id":"https:\/\/encontreportugal.pt\/os-cantores-portugueses-que-deixam-a-sua-marca-na-historia-da-musica\/#primaryimage"},"image":{"@id":"https:\/\/encontreportugal.pt\/os-cantores-portugueses-que-deixam-a-sua-marca-na-historia-da-musica\/#primaryimage"},"thumbnailUrl":"https:\/\/encontreportugal.pt\/wp-content\/uploads\/2024\/01\/jovem-tocando-violao-ao-ar-livre-scaled.jpg","datePublished":"2024-01-27T20:11:21+00:00","breadcrumb":{"@id":"https:\/\/encontreportugal.pt\/os-cantores-portugueses-que-deixam-a-sua-marca-na-historia-da-musica\/#breadcrumb"},"inLanguage":"de","potentialAction":[{"@type":"ReadAction","target":["https:\/\/encontreportugal.pt\/os-cantores-portugueses-que-deixam-a-sua-marca-na-historia-da-musica\/"]}]},{"@type":"ImageObject","inLanguage":"de","@id":"https:\/\/encontreportugal.pt\/os-cantores-portugueses-que-deixam-a-sua-marca-na-historia-da-musica\/#primaryimage","url":"https:\/\/encontreportugal.pt\/wp-content\/uploads\/2024\/01\/jovem-tocando-violao-ao-ar-livre-scaled.jpg","contentUrl":"https:\/\/encontreportugal.pt\/wp-content\/uploads\/2024\/01\/jovem-tocando-violao-ao-ar-livre-scaled.jpg","width":1707,"height":2560,"caption":"Os Cantores Portugueses que Deixam a Sua Marca na Hist\u00f3ria da M\u00fasica"},{"@type":"BreadcrumbList","@id":"https:\/\/encontreportugal.pt\/os-cantores-portugueses-que-deixam-a-sua-marca-na-historia-da-musica\/#breadcrumb","itemListElement":[{"@type":"ListItem","position":1,"name":"In\u00edcio","item":"https:\/\/encontreportugal.pt\/zh\/"},{"@type":"ListItem","position":2,"name":"Os Cantores Portugueses que Deixam a Sua Marca na Hist\u00f3ria da M\u00fasica"}]},{"@type":"WebSite","@id":"https:\/\/encontreportugal.pt\/zh\/#website","url":"https:\/\/encontreportugal.pt\/zh\/","name":"Encontre Portugal","description":"O maior Portal de dicas ao imigrante brasileiro em Portugal.","publisher":{"@id":"https:\/\/encontreportugal.pt\/zh\/#organization"},"potentialAction":[{"@type":"SearchAction","target":{"@type":"EntryPoint","urlTemplate":"https:\/\/encontreportugal.pt\/zh\/?s={search_term_string}"},"query-input":{"@type":"PropertyValueSpecification","valueRequired":true,"valueName":"search_term_string"}}],"inLanguage":"de"},{"@type":"Organization","@id":"https:\/\/encontreportugal.pt\/zh\/#organization","name":"Encontre Portugal","url":"https:\/\/encontreportugal.pt\/zh\/","logo":{"@type":"ImageObject","inLanguage":"de","@id":"https:\/\/encontreportugal.pt\/zh\/#\/schema\/logo\/image\/","url":"https:\/\/encontreportugal.pt\/wp-content\/uploads\/2024\/04\/cropped-logo-encontre-portugal.png","contentUrl":"https:\/\/encontreportugal.pt\/wp-content\/uploads\/2024\/04\/cropped-logo-encontre-portugal.png","width":500,"height":165,"caption":"Encontre Portugal"},"image":{"@id":"https:\/\/encontreportugal.pt\/zh\/#\/schema\/logo\/image\/"}},{"@type":"Person","@id":"https:\/\/encontreportugal.pt\/zh\/#\/schema\/person\/71ee126caa8e8746f4e1d07bb50ba747","name":"Douglas Barbosa","image":{"@type":"ImageObject","inLanguage":"de","@id":"https:\/\/encontreportugal.pt\/wp-content\/uploads\/2024\/03\/douglasfdb_avatar-96x96.jpeg","url":"https:\/\/encontreportugal.pt\/wp-content\/uploads\/2024\/03\/douglasfdb_avatar-96x96.jpeg","contentUrl":"https:\/\/encontreportugal.pt\/wp-content\/uploads\/2024\/03\/douglasfdb_avatar-96x96.jpeg","caption":"Douglas Barbosa"},"description":"Er hat einen Abschluss in Computernetzwerktechnologie und eine postgraduale Qualifikation in digitalem Marketing, Business Intelligence und datengesteuerter Strategie von der P\u00e4pstlichen Katholischen Universit\u00e4t (PUC). Ausbildung in K\u00f6rpersprache und Erkennung von Mikroausdr\u00fccken im Gesicht. Teilnahme an der Schulung \"Traffic and Conversion Machine - Learn to Sell More Through Google Every Day\". Zertifiziert von Google in Suchmaschinenoptimierung. Umfassende Erfahrung in SEO-Projekten, Verwaltung von bezahltem Traffic \u00fcber Google Ads und Erstellung von Websites.","sameAs":["https:\/\/encontreportugal.pt"],"url":"https:\/\/encontreportugal.pt\/de\/author\/douglasfdb\/"}]}},"_links":{"self":[{"href":"https:\/\/encontreportugal.pt\/de\/wp-json\/wp\/v2\/posts\/4732","targetHints":{"allow":["GET"]}}],"collection":[{"href":"https:\/\/encontreportugal.pt\/de\/wp-json\/wp\/v2\/posts"}],"about":[{"href":"https:\/\/encontreportugal.pt\/de\/wp-json\/wp\/v2\/types\/post"}],"author":[{"embeddable":true,"href":"https:\/\/encontreportugal.pt\/de\/wp-json\/wp\/v2\/users\/1"}],"replies":[{"embeddable":true,"href":"https:\/\/encontreportugal.pt\/de\/wp-json\/wp\/v2\/comments?post=4732"}],"version-history":[{"count":0,"href":"https:\/\/encontreportugal.pt\/de\/wp-json\/wp\/v2\/posts\/4732\/revisions"}],"wp:featuredmedia":[{"embeddable":true,"href":"https:\/\/encontreportugal.pt\/de\/wp-json\/wp\/v2\/media\/4733"}],"wp:attachment":[{"href":"https:\/\/encontreportugal.pt\/de\/wp-json\/wp\/v2\/media?parent=4732"}],"wp:term":[{"taxonomy":"category","embeddable":true,"href":"https:\/\/encontreportugal.pt\/de\/wp-json\/wp\/v2\/categories?post=4732"},{"taxonomy":"post_tag","embeddable":true,"href":"https:\/\/encontreportugal.pt\/de\/wp-json\/wp\/v2\/tags?post=4732"}],"curies":[{"name":"wp","href":"https:\/\/api.w.org\/{rel}","templated":true}]}}