{"id":4939,"date":"2024-02-20T15:07:57","date_gmt":"2024-02-20T15:07:57","guid":{"rendered":"https:\/\/encontreportugal.pt\/?p=4939"},"modified":"2024-02-20T15:07:57","modified_gmt":"2024-02-20T15:07:57","slug":"patrimonios-historicos-de-portugal-mosteiro-dos-jeronimos-e-torre-de-belem","status":"publish","type":"post","link":"https:\/\/encontreportugal.pt\/de\/patrimonios-historicos-de-portugal-mosteiro-dos-jeronimos-e-torre-de-belem\/","title":{"rendered":"Portugals historische St\u00e4tten: Das Jer\u00f3nimos-Kloster und der Turm von Bel\u00e9m"},"content":{"rendered":"<p><span style=\"font-weight: 400;\">Portugal, uma terra de encantos e hist\u00f3rias que atravessam s\u00e9culos, abriga alguns dos mais magn\u00edficos patrim\u00f4nios hist\u00f3ricos do mundo. Entre essas preciosidades arquitet\u00f4nicas, destaca-se o imponente <\/span><b>Mosteiro dos Jer\u00f3nimos<\/b><span style=\"font-weight: 400;\"> e a majestosa <\/span><b>Torre de Bel\u00e9m,<\/b><span style=\"font-weight: 400;\"> localizados em Lisboa.\u00a0<\/span><\/p>\n<p>&nbsp;<\/p>\n<p><span style=\"font-weight: 400;\">Neste guest post, convido voc\u00ea a fazer uma viagem no tempo conosco, enquanto exploramos em detalhes esses dois \u00edcones hist\u00f3ricos de Portugal. Mergulharemos na arquitetura deslumbrante, desvendar os segredos entrela\u00e7ados com a hist\u00f3ria mar\u00edtima do pa\u00eds e descobrir como esses monumentos continuam a encantar e inspirar visitantes de todo o mundo.\u00a0<\/span><\/p>\n<h2><span style=\"font-weight: 400;\">Mosteiro dos Jer\u00f3nimos: Uma Ode \u00e0 Arquitetura Manuelina<\/span><\/h2>\n<p><span style=\"font-weight: 400;\">O Mosteiro dos Jer\u00f3nimos, localizado em Lisboa, \u00e9 uma obra-prima da arquitetura manuelina, um estilo distintamente portugu\u00eas do final do s\u00e9culo XV e in\u00edcio do s\u00e9culo XVI. Constru\u00eddo para comemorar a viagem de Vasco da Gama \u00e0 \u00cdndia e financiado na maioria pelo com\u00e9rcio com o Oriente, o mosteiro \u00e9 uma celebra\u00e7\u00e3o do poder e da riqueza de Portugal durante a era dos Descobrimentos.<\/span><\/p>\n<p>&nbsp;<\/p>\n<p><span style=\"font-weight: 400;\">Este magn\u00edfico edif\u00edcio \u00e9 caracterizado por sua intrincada ornamenta\u00e7\u00e3o, que inclui motivos mar\u00edtimos, como cordas, n\u00f3s e conchas, al\u00e9m de s\u00edmbolos religiosos e reais. Os visitantes ficam maravilhados com a grandiosidade da igreja, com sua nave alta e ab\u00f3bada estrelada, enquanto o claustro impressiona com sua beleza serena e detalhes elaborados.\u00a0<\/span><\/p>\n<p>&nbsp;<\/p>\n<p><span style=\"font-weight: 400;\">Na loja de souvenires, os visitantes podem adquirir lembran\u00e7as do Mosteiro dos Jer\u00f3nimos, como livros e r\u00e9plicas, embaladas em <\/span><a href=\"http:\/\/brindesesacolas.com.br\/sacola-kraft-personalizada\"><b>sacolas kraft personalizadas,<\/b><\/a><span style=\"font-weight: 400;\"> adicionando um toque especial \u00e0s recorda\u00e7\u00f5es desta joia arquitet\u00f4nica.<\/span><\/p>\n<h3><span style=\"font-weight: 400;\">Imers\u00e3o na Hist\u00f3ria e na Cultura<\/span><\/h3>\n<p><span style=\"font-weight: 400;\">Ao explorar o Mosteiro dos Jer\u00f3nimos, os visitantes s\u00e3o transportados de volta \u00e0 Era dos Descobrimentos, quando Portugal era uma pot\u00eancia global. Os detalhes arquitet\u00f4nicos meticulosamente trabalhados contam hist\u00f3rias de explora\u00e7\u00e3o, conquista e f\u00e9, oferecendo uma vis\u00e3o fascinante da hist\u00f3ria do pa\u00eds.<\/span><\/p>\n<h3><span style=\"font-weight: 400;\">Integrando Elementos de Marketing Digital<\/span><\/h3>\n<p><span style=\"font-weight: 400;\">Em uma visita ao Mosteiro dos Jer\u00f3nimos, os turistas t\u00eam a oportunidade de adquirir lembran\u00e7as \u00fanicas para levar para casa. <\/span><a href=\"http:\/\/totalacrilicos.com.br\/expositor-de-acrilico\"><b>expositores de acr\u00edlico<\/b><\/a><span style=\"font-weight: 400;\"> exibem uma variedade de produtos, desde miniaturas do mosteiro at\u00e9 r\u00e9plicas de caravelas, proporcionando aos visitantes a chance de levar consigo uma parte tang\u00edvel da hist\u00f3ria de Portugal.\u00a0<\/span><\/p>\n<h2><span style=\"font-weight: 400;\">Torre de Bel\u00e9m: Guardi\u00e3 das Navega\u00e7\u00f5es Portuguesas<\/span><\/h2>\n<p><span style=\"font-weight: 400;\">A Torre de Bel\u00e9m, situada \u00e0s margens do Rio Tejo em Lisboa, \u00e9 outro \u00edcone da era dos Descobrimentos portugueses. Constru\u00edda no s\u00e9culo XVI como uma fortaleza para defender a entrada do porto de Lisboa e como um ponto de partida para as expedi\u00e7\u00f5es mar\u00edtimas, a torre \u00e9 um testemunho da engenhosidade arquitet\u00f4nica e do esp\u00edrito de aventura que caracterizou essa \u00e9poca.<\/span><\/p>\n<p>&nbsp;<\/p>\n<p><span style=\"font-weight: 400;\">Esta estrutura imponente combina elementos g\u00f3ticos e renascentistas, com detalhes ornamentais que refletem as influ\u00eancias mouriscas e orientais. A Torre de Bel\u00e9m n\u00e3o \u00e9 apenas um s\u00edmbolo de poder militar, mas tamb\u00e9m uma obra-prima est\u00e9tica que atrai visitantes de todo o mundo.<\/span><\/p>\n<h3><span style=\"font-weight: 400;\">Uma Jornada pela Hist\u00f3ria Mar\u00edtima de Portugal<\/span><\/h3>\n<p><span style=\"font-weight: 400;\">Explorar a Torre de Bel\u00e9m \u00e9 embarcar em uma jornada pela hist\u00f3ria mar\u00edtima de Portugal. Do alto de suas torres, os visitantes podem contemplar as mesmas vistas que os exploradores portugueses tiveram antes de partirem em suas expedi\u00e7\u00f5es ousadas para terras desconhecidas.\u00a0<\/span><\/p>\n<p>&nbsp;<\/p>\n<p><span style=\"font-weight: 400;\">Na torre, exposi\u00e7\u00f5es fascinantes destacam a import\u00e2ncia das navega\u00e7\u00f5es portuguesas e o papel crucial que desempenharam no desenvolvimento do mundo moderno, desde a descoberta de novas rotas comerciais at\u00e9 a dissemina\u00e7\u00e3o de conhecimento e cultura.\u00a0<\/span><\/p>\n<p>&nbsp;<\/p>\n<p><span style=\"font-weight: 400;\">Al\u00e9m disso, os turistas podem encontrar uma variedade de produtos relacionados \u00e0 hist\u00f3ria mar\u00edtima de Portugal, como livros, r\u00e9plicas de navios e mapas antigos, que podem ser adquiridos como lembran\u00e7as da visita, muitas vezes acompanhados de <\/span><a href=\"http:\/\/grifetiquetas.com.br\/etiquetas-adesivas-personalizadas-em-rolo\"><b>etiquetas adesivas personalizadas<\/b><\/a><span style=\"font-weight: 400;\"> que adicionam um toque de autenticidade e exclusividade \u00e0s recorda\u00e7\u00f5es deste lugar ic\u00f4nico.<\/span><\/p>\n<h3><span style=\"font-weight: 400;\">Incorporando Elementos de Marketing<\/span><\/h3>\n<p><span style=\"font-weight: 400;\">Para os empreendedores no ramo do turismo e do com\u00e9rcio, a visita \u00e0 Torre de Bel\u00e9m oferece oportunidades \u00fanicas de marketing. Expositores estrategicamente colocados podem exibir produtos relacionados \u00e0 hist\u00f3ria mar\u00edtima de Portugal, como modelos de navios e mapas antigos, cativando os interesses dos visitantes e incentivando as vendas.\u00a0<\/span><\/p>\n<p>&nbsp;<\/p>\n<p><a href=\"http:\/\/brindesesacolas.com.br\/sacola-de-papel-branco\"><b>Sacola de papel branco<\/b><\/a><span style=\"font-weight: 400;\"> personalizada tamb\u00e9m pode ser oferecidas como uma forma elegante e pr\u00e1tica de os visitantes levarem suas compras, transformando cada sacola em um an\u00fancio ambulante da marca.<\/span><\/p>\n<h2><span style=\"font-weight: 400;\">Schlussfolgerung<\/span><\/h2>\n<p><span style=\"font-weight: 400;\">O Mosteiro dos Jer\u00f3nimos e a Torre de Bel\u00e9m s\u00e3o mais do que simplesmente monumentos hist\u00f3ricos, s\u00e3o testemunhos vivos da rica heran\u00e7a de Portugal e s\u00edmbolos de sua contribui\u00e7\u00e3o para o mundo.\u00a0<\/span><\/p>\n<p>&nbsp;<\/p>\n<p><span style=\"font-weight: 400;\">Ao preservar e promover esses patrim\u00f4nios hist\u00f3ricos, n\u00e3o apenas enriquecemos a experi\u00eancia dos visitantes, mas tamb\u00e9m celebramos a identidade \u00fanica de Portugal e inspiramos as gera\u00e7\u00f5es futuras a valorizar e proteger sua hist\u00f3ria.\u00a0<\/span><\/p>\n<p>&nbsp;<\/p>\n<p><span style=\"font-weight: 400;\">Ent\u00e3o, da pr\u00f3xima vez que estiver em Lisboa, n\u00e3o deixe de visitar o Mosteiro dos Jer\u00f3nimos e a Torre de Bel\u00e9m, e mergulhe na fascinante hist\u00f3ria mar\u00edtima e cultural de Portugal. Esperamos que tenha desfrutado deste artigo e encontrado informa\u00e7\u00f5es \u00fateis.<\/span><\/p>\n<p>&nbsp;<\/p>","protected":false},"excerpt":{"rendered":"<p>Portugal, uma terra de encantos e hist\u00f3rias que atravessam s\u00e9culos, abriga alguns dos mais magn\u00edficos patrim\u00f4nios hist\u00f3ricos do mundo. Entre essas preciosidades arquitet\u00f4nicas, destaca-se o imponente Mosteiro dos Jer\u00f3nimos e a majestosa Torre de Bel\u00e9m, localizados em Lisboa.\u00a0 &nbsp; Neste guest post, convido voc\u00ea a fazer uma viagem no tempo conosco, enquanto exploramos em detalhes [&hellip;]<\/p>\n","protected":false},"author":1,"featured_media":4940,"comment_status":"open","ping_status":"open","sticky":false,"template":"","format":"standard","meta":{"footnotes":""},"categories":[18],"tags":[],"class_list":["post-4939","post","type-post","status-publish","format-standard","has-post-thumbnail","hentry","category-dicas-de-portugal"],"acf":[],"yoast_head":"<!-- This site is optimized with the Yoast SEO plugin v27.5 - https:\/\/yoast.com\/product\/yoast-seo-wordpress\/ -->\n<title>Patrim\u00f4nios Hist\u00f3ricos de Portugal: Mosteiro dos Jer\u00f3nimos e Torre de Bel\u00e9m - Encontre Portugal<\/title>\n<meta name=\"robots\" content=\"index, follow, max-snippet:-1, max-image-preview:large, max-video-preview:-1\" \/>\n<link rel=\"canonical\" href=\"https:\/\/encontreportugal.pt\/de\/patrimonios-historicos-de-portugal-mosteiro-dos-jeronimos-e-torre-de-belem\/\" \/>\n<meta property=\"og:locale\" content=\"de_DE\" \/>\n<meta property=\"og:type\" content=\"article\" \/>\n<meta property=\"og:title\" content=\"Patrim\u00f4nios Hist\u00f3ricos de Portugal: Mosteiro dos Jer\u00f3nimos e Torre de Bel\u00e9m - Encontre Portugal\" \/>\n<meta property=\"og:url\" content=\"https:\/\/encontreportugal.pt\/de\/patrimonios-historicos-de-portugal-mosteiro-dos-jeronimos-e-torre-de-belem\/\" \/>\n<meta property=\"og:site_name\" content=\"Encontre Portugal\" \/>\n<meta property=\"article:published_time\" content=\"2024-02-20T15:07:57+00:00\" \/>\n<meta property=\"og:image\" content=\"https:\/\/encontreportugal.pt\/wp-content\/uploads\/2024\/02\/torre-de-belem-a-noite-lisboa-portugal.jpg\" \/>\n\t<meta property=\"og:image:width\" content=\"2560\" \/>\n\t<meta property=\"og:image:height\" content=\"1707\" \/>\n\t<meta property=\"og:image:type\" content=\"image\/jpeg\" \/>\n<meta name=\"author\" content=\"Douglas Barbosa\" \/>\n<meta name=\"twitter:card\" content=\"summary_large_image\" \/>\n<meta name=\"twitter:label1\" content=\"Verfasst von\" \/>\n\t<meta name=\"twitter:data1\" content=\"Douglas Barbosa\" \/>\n\t<meta name=\"twitter:label2\" content=\"Gesch\u00e4tzte Lesezeit\" \/>\n\t<meta name=\"twitter:data2\" content=\"4\u00a0Minuten\" \/>\n<script type=\"application\/ld+json\" class=\"yoast-schema-graph\">{\"@context\":\"https:\\\/\\\/schema.org\",\"@graph\":[{\"@type\":\"Article\",\"@id\":\"https:\\\/\\\/encontreportugal.pt\\\/patrimonios-historicos-de-portugal-mosteiro-dos-jeronimos-e-torre-de-belem\\\/#article\",\"isPartOf\":{\"@id\":\"https:\\\/\\\/encontreportugal.pt\\\/patrimonios-historicos-de-portugal-mosteiro-dos-jeronimos-e-torre-de-belem\\\/\"},\"author\":{\"name\":\"Douglas Barbosa\",\"@id\":\"https:\\\/\\\/encontreportugal.pt\\\/zh\\\/#\\\/schema\\\/person\\\/71ee126caa8e8746f4e1d07bb50ba747\"},\"headline\":\"Patrim\u00f4nios Hist\u00f3ricos de Portugal: Mosteiro dos Jer\u00f3nimos e Torre de Bel\u00e9m\",\"datePublished\":\"2024-02-20T15:07:57+00:00\",\"mainEntityOfPage\":{\"@id\":\"https:\\\/\\\/encontreportugal.pt\\\/patrimonios-historicos-de-portugal-mosteiro-dos-jeronimos-e-torre-de-belem\\\/\"},\"wordCount\":913,\"commentCount\":0,\"publisher\":{\"@id\":\"https:\\\/\\\/encontreportugal.pt\\\/zh\\\/#organization\"},\"image\":{\"@id\":\"https:\\\/\\\/encontreportugal.pt\\\/patrimonios-historicos-de-portugal-mosteiro-dos-jeronimos-e-torre-de-belem\\\/#primaryimage\"},\"thumbnailUrl\":\"https:\\\/\\\/encontreportugal.pt\\\/wp-content\\\/uploads\\\/2024\\\/02\\\/torre-de-belem-a-noite-lisboa-portugal.jpg\",\"articleSection\":[\"Dicas de Portugal\"],\"inLanguage\":\"de\",\"potentialAction\":[{\"@type\":\"CommentAction\",\"name\":\"Comment\",\"target\":[\"https:\\\/\\\/encontreportugal.pt\\\/patrimonios-historicos-de-portugal-mosteiro-dos-jeronimos-e-torre-de-belem\\\/#respond\"]}]},{\"@type\":\"WebPage\",\"@id\":\"https:\\\/\\\/encontreportugal.pt\\\/patrimonios-historicos-de-portugal-mosteiro-dos-jeronimos-e-torre-de-belem\\\/\",\"url\":\"https:\\\/\\\/encontreportugal.pt\\\/patrimonios-historicos-de-portugal-mosteiro-dos-jeronimos-e-torre-de-belem\\\/\",\"name\":\"Patrim\u00f4nios Hist\u00f3ricos de Portugal: Mosteiro dos Jer\u00f3nimos e Torre de Bel\u00e9m - Encontre Portugal\",\"isPartOf\":{\"@id\":\"https:\\\/\\\/encontreportugal.pt\\\/zh\\\/#website\"},\"primaryImageOfPage\":{\"@id\":\"https:\\\/\\\/encontreportugal.pt\\\/patrimonios-historicos-de-portugal-mosteiro-dos-jeronimos-e-torre-de-belem\\\/#primaryimage\"},\"image\":{\"@id\":\"https:\\\/\\\/encontreportugal.pt\\\/patrimonios-historicos-de-portugal-mosteiro-dos-jeronimos-e-torre-de-belem\\\/#primaryimage\"},\"thumbnailUrl\":\"https:\\\/\\\/encontreportugal.pt\\\/wp-content\\\/uploads\\\/2024\\\/02\\\/torre-de-belem-a-noite-lisboa-portugal.jpg\",\"datePublished\":\"2024-02-20T15:07:57+00:00\",\"breadcrumb\":{\"@id\":\"https:\\\/\\\/encontreportugal.pt\\\/patrimonios-historicos-de-portugal-mosteiro-dos-jeronimos-e-torre-de-belem\\\/#breadcrumb\"},\"inLanguage\":\"de\",\"potentialAction\":[{\"@type\":\"ReadAction\",\"target\":[\"https:\\\/\\\/encontreportugal.pt\\\/patrimonios-historicos-de-portugal-mosteiro-dos-jeronimos-e-torre-de-belem\\\/\"]}]},{\"@type\":\"ImageObject\",\"inLanguage\":\"de\",\"@id\":\"https:\\\/\\\/encontreportugal.pt\\\/patrimonios-historicos-de-portugal-mosteiro-dos-jeronimos-e-torre-de-belem\\\/#primaryimage\",\"url\":\"https:\\\/\\\/encontreportugal.pt\\\/wp-content\\\/uploads\\\/2024\\\/02\\\/torre-de-belem-a-noite-lisboa-portugal.jpg\",\"contentUrl\":\"https:\\\/\\\/encontreportugal.pt\\\/wp-content\\\/uploads\\\/2024\\\/02\\\/torre-de-belem-a-noite-lisboa-portugal.jpg\",\"width\":2560,\"height\":1707,\"caption\":\"Tower of Belem by night. Lisbon, Portugal.\"},{\"@type\":\"BreadcrumbList\",\"@id\":\"https:\\\/\\\/encontreportugal.pt\\\/patrimonios-historicos-de-portugal-mosteiro-dos-jeronimos-e-torre-de-belem\\\/#breadcrumb\",\"itemListElement\":[{\"@type\":\"ListItem\",\"position\":1,\"name\":\"In\u00edcio\",\"item\":\"https:\\\/\\\/encontreportugal.pt\\\/zh\\\/\"},{\"@type\":\"ListItem\",\"position\":2,\"name\":\"Patrim\u00f4nios Hist\u00f3ricos de Portugal: Mosteiro dos Jer\u00f3nimos e Torre de Bel\u00e9m\"}]},{\"@type\":\"WebSite\",\"@id\":\"https:\\\/\\\/encontreportugal.pt\\\/zh\\\/#website\",\"url\":\"https:\\\/\\\/encontreportugal.pt\\\/zh\\\/\",\"name\":\"Encontre Portugal\",\"description\":\"O maior Portal de dicas ao imigrante brasileiro em Portugal.\",\"publisher\":{\"@id\":\"https:\\\/\\\/encontreportugal.pt\\\/zh\\\/#organization\"},\"potentialAction\":[{\"@type\":\"SearchAction\",\"target\":{\"@type\":\"EntryPoint\",\"urlTemplate\":\"https:\\\/\\\/encontreportugal.pt\\\/zh\\\/?s={search_term_string}\"},\"query-input\":{\"@type\":\"PropertyValueSpecification\",\"valueRequired\":true,\"valueName\":\"search_term_string\"}}],\"inLanguage\":\"de\"},{\"@type\":\"Organization\",\"@id\":\"https:\\\/\\\/encontreportugal.pt\\\/zh\\\/#organization\",\"name\":\"Encontre Portugal\",\"url\":\"https:\\\/\\\/encontreportugal.pt\\\/zh\\\/\",\"logo\":{\"@type\":\"ImageObject\",\"inLanguage\":\"de\",\"@id\":\"https:\\\/\\\/encontreportugal.pt\\\/zh\\\/#\\\/schema\\\/logo\\\/image\\\/\",\"url\":\"https:\\\/\\\/encontreportugal.pt\\\/wp-content\\\/uploads\\\/2024\\\/04\\\/cropped-logo-encontre-portugal.png\",\"contentUrl\":\"https:\\\/\\\/encontreportugal.pt\\\/wp-content\\\/uploads\\\/2024\\\/04\\\/cropped-logo-encontre-portugal.png\",\"width\":500,\"height\":165,\"caption\":\"Encontre Portugal\"},\"image\":{\"@id\":\"https:\\\/\\\/encontreportugal.pt\\\/zh\\\/#\\\/schema\\\/logo\\\/image\\\/\"}},{\"@type\":\"Person\",\"@id\":\"https:\\\/\\\/encontreportugal.pt\\\/zh\\\/#\\\/schema\\\/person\\\/71ee126caa8e8746f4e1d07bb50ba747\",\"name\":\"Douglas Barbosa\",\"image\":{\"@type\":\"ImageObject\",\"inLanguage\":\"de\",\"@id\":\"https:\\\/\\\/encontreportugal.pt\\\/wp-content\\\/uploads\\\/2024\\\/03\\\/douglasfdb_avatar-96x96.jpeg\",\"url\":\"https:\\\/\\\/encontreportugal.pt\\\/wp-content\\\/uploads\\\/2024\\\/03\\\/douglasfdb_avatar-96x96.jpeg\",\"contentUrl\":\"https:\\\/\\\/encontreportugal.pt\\\/wp-content\\\/uploads\\\/2024\\\/03\\\/douglasfdb_avatar-96x96.jpeg\",\"caption\":\"Douglas Barbosa\"},\"description\":\"Graduado em Tecnologia de Redes de Computadores e com P\u00f3s-Gradua\u00e7\u00e3o em Marketing Digital, Business Intelligence e Estrat\u00e9gia Data-Driven pela Pontif\u00edcia Universidade Cat\u00f3lica (PUC). Capacita\u00e7\u00e3o em Linguagem Corporal e Detec\u00e7\u00e3o de Microexpress\u00f5es Faciais. Participa\u00e7\u00e3o na forma\u00e7\u00e3o \\\"M\u00e1quina de Tr\u00e1fego e Convers\u00e3o - Aprenda a Vender Mais pelo Google Todos os Dias\\\". Certificado pelo Google em Rede de Pesquisa. Vasta experi\u00eancia em projetos de SEO, gest\u00e3o de tr\u00e1fego pago no Google Ads e Cria\u00e7\u00e3o de Websites.\",\"sameAs\":[\"https:\\\/\\\/encontreportugal.pt\"],\"url\":\"https:\\\/\\\/encontreportugal.pt\\\/de\\\/author\\\/douglasfdb\\\/\"}]}<\/script>\n<!-- \/ Yoast SEO plugin. -->","yoast_head_json":{"title":"Patrim\u00f4nios Hist\u00f3ricos de Portugal: Mosteiro dos Jer\u00f3nimos e Torre de Bel\u00e9m - Encontre Portugal","robots":{"index":"index","follow":"follow","max-snippet":"max-snippet:-1","max-image-preview":"max-image-preview:large","max-video-preview":"max-video-preview:-1"},"canonical":"https:\/\/encontreportugal.pt\/de\/patrimonios-historicos-de-portugal-mosteiro-dos-jeronimos-e-torre-de-belem\/","og_locale":"de_DE","og_type":"article","og_title":"Patrim\u00f4nios Hist\u00f3ricos de Portugal: Mosteiro dos Jer\u00f3nimos e Torre de Bel\u00e9m - Encontre Portugal","og_url":"https:\/\/encontreportugal.pt\/de\/patrimonios-historicos-de-portugal-mosteiro-dos-jeronimos-e-torre-de-belem\/","og_site_name":"Encontre Portugal","article_published_time":"2024-02-20T15:07:57+00:00","og_image":[{"width":2560,"height":1707,"url":"https:\/\/encontreportugal.pt\/wp-content\/uploads\/2024\/02\/torre-de-belem-a-noite-lisboa-portugal.jpg","type":"image\/jpeg"}],"author":"Douglas Barbosa","twitter_card":"summary_large_image","twitter_misc":{"Verfasst von":"Douglas Barbosa","Gesch\u00e4tzte Lesezeit":"4\u00a0Minuten"},"schema":{"@context":"https:\/\/schema.org","@graph":[{"@type":"Article","@id":"https:\/\/encontreportugal.pt\/patrimonios-historicos-de-portugal-mosteiro-dos-jeronimos-e-torre-de-belem\/#article","isPartOf":{"@id":"https:\/\/encontreportugal.pt\/patrimonios-historicos-de-portugal-mosteiro-dos-jeronimos-e-torre-de-belem\/"},"author":{"name":"Douglas Barbosa","@id":"https:\/\/encontreportugal.pt\/zh\/#\/schema\/person\/71ee126caa8e8746f4e1d07bb50ba747"},"headline":"Patrim\u00f4nios Hist\u00f3ricos de Portugal: Mosteiro dos Jer\u00f3nimos e Torre de Bel\u00e9m","datePublished":"2024-02-20T15:07:57+00:00","mainEntityOfPage":{"@id":"https:\/\/encontreportugal.pt\/patrimonios-historicos-de-portugal-mosteiro-dos-jeronimos-e-torre-de-belem\/"},"wordCount":913,"commentCount":0,"publisher":{"@id":"https:\/\/encontreportugal.pt\/zh\/#organization"},"image":{"@id":"https:\/\/encontreportugal.pt\/patrimonios-historicos-de-portugal-mosteiro-dos-jeronimos-e-torre-de-belem\/#primaryimage"},"thumbnailUrl":"https:\/\/encontreportugal.pt\/wp-content\/uploads\/2024\/02\/torre-de-belem-a-noite-lisboa-portugal.jpg","articleSection":["Dicas de Portugal"],"inLanguage":"de","potentialAction":[{"@type":"CommentAction","name":"Comment","target":["https:\/\/encontreportugal.pt\/patrimonios-historicos-de-portugal-mosteiro-dos-jeronimos-e-torre-de-belem\/#respond"]}]},{"@type":"WebPage","@id":"https:\/\/encontreportugal.pt\/patrimonios-historicos-de-portugal-mosteiro-dos-jeronimos-e-torre-de-belem\/","url":"https:\/\/encontreportugal.pt\/patrimonios-historicos-de-portugal-mosteiro-dos-jeronimos-e-torre-de-belem\/","name":"Patrim\u00f4nios Hist\u00f3ricos de Portugal: Mosteiro dos Jer\u00f3nimos e Torre de Bel\u00e9m - Encontre Portugal","isPartOf":{"@id":"https:\/\/encontreportugal.pt\/zh\/#website"},"primaryImageOfPage":{"@id":"https:\/\/encontreportugal.pt\/patrimonios-historicos-de-portugal-mosteiro-dos-jeronimos-e-torre-de-belem\/#primaryimage"},"image":{"@id":"https:\/\/encontreportugal.pt\/patrimonios-historicos-de-portugal-mosteiro-dos-jeronimos-e-torre-de-belem\/#primaryimage"},"thumbnailUrl":"https:\/\/encontreportugal.pt\/wp-content\/uploads\/2024\/02\/torre-de-belem-a-noite-lisboa-portugal.jpg","datePublished":"2024-02-20T15:07:57+00:00","breadcrumb":{"@id":"https:\/\/encontreportugal.pt\/patrimonios-historicos-de-portugal-mosteiro-dos-jeronimos-e-torre-de-belem\/#breadcrumb"},"inLanguage":"de","potentialAction":[{"@type":"ReadAction","target":["https:\/\/encontreportugal.pt\/patrimonios-historicos-de-portugal-mosteiro-dos-jeronimos-e-torre-de-belem\/"]}]},{"@type":"ImageObject","inLanguage":"de","@id":"https:\/\/encontreportugal.pt\/patrimonios-historicos-de-portugal-mosteiro-dos-jeronimos-e-torre-de-belem\/#primaryimage","url":"https:\/\/encontreportugal.pt\/wp-content\/uploads\/2024\/02\/torre-de-belem-a-noite-lisboa-portugal.jpg","contentUrl":"https:\/\/encontreportugal.pt\/wp-content\/uploads\/2024\/02\/torre-de-belem-a-noite-lisboa-portugal.jpg","width":2560,"height":1707,"caption":"Tower of Belem by night. Lisbon, Portugal."},{"@type":"BreadcrumbList","@id":"https:\/\/encontreportugal.pt\/patrimonios-historicos-de-portugal-mosteiro-dos-jeronimos-e-torre-de-belem\/#breadcrumb","itemListElement":[{"@type":"ListItem","position":1,"name":"In\u00edcio","item":"https:\/\/encontreportugal.pt\/zh\/"},{"@type":"ListItem","position":2,"name":"Patrim\u00f4nios Hist\u00f3ricos de Portugal: Mosteiro dos Jer\u00f3nimos e Torre de Bel\u00e9m"}]},{"@type":"WebSite","@id":"https:\/\/encontreportugal.pt\/zh\/#website","url":"https:\/\/encontreportugal.pt\/zh\/","name":"Encontre Portugal","description":"O maior Portal de dicas ao imigrante brasileiro em Portugal.","publisher":{"@id":"https:\/\/encontreportugal.pt\/zh\/#organization"},"potentialAction":[{"@type":"SearchAction","target":{"@type":"EntryPoint","urlTemplate":"https:\/\/encontreportugal.pt\/zh\/?s={search_term_string}"},"query-input":{"@type":"PropertyValueSpecification","valueRequired":true,"valueName":"search_term_string"}}],"inLanguage":"de"},{"@type":"Organization","@id":"https:\/\/encontreportugal.pt\/zh\/#organization","name":"Encontre Portugal","url":"https:\/\/encontreportugal.pt\/zh\/","logo":{"@type":"ImageObject","inLanguage":"de","@id":"https:\/\/encontreportugal.pt\/zh\/#\/schema\/logo\/image\/","url":"https:\/\/encontreportugal.pt\/wp-content\/uploads\/2024\/04\/cropped-logo-encontre-portugal.png","contentUrl":"https:\/\/encontreportugal.pt\/wp-content\/uploads\/2024\/04\/cropped-logo-encontre-portugal.png","width":500,"height":165,"caption":"Encontre Portugal"},"image":{"@id":"https:\/\/encontreportugal.pt\/zh\/#\/schema\/logo\/image\/"}},{"@type":"Person","@id":"https:\/\/encontreportugal.pt\/zh\/#\/schema\/person\/71ee126caa8e8746f4e1d07bb50ba747","name":"Douglas Barbosa","image":{"@type":"ImageObject","inLanguage":"de","@id":"https:\/\/encontreportugal.pt\/wp-content\/uploads\/2024\/03\/douglasfdb_avatar-96x96.jpeg","url":"https:\/\/encontreportugal.pt\/wp-content\/uploads\/2024\/03\/douglasfdb_avatar-96x96.jpeg","contentUrl":"https:\/\/encontreportugal.pt\/wp-content\/uploads\/2024\/03\/douglasfdb_avatar-96x96.jpeg","caption":"Douglas Barbosa"},"description":"Er hat einen Abschluss in Computernetzwerktechnologie und eine postgraduale Qualifikation in digitalem Marketing, Business Intelligence und datengesteuerter Strategie von der P\u00e4pstlichen Katholischen Universit\u00e4t (PUC). Ausbildung in K\u00f6rpersprache und Erkennung von Mikroausdr\u00fccken im Gesicht. Teilnahme an der Schulung \"Traffic and Conversion Machine - Learn to Sell More Through Google Every Day\". Zertifiziert von Google in Suchmaschinenoptimierung. Umfassende Erfahrung in SEO-Projekten, Verwaltung von bezahltem Traffic \u00fcber Google Ads und Erstellung von Websites.","sameAs":["https:\/\/encontreportugal.pt"],"url":"https:\/\/encontreportugal.pt\/de\/author\/douglasfdb\/"}]}},"_links":{"self":[{"href":"https:\/\/encontreportugal.pt\/de\/wp-json\/wp\/v2\/posts\/4939","targetHints":{"allow":["GET"]}}],"collection":[{"href":"https:\/\/encontreportugal.pt\/de\/wp-json\/wp\/v2\/posts"}],"about":[{"href":"https:\/\/encontreportugal.pt\/de\/wp-json\/wp\/v2\/types\/post"}],"author":[{"embeddable":true,"href":"https:\/\/encontreportugal.pt\/de\/wp-json\/wp\/v2\/users\/1"}],"replies":[{"embeddable":true,"href":"https:\/\/encontreportugal.pt\/de\/wp-json\/wp\/v2\/comments?post=4939"}],"version-history":[{"count":0,"href":"https:\/\/encontreportugal.pt\/de\/wp-json\/wp\/v2\/posts\/4939\/revisions"}],"wp:featuredmedia":[{"embeddable":true,"href":"https:\/\/encontreportugal.pt\/de\/wp-json\/wp\/v2\/media\/4940"}],"wp:attachment":[{"href":"https:\/\/encontreportugal.pt\/de\/wp-json\/wp\/v2\/media?parent=4939"}],"wp:term":[{"taxonomy":"category","embeddable":true,"href":"https:\/\/encontreportugal.pt\/de\/wp-json\/wp\/v2\/categories?post=4939"},{"taxonomy":"post_tag","embeddable":true,"href":"https:\/\/encontreportugal.pt\/de\/wp-json\/wp\/v2\/tags?post=4939"}],"curies":[{"name":"wp","href":"https:\/\/api.w.org\/{rel}","templated":true}]}}