{"id":3860,"date":"2023-12-01T22:51:19","date_gmt":"2023-12-01T22:51:19","guid":{"rendered":"https:\/\/encontreportugal.pt\/?p=3860"},"modified":"2023-12-01T22:51:19","modified_gmt":"2023-12-01T22:51:19","slug":"ordenado-minimo-em-2023-sera-suficiente-para-sobreviver","status":"publish","type":"post","link":"https:\/\/encontreportugal.pt\/en\/ordenado-minimo-em-2023-sera-suficiente-para-sobreviver\/","title":{"rendered":"Minimum wage in 2023: Will it be enough to survive?"},"content":{"rendered":"<p><img  title=\"\"  alt=\"photo-1551836022-4c4c79ecde51?crop=entropy&amp;cs=srgb&amp;fm=jpg&amp;ixid=M3w0MDY0MzJ8MHwxfHNlYXJjaHwyfHxNaW5pbXVtJTIwd2FnZSUyMDIwMjMufGVufDB8MHx8fDE3MDE0NjQ0NzR8MA&amp;ixlib=rb-4.0 Ordenado m\u00ednimo em 2023: Ser\u00e1 suficiente para sobreviver?\" decoding=\"async\" class=\"inline-flex items-center justify-center mb-4\" style=\"max-width: 800px; display: block; margin-left: auto; margin-right: auto;\" src=\"https:\/\/images.unsplash.com\/photo-1551836022-4c4c79ecde51?crop=entropy&amp;cs=srgb&amp;fm=jpg&amp;ixid=M3w0MDY0MzJ8MHwxfHNlYXJjaHwyfHxNaW5pbXVtJTIwd2FnZSUyMDIwMjMufGVufDB8MHx8fDE3MDE0NjQ0NzR8MA&amp;ixlib=rb-4.0.3&amp;q=85&amp;w=900&amp;w=900\" \/><\/p>\n<h1><span style=\"vertical-align: inherit;\">Minimum wage in 2023: Will it be enough to survive?<\/span><\/h1>\n<p>&nbsp;<\/p>\n<h2><span style=\"vertical-align: inherit;\">Introduction<\/span><\/h2>\n<p><span style=\"vertical-align: inherit;\">O sal\u00e1rio m\u00ednimo \u00e9 um tema de extrema import\u00e2ncia no Brasil, pois afeta diretamente a vida de milh\u00f5es de trabalhadores. Neste artigo, discutiremos em detalhes o valor do sal\u00e1rio m\u00ednimo em 2023, como ele \u00e9 definido, como expectativas de aumento, sua rela\u00e7\u00e3o com o custo de vida atual, os setores mais afetados pelo baixo valor, o impacto na economia do pa\u00eds, como propostas para melhorar seu valor, as medidas necess\u00e1rias para garantir que seja suficiente para sobreviver, o impacto da pandemia e as perspectivas para o futuro.<\/span><\/p>\n<h2><span style=\"vertical-align: inherit;\">Qual \u00e9 o sal\u00e1rio m\u00ednimo em 2023?<\/span><\/h2>\n<p><span style=\"vertical-align: inherit;\">O sal\u00e1rio m\u00ednimo \u00e9 o valor m\u00ednimo que um trabalhador deve receber por m\u00eas para suprir suas necessidades b\u00e1sicas e garantir uma vida digna. No Brasil, o sal\u00e1rio m\u00ednimo \u00e9 determinado pelo governo federal e serve como refer\u00eancia para os trabalhadores de milh\u00f5es de trabalhadores em todo o pa\u00eds. <\/span><\/p>\n<p><span style=\"vertical-align: inherit;\">Atualmente, o valor do sal\u00e1rio m\u00ednimo \u00e9 de R$ 1.100,00. Esse valor foi previsto no in\u00edcio de 2021 e teve um aumento de 5,26% em rela\u00e7\u00e3o ao ano anterior. O sal\u00e1rio m\u00ednimo \u00e9 reajustado anualmente com base na infla\u00e7\u00e3o do ano anterior e no crescimento do Produto Interno Bruto (PIB) do pa\u00eds.<\/span><\/p>\n<h2><span style=\"vertical-align: inherit;\">Como \u00e9 definido o valor do sal\u00e1rio m\u00ednimo?<\/span><\/h2>\n<p><span style=\"vertical-align: inherit;\">O valor do sal\u00e1rio m\u00ednimo \u00e9 definido levando em considera\u00e7\u00e3o diversos fatores. Um dos principais \u00e9 a infla\u00e7\u00e3o, que mede o aumento geral dos pre\u00e7os dos produtos e servi\u00e7os ao longo do tempo. A infla\u00e7\u00e3o afeta diretamente o poder de compra do trabalhador, pois se os pre\u00e7os aumentam e o aumento do sal\u00e1rio m\u00ednimo n\u00e3o acompanha esse, o trabalhador ter\u00e1 dificuldades para suprir suas necessidades b\u00e1sicas. <\/span><\/p>\n<p><span style=\"vertical-align: inherit;\">Al\u00e9m da infla\u00e7\u00e3o, o crescimento econ\u00f4mico do pa\u00eds tamb\u00e9m influenciou o valor do sal\u00e1rio m\u00ednimo. Se a economia est\u00e1 em crescimento, \u00e9 esperado que haja um aumento na renda dos trabalhadores e, consequentemente, no valor do sal\u00e1rio m\u00ednimo. Por outro lado, se a economia estiver em recess\u00e3o, \u00e9 poss\u00edvel que o valor do sal\u00e1rio m\u00ednimo seja interrompido ou at\u00e9 mesmo reduzido.<\/span><\/p>\n<h2><span style=\"vertical-align: inherit;\">Qual \u00e9 a expectativa de aumento do sal\u00e1rio m\u00ednimo em 2023?<\/span><\/h2>\n<p>Para o ano de 2023, a expectativa \u00e9 de um aumento no valor do sal\u00e1rio m\u00ednimo. O governo federal prop\u00f4s um reajuste de 4,27%, que levaria o valor para R$ 1.147,00. No entanto, essa proposta ainda precisa ser aprovada pelo Congresso Nacional.<\/p>\n<p>Esse aumento no sal\u00e1rio m\u00ednimo pode ter um impacto significativo na vida dos trabalhadores, pois representa um aumento real no poder de compra. Al\u00e9m disso, tamb\u00e9m pode impulsionar a economia do pa\u00eds, uma vez que os trabalhadores ter\u00e3o mais dinheiro para gastar e consumir.<\/p>\n<h2>Como o sal\u00e1rio m\u00ednimo se compara com o custo de vida atual?<\/h2>\n<p>O custo de vida no Brasil tem aumentado nos \u00faltimos anos, o que torna ainda mais desafiador para os trabalhadores viverem com o sal\u00e1rio m\u00ednimo atual. O valor do sal\u00e1rio m\u00ednimo muitas vezes n\u00e3o \u00e9 suficiente para cobrir as despesas b\u00e1sicas, como alimenta\u00e7\u00e3o, moradia, transporte e sa\u00fade.<\/p>\n<p>De acordo com dados do Departamento Intersindical de Estat\u00edstica e Estudos Socioecon\u00f4micos (Dieese), o sal\u00e1rio m\u00ednimo ideal para suprir as necessidades b\u00e1sicas de uma fam\u00edlia de quatro pessoas deveria ser de aproximadamente R$ 5.518,00. Isso mostra a grande discrep\u00e2ncia entre o valor atual do sal\u00e1rio m\u00ednimo e o custo de vida no pa\u00eds.<\/p>\n<h2>Quais s\u00e3o os setores que mais sofrem com o baixo valor do sal\u00e1rio m\u00ednimo?<\/h2>\n<p>Diversos setores da economia brasileira s\u00e3o afetados pelo baixo valor do sal\u00e1rio m\u00ednimo. Entre eles, podemos destacar o setor de servi\u00e7os, que engloba atividades como com\u00e9rcio, turismo, alimenta\u00e7\u00e3o e transporte. Muitos trabalhadores desses setores recebem o sal\u00e1rio m\u00ednimo e enfrentam dificuldades para suprir suas necessidades b\u00e1sicas.<\/p>\n<p>Al\u00e9m disso, os trabalhadores rurais tamb\u00e9m s\u00e3o afetados pelo baixo valor do sal\u00e1rio m\u00ednimo. Muitos deles recebem menos do que o sal\u00e1rio m\u00ednimo estabelecido por lei, o que contribui para a perpetua\u00e7\u00e3o da pobreza e da desigualdade no campo.<\/p>\n<h2>Como o aumento do sal\u00e1rio m\u00ednimo pode afetar a economia do pa\u00eds?<\/h2>\n<p>O aumento do sal\u00e1rio m\u00ednimo pode ter tanto impactos positivos quanto negativos na economia do pa\u00eds. Por um lado, o aumento do poder de compra dos trabalhadores pode impulsionar o consumo e estimular a produ\u00e7\u00e3o e o crescimento econ\u00f4mico.<\/p>\n<p>Por outro lado, o aumento do sal\u00e1rio m\u00ednimo tamb\u00e9m pode gerar press\u00e3o inflacion\u00e1ria, uma vez que os custos das empresas aumentam e elas repassam esses custos para os pre\u00e7os dos produtos e servi\u00e7os. Isso pode levar a um aumento geral dos pre\u00e7os e prejudicar a popula\u00e7\u00e3o de baixa renda, que \u00e9 a mais afetada pela infla\u00e7\u00e3o.<\/p>\n<h2>Quais s\u00e3o as propostas para melhorar o valor do sal\u00e1rio m\u00ednimo?<\/h2>\n<p>Existem diversas propostas para melhorar o valor do sal\u00e1rio m\u00ednimo no Brasil. Uma delas \u00e9 estabelecer um valor m\u00ednimo que seja capaz de suprir as necessidades b\u00e1sicas do trabalhador e de sua fam\u00edlia, levando em considera\u00e7\u00e3o o custo de vida em cada regi\u00e3o do pa\u00eds.<\/p>\n<p>Outra proposta \u00e9 estabelecer uma pol\u00edtica de valoriza\u00e7\u00e3o do sal\u00e1rio m\u00ednimo, que leve em considera\u00e7\u00e3o n\u00e3o apenas a infla\u00e7\u00e3o, mas tamb\u00e9m o crescimento econ\u00f4mico e a produtividade do pa\u00eds. Isso garantiria que o sal\u00e1rio m\u00ednimo acompanhasse o aumento dos pre\u00e7os e tamb\u00e9m refletisse os ganhos de produtividade da economia.<\/p>\n<h2>O que \u00e9 preciso fazer para que o sal\u00e1rio m\u00ednimo seja suficiente para sobreviver?<\/h2>\n<p>Para que o sal\u00e1rio m\u00ednimo seja suficiente para garantir uma vida digna aos trabalhadores, \u00e9 necess\u00e1rio adotar uma s\u00e9rie de medidas. Uma delas \u00e9 investir em educa\u00e7\u00e3o e qualifica\u00e7\u00e3o profissional, para que os trabalhadores possam ter acesso a empregos com melhores sal\u00e1rios.<\/p>\n<p>Al\u00e9m disso, \u00e9 necess\u00e1rio fortalecer os sindicatos e as negocia\u00e7\u00f5es coletivas, para que os trabalhadores possam ter mais poder de barganha na hora de negociar seus sal\u00e1rios. Tamb\u00e9m \u00e9 importante implementar pol\u00edticas p\u00fablicas que garantam o acesso universal a servi\u00e7os b\u00e1sicos, como sa\u00fade, educa\u00e7\u00e3o e moradia.<\/p>\n<h2>Como a pandemia afetou o valor do sal\u00e1rio m\u00ednimo?<\/h2>\n<p>A pandemia de COVID-19 teve um impacto significativo no valor do <a href=\"https:\/\/encontreportugal.pt\/en\/qualidade-de-vida-comparando-pobreza-e-classe-media-no-brasil-angola-e-portugal\/\">sal\u00e1rio m\u00ednimo no Brasil<\/a>. Com a crise econ\u00f4mica gerada pela pandemia, muitas empresas tiveram que reduzir seus custos e demitir trabalhadores, o que afetou diretamente a renda dos trabalhadores.<\/p>\n<p>Al\u00e9m disso, a infla\u00e7\u00e3o tamb\u00e9m foi afetada pela pandemia, uma vez que houve um aumento nos pre\u00e7os de diversos produtos e servi\u00e7os. Isso fez com que o poder de compra do sal\u00e1rio m\u00ednimo fosse ainda mais prejudicado.<\/p>\n<p>Para mitigar os impactos da pandemia no valor do sal\u00e1rio m\u00ednimo, o governo federal adotou medidas como o aux\u00edlio emergencial, que garantiu uma renda m\u00ednima para milh\u00f5es de brasileiros. No entanto, essas medidas s\u00e3o tempor\u00e1rias e n\u00e3o resolvem o problema estrutural do baixo valor do sal\u00e1rio m\u00ednimo.<\/p>\n<h2>Quais s\u00e3o as perspectivas para o futuro do sal\u00e1rio m\u00ednimo no Brasil?<\/h2>\n<p>As perspectivas para o futuro do sal\u00e1rio m\u00ednimo no Brasil s\u00e3o incertas. Por um lado, h\u00e1 uma press\u00e3o da sociedade civil e dos movimentos sindicais para que haja um aumento significativo no valor do sal\u00e1rio m\u00ednimo, de forma a garantir uma vida digna aos trabalhadores.<\/p>\n<p>Por outro lado, h\u00e1 tamb\u00e9m press\u00f5es econ\u00f4micas e pol\u00edticas que podem dificultar esse aumento. A crise econ\u00f4mica gerada pela pandemia ainda n\u00e3o foi totalmente superada e h\u00e1 incertezas em rela\u00e7\u00e3o ao crescimento econ\u00f4mico do pa\u00eds nos pr\u00f3ximos anos.<\/p>\n<h2>Conclusion<\/h2>\n<p><span style=\"vertical-align: inherit;\">O sal\u00e1rio m\u00ednimo desempenha um papel fundamental na vida dos <a href=\"https:\/\/encontreportugal.pt\/en\/destacamento-de-trabalhadores-de-portugal-para-outro-pais-europeu\/\">trabalhadores brasileiros<\/a>. O valor atual do sal\u00e1rio m\u00ednimo \u00e9 o necess\u00e1rio para suprir as necessidades b\u00e1sicas e garantir uma vida digna. \u00c9 necess\u00e1rio adotar medidas para melhorar o valor do sal\u00e1rio m\u00ednimo, como a valoriza\u00e7\u00e3o do trabalho, o investimento em educa\u00e7\u00e3o e qualifica\u00e7\u00e3o profissional, e a implementa\u00e7\u00e3o de pol\u00edticas p\u00fablicas que garantam o acesso universal a servi\u00e7os b\u00e1sicos. <\/span><\/p>\n<p><span style=\"vertical-align: inherit;\">Al\u00e9m disso, \u00e9 importante que haja um debate amplo e democr\u00e1tico sobre o valor do sal\u00e1rio m\u00ednimo, envolvendo os diversos atores sociais, como trabalhadores, empres\u00e1rios, sindicatos e governo. S\u00f3 assim ser\u00e1 poss\u00edvel encontrar solu\u00e7\u00f5es poss\u00edveis que sejam justas e equilibradas, levando em considera\u00e7\u00e3o tanto as necessidades dos trabalhadores quanto as condi\u00e7\u00f5es econ\u00f4micas do pa\u00eds.<\/span><\/p>","protected":false},"excerpt":{"rendered":"<p>Ordenado m\u00ednimo em 2023: Ser\u00e1 suficiente para sobreviver? &nbsp; Introdu\u00e7\u00e3o O sal\u00e1rio m\u00ednimo \u00e9 um tema de extrema import\u00e2ncia no Brasil, pois afeta diretamente a vida de milh\u00f5es de trabalhadores. Neste artigo, discutiremos em detalhes o valor do sal\u00e1rio m\u00ednimo em 2023, como ele \u00e9 definido, como expectativas de aumento, sua rela\u00e7\u00e3o com o custo [&hellip;]<\/p>\n","protected":false},"author":1,"featured_media":3861,"comment_status":"open","ping_status":"open","sticky":false,"template":"","format":"standard","meta":{"footnotes":""},"categories":[18],"tags":[],"class_list":["post-3860","post","type-post","status-publish","format-standard","has-post-thumbnail","hentry","category-dicas-de-portugal"],"acf":[],"yoast_head":"<!-- This site is optimized with the Yoast SEO plugin v27.5 - https:\/\/yoast.com\/product\/yoast-seo-wordpress\/ -->\n<title>Ordenado m\u00ednimo em 2023: Ser\u00e1 suficiente para sobreviver? - Encontre Portugal<\/title>\n<meta name=\"robots\" content=\"index, follow, max-snippet:-1, max-image-preview:large, max-video-preview:-1\" \/>\n<link rel=\"canonical\" href=\"https:\/\/encontreportugal.pt\/en\/ordenado-minimo-em-2023-sera-suficiente-para-sobreviver\/\" \/>\n<meta property=\"og:locale\" content=\"en_GB\" \/>\n<meta property=\"og:type\" content=\"article\" \/>\n<meta property=\"og:title\" content=\"Ordenado m\u00ednimo em 2023: Ser\u00e1 suficiente para sobreviver? - Encontre Portugal\" \/>\n<meta property=\"og:url\" content=\"https:\/\/encontreportugal.pt\/en\/ordenado-minimo-em-2023-sera-suficiente-para-sobreviver\/\" \/>\n<meta property=\"og:site_name\" content=\"Encontre Portugal\" \/>\n<meta property=\"article:published_time\" content=\"2023-12-01T22:51:19+00:00\" \/>\n<meta property=\"og:image\" content=\"https:\/\/encontreportugal.pt\/wp-content\/uploads\/2023\/12\/Ordenado-minimo-em-2023-scaled.jpg\" \/>\n\t<meta property=\"og:image:width\" content=\"2560\" \/>\n\t<meta property=\"og:image:height\" content=\"1440\" \/>\n\t<meta property=\"og:image:type\" content=\"image\/jpeg\" \/>\n<meta name=\"author\" content=\"Douglas Barbosa\" \/>\n<meta name=\"twitter:card\" content=\"summary_large_image\" \/>\n<meta name=\"twitter:label1\" content=\"Written by\" \/>\n\t<meta name=\"twitter:data1\" content=\"Douglas Barbosa\" \/>\n\t<meta name=\"twitter:label2\" content=\"Estimated reading time\" \/>\n\t<meta name=\"twitter:data2\" content=\"8 minutes\" \/>\n<script type=\"application\/ld+json\" class=\"yoast-schema-graph\">{\"@context\":\"https:\\\/\\\/schema.org\",\"@graph\":[{\"@type\":\"Article\",\"@id\":\"https:\\\/\\\/encontreportugal.pt\\\/ordenado-minimo-em-2023-sera-suficiente-para-sobreviver\\\/#article\",\"isPartOf\":{\"@id\":\"https:\\\/\\\/encontreportugal.pt\\\/ordenado-minimo-em-2023-sera-suficiente-para-sobreviver\\\/\"},\"author\":{\"name\":\"Douglas Barbosa\",\"@id\":\"https:\\\/\\\/encontreportugal.pt\\\/zh\\\/#\\\/schema\\\/person\\\/71ee126caa8e8746f4e1d07bb50ba747\"},\"headline\":\"Ordenado m\u00ednimo em 2023: Ser\u00e1 suficiente para sobreviver?\",\"datePublished\":\"2023-12-01T22:51:19+00:00\",\"mainEntityOfPage\":{\"@id\":\"https:\\\/\\\/encontreportugal.pt\\\/ordenado-minimo-em-2023-sera-suficiente-para-sobreviver\\\/\"},\"wordCount\":1527,\"commentCount\":0,\"publisher\":{\"@id\":\"https:\\\/\\\/encontreportugal.pt\\\/zh\\\/#organization\"},\"image\":{\"@id\":\"https:\\\/\\\/encontreportugal.pt\\\/ordenado-minimo-em-2023-sera-suficiente-para-sobreviver\\\/#primaryimage\"},\"thumbnailUrl\":\"https:\\\/\\\/encontreportugal.pt\\\/wp-content\\\/uploads\\\/2023\\\/12\\\/Ordenado-minimo-em-2023-scaled.jpg\",\"articleSection\":[\"Dicas de Portugal\"],\"inLanguage\":\"en-GB\",\"potentialAction\":[{\"@type\":\"CommentAction\",\"name\":\"Comment\",\"target\":[\"https:\\\/\\\/encontreportugal.pt\\\/ordenado-minimo-em-2023-sera-suficiente-para-sobreviver\\\/#respond\"]}]},{\"@type\":\"WebPage\",\"@id\":\"https:\\\/\\\/encontreportugal.pt\\\/ordenado-minimo-em-2023-sera-suficiente-para-sobreviver\\\/\",\"url\":\"https:\\\/\\\/encontreportugal.pt\\\/ordenado-minimo-em-2023-sera-suficiente-para-sobreviver\\\/\",\"name\":\"Ordenado m\u00ednimo em 2023: Ser\u00e1 suficiente para sobreviver? - Encontre Portugal\",\"isPartOf\":{\"@id\":\"https:\\\/\\\/encontreportugal.pt\\\/zh\\\/#website\"},\"primaryImageOfPage\":{\"@id\":\"https:\\\/\\\/encontreportugal.pt\\\/ordenado-minimo-em-2023-sera-suficiente-para-sobreviver\\\/#primaryimage\"},\"image\":{\"@id\":\"https:\\\/\\\/encontreportugal.pt\\\/ordenado-minimo-em-2023-sera-suficiente-para-sobreviver\\\/#primaryimage\"},\"thumbnailUrl\":\"https:\\\/\\\/encontreportugal.pt\\\/wp-content\\\/uploads\\\/2023\\\/12\\\/Ordenado-minimo-em-2023-scaled.jpg\",\"datePublished\":\"2023-12-01T22:51:19+00:00\",\"breadcrumb\":{\"@id\":\"https:\\\/\\\/encontreportugal.pt\\\/ordenado-minimo-em-2023-sera-suficiente-para-sobreviver\\\/#breadcrumb\"},\"inLanguage\":\"en-GB\",\"potentialAction\":[{\"@type\":\"ReadAction\",\"target\":[\"https:\\\/\\\/encontreportugal.pt\\\/ordenado-minimo-em-2023-sera-suficiente-para-sobreviver\\\/\"]}]},{\"@type\":\"ImageObject\",\"inLanguage\":\"en-GB\",\"@id\":\"https:\\\/\\\/encontreportugal.pt\\\/ordenado-minimo-em-2023-sera-suficiente-para-sobreviver\\\/#primaryimage\",\"url\":\"https:\\\/\\\/encontreportugal.pt\\\/wp-content\\\/uploads\\\/2023\\\/12\\\/Ordenado-minimo-em-2023-scaled.jpg\",\"contentUrl\":\"https:\\\/\\\/encontreportugal.pt\\\/wp-content\\\/uploads\\\/2023\\\/12\\\/Ordenado-minimo-em-2023-scaled.jpg\",\"width\":2560,\"height\":1440,\"caption\":\"Woman working with finances on the table. Laptop, smartphone, money, notepad, clock\"},{\"@type\":\"BreadcrumbList\",\"@id\":\"https:\\\/\\\/encontreportugal.pt\\\/ordenado-minimo-em-2023-sera-suficiente-para-sobreviver\\\/#breadcrumb\",\"itemListElement\":[{\"@type\":\"ListItem\",\"position\":1,\"name\":\"In\u00edcio\",\"item\":\"https:\\\/\\\/encontreportugal.pt\\\/zh\\\/\"},{\"@type\":\"ListItem\",\"position\":2,\"name\":\"Ordenado m\u00ednimo em 2023: Ser\u00e1 suficiente para sobreviver?\"}]},{\"@type\":\"WebSite\",\"@id\":\"https:\\\/\\\/encontreportugal.pt\\\/zh\\\/#website\",\"url\":\"https:\\\/\\\/encontreportugal.pt\\\/zh\\\/\",\"name\":\"Encontre Portugal\",\"description\":\"O maior Portal de dicas ao imigrante brasileiro em Portugal.\",\"publisher\":{\"@id\":\"https:\\\/\\\/encontreportugal.pt\\\/zh\\\/#organization\"},\"potentialAction\":[{\"@type\":\"SearchAction\",\"target\":{\"@type\":\"EntryPoint\",\"urlTemplate\":\"https:\\\/\\\/encontreportugal.pt\\\/zh\\\/?s={search_term_string}\"},\"query-input\":{\"@type\":\"PropertyValueSpecification\",\"valueRequired\":true,\"valueName\":\"search_term_string\"}}],\"inLanguage\":\"en-GB\"},{\"@type\":\"Organization\",\"@id\":\"https:\\\/\\\/encontreportugal.pt\\\/zh\\\/#organization\",\"name\":\"Encontre Portugal\",\"url\":\"https:\\\/\\\/encontreportugal.pt\\\/zh\\\/\",\"logo\":{\"@type\":\"ImageObject\",\"inLanguage\":\"en-GB\",\"@id\":\"https:\\\/\\\/encontreportugal.pt\\\/zh\\\/#\\\/schema\\\/logo\\\/image\\\/\",\"url\":\"https:\\\/\\\/encontreportugal.pt\\\/wp-content\\\/uploads\\\/2024\\\/04\\\/cropped-logo-encontre-portugal.png\",\"contentUrl\":\"https:\\\/\\\/encontreportugal.pt\\\/wp-content\\\/uploads\\\/2024\\\/04\\\/cropped-logo-encontre-portugal.png\",\"width\":500,\"height\":165,\"caption\":\"Encontre Portugal\"},\"image\":{\"@id\":\"https:\\\/\\\/encontreportugal.pt\\\/zh\\\/#\\\/schema\\\/logo\\\/image\\\/\"}},{\"@type\":\"Person\",\"@id\":\"https:\\\/\\\/encontreportugal.pt\\\/zh\\\/#\\\/schema\\\/person\\\/71ee126caa8e8746f4e1d07bb50ba747\",\"name\":\"Douglas Barbosa\",\"image\":{\"@type\":\"ImageObject\",\"inLanguage\":\"en-GB\",\"@id\":\"https:\\\/\\\/encontreportugal.pt\\\/wp-content\\\/uploads\\\/2024\\\/03\\\/douglasfdb_avatar-96x96.jpeg\",\"url\":\"https:\\\/\\\/encontreportugal.pt\\\/wp-content\\\/uploads\\\/2024\\\/03\\\/douglasfdb_avatar-96x96.jpeg\",\"contentUrl\":\"https:\\\/\\\/encontreportugal.pt\\\/wp-content\\\/uploads\\\/2024\\\/03\\\/douglasfdb_avatar-96x96.jpeg\",\"caption\":\"Douglas Barbosa\"},\"description\":\"Graduado em Tecnologia de Redes de Computadores e com P\u00f3s-Gradua\u00e7\u00e3o em Marketing Digital, Business Intelligence e Estrat\u00e9gia Data-Driven pela Pontif\u00edcia Universidade Cat\u00f3lica (PUC). Capacita\u00e7\u00e3o em Linguagem Corporal e Detec\u00e7\u00e3o de Microexpress\u00f5es Faciais. Participa\u00e7\u00e3o na forma\u00e7\u00e3o \\\"M\u00e1quina de Tr\u00e1fego e Convers\u00e3o - Aprenda a Vender Mais pelo Google Todos os Dias\\\". Certificado pelo Google em Rede de Pesquisa. Vasta experi\u00eancia em projetos de SEO, gest\u00e3o de tr\u00e1fego pago no Google Ads e Cria\u00e7\u00e3o de Websites.\",\"sameAs\":[\"https:\\\/\\\/encontreportugal.pt\"],\"url\":\"https:\\\/\\\/encontreportugal.pt\\\/en\\\/author\\\/douglasfdb\\\/\"}]}<\/script>\n<!-- \/ Yoast SEO plugin. -->","yoast_head_json":{"title":"Ordenado m\u00ednimo em 2023: Ser\u00e1 suficiente para sobreviver? - Encontre Portugal","robots":{"index":"index","follow":"follow","max-snippet":"max-snippet:-1","max-image-preview":"max-image-preview:large","max-video-preview":"max-video-preview:-1"},"canonical":"https:\/\/encontreportugal.pt\/en\/ordenado-minimo-em-2023-sera-suficiente-para-sobreviver\/","og_locale":"en_GB","og_type":"article","og_title":"Ordenado m\u00ednimo em 2023: Ser\u00e1 suficiente para sobreviver? - Encontre Portugal","og_url":"https:\/\/encontreportugal.pt\/en\/ordenado-minimo-em-2023-sera-suficiente-para-sobreviver\/","og_site_name":"Encontre Portugal","article_published_time":"2023-12-01T22:51:19+00:00","og_image":[{"width":2560,"height":1440,"url":"https:\/\/encontreportugal.pt\/wp-content\/uploads\/2023\/12\/Ordenado-minimo-em-2023-scaled.jpg","type":"image\/jpeg"}],"author":"Douglas Barbosa","twitter_card":"summary_large_image","twitter_misc":{"Written by":"Douglas Barbosa","Estimated reading time":"8 minutes"},"schema":{"@context":"https:\/\/schema.org","@graph":[{"@type":"Article","@id":"https:\/\/encontreportugal.pt\/ordenado-minimo-em-2023-sera-suficiente-para-sobreviver\/#article","isPartOf":{"@id":"https:\/\/encontreportugal.pt\/ordenado-minimo-em-2023-sera-suficiente-para-sobreviver\/"},"author":{"name":"Douglas Barbosa","@id":"https:\/\/encontreportugal.pt\/zh\/#\/schema\/person\/71ee126caa8e8746f4e1d07bb50ba747"},"headline":"Ordenado m\u00ednimo em 2023: Ser\u00e1 suficiente para sobreviver?","datePublished":"2023-12-01T22:51:19+00:00","mainEntityOfPage":{"@id":"https:\/\/encontreportugal.pt\/ordenado-minimo-em-2023-sera-suficiente-para-sobreviver\/"},"wordCount":1527,"commentCount":0,"publisher":{"@id":"https:\/\/encontreportugal.pt\/zh\/#organization"},"image":{"@id":"https:\/\/encontreportugal.pt\/ordenado-minimo-em-2023-sera-suficiente-para-sobreviver\/#primaryimage"},"thumbnailUrl":"https:\/\/encontreportugal.pt\/wp-content\/uploads\/2023\/12\/Ordenado-minimo-em-2023-scaled.jpg","articleSection":["Dicas de Portugal"],"inLanguage":"en-GB","potentialAction":[{"@type":"CommentAction","name":"Comment","target":["https:\/\/encontreportugal.pt\/ordenado-minimo-em-2023-sera-suficiente-para-sobreviver\/#respond"]}]},{"@type":"WebPage","@id":"https:\/\/encontreportugal.pt\/ordenado-minimo-em-2023-sera-suficiente-para-sobreviver\/","url":"https:\/\/encontreportugal.pt\/ordenado-minimo-em-2023-sera-suficiente-para-sobreviver\/","name":"Ordenado m\u00ednimo em 2023: Ser\u00e1 suficiente para sobreviver? - Encontre Portugal","isPartOf":{"@id":"https:\/\/encontreportugal.pt\/zh\/#website"},"primaryImageOfPage":{"@id":"https:\/\/encontreportugal.pt\/ordenado-minimo-em-2023-sera-suficiente-para-sobreviver\/#primaryimage"},"image":{"@id":"https:\/\/encontreportugal.pt\/ordenado-minimo-em-2023-sera-suficiente-para-sobreviver\/#primaryimage"},"thumbnailUrl":"https:\/\/encontreportugal.pt\/wp-content\/uploads\/2023\/12\/Ordenado-minimo-em-2023-scaled.jpg","datePublished":"2023-12-01T22:51:19+00:00","breadcrumb":{"@id":"https:\/\/encontreportugal.pt\/ordenado-minimo-em-2023-sera-suficiente-para-sobreviver\/#breadcrumb"},"inLanguage":"en-GB","potentialAction":[{"@type":"ReadAction","target":["https:\/\/encontreportugal.pt\/ordenado-minimo-em-2023-sera-suficiente-para-sobreviver\/"]}]},{"@type":"ImageObject","inLanguage":"en-GB","@id":"https:\/\/encontreportugal.pt\/ordenado-minimo-em-2023-sera-suficiente-para-sobreviver\/#primaryimage","url":"https:\/\/encontreportugal.pt\/wp-content\/uploads\/2023\/12\/Ordenado-minimo-em-2023-scaled.jpg","contentUrl":"https:\/\/encontreportugal.pt\/wp-content\/uploads\/2023\/12\/Ordenado-minimo-em-2023-scaled.jpg","width":2560,"height":1440,"caption":"Woman working with finances on the table. Laptop, smartphone, money, notepad, clock"},{"@type":"BreadcrumbList","@id":"https:\/\/encontreportugal.pt\/ordenado-minimo-em-2023-sera-suficiente-para-sobreviver\/#breadcrumb","itemListElement":[{"@type":"ListItem","position":1,"name":"In\u00edcio","item":"https:\/\/encontreportugal.pt\/zh\/"},{"@type":"ListItem","position":2,"name":"Ordenado m\u00ednimo em 2023: Ser\u00e1 suficiente para sobreviver?"}]},{"@type":"WebSite","@id":"https:\/\/encontreportugal.pt\/zh\/#website","url":"https:\/\/encontreportugal.pt\/zh\/","name":"Find Portugal","description":"O maior Portal de dicas ao imigrante brasileiro em Portugal.","publisher":{"@id":"https:\/\/encontreportugal.pt\/zh\/#organization"},"potentialAction":[{"@type":"SearchAction","target":{"@type":"EntryPoint","urlTemplate":"https:\/\/encontreportugal.pt\/zh\/?s={search_term_string}"},"query-input":{"@type":"PropertyValueSpecification","valueRequired":true,"valueName":"search_term_string"}}],"inLanguage":"en-GB"},{"@type":"Organization","@id":"https:\/\/encontreportugal.pt\/zh\/#organization","name":"Find Portugal","url":"https:\/\/encontreportugal.pt\/zh\/","logo":{"@type":"ImageObject","inLanguage":"en-GB","@id":"https:\/\/encontreportugal.pt\/zh\/#\/schema\/logo\/image\/","url":"https:\/\/encontreportugal.pt\/wp-content\/uploads\/2024\/04\/cropped-logo-encontre-portugal.png","contentUrl":"https:\/\/encontreportugal.pt\/wp-content\/uploads\/2024\/04\/cropped-logo-encontre-portugal.png","width":500,"height":165,"caption":"Encontre Portugal"},"image":{"@id":"https:\/\/encontreportugal.pt\/zh\/#\/schema\/logo\/image\/"}},{"@type":"Person","@id":"https:\/\/encontreportugal.pt\/zh\/#\/schema\/person\/71ee126caa8e8746f4e1d07bb50ba747","name":"Douglas Barbosa","image":{"@type":"ImageObject","inLanguage":"en-GB","@id":"https:\/\/encontreportugal.pt\/wp-content\/uploads\/2024\/03\/douglasfdb_avatar-96x96.jpeg","url":"https:\/\/encontreportugal.pt\/wp-content\/uploads\/2024\/03\/douglasfdb_avatar-96x96.jpeg","contentUrl":"https:\/\/encontreportugal.pt\/wp-content\/uploads\/2024\/03\/douglasfdb_avatar-96x96.jpeg","caption":"Douglas Barbosa"},"description":"He has a degree in Computer Network Technology and a postgraduate qualification in Digital Marketing, Business Intelligence and Data-Driven Strategy from the Pontifical Catholic University (PUC). Training in Body Language and Facial Microexpression Detection. Participation in the \"Traffic and Conversion Machine - Learn to Sell More Through Google Every Day\" training course. Certified by Google in Search Engine Optimisation. Extensive experience in SEO projects, paid traffic management on Google Ads and website creation.","sameAs":["https:\/\/encontreportugal.pt"],"url":"https:\/\/encontreportugal.pt\/en\/author\/douglasfdb\/"}]}},"_links":{"self":[{"href":"https:\/\/encontreportugal.pt\/en\/wp-json\/wp\/v2\/posts\/3860","targetHints":{"allow":["GET"]}}],"collection":[{"href":"https:\/\/encontreportugal.pt\/en\/wp-json\/wp\/v2\/posts"}],"about":[{"href":"https:\/\/encontreportugal.pt\/en\/wp-json\/wp\/v2\/types\/post"}],"author":[{"embeddable":true,"href":"https:\/\/encontreportugal.pt\/en\/wp-json\/wp\/v2\/users\/1"}],"replies":[{"embeddable":true,"href":"https:\/\/encontreportugal.pt\/en\/wp-json\/wp\/v2\/comments?post=3860"}],"version-history":[{"count":0,"href":"https:\/\/encontreportugal.pt\/en\/wp-json\/wp\/v2\/posts\/3860\/revisions"}],"wp:featuredmedia":[{"embeddable":true,"href":"https:\/\/encontreportugal.pt\/en\/wp-json\/wp\/v2\/media\/3861"}],"wp:attachment":[{"href":"https:\/\/encontreportugal.pt\/en\/wp-json\/wp\/v2\/media?parent=3860"}],"wp:term":[{"taxonomy":"category","embeddable":true,"href":"https:\/\/encontreportugal.pt\/en\/wp-json\/wp\/v2\/categories?post=3860"},{"taxonomy":"post_tag","embeddable":true,"href":"https:\/\/encontreportugal.pt\/en\/wp-json\/wp\/v2\/tags?post=3860"}],"curies":[{"name":"wp","href":"https:\/\/api.w.org\/{rel}","templated":true}]}}