{"id":10796,"date":"2024-10-20T21:49:14","date_gmt":"2024-10-20T21:49:14","guid":{"rendered":"https:\/\/encontreportugal.pt\/?p=10796"},"modified":"2024-10-20T21:49:14","modified_gmt":"2024-10-20T21:49:14","slug":"quem-disse-berenice-portugal","status":"publish","type":"post","link":"https:\/\/encontreportugal.pt\/es\/quem-disse-berenice-portugal\/","title":{"rendered":"Quem disse berenice Portugal"},"content":{"rendered":"<p>&nbsp;<\/p>\n<p>&nbsp;<\/p>\n<h1>Quem Disse Berenice Portugal: A Marca Que Revolucionou a Beleza<\/h1>\n<p>A ind\u00fastria da beleza tem vindo a evoluir constantemente, e uma das marcas que mais se destacou nos \u00faltimos anos em Portugal \u00e9 a <strong>Quem Disse Berenice<\/strong>. Mais do que um simples nome, trata-se de uma filosofia de vida e de uma abordagem inovadora \u00e0 beleza. Neste artigo, vamos explorar a hist\u00f3ria, os produtos, a filosofia e o impacto da marca no mercado portugu\u00eas.<\/p>\n<h2>A Hist\u00f3ria da Quem Disse Berenice<\/h2>\n<h3>As Ra\u00edzes da Marca<\/h3>\n<p>A <strong>Quem Disse Berenice<\/strong> foi fundada em 2012 no Brasil, por um grupo de empreendedores que desejavam criar uma marca que fosse mais do que apenas cosm\u00e9ticos. O objetivo era desenvolver um conceito que celebrasse a individualidade e a beleza de cada pessoa, independentemente do estilo ou da idade. A marca rapidamente conquistou o cora\u00e7\u00e3o de muitos, e em 2014, chegou a Portugal, trazendo consigo a sua abordagem inovadora.<\/p>\n<h3>O Nome e a Filosofia<\/h3>\n<p>O nome &#8220;Quem Disse Berenice&#8221; \u00e9 uma express\u00e3o que remete \u00e0 ideia de que a beleza n\u00e3o deve ter regras r\u00edgidas. A frase sugere que cada um pode definir a sua pr\u00f3pria beleza, sem se preocupar com padr\u00f5es impostos pela sociedade. Esta filosofia ressoa profundamente com o p\u00fablico, especialmente em um mundo onde a diversidade e a inclus\u00e3o s\u00e3o cada vez mais valorizadas.<\/p>\n<h2>A Diversidade dos Produtos<\/h2>\n<h3>Maquiagem para Todos os Gostos<\/h3>\n<p>A linha de produtos da <strong>Quem Disse Berenice<\/strong> \u00e9 vasta e diversificada, abrangendo uma gama de produtos de <strong>maquiagem<\/strong> que atende a todos os tipos de pele e estilos. Desde batons em cores vibrantes at\u00e9 bases com acabamento perfeito, a marca procura sempre inovar. Os principais produtos incluem:<\/p>\n<ul>\n<li><strong>Batons L\u00edquidos<\/strong>: Dispon\u00edveis em v\u00e1rias texturas e cores, s\u00e3o conhecidos pela sua durabilidade e conforto.<\/li>\n<li><strong>Sombras<\/strong>: Com uma paleta rica em tons, permitem criar looks desde os mais discretos at\u00e9 os mais ousados.<\/li>\n<li><strong>R\u00edmel<\/strong>: F\u00f3rmulas que prometem alongar e dar volume aos c\u00edlios, adaptando-se a diferentes prefer\u00eancias.<\/li>\n<\/ul>\n<h3>Cuidados com a Pele<\/h3>\n<p>Al\u00e9m da maquiagem, a <strong>Quem Disse Berenice<\/strong> tamb\u00e9m oferece uma linha de produtos de <strong>cuidados com a pele<\/strong>. Estes produtos s\u00e3o desenvolvidos para hidratar, proteger e revitalizar a pele, sempre respeitando as necessidades espec\u00edficas de cada tipo de pele. Alguns dos itens incluem:<\/p>\n<ul>\n<li><strong>Hidratantes<\/strong>: Com f\u00f3rmulas leves e nutritivas, s\u00e3o ideais para o uso di\u00e1rio.<\/li>\n<li><strong>Protetores Solares<\/strong>: Essenciais para a prote\u00e7\u00e3o da pele contra os danos do sol, com texturas agrad\u00e1veis que se adaptam a diferentes tipos de pele.<\/li>\n<\/ul>\n<h3>Perfumes e Fragr\u00e2ncias<\/h3>\n<p>A marca tamb\u00e9m lan\u00e7ou uma linha de <strong>perfumes<\/strong> que s\u00e3o verdadeiras declara\u00e7\u00f5es de estilo. Com aromas \u00fanicos e cativantes, cada fragr\u00e2ncia foi criada para evocar emo\u00e7\u00f5es e lembran\u00e7as, tornando-se uma extens\u00e3o da personalidade de quem a usa.<\/p>\n<h2>A Experi\u00eancia de Compra<\/h2>\n<h3>Lojas F\u00edsicas e Online<\/h3>\n<p>A <strong>Quem Disse Berenice<\/strong> disponibiliza uma experi\u00eancia de compra tanto em lojas f\u00edsicas como online. As lojas s\u00e3o projetadas para serem acolhedoras e inspiradoras, com uma atmosfera que convida os clientes a explorarem os produtos. O pessoal de vendas \u00e9 treinado para oferecer uma experi\u00eancia personalizada, ajudando os clientes a encontrar os produtos que melhor se adequam \u00e0s suas necessidades.<\/p>\n<p>A loja online \u00e9 igualmente intuitiva, oferecendo uma experi\u00eancia de compra fluida. Os clientes podem navegar facilmente por categorias, ler descri\u00e7\u00f5es detalhadas dos produtos e consultar opini\u00f5es de outros utilizadores.<\/p>\n<h3>Consultoria de Beleza<\/h3>\n<p>Um dos grandes diferenciais da <strong>Quem Disse Berenice<\/strong> \u00e9 a oferta de <strong>consultoria de beleza<\/strong>. Profissionais qualificados est\u00e3o dispon\u00edveis para ajudar os clientes a escolherem os produtos ideais, al\u00e9m de oferecer dicas e truques sobre como aplicar a maquiagem e cuidar da pele.<\/p>\n<h2>O Impacto da Marca em Portugal<\/h2>\n<h3>Promo\u00e7\u00e3o da Diversidade<\/h3>\n<p>A chegada da <strong>Quem Disse Berenice<\/strong> a Portugal trouxe uma nova perspectiva sobre a beleza. A marca tem sido uma defensora da <strong>diversidade<\/strong>, promovendo campanhas que celebram todos os tipos de beleza, independentemente de etnia, idade ou estilo. Esta abordagem fez com que muitas pessoas se sentissem representadas e valorizadas.<\/p>\n<h3>Sustentabilidade e Responsabilidade Social<\/h3>\n<p>Al\u00e9m da inclus\u00e3o, a <strong>Quem Disse Berenice<\/strong> tamb\u00e9m est\u00e1 comprometida com a <strong>sustentabilidade<\/strong>. A marca tem implementado pr\u00e1ticas eco-friendly em sua produ\u00e7\u00e3o e distribui\u00e7\u00e3o, buscando minimizar o impacto ambiental. A utiliza\u00e7\u00e3o de ingredientes naturais e embalagens recicl\u00e1veis s\u00e3o apenas alguns exemplos do seu compromisso com o planeta.<\/p>\n<h2>A Comunidade Quem Disse Berenice<\/h2>\n<h3>Engajamento nas Redes Sociais<\/h3>\n<p>A marca tem uma presen\u00e7a forte nas redes sociais, onde interage ativamente com os seus seguidores. Atrav\u00e9s de conte\u00fados criativos, tutoriais de maquiagem e dicas de beleza, a <strong>Quem Disse Berenice<\/strong> consegue criar uma comunidade engajada que partilha experi\u00eancias e inspira\u00e7\u00f5es.<\/p>\n<h3>Eventos e Workshops<\/h3>\n<p>Regularmente, a marca organiza <strong>eventos e workshops<\/strong> em v\u00e1rias cidades portuguesas. Estes encontros s\u00e3o oportunidades para os f\u00e3s da marca aprenderem mais sobre os produtos, experimentar novas t\u00e9cnicas de maquiagem e conhecer outros apaixonados pela beleza.<\/p>\n<h2>Cr\u00edticas e Desafios<\/h2>\n<h3>A Concorr\u00eancia no Mercado<\/h3>\n<p>Apesar do sucesso, a <strong>Quem Disse Berenice<\/strong> enfrenta desafios no competitivo mercado da beleza. Com o surgimento de novas marcas e produtos, a empresa precisa constantemente inovar e se adaptar \u00e0s tend\u00eancias para manter sua relev\u00e2ncia.<\/p>\n<h3>A Import\u00e2ncia do Feedback<\/h3>\n<p>A marca valoriza o feedback dos seus clientes e tem implementado melhorias baseadas nas opini\u00f5es recebidas. Este compromisso com a melhoria cont\u00ednua \u00e9 vital para manter a satisfa\u00e7\u00e3o do cliente e a lideran\u00e7a no mercado.<\/p>\n<h2>Conclusi\u00f3n<\/h2>\n<p>A <strong>Quem Disse Berenice<\/strong> n\u00e3o \u00e9 apenas uma marca de beleza; \u00e9 um movimento que celebra a <strong>individualidade<\/strong> e a <strong>diversidade<\/strong>. Com uma vasta gama de produtos, uma filosofia inclusiva e um compromisso com a sustentabilidade, a marca conquistou um lugar especial no cora\u00e7\u00e3o dos portugueses. Ao encorajar todos a expressarem a sua beleza de maneira aut\u00eantica, a <strong>Quem Disse Berenice<\/strong> est\u00e1, sem d\u00favida, a transformar a forma como vemos a beleza hoje.<\/p>\n<h3>Palavras-chave para SEO<\/h3>\n<ul>\n<li>Quem Disse Berenice<\/li>\n<li>Marca de beleza<\/li>\n<li>Maquiagem<\/li>\n<li>Cuidados com a pele<\/li>\n<li>Diversidade<\/li>\n<li>Sustentabilidade<\/li>\n<li>Consultoria de beleza<\/li>\n<li>Fragr\u00e2ncias<\/li>\n<\/ul>\n<p>Ao longo dos anos, a marca tem demonstrado que a beleza \u00e9 muito mais do que a apar\u00eancia; trata-se de aceita\u00e7\u00e3o, express\u00e3o pessoal e celebra\u00e7\u00e3o das diferen\u00e7as. Cada produto, cada campanha e cada intera\u00e7\u00e3o com os clientes \u00e9 uma oportunidade de refor\u00e7ar essa mensagem poderosa. A <strong>Quem Disse Berenice<\/strong> \u00e9, portanto, um exemplo brilhante de como uma marca pode influenciar positivamente a sociedade e o conceito de beleza.<\/p>","protected":false},"excerpt":{"rendered":"<p>&nbsp; &nbsp; Quem Disse Berenice Portugal: A Marca Que Revolucionou a Beleza A ind\u00fastria da beleza tem vindo a evoluir constantemente, e uma das marcas que mais se destacou nos \u00faltimos anos em Portugal \u00e9 a Quem Disse Berenice. Mais do que um simples nome, trata-se de uma filosofia de vida e de uma abordagem [&hellip;]<\/p>\n","protected":false},"author":1,"featured_media":10797,"comment_status":"open","ping_status":"open","sticky":false,"template":"","format":"standard","meta":{"footnotes":""},"categories":[689],"tags":[],"class_list":["post-10796","post","type-post","status-publish","format-standard","has-post-thumbnail","hentry","category-outros"],"acf":[],"yoast_head":"<!-- This site is optimized with the Yoast SEO plugin v27.5 - https:\/\/yoast.com\/product\/yoast-seo-wordpress\/ -->\n<title>Quem disse berenice Portugal - Encontre Portugal<\/title>\n<meta name=\"robots\" content=\"index, follow, max-snippet:-1, max-image-preview:large, max-video-preview:-1\" \/>\n<link rel=\"canonical\" href=\"https:\/\/encontreportugal.pt\/es\/quem-disse-berenice-portugal\/\" \/>\n<meta property=\"og:locale\" content=\"es_ES\" \/>\n<meta property=\"og:type\" content=\"article\" \/>\n<meta property=\"og:title\" content=\"Quem disse berenice Portugal - Encontre Portugal\" \/>\n<meta property=\"og:url\" content=\"https:\/\/encontreportugal.pt\/es\/quem-disse-berenice-portugal\/\" \/>\n<meta property=\"og:site_name\" content=\"Encontre Portugal\" \/>\n<meta property=\"article:published_time\" content=\"2024-10-20T21:49:14+00:00\" \/>\n<meta property=\"og:image\" content=\"https:\/\/encontreportugal.pt\/wp-content\/uploads\/2024\/10\/image_6715712cbbf88.jpg\" \/>\n\t<meta property=\"og:image:width\" content=\"940\" \/>\n\t<meta property=\"og:image:height\" content=\"627\" \/>\n\t<meta property=\"og:image:type\" content=\"image\/jpeg\" \/>\n<meta name=\"author\" content=\"Douglas Barbosa\" \/>\n<meta name=\"twitter:card\" content=\"summary_large_image\" \/>\n<meta name=\"twitter:label1\" content=\"Escrito por\" \/>\n\t<meta name=\"twitter:data1\" content=\"Douglas Barbosa\" \/>\n\t<meta name=\"twitter:label2\" content=\"Tiempo de lectura\" \/>\n\t<meta name=\"twitter:data2\" content=\"6 minutos\" \/>\n<script type=\"application\/ld+json\" class=\"yoast-schema-graph\">{\"@context\":\"https:\\\/\\\/schema.org\",\"@graph\":[{\"@type\":\"Article\",\"@id\":\"https:\\\/\\\/encontreportugal.pt\\\/quem-disse-berenice-portugal\\\/#article\",\"isPartOf\":{\"@id\":\"https:\\\/\\\/encontreportugal.pt\\\/quem-disse-berenice-portugal\\\/\"},\"author\":{\"name\":\"Douglas Barbosa\",\"@id\":\"https:\\\/\\\/encontreportugal.pt\\\/zh\\\/#\\\/schema\\\/person\\\/71ee126caa8e8746f4e1d07bb50ba747\"},\"headline\":\"Quem disse berenice Portugal\",\"datePublished\":\"2024-10-20T21:49:14+00:00\",\"mainEntityOfPage\":{\"@id\":\"https:\\\/\\\/encontreportugal.pt\\\/quem-disse-berenice-portugal\\\/\"},\"wordCount\":1119,\"commentCount\":0,\"publisher\":{\"@id\":\"https:\\\/\\\/encontreportugal.pt\\\/zh\\\/#organization\"},\"image\":{\"@id\":\"https:\\\/\\\/encontreportugal.pt\\\/quem-disse-berenice-portugal\\\/#primaryimage\"},\"thumbnailUrl\":\"https:\\\/\\\/encontreportugal.pt\\\/wp-content\\\/uploads\\\/2024\\\/10\\\/image_6715712cbbf88.jpg\",\"articleSection\":[\"Outros\"],\"inLanguage\":\"es\",\"potentialAction\":[{\"@type\":\"CommentAction\",\"name\":\"Comment\",\"target\":[\"https:\\\/\\\/encontreportugal.pt\\\/quem-disse-berenice-portugal\\\/#respond\"]}]},{\"@type\":\"WebPage\",\"@id\":\"https:\\\/\\\/encontreportugal.pt\\\/quem-disse-berenice-portugal\\\/\",\"url\":\"https:\\\/\\\/encontreportugal.pt\\\/quem-disse-berenice-portugal\\\/\",\"name\":\"Quem disse berenice Portugal - Encontre Portugal\",\"isPartOf\":{\"@id\":\"https:\\\/\\\/encontreportugal.pt\\\/zh\\\/#website\"},\"primaryImageOfPage\":{\"@id\":\"https:\\\/\\\/encontreportugal.pt\\\/quem-disse-berenice-portugal\\\/#primaryimage\"},\"image\":{\"@id\":\"https:\\\/\\\/encontreportugal.pt\\\/quem-disse-berenice-portugal\\\/#primaryimage\"},\"thumbnailUrl\":\"https:\\\/\\\/encontreportugal.pt\\\/wp-content\\\/uploads\\\/2024\\\/10\\\/image_6715712cbbf88.jpg\",\"datePublished\":\"2024-10-20T21:49:14+00:00\",\"breadcrumb\":{\"@id\":\"https:\\\/\\\/encontreportugal.pt\\\/quem-disse-berenice-portugal\\\/#breadcrumb\"},\"inLanguage\":\"es\",\"potentialAction\":[{\"@type\":\"ReadAction\",\"target\":[\"https:\\\/\\\/encontreportugal.pt\\\/quem-disse-berenice-portugal\\\/\"]}]},{\"@type\":\"ImageObject\",\"inLanguage\":\"es\",\"@id\":\"https:\\\/\\\/encontreportugal.pt\\\/quem-disse-berenice-portugal\\\/#primaryimage\",\"url\":\"https:\\\/\\\/encontreportugal.pt\\\/wp-content\\\/uploads\\\/2024\\\/10\\\/image_6715712cbbf88.jpg\",\"contentUrl\":\"https:\\\/\\\/encontreportugal.pt\\\/wp-content\\\/uploads\\\/2024\\\/10\\\/image_6715712cbbf88.jpg\",\"width\":940,\"height\":627},{\"@type\":\"BreadcrumbList\",\"@id\":\"https:\\\/\\\/encontreportugal.pt\\\/quem-disse-berenice-portugal\\\/#breadcrumb\",\"itemListElement\":[{\"@type\":\"ListItem\",\"position\":1,\"name\":\"In\u00edcio\",\"item\":\"https:\\\/\\\/encontreportugal.pt\\\/zh\\\/\"},{\"@type\":\"ListItem\",\"position\":2,\"name\":\"Quem disse berenice Portugal\"}]},{\"@type\":\"WebSite\",\"@id\":\"https:\\\/\\\/encontreportugal.pt\\\/zh\\\/#website\",\"url\":\"https:\\\/\\\/encontreportugal.pt\\\/zh\\\/\",\"name\":\"Encontre Portugal\",\"description\":\"O maior Portal de dicas ao imigrante brasileiro em Portugal.\",\"publisher\":{\"@id\":\"https:\\\/\\\/encontreportugal.pt\\\/zh\\\/#organization\"},\"potentialAction\":[{\"@type\":\"SearchAction\",\"target\":{\"@type\":\"EntryPoint\",\"urlTemplate\":\"https:\\\/\\\/encontreportugal.pt\\\/zh\\\/?s={search_term_string}\"},\"query-input\":{\"@type\":\"PropertyValueSpecification\",\"valueRequired\":true,\"valueName\":\"search_term_string\"}}],\"inLanguage\":\"es\"},{\"@type\":\"Organization\",\"@id\":\"https:\\\/\\\/encontreportugal.pt\\\/zh\\\/#organization\",\"name\":\"Encontre Portugal\",\"url\":\"https:\\\/\\\/encontreportugal.pt\\\/zh\\\/\",\"logo\":{\"@type\":\"ImageObject\",\"inLanguage\":\"es\",\"@id\":\"https:\\\/\\\/encontreportugal.pt\\\/zh\\\/#\\\/schema\\\/logo\\\/image\\\/\",\"url\":\"https:\\\/\\\/encontreportugal.pt\\\/wp-content\\\/uploads\\\/2024\\\/04\\\/cropped-logo-encontre-portugal.png\",\"contentUrl\":\"https:\\\/\\\/encontreportugal.pt\\\/wp-content\\\/uploads\\\/2024\\\/04\\\/cropped-logo-encontre-portugal.png\",\"width\":500,\"height\":165,\"caption\":\"Encontre Portugal\"},\"image\":{\"@id\":\"https:\\\/\\\/encontreportugal.pt\\\/zh\\\/#\\\/schema\\\/logo\\\/image\\\/\"}},{\"@type\":\"Person\",\"@id\":\"https:\\\/\\\/encontreportugal.pt\\\/zh\\\/#\\\/schema\\\/person\\\/71ee126caa8e8746f4e1d07bb50ba747\",\"name\":\"Douglas Barbosa\",\"image\":{\"@type\":\"ImageObject\",\"inLanguage\":\"es\",\"@id\":\"https:\\\/\\\/encontreportugal.pt\\\/wp-content\\\/uploads\\\/2024\\\/03\\\/douglasfdb_avatar-96x96.jpeg\",\"url\":\"https:\\\/\\\/encontreportugal.pt\\\/wp-content\\\/uploads\\\/2024\\\/03\\\/douglasfdb_avatar-96x96.jpeg\",\"contentUrl\":\"https:\\\/\\\/encontreportugal.pt\\\/wp-content\\\/uploads\\\/2024\\\/03\\\/douglasfdb_avatar-96x96.jpeg\",\"caption\":\"Douglas Barbosa\"},\"description\":\"Graduado em Tecnologia de Redes de Computadores e com P\u00f3s-Gradua\u00e7\u00e3o em Marketing Digital, Business Intelligence e Estrat\u00e9gia Data-Driven pela Pontif\u00edcia Universidade Cat\u00f3lica (PUC). Capacita\u00e7\u00e3o em Linguagem Corporal e Detec\u00e7\u00e3o de Microexpress\u00f5es Faciais. Participa\u00e7\u00e3o na forma\u00e7\u00e3o \\\"M\u00e1quina de Tr\u00e1fego e Convers\u00e3o - Aprenda a Vender Mais pelo Google Todos os Dias\\\". Certificado pelo Google em Rede de Pesquisa. Vasta experi\u00eancia em projetos de SEO, gest\u00e3o de tr\u00e1fego pago no Google Ads e Cria\u00e7\u00e3o de Websites.\",\"sameAs\":[\"https:\\\/\\\/encontreportugal.pt\"],\"url\":\"https:\\\/\\\/encontreportugal.pt\\\/es\\\/author\\\/douglasfdb\\\/\"}]}<\/script>\n<!-- \/ Yoast SEO plugin. -->","yoast_head_json":{"title":"Quem disse berenice Portugal - Encontre Portugal","robots":{"index":"index","follow":"follow","max-snippet":"max-snippet:-1","max-image-preview":"max-image-preview:large","max-video-preview":"max-video-preview:-1"},"canonical":"https:\/\/encontreportugal.pt\/es\/quem-disse-berenice-portugal\/","og_locale":"es_ES","og_type":"article","og_title":"Quem disse berenice Portugal - Encontre Portugal","og_url":"https:\/\/encontreportugal.pt\/es\/quem-disse-berenice-portugal\/","og_site_name":"Encontre Portugal","article_published_time":"2024-10-20T21:49:14+00:00","og_image":[{"width":940,"height":627,"url":"https:\/\/encontreportugal.pt\/wp-content\/uploads\/2024\/10\/image_6715712cbbf88.jpg","type":"image\/jpeg"}],"author":"Douglas Barbosa","twitter_card":"summary_large_image","twitter_misc":{"Escrito por":"Douglas Barbosa","Tiempo de lectura":"6 minutos"},"schema":{"@context":"https:\/\/schema.org","@graph":[{"@type":"Article","@id":"https:\/\/encontreportugal.pt\/quem-disse-berenice-portugal\/#article","isPartOf":{"@id":"https:\/\/encontreportugal.pt\/quem-disse-berenice-portugal\/"},"author":{"name":"Douglas Barbosa","@id":"https:\/\/encontreportugal.pt\/zh\/#\/schema\/person\/71ee126caa8e8746f4e1d07bb50ba747"},"headline":"Quem disse berenice Portugal","datePublished":"2024-10-20T21:49:14+00:00","mainEntityOfPage":{"@id":"https:\/\/encontreportugal.pt\/quem-disse-berenice-portugal\/"},"wordCount":1119,"commentCount":0,"publisher":{"@id":"https:\/\/encontreportugal.pt\/zh\/#organization"},"image":{"@id":"https:\/\/encontreportugal.pt\/quem-disse-berenice-portugal\/#primaryimage"},"thumbnailUrl":"https:\/\/encontreportugal.pt\/wp-content\/uploads\/2024\/10\/image_6715712cbbf88.jpg","articleSection":["Outros"],"inLanguage":"es","potentialAction":[{"@type":"CommentAction","name":"Comment","target":["https:\/\/encontreportugal.pt\/quem-disse-berenice-portugal\/#respond"]}]},{"@type":"WebPage","@id":"https:\/\/encontreportugal.pt\/quem-disse-berenice-portugal\/","url":"https:\/\/encontreportugal.pt\/quem-disse-berenice-portugal\/","name":"Quem disse berenice Portugal - Encontre Portugal","isPartOf":{"@id":"https:\/\/encontreportugal.pt\/zh\/#website"},"primaryImageOfPage":{"@id":"https:\/\/encontreportugal.pt\/quem-disse-berenice-portugal\/#primaryimage"},"image":{"@id":"https:\/\/encontreportugal.pt\/quem-disse-berenice-portugal\/#primaryimage"},"thumbnailUrl":"https:\/\/encontreportugal.pt\/wp-content\/uploads\/2024\/10\/image_6715712cbbf88.jpg","datePublished":"2024-10-20T21:49:14+00:00","breadcrumb":{"@id":"https:\/\/encontreportugal.pt\/quem-disse-berenice-portugal\/#breadcrumb"},"inLanguage":"es","potentialAction":[{"@type":"ReadAction","target":["https:\/\/encontreportugal.pt\/quem-disse-berenice-portugal\/"]}]},{"@type":"ImageObject","inLanguage":"es","@id":"https:\/\/encontreportugal.pt\/quem-disse-berenice-portugal\/#primaryimage","url":"https:\/\/encontreportugal.pt\/wp-content\/uploads\/2024\/10\/image_6715712cbbf88.jpg","contentUrl":"https:\/\/encontreportugal.pt\/wp-content\/uploads\/2024\/10\/image_6715712cbbf88.jpg","width":940,"height":627},{"@type":"BreadcrumbList","@id":"https:\/\/encontreportugal.pt\/quem-disse-berenice-portugal\/#breadcrumb","itemListElement":[{"@type":"ListItem","position":1,"name":"In\u00edcio","item":"https:\/\/encontreportugal.pt\/zh\/"},{"@type":"ListItem","position":2,"name":"Quem disse berenice Portugal"}]},{"@type":"WebSite","@id":"https:\/\/encontreportugal.pt\/zh\/#website","url":"https:\/\/encontreportugal.pt\/zh\/","name":"Buscar Portugal","description":"O maior Portal de dicas ao imigrante brasileiro em Portugal.","publisher":{"@id":"https:\/\/encontreportugal.pt\/zh\/#organization"},"potentialAction":[{"@type":"SearchAction","target":{"@type":"EntryPoint","urlTemplate":"https:\/\/encontreportugal.pt\/zh\/?s={search_term_string}"},"query-input":{"@type":"PropertyValueSpecification","valueRequired":true,"valueName":"search_term_string"}}],"inLanguage":"es"},{"@type":"Organization","@id":"https:\/\/encontreportugal.pt\/zh\/#organization","name":"Buscar Portugal","url":"https:\/\/encontreportugal.pt\/zh\/","logo":{"@type":"ImageObject","inLanguage":"es","@id":"https:\/\/encontreportugal.pt\/zh\/#\/schema\/logo\/image\/","url":"https:\/\/encontreportugal.pt\/wp-content\/uploads\/2024\/04\/cropped-logo-encontre-portugal.png","contentUrl":"https:\/\/encontreportugal.pt\/wp-content\/uploads\/2024\/04\/cropped-logo-encontre-portugal.png","width":500,"height":165,"caption":"Encontre Portugal"},"image":{"@id":"https:\/\/encontreportugal.pt\/zh\/#\/schema\/logo\/image\/"}},{"@type":"Person","@id":"https:\/\/encontreportugal.pt\/zh\/#\/schema\/person\/71ee126caa8e8746f4e1d07bb50ba747","name":"Douglas Barbosa","image":{"@type":"ImageObject","inLanguage":"es","@id":"https:\/\/encontreportugal.pt\/wp-content\/uploads\/2024\/03\/douglasfdb_avatar-96x96.jpeg","url":"https:\/\/encontreportugal.pt\/wp-content\/uploads\/2024\/03\/douglasfdb_avatar-96x96.jpeg","contentUrl":"https:\/\/encontreportugal.pt\/wp-content\/uploads\/2024\/03\/douglasfdb_avatar-96x96.jpeg","caption":"Douglas Barbosa"},"description":"Licenciado en Tecnolog\u00eda de Redes Inform\u00e1ticas y postgrado en Marketing Digital, Business Intelligence y Data-Driven Strategy por la Pontificia Universidad Cat\u00f3lica (PUC). Formaci\u00f3n en Lenguaje Corporal y Detecci\u00f3n de Microexpresiones Faciales. Participaci\u00f3n en el curso de formaci\u00f3n \"Traffic and Conversion Machine - Learn to Sell More Through Google Every Day\". Certificado por Google en Optimizaci\u00f3n para Motores de B\u00fasqueda. Amplia experiencia en proyectos SEO, gesti\u00f3n de tr\u00e1fico de pago en Google Ads y creaci\u00f3n de p\u00e1ginas web.","sameAs":["https:\/\/encontreportugal.pt"],"url":"https:\/\/encontreportugal.pt\/es\/author\/douglasfdb\/"}]}},"_links":{"self":[{"href":"https:\/\/encontreportugal.pt\/es\/wp-json\/wp\/v2\/posts\/10796","targetHints":{"allow":["GET"]}}],"collection":[{"href":"https:\/\/encontreportugal.pt\/es\/wp-json\/wp\/v2\/posts"}],"about":[{"href":"https:\/\/encontreportugal.pt\/es\/wp-json\/wp\/v2\/types\/post"}],"author":[{"embeddable":true,"href":"https:\/\/encontreportugal.pt\/es\/wp-json\/wp\/v2\/users\/1"}],"replies":[{"embeddable":true,"href":"https:\/\/encontreportugal.pt\/es\/wp-json\/wp\/v2\/comments?post=10796"}],"version-history":[{"count":0,"href":"https:\/\/encontreportugal.pt\/es\/wp-json\/wp\/v2\/posts\/10796\/revisions"}],"wp:featuredmedia":[{"embeddable":true,"href":"https:\/\/encontreportugal.pt\/es\/wp-json\/wp\/v2\/media\/10797"}],"wp:attachment":[{"href":"https:\/\/encontreportugal.pt\/es\/wp-json\/wp\/v2\/media?parent=10796"}],"wp:term":[{"taxonomy":"category","embeddable":true,"href":"https:\/\/encontreportugal.pt\/es\/wp-json\/wp\/v2\/categories?post=10796"},{"taxonomy":"post_tag","embeddable":true,"href":"https:\/\/encontreportugal.pt\/es\/wp-json\/wp\/v2\/tags?post=10796"}],"curies":[{"name":"wp","href":"https:\/\/api.w.org\/{rel}","templated":true}]}}