{"id":19577,"date":"2025-08-29T23:12:51","date_gmt":"2025-08-29T23:12:51","guid":{"rendered":"https:\/\/encontreportugal.pt\/?p=19577"},"modified":"2025-08-29T23:12:51","modified_gmt":"2025-08-29T23:12:51","slug":"como-ir-a-belem-desde-lisboa-opcoes-de-transporte","status":"publish","type":"post","link":"https:\/\/encontreportugal.pt\/es\/como-ir-a-belem-desde-lisboa-opcoes-de-transporte\/","title":{"rendered":"Como ir a Bel\u00e9m desde Lisboa: op\u00e7\u00f5es de transporte"},"content":{"rendered":"<div class=\"border-subtlest ring-subtlest divide-subtlest bg-transparent\">\n<div class=\"gap-y-sm md:gap-y-md flex flex-col\">\n<div class=\"relative font-sans text-base text-foreground selection:bg-super\/50 selection:text-foreground dark:selection:bg-super\/10 dark:selection:text-super\">\n<div class=\"min-w-0 break-words [word-break:break-word]\">\n<div id=\"markdown-content-4\" class=\"gap-y-md after:clear-both after:block after:content-['']\" dir=\"auto\">\n<div class=\"relative\">\n<div class=\"prose text-pretty dark:prose-invert inline leading-relaxed break-words min-w-0 [word-break:break-word] prose-strong:font-medium\">\n<p class=\"my-2 [&amp;+p]:mt-4 [&amp;_strong:has(+br)]:inline-block [&amp;_strong:has(+br)]:pb-2\"><strong><span dir=\"auto\">Como ir a Bel\u00e9m desde Lisboa<\/span><\/strong><span dir=\"auto\">\u00a0: Existem v\u00e1rias op\u00e7\u00f5es de transporte para chegar ao bairro hist\u00f3rico e tur\u00edstico de Bel\u00e9m, saindo do centro de Lisboa. Seja de trem, \u00f4nibus, bonde, t\u00e1xi ou at\u00e9 caminhada, o trajeto \u00e9 simples, barato e eficiente, adequando-se a todos os tipos de viajantes.<\/span><\/p>\n<h2 id=\"\" class=\"mb-2 mt-4 font-display font-semimedium text-base first:mt-0 md:text-lg [hr+&amp;]:mt-4\"><strong><span dir=\"auto\">Como ir a Bel\u00e9m desde Lisboa: op\u00e7\u00f5es de transporte<\/span><\/strong><\/h2>\n<h2 class=\"mb-2 mt-4 font-display font-semimedium text-base first:mt-0\"><strong><span dir=\"auto\">Como ir a Bel\u00e9m desde Lisboa de trem (comboio)<\/span><\/strong><\/h2>\n<p class=\"my-2 [&amp;+p]:mt-4 [&amp;_strong:has(+br)]:inline-block [&amp;_strong:has(+br)]:pb-2\"><strong><span dir=\"auto\">Como ir para Bel\u00e9m desde Lisboa<\/span><\/strong><span dir=\"auto\">\u00a0pela op\u00e7\u00e3o mais r\u00e1pida? O trem da Linha de Cascais sai da Esta\u00e7\u00e3o do Cais do Sodr\u00e9 e chega \u00e0 esta\u00e7\u00e3o Bel\u00e9m em cerca de 7 minutos. A frequ\u00eancia \u00e9 a cada 20-30 minutos, e o bilhete custa aproximadamente entre 1\u20ac e 2\u20ac, sendo uma alternativa confort\u00e1vel e econ\u00f3mica.<\/span><\/p>\n<h2 class=\"mb-2 mt-4 font-display font-semimedium text-base first:mt-0\"><span dir=\"auto\">Dicas para o trem<\/span><\/h2>\n<p class=\"my-2 [&amp;+p]:mt-4 [&amp;_strong:has(+br)]:inline-block [&amp;_strong:has(+br)]:pb-2\"><span dir=\"auto\">Ao sair da esta\u00e7\u00e3o Bel\u00e9m, recomenda-se subir as escadas e descer para o lado direito para encontrar a sa\u00edda pr\u00f3xima ao Museu dos Coches, facilitando o in\u00edcio do passeio tur\u00edstico.<\/span><\/p>\n<h2 class=\"mb-2 mt-4 font-display font-semimedium text-base first:mt-0\"><strong><span dir=\"auto\">Como ir para Bel\u00e9m desde Lisboa de \u00f4nibus (autocarro)<\/span><\/strong><\/h2>\n<p class=\"my-2 [&amp;+p]:mt-4 [&amp;_strong:has(+br)]:inline-block [&amp;_strong:has(+br)]:pb-2\"><strong><span dir=\"auto\">Como ir para Bel\u00e9m desde Lisboa<\/span><\/strong><span dir=\"auto\">\u00a0via autocarro, pode-se utilizar a linha 728 da Carris, que parte da Pra\u00e7a do Com\u00e9rcio e chega \u00e0 Esta\u00e7\u00e3o Fluvial de Bel\u00e9m em cerca de 18 a 23 minutos. O pre\u00e7o do bilhete \u00e9 cerca de 3\u20ac, com partidas a cada 10-20 minutos durante o dia.<\/span><\/p>\n<h2 class=\"mb-2 mt-4 font-display font-semimedium text-base first:mt-0\"><strong><span dir=\"auto\">Como ir para Bel\u00e9m desde Lisboa de bonde (el\u00e9trico)<\/span><\/strong><\/h2>\n<p class=\"my-2 [&amp;+p]:mt-4 [&amp;_strong:has(+br)]:inline-block [&amp;_strong:has(+br)]:pb-2\"><strong><span dir=\"auto\">Como ir a Bel\u00e9m desde Lisboa<\/span><\/strong><span dir=\"auto\">\u00a0de forma encantadora? O bonde 15E parte do centro da cidade (Pra\u00e7a da Figueira) e passa por pontos tur\u00edsticos importantes no trajeto at\u00e9 Bel\u00e9m. O passeio dura cerca de 30 minutos e custa aproximadamente 2,90\u20ac.<\/span><\/p>\n<h2 class=\"mb-2 mt-4 font-display font-semimedium text-base first:mt-0\"><strong><span dir=\"auto\">Como ir para Bel\u00e9m desde Lisboa de carro, t\u00e1xi ou app de transporte<\/span><\/strong><\/h2>\n<p class=\"my-2 [&amp;+p]:mt-4 [&amp;_strong:has(+br)]:inline-block [&amp;_strong:has(+br)]:pb-2\"><strong><span dir=\"auto\">Como ir a Bel\u00e9m desde Lisboa<\/span><\/strong><span dir=\"auto\">\u00a0se prefere conforto e rapidez? O trajeto de carro ou t\u00e1xi at\u00e9 Bel\u00e9m dura cerca de 8 a 15 minutos, dependendo do tr\u00e2nsito, cobrando entre 10\u20ac e 16\u20ac. O servi\u00e7o por apps como Uber e Bolt \u00e9 pr\u00e1tico, com pre\u00e7o m\u00e9dio de 6\u20ac, ideal para at\u00e9 4 pessoas.<\/span><\/p>\n<h2 class=\"mb-2 mt-4 font-display font-semimedium text-base first:mt-0\"><strong><span dir=\"auto\">Como ir para Bel\u00e9m de Lisboa para p\u00e9<\/span><\/strong><\/h2>\n<p class=\"my-2 [&amp;+p]:mt-4 [&amp;_strong:has(+br)]:inline-block [&amp;_strong:has(+br)]:pb-2\"><strong><span dir=\"auto\">Como ir a Bel\u00e9m desde Lisboa<\/span><\/strong><span dir=\"auto\">\u00a0a p\u00e9 \u00e9 uma op\u00e7\u00e3o para quem gosta de caminhar e quer desfrutar da paisagem na margem do Rio Tejo. S\u00e3o aproximadamente 6 a 7 km de dist\u00e2ncia, com um trajeto que pode levar cerca de 1h20 minutos a 1h30, passando por bairros hist\u00f3ricos e com vista panor\u00e2mica.<\/span><\/p>\n<h2 id=\"\" class=\"mb-2 mt-4 font-display font-semimedium text-base first:mt-0 md:text-lg [hr+&amp;]:mt-4\"><strong><span dir=\"auto\">Tabela comparativa das op\u00e7\u00f5es para ir de Lisboa a Bel\u00e9m<\/span><\/strong><\/h2>\n<div class=\"group relative\">\n<div class=\"w-full overflow-x-auto md:max-w-[90vw] border-subtlest ring-subtlest divide-subtlest bg-transparent\">\n<table class=\"border-subtler my-[1em] w-full table-auto border-separate border-spacing-0 border-l border-t\">\n<thead class=\"bg-offset\">\n<tr>\n<th class=\"border-subtler p-sm break-normal border-b border-r text-left align-top\"><span dir=\"auto\">Meio de Transporte<\/span><\/th>\n<th class=\"border-subtler p-sm break-normal border-b border-r text-left align-top\"><span dir=\"auto\">Tempo Aproximado<\/span><\/th>\n<th class=\"border-subtler p-sm break-normal border-b border-r text-left align-top\"><span dir=\"auto\">Custo Estimado (\u20ac)<\/span><\/th>\n<th class=\"border-subtler p-sm break-normal border-b border-r text-left align-top\"><span dir=\"auto\">Frequ\u00eancia<\/span><\/th>\n<th class=\"border-subtler p-sm break-normal border-b border-r text-left align-top\"><span dir=\"auto\">Coment\u00e1rios<\/span><\/th>\n<\/tr>\n<\/thead>\n<tbody>\n<tr>\n<td class=\"px-sm border-subtler min-w-[48px] break-normal border-b border-r\"><span dir=\"auto\">Trem (Cais do Sodr\u00e9 &#8211; Bel\u00e9m)<\/span><\/td>\n<td class=\"px-sm border-subtler min-w-[48px] break-normal border-b border-r\"><span dir=\"auto\">7 minutos<\/span><\/td>\n<td class=\"px-sm border-subtler min-w-[48px] break-normal border-b border-r\"><span dir=\"auto\">1-2<\/span><\/td>\n<td class=\"px-sm border-subtler min-w-[48px] break-normal border-b border-r\"><span dir=\"auto\">A cada 20-30 minutos<\/span><\/td>\n<td class=\"px-sm border-subtler min-w-[48px] break-normal border-b border-r\"><span dir=\"auto\">R\u00e1pido e econ\u00f4mico; recomendado para turistas<\/span><\/td>\n<\/tr>\n<tr>\n<td class=\"px-sm border-subtler min-w-[48px] break-normal border-b border-r\"><span dir=\"auto\">\u00d4nibus (Linha 728)<\/span><\/td>\n<td class=\"px-sm border-subtler min-w-[48px] break-normal border-b border-r\"><span dir=\"auto\">18-23 minutos<\/span><\/td>\n<td class=\"px-sm border-subtler min-w-[48px] break-normal border-b border-r\"><span dir=\"auto\">3<\/span><\/td>\n<td class=\"px-sm border-subtler min-w-[48px] break-normal border-b border-r\"><span dir=\"auto\">A cada 10-20 minutos<\/span><\/td>\n<td class=\"px-sm border-subtler min-w-[48px] break-normal border-b border-r\"><span dir=\"auto\">Econ\u00f4mico, acesso a v\u00e1rios pontos de Lisboa<\/span><\/td>\n<\/tr>\n<tr>\n<td class=\"px-sm border-subtler min-w-[48px] break-normal border-b border-r\"><span dir=\"auto\">Bonde (15E)<\/span><\/td>\n<td class=\"px-sm border-subtler min-w-[48px] break-normal border-b border-r\"><span dir=\"auto\">30 minutos<\/span><\/td>\n<td class=\"px-sm border-subtler min-w-[48px] break-normal border-b border-r\"><span dir=\"auto\">2,90<\/span><\/td>\n<td class=\"px-sm border-subtler min-w-[48px] break-normal border-b border-r\"><span dir=\"auto\">Frequente<\/span><\/td>\n<td class=\"px-sm border-subtler min-w-[48px] break-normal border-b border-r\"><span dir=\"auto\">Folcl\u00f3rico e tur\u00edstico, ideal para passeio<\/span><\/td>\n<\/tr>\n<tr>\n<td class=\"px-sm border-subtler min-w-[48px] break-normal border-b border-r\"><span dir=\"auto\">T\u00e1xi\/Uber\/Bolt<\/span><\/td>\n<td class=\"px-sm border-subtler min-w-[48px] break-normal border-b border-r\"><span dir=\"auto\">8-15 minutos<\/span><\/td>\n<td class=\"px-sm border-subtler min-w-[48px] break-normal border-b border-r\"><span dir=\"auto\">6-16<\/span><\/td>\n<td class=\"px-sm border-subtler min-w-[48px] break-normal border-b border-r\"><span dir=\"auto\">Sob demanda<\/span><\/td>\n<td class=\"px-sm border-subtler min-w-[48px] break-normal border-b border-r\"><span dir=\"auto\">Mais confort\u00e1vel e pr\u00e1tico, bom para grupos<\/span><\/td>\n<\/tr>\n<tr>\n<td class=\"px-sm border-subtler min-w-[48px] break-normal border-b border-r\"><span dir=\"auto\">Um p\u00e9<\/span><\/td>\n<td class=\"px-sm border-subtler min-w-[48px] break-normal border-b border-r\"><span dir=\"auto\">1h20-1h30<\/span><\/td>\n<td class=\"px-sm border-subtler min-w-[48px] break-normal border-b border-r\"><span dir=\"auto\">Gratuito<\/span><\/td>\n<td class=\"px-sm border-subtler min-w-[48px] break-normal border-b border-r\"><span dir=\"auto\">N \/ D<\/span><\/td>\n<td class=\"px-sm border-subtler min-w-[48px] break-normal border-b border-r\"><span dir=\"auto\">Para quem quer experi\u00eancia e exerc\u00edcio<\/span><\/td>\n<\/tr>\n<\/tbody>\n<\/table>\n<\/div>\n<div class=\"px-two bg-base border-subtler shadow-subtle pointer-coarse:opacity-100 right-xs absolute bottom-0 flex gap-2 rounded-lg border py-px opacity-0 transition-opacity group-hover:opacity-100\">\n<div><\/div>\n<\/div>\n<\/div>\n<h2 id=\"\" class=\"mb-2 mt-4 font-display font-semimedium text-base first:mt-0 md:text-lg [hr+&amp;]:mt-4\"><strong><span dir=\"auto\">FAQs \u2013 Como ir a Bel\u00e9m desde Lisboa<\/span><\/strong><\/h2>\n<h2 class=\"mb-2 mt-4 font-display font-semimedium text-base first:mt-0\"><strong><span dir=\"auto\">Qual \u00e9 a forma mais r\u00e1pida de ir para Bel\u00e9m desde Lisboa?<\/span><\/strong><\/h2>\n<p class=\"my-2 [&amp;+p]:mt-4 [&amp;_strong:has(+br)]:inline-block [&amp;_strong:has(+br)]:pb-2\"><strong><span dir=\"auto\">Como ir a Bel\u00e9m desde Lisboa<\/span><\/strong><span dir=\"auto\">\u00a0mais r\u00e1pido \u00e9 pegar o trem da Linha de Cascais na esta\u00e7\u00e3o Cais do Sodr\u00e9, que leva cerca de 7 minutos at\u00e9 Bel\u00e9m.<\/span><\/p>\n<h2 class=\"mb-2 mt-4 font-display font-semimedium text-base first:mt-0\"><strong><span dir=\"auto\">Quanto custa o transporte p\u00fablico para Bel\u00e9m?<\/span><\/strong><\/h2>\n<p class=\"my-2 [&amp;+p]:mt-4 [&amp;_strong:has(+br)]:inline-block [&amp;_strong:has(+br)]:pb-2\"><strong><span dir=\"auto\">Como ir para Bel\u00e9m desde Lisboa<\/span><\/strong><span dir=\"auto\">\u00a0de transporte p\u00fablico custa entre 1\u20ac e 3\u20ac, dependendo se optar por trem, \u00f4nibus ou bonde.<\/span><\/p>\n<h2 class=\"mb-2 mt-4 font-display font-semimedium text-base first:mt-0\"><strong><span dir=\"auto\">Existe transporte direto de metr\u00f4 para Bel\u00e9m?<\/span><\/strong><\/h2>\n<p class=\"my-2 [&amp;+p]:mt-4 [&amp;_strong:has(+br)]:inline-block [&amp;_strong:has(+br)]:pb-2\"><strong><span dir=\"auto\">Como ir para Bel\u00e9m desde Lisboa<\/span><\/strong><span dir=\"auto\">\u00a0n\u00e3o h\u00e1 servi\u00e7o direto de metr\u00f4 at\u00e9 Bel\u00e9m. \u00c9 necess\u00e1rio combinar metr\u00f4 com trem ou \u00f4nibus.<\/span><\/p>\n<h2 class=\"mb-2 mt-4 font-display font-semimedium text-base first:mt-0\"><strong><span dir=\"auto\">Posso usar o Lisboa Card para ir para Bel\u00e9m?<\/span><\/strong><\/h2>\n<p class=\"my-2 [&amp;+p]:mt-4 [&amp;_strong:has(+br)]:inline-block [&amp;_strong:has(+br)]:pb-2\"><span dir=\"auto\">Sim, o Lisboa Card cobra acesso gratuito ou com desconto para trem, \u00f4nibus e bonde que levam a Bel\u00e9m, al\u00e9m das diversas atra\u00e7\u00f5es no bairro.<\/span><\/p>\n<h2 class=\"mb-2 mt-4 font-display font-semimedium text-base first:mt-0\"><strong><span dir=\"auto\">\u00c9 seguro caminhar de Lisboa a Bel\u00e9m?<\/span><\/strong><\/h2>\n<p class=\"my-2 [&amp;+p]:mt-4 [&amp;_strong:has(+br)]:inline-block [&amp;_strong:has(+br)]:pb-2\"><strong><span dir=\"auto\">Como ir a Bel\u00e9m desde Lisboa<\/span><\/strong><span dir=\"auto\">\u00a0a p\u00e9 \u00e9 seguro, principalmente durante o dia, e o trajeto proporciona vistas lindas e contato com bairros hist\u00f3ricos.<\/span><\/p>\n<h2 class=\"mb-2 mt-4 font-display font-semimedium text-base first:mt-0\"><strong><span dir=\"auto\">Conclus\u00e3o<\/span><\/strong><\/h2>\n<p class=\"my-2 [&amp;+p]:mt-4 [&amp;_strong:has(+br)]:inline-block [&amp;_strong:has(+br)]:pb-2\"><strong><span dir=\"auto\">Como ir a Bel\u00e9m desde Lisboa<\/span><\/strong><span dir=\"auto\">\u00a0\u00e9 f\u00e1cil e flex\u00edvel, com op\u00e7\u00f5es que se adaptam a diferentes prefer\u00eancias e or\u00e7amentos. O trem r\u00e1pido do Cais do Sodr\u00e9 para Bel\u00e9m \u00e9 a escolha mais popular pela rapidez e conforto, enquanto \u00f4nibus e bonde oferecem alternativas econ\u00f4micas e pitorescas. Para quem gosta de caminhar, o percurso a p\u00e9 \u00e9 uma experi\u00eancia \u00fanica que liga hist\u00f3rico, natureza e cultura pela margem do Tejo.<\/span><\/p>\n<\/div>\n<\/div>\n<\/div>\n<\/div>\n<\/div>\n<div class=\"flex items-center justify-between\">\n<div class=\"-ml-sm gap-xs flex items-center\">\n<div><\/div>\n<div><\/div>\n<\/div>\n<div class=\"gap-x-xs flex items-center\">\n<div class=\"gap-xs flex items-center border-subtlest ring-subtlest divide-subtlest bg-transparent\"><\/div>\n<div><\/div>\n<\/div>\n<\/div>\n<\/div>\n<\/div>\n<div class=\"\">\n<div class=\"animate-in fade-in duration-100 ease-out border-subtlest ring-subtlest divide-subtlest bg-transparent\">\n<div class=\"border-subtlest ring-subtlest divide-subtlest bg-transparent\">\n<div class=\"flex items-center justify-between border-subtlest ring-subtlest divide-subtlest bg-base\">\n<div class=\"flex w-full items-center justify-between mb-sm\">\n<div class=\"\">\n<div class=\"space-x-sm flex items-center\">\n<div class=\"font-display text-lg font-medium text-foreground selection:bg-super\/50 selection:text-foreground dark:selection:bg-super\/10 dark:selection:text-super\">\n<div class=\"w-[24px]\"><\/div>\n<\/div>\n<\/div>\n<\/div>\n<\/div>\n<\/div>\n<\/div>\n<\/div>\n<\/div>\n","protected":false},"excerpt":{"rendered":"<p>Como ir a Bel\u00e9m desde Lisboa\u00a0: Existem v\u00e1rias op\u00e7\u00f5es de transporte para chegar ao bairro hist\u00f3rico e tur\u00edstico de Bel\u00e9m, saindo do centro de Lisboa. Seja de trem, \u00f4nibus, bonde, t\u00e1xi ou at\u00e9 caminhada, o trajeto \u00e9 simples, barato e eficiente, adequando-se a todos os tipos de viajantes. Como ir a Bel\u00e9m desde Lisboa: op\u00e7\u00f5es [&hellip;]<\/p>\n","protected":false},"author":1,"featured_media":4267,"comment_status":"open","ping_status":"open","sticky":false,"template":"","format":"standard","meta":{"footnotes":""},"categories":[18],"tags":[],"class_list":["post-19577","post","type-post","status-publish","format-standard","has-post-thumbnail","hentry","category-dicas-de-portugal"],"acf":[],"yoast_head":"<!-- This site is optimized with the Yoast SEO plugin v27.5 - https:\/\/yoast.com\/product\/yoast-seo-wordpress\/ -->\n<title>Como ir a Bel\u00e9m desde Lisboa: op\u00e7\u00f5es de transporte - Encontre Portugal<\/title>\n<meta name=\"robots\" content=\"index, follow, max-snippet:-1, max-image-preview:large, max-video-preview:-1\" \/>\n<link rel=\"canonical\" href=\"https:\/\/encontreportugal.pt\/es\/como-ir-a-belem-desde-lisboa-opcoes-de-transporte\/\" \/>\n<meta property=\"og:locale\" content=\"es_ES\" \/>\n<meta property=\"og:type\" content=\"article\" \/>\n<meta property=\"og:title\" content=\"Como ir a Bel\u00e9m desde Lisboa: op\u00e7\u00f5es de transporte - Encontre Portugal\" \/>\n<meta property=\"og:url\" content=\"https:\/\/encontreportugal.pt\/es\/como-ir-a-belem-desde-lisboa-opcoes-de-transporte\/\" \/>\n<meta property=\"og:site_name\" content=\"Encontre Portugal\" \/>\n<meta property=\"article:published_time\" content=\"2025-08-29T23:12:51+00:00\" \/>\n<meta property=\"og:image\" content=\"https:\/\/encontreportugal.pt\/wp-content\/uploads\/2023\/12\/jovem-turista-com-um-vestido-floral-vermelho-no-parque-eduardo-vii-sob-o-sol-em-portugal-scaled.jpg\" \/>\n\t<meta property=\"og:image:width\" content=\"2560\" \/>\n\t<meta property=\"og:image:height\" content=\"1760\" \/>\n\t<meta property=\"og:image:type\" content=\"image\/jpeg\" \/>\n<meta name=\"author\" content=\"Douglas Barbosa\" \/>\n<meta name=\"twitter:card\" content=\"summary_large_image\" \/>\n<meta name=\"twitter:label1\" content=\"Escrito por\" \/>\n\t<meta name=\"twitter:data1\" content=\"Douglas Barbosa\" \/>\n\t<meta name=\"twitter:label2\" content=\"Tiempo de lectura\" \/>\n\t<meta name=\"twitter:data2\" content=\"4 minutos\" \/>\n<script type=\"application\/ld+json\" class=\"yoast-schema-graph\">{\"@context\":\"https:\\\/\\\/schema.org\",\"@graph\":[{\"@type\":\"Article\",\"@id\":\"https:\\\/\\\/encontreportugal.pt\\\/en\\\/como-ir-a-belem-desde-lisboa-opcoes-de-transporte\\\/#article\",\"isPartOf\":{\"@id\":\"https:\\\/\\\/encontreportugal.pt\\\/en\\\/como-ir-a-belem-desde-lisboa-opcoes-de-transporte\\\/\"},\"author\":{\"name\":\"Douglas Barbosa\",\"@id\":\"https:\\\/\\\/encontreportugal.pt\\\/zh\\\/#\\\/schema\\\/person\\\/71ee126caa8e8746f4e1d07bb50ba747\"},\"headline\":\"Como ir a Bel\u00e9m desde Lisboa: op\u00e7\u00f5es de transporte\",\"datePublished\":\"2025-08-29T23:12:51+00:00\",\"mainEntityOfPage\":{\"@id\":\"https:\\\/\\\/encontreportugal.pt\\\/en\\\/como-ir-a-belem-desde-lisboa-opcoes-de-transporte\\\/\"},\"wordCount\":812,\"commentCount\":0,\"publisher\":{\"@id\":\"https:\\\/\\\/encontreportugal.pt\\\/zh\\\/#organization\"},\"image\":{\"@id\":\"https:\\\/\\\/encontreportugal.pt\\\/en\\\/como-ir-a-belem-desde-lisboa-opcoes-de-transporte\\\/#primaryimage\"},\"thumbnailUrl\":\"https:\\\/\\\/encontreportugal.pt\\\/wp-content\\\/uploads\\\/2023\\\/12\\\/jovem-turista-com-um-vestido-floral-vermelho-no-parque-eduardo-vii-sob-o-sol-em-portugal-scaled.jpg\",\"articleSection\":[\"Dicas de Portugal\"],\"inLanguage\":\"es\",\"potentialAction\":[{\"@type\":\"CommentAction\",\"name\":\"Comment\",\"target\":[\"https:\\\/\\\/encontreportugal.pt\\\/en\\\/como-ir-a-belem-desde-lisboa-opcoes-de-transporte\\\/#respond\"]}]},{\"@type\":\"WebPage\",\"@id\":\"https:\\\/\\\/encontreportugal.pt\\\/en\\\/como-ir-a-belem-desde-lisboa-opcoes-de-transporte\\\/\",\"url\":\"https:\\\/\\\/encontreportugal.pt\\\/en\\\/como-ir-a-belem-desde-lisboa-opcoes-de-transporte\\\/\",\"name\":\"Como ir a Bel\u00e9m desde Lisboa: op\u00e7\u00f5es de transporte - Encontre Portugal\",\"isPartOf\":{\"@id\":\"https:\\\/\\\/encontreportugal.pt\\\/zh\\\/#website\"},\"primaryImageOfPage\":{\"@id\":\"https:\\\/\\\/encontreportugal.pt\\\/en\\\/como-ir-a-belem-desde-lisboa-opcoes-de-transporte\\\/#primaryimage\"},\"image\":{\"@id\":\"https:\\\/\\\/encontreportugal.pt\\\/en\\\/como-ir-a-belem-desde-lisboa-opcoes-de-transporte\\\/#primaryimage\"},\"thumbnailUrl\":\"https:\\\/\\\/encontreportugal.pt\\\/wp-content\\\/uploads\\\/2023\\\/12\\\/jovem-turista-com-um-vestido-floral-vermelho-no-parque-eduardo-vii-sob-o-sol-em-portugal-scaled.jpg\",\"datePublished\":\"2025-08-29T23:12:51+00:00\",\"breadcrumb\":{\"@id\":\"https:\\\/\\\/encontreportugal.pt\\\/en\\\/como-ir-a-belem-desde-lisboa-opcoes-de-transporte\\\/#breadcrumb\"},\"inLanguage\":\"es\",\"potentialAction\":[{\"@type\":\"ReadAction\",\"target\":[\"https:\\\/\\\/encontreportugal.pt\\\/en\\\/como-ir-a-belem-desde-lisboa-opcoes-de-transporte\\\/\"]}]},{\"@type\":\"ImageObject\",\"inLanguage\":\"es\",\"@id\":\"https:\\\/\\\/encontreportugal.pt\\\/en\\\/como-ir-a-belem-desde-lisboa-opcoes-de-transporte\\\/#primaryimage\",\"url\":\"https:\\\/\\\/encontreportugal.pt\\\/wp-content\\\/uploads\\\/2023\\\/12\\\/jovem-turista-com-um-vestido-floral-vermelho-no-parque-eduardo-vii-sob-o-sol-em-portugal-scaled.jpg\",\"contentUrl\":\"https:\\\/\\\/encontreportugal.pt\\\/wp-content\\\/uploads\\\/2023\\\/12\\\/jovem-turista-com-um-vestido-floral-vermelho-no-parque-eduardo-vii-sob-o-sol-em-portugal-scaled.jpg\",\"width\":2560,\"height\":1760,\"caption\":\"lisboa\"},{\"@type\":\"BreadcrumbList\",\"@id\":\"https:\\\/\\\/encontreportugal.pt\\\/en\\\/como-ir-a-belem-desde-lisboa-opcoes-de-transporte\\\/#breadcrumb\",\"itemListElement\":[{\"@type\":\"ListItem\",\"position\":1,\"name\":\"In\u00edcio\",\"item\":\"https:\\\/\\\/encontreportugal.pt\\\/zh\\\/\"},{\"@type\":\"ListItem\",\"position\":2,\"name\":\"Como ir a Bel\u00e9m desde Lisboa: op\u00e7\u00f5es de transporte\"}]},{\"@type\":\"WebSite\",\"@id\":\"https:\\\/\\\/encontreportugal.pt\\\/zh\\\/#website\",\"url\":\"https:\\\/\\\/encontreportugal.pt\\\/zh\\\/\",\"name\":\"Encontre Portugal\",\"description\":\"O maior Portal de dicas ao imigrante brasileiro em Portugal.\",\"publisher\":{\"@id\":\"https:\\\/\\\/encontreportugal.pt\\\/zh\\\/#organization\"},\"potentialAction\":[{\"@type\":\"SearchAction\",\"target\":{\"@type\":\"EntryPoint\",\"urlTemplate\":\"https:\\\/\\\/encontreportugal.pt\\\/zh\\\/?s={search_term_string}\"},\"query-input\":{\"@type\":\"PropertyValueSpecification\",\"valueRequired\":true,\"valueName\":\"search_term_string\"}}],\"inLanguage\":\"es\"},{\"@type\":\"Organization\",\"@id\":\"https:\\\/\\\/encontreportugal.pt\\\/zh\\\/#organization\",\"name\":\"Encontre Portugal\",\"url\":\"https:\\\/\\\/encontreportugal.pt\\\/zh\\\/\",\"logo\":{\"@type\":\"ImageObject\",\"inLanguage\":\"es\",\"@id\":\"https:\\\/\\\/encontreportugal.pt\\\/zh\\\/#\\\/schema\\\/logo\\\/image\\\/\",\"url\":\"https:\\\/\\\/encontreportugal.pt\\\/wp-content\\\/uploads\\\/2024\\\/04\\\/cropped-logo-encontre-portugal.png\",\"contentUrl\":\"https:\\\/\\\/encontreportugal.pt\\\/wp-content\\\/uploads\\\/2024\\\/04\\\/cropped-logo-encontre-portugal.png\",\"width\":500,\"height\":165,\"caption\":\"Encontre Portugal\"},\"image\":{\"@id\":\"https:\\\/\\\/encontreportugal.pt\\\/zh\\\/#\\\/schema\\\/logo\\\/image\\\/\"}},{\"@type\":\"Person\",\"@id\":\"https:\\\/\\\/encontreportugal.pt\\\/zh\\\/#\\\/schema\\\/person\\\/71ee126caa8e8746f4e1d07bb50ba747\",\"name\":\"Douglas Barbosa\",\"image\":{\"@type\":\"ImageObject\",\"inLanguage\":\"es\",\"@id\":\"https:\\\/\\\/encontreportugal.pt\\\/wp-content\\\/uploads\\\/2024\\\/03\\\/douglasfdb_avatar-96x96.jpeg\",\"url\":\"https:\\\/\\\/encontreportugal.pt\\\/wp-content\\\/uploads\\\/2024\\\/03\\\/douglasfdb_avatar-96x96.jpeg\",\"contentUrl\":\"https:\\\/\\\/encontreportugal.pt\\\/wp-content\\\/uploads\\\/2024\\\/03\\\/douglasfdb_avatar-96x96.jpeg\",\"caption\":\"Douglas Barbosa\"},\"description\":\"Graduado em Tecnologia de Redes de Computadores e com P\u00f3s-Gradua\u00e7\u00e3o em Marketing Digital, Business Intelligence e Estrat\u00e9gia Data-Driven pela Pontif\u00edcia Universidade Cat\u00f3lica (PUC). Capacita\u00e7\u00e3o em Linguagem Corporal e Detec\u00e7\u00e3o de Microexpress\u00f5es Faciais. Participa\u00e7\u00e3o na forma\u00e7\u00e3o \\\"M\u00e1quina de Tr\u00e1fego e Convers\u00e3o - Aprenda a Vender Mais pelo Google Todos os Dias\\\". Certificado pelo Google em Rede de Pesquisa. Vasta experi\u00eancia em projetos de SEO, gest\u00e3o de tr\u00e1fego pago no Google Ads e Cria\u00e7\u00e3o de Websites.\",\"sameAs\":[\"https:\\\/\\\/encontreportugal.pt\"],\"url\":\"https:\\\/\\\/encontreportugal.pt\\\/es\\\/author\\\/douglasfdb\\\/\"}]}<\/script>\n<!-- \/ Yoast SEO plugin. -->","yoast_head_json":{"title":"Como ir a Bel\u00e9m desde Lisboa: op\u00e7\u00f5es de transporte - Encontre Portugal","robots":{"index":"index","follow":"follow","max-snippet":"max-snippet:-1","max-image-preview":"max-image-preview:large","max-video-preview":"max-video-preview:-1"},"canonical":"https:\/\/encontreportugal.pt\/es\/como-ir-a-belem-desde-lisboa-opcoes-de-transporte\/","og_locale":"es_ES","og_type":"article","og_title":"Como ir a Bel\u00e9m desde Lisboa: op\u00e7\u00f5es de transporte - Encontre Portugal","og_url":"https:\/\/encontreportugal.pt\/es\/como-ir-a-belem-desde-lisboa-opcoes-de-transporte\/","og_site_name":"Encontre Portugal","article_published_time":"2025-08-29T23:12:51+00:00","og_image":[{"width":2560,"height":1760,"url":"https:\/\/encontreportugal.pt\/wp-content\/uploads\/2023\/12\/jovem-turista-com-um-vestido-floral-vermelho-no-parque-eduardo-vii-sob-o-sol-em-portugal-scaled.jpg","type":"image\/jpeg"}],"author":"Douglas Barbosa","twitter_card":"summary_large_image","twitter_misc":{"Escrito por":"Douglas Barbosa","Tiempo de lectura":"4 minutos"},"schema":{"@context":"https:\/\/schema.org","@graph":[{"@type":"Article","@id":"https:\/\/encontreportugal.pt\/en\/como-ir-a-belem-desde-lisboa-opcoes-de-transporte\/#article","isPartOf":{"@id":"https:\/\/encontreportugal.pt\/en\/como-ir-a-belem-desde-lisboa-opcoes-de-transporte\/"},"author":{"name":"Douglas Barbosa","@id":"https:\/\/encontreportugal.pt\/zh\/#\/schema\/person\/71ee126caa8e8746f4e1d07bb50ba747"},"headline":"Como ir a Bel\u00e9m desde Lisboa: op\u00e7\u00f5es de transporte","datePublished":"2025-08-29T23:12:51+00:00","mainEntityOfPage":{"@id":"https:\/\/encontreportugal.pt\/en\/como-ir-a-belem-desde-lisboa-opcoes-de-transporte\/"},"wordCount":812,"commentCount":0,"publisher":{"@id":"https:\/\/encontreportugal.pt\/zh\/#organization"},"image":{"@id":"https:\/\/encontreportugal.pt\/en\/como-ir-a-belem-desde-lisboa-opcoes-de-transporte\/#primaryimage"},"thumbnailUrl":"https:\/\/encontreportugal.pt\/wp-content\/uploads\/2023\/12\/jovem-turista-com-um-vestido-floral-vermelho-no-parque-eduardo-vii-sob-o-sol-em-portugal-scaled.jpg","articleSection":["Dicas de Portugal"],"inLanguage":"es","potentialAction":[{"@type":"CommentAction","name":"Comment","target":["https:\/\/encontreportugal.pt\/en\/como-ir-a-belem-desde-lisboa-opcoes-de-transporte\/#respond"]}]},{"@type":"WebPage","@id":"https:\/\/encontreportugal.pt\/en\/como-ir-a-belem-desde-lisboa-opcoes-de-transporte\/","url":"https:\/\/encontreportugal.pt\/en\/como-ir-a-belem-desde-lisboa-opcoes-de-transporte\/","name":"Como ir a Bel\u00e9m desde Lisboa: op\u00e7\u00f5es de transporte - Encontre Portugal","isPartOf":{"@id":"https:\/\/encontreportugal.pt\/zh\/#website"},"primaryImageOfPage":{"@id":"https:\/\/encontreportugal.pt\/en\/como-ir-a-belem-desde-lisboa-opcoes-de-transporte\/#primaryimage"},"image":{"@id":"https:\/\/encontreportugal.pt\/en\/como-ir-a-belem-desde-lisboa-opcoes-de-transporte\/#primaryimage"},"thumbnailUrl":"https:\/\/encontreportugal.pt\/wp-content\/uploads\/2023\/12\/jovem-turista-com-um-vestido-floral-vermelho-no-parque-eduardo-vii-sob-o-sol-em-portugal-scaled.jpg","datePublished":"2025-08-29T23:12:51+00:00","breadcrumb":{"@id":"https:\/\/encontreportugal.pt\/en\/como-ir-a-belem-desde-lisboa-opcoes-de-transporte\/#breadcrumb"},"inLanguage":"es","potentialAction":[{"@type":"ReadAction","target":["https:\/\/encontreportugal.pt\/en\/como-ir-a-belem-desde-lisboa-opcoes-de-transporte\/"]}]},{"@type":"ImageObject","inLanguage":"es","@id":"https:\/\/encontreportugal.pt\/en\/como-ir-a-belem-desde-lisboa-opcoes-de-transporte\/#primaryimage","url":"https:\/\/encontreportugal.pt\/wp-content\/uploads\/2023\/12\/jovem-turista-com-um-vestido-floral-vermelho-no-parque-eduardo-vii-sob-o-sol-em-portugal-scaled.jpg","contentUrl":"https:\/\/encontreportugal.pt\/wp-content\/uploads\/2023\/12\/jovem-turista-com-um-vestido-floral-vermelho-no-parque-eduardo-vii-sob-o-sol-em-portugal-scaled.jpg","width":2560,"height":1760,"caption":"lisboa"},{"@type":"BreadcrumbList","@id":"https:\/\/encontreportugal.pt\/en\/como-ir-a-belem-desde-lisboa-opcoes-de-transporte\/#breadcrumb","itemListElement":[{"@type":"ListItem","position":1,"name":"In\u00edcio","item":"https:\/\/encontreportugal.pt\/zh\/"},{"@type":"ListItem","position":2,"name":"Como ir a Bel\u00e9m desde Lisboa: op\u00e7\u00f5es de transporte"}]},{"@type":"WebSite","@id":"https:\/\/encontreportugal.pt\/zh\/#website","url":"https:\/\/encontreportugal.pt\/zh\/","name":"Buscar Portugal","description":"O maior Portal de dicas ao imigrante brasileiro em Portugal.","publisher":{"@id":"https:\/\/encontreportugal.pt\/zh\/#organization"},"potentialAction":[{"@type":"SearchAction","target":{"@type":"EntryPoint","urlTemplate":"https:\/\/encontreportugal.pt\/zh\/?s={search_term_string}"},"query-input":{"@type":"PropertyValueSpecification","valueRequired":true,"valueName":"search_term_string"}}],"inLanguage":"es"},{"@type":"Organization","@id":"https:\/\/encontreportugal.pt\/zh\/#organization","name":"Buscar Portugal","url":"https:\/\/encontreportugal.pt\/zh\/","logo":{"@type":"ImageObject","inLanguage":"es","@id":"https:\/\/encontreportugal.pt\/zh\/#\/schema\/logo\/image\/","url":"https:\/\/encontreportugal.pt\/wp-content\/uploads\/2024\/04\/cropped-logo-encontre-portugal.png","contentUrl":"https:\/\/encontreportugal.pt\/wp-content\/uploads\/2024\/04\/cropped-logo-encontre-portugal.png","width":500,"height":165,"caption":"Encontre Portugal"},"image":{"@id":"https:\/\/encontreportugal.pt\/zh\/#\/schema\/logo\/image\/"}},{"@type":"Person","@id":"https:\/\/encontreportugal.pt\/zh\/#\/schema\/person\/71ee126caa8e8746f4e1d07bb50ba747","name":"Douglas Barbosa","image":{"@type":"ImageObject","inLanguage":"es","@id":"https:\/\/encontreportugal.pt\/wp-content\/uploads\/2024\/03\/douglasfdb_avatar-96x96.jpeg","url":"https:\/\/encontreportugal.pt\/wp-content\/uploads\/2024\/03\/douglasfdb_avatar-96x96.jpeg","contentUrl":"https:\/\/encontreportugal.pt\/wp-content\/uploads\/2024\/03\/douglasfdb_avatar-96x96.jpeg","caption":"Douglas Barbosa"},"description":"Licenciado en Tecnolog\u00eda de Redes Inform\u00e1ticas y postgrado en Marketing Digital, Business Intelligence y Data-Driven Strategy por la Pontificia Universidad Cat\u00f3lica (PUC). Formaci\u00f3n en Lenguaje Corporal y Detecci\u00f3n de Microexpresiones Faciales. Participaci\u00f3n en el curso de formaci\u00f3n \"Traffic and Conversion Machine - Learn to Sell More Through Google Every Day\". Certificado por Google en Optimizaci\u00f3n para Motores de B\u00fasqueda. Amplia experiencia en proyectos SEO, gesti\u00f3n de tr\u00e1fico de pago en Google Ads y creaci\u00f3n de p\u00e1ginas web.","sameAs":["https:\/\/encontreportugal.pt"],"url":"https:\/\/encontreportugal.pt\/es\/author\/douglasfdb\/"}]}},"_links":{"self":[{"href":"https:\/\/encontreportugal.pt\/es\/wp-json\/wp\/v2\/posts\/19577","targetHints":{"allow":["GET"]}}],"collection":[{"href":"https:\/\/encontreportugal.pt\/es\/wp-json\/wp\/v2\/posts"}],"about":[{"href":"https:\/\/encontreportugal.pt\/es\/wp-json\/wp\/v2\/types\/post"}],"author":[{"embeddable":true,"href":"https:\/\/encontreportugal.pt\/es\/wp-json\/wp\/v2\/users\/1"}],"replies":[{"embeddable":true,"href":"https:\/\/encontreportugal.pt\/es\/wp-json\/wp\/v2\/comments?post=19577"}],"version-history":[{"count":0,"href":"https:\/\/encontreportugal.pt\/es\/wp-json\/wp\/v2\/posts\/19577\/revisions"}],"wp:featuredmedia":[{"embeddable":true,"href":"https:\/\/encontreportugal.pt\/es\/wp-json\/wp\/v2\/media\/4267"}],"wp:attachment":[{"href":"https:\/\/encontreportugal.pt\/es\/wp-json\/wp\/v2\/media?parent=19577"}],"wp:term":[{"taxonomy":"category","embeddable":true,"href":"https:\/\/encontreportugal.pt\/es\/wp-json\/wp\/v2\/categories?post=19577"},{"taxonomy":"post_tag","embeddable":true,"href":"https:\/\/encontreportugal.pt\/es\/wp-json\/wp\/v2\/tags?post=19577"}],"curies":[{"name":"wp","href":"https:\/\/api.w.org\/{rel}","templated":true}]}}