{"id":2452,"date":"2023-08-10T16:56:42","date_gmt":"2023-08-10T16:56:42","guid":{"rendered":"https:\/\/encontreportugal.pt\/?p=2452"},"modified":"2025-01-03T11:30:48","modified_gmt":"2025-01-03T11:30:48","slug":"depilacao-cera-em-braga-experiencia-profissional-e-servicos-de-beleza","status":"publish","type":"post","link":"https:\/\/encontreportugal.pt\/es\/depilacao-cera-em-braga-experiencia-profissional-e-servicos-de-beleza\/","title":{"rendered":"Depilaci\u00f3n en Braga: Experiencia profesional y servicios de belleza"},"content":{"rendered":"<h1><strong> Depila\u00e7\u00e3o Cera e Laser em Braga: Experi\u00eancia Profissional e Servi\u00e7os de Beleza <\/strong><\/h1>\n<p>A busca por depila\u00e7\u00e3o cera ou a laser em Braga tem levado muitas pessoas a procurar solu\u00e7\u00f5es de beleza profissionais e eficazes. Neste artigo, apresentaremos os servi\u00e7os oferecidos por <strong>Elizabeth Fernandes<\/strong>, uma especialista em depila\u00e7\u00e3o e cuidados est\u00e9ticos. Com uma variedade de servi\u00e7os, promo\u00e7\u00f5es atrativas e uma localiza\u00e7\u00e3o conveniente, voc\u00ea descobrir\u00e1 por que Elizabeth Fernandes \u00e9 a escolha ideal para seus cuidados de beleza em Braga.<\/p>\n<h2><strong>Elizabeth Fernandes: Especialista em Depila\u00e7\u00e3o e Est\u00e9tica <\/strong><\/h2>\n<p>Quando se trata de cuidados com a pele e beleza, a experi\u00eancia \u00e9 fundamental. Elizabeth Fernandes traz anos de experi\u00eancia em <a href=\"https:\/\/sandrabastosesteta.pt\/\">depila\u00e7\u00e3o<\/a> de cera quente\/Medito Brasileira ou a Laser e design de sobrancelhas para os moradores de Braga.<\/p>\n<h3><strong>Servi\u00e7os de Destaque para Sua Beleza <\/strong><\/h3>\n<p>Al\u00e9m da depila\u00e7\u00e3o, Elizabeth Fernandes oferece uma gama de servi\u00e7os de beleza, incluindo design de sobrancelhas meticuloso e manicure de alta qualidade.<\/p>\n<h3><strong>Packs Promocionais Irresist\u00edveis <\/strong><\/h3>\n<p>Os packs promocionais da Elizabeth Fernandes oferecem op\u00e7\u00f5es econ\u00f4micas e completas. De p\u00e9 e m\u00e3o com verniz e cuticulagem brasileira por apenas 10 euros, e a depila\u00e7\u00e3o virilha completa com meia perna, bu\u00e7o e sobrancelhas por apenas 16,90 euros.<\/p>\n<h3><strong>\u00a0Spa dos P\u00e9s para Relaxamento Completo <\/strong><\/h3>\n<p>Relaxe e cuide dos seus p\u00e9s com o Spa dos P\u00e9s da Elizabeth Fernandes. Uma op\u00e7\u00e3o indulgente por um pre\u00e7o acess\u00edvel de 10 euros, perfeito para cuidar de si mesmo.<\/p>\n<h3><strong>Hidrata\u00e7\u00e3o e Remo\u00e7\u00e3o de Calosidade <\/strong><\/h3>\n<p>Cuidar da pele dos p\u00e9s \u00e9 importante, e os servi\u00e7os de <a href=\"https:\/\/lojadoscabelos.pt\/categoria-produto\/cosmeticos-e-outros-produtos-de-beleza\/\">hidrata\u00e7\u00e3o e remo\u00e7\u00e3o de calosidade<\/a> oferecidos ajudar\u00e3o seus p\u00e9s a ficarem macios e saud\u00e1veis.<\/p>\n<h4><strong>\u00a0Pre\u00e7os Competitivos e Transparentes <\/strong><\/h4>\n<p>Os pre\u00e7os dos servi\u00e7os da Elizabeth Fernandes s\u00e3o acess\u00edveis e transparentes. Com a taxa de IVA legal em vigor j\u00e1 inclu\u00edda, voc\u00ea sabe exatamente o que est\u00e1 pagando.<\/p>\n<h3><strong>\u00a0Localiza\u00e7\u00e3o Conveniente em Braga<\/strong><\/h3>\n<p>Encontrar o local certo para seus cuidados de beleza \u00e9 essencial. Elizabeth Fernandes est\u00e1 convenientemente localizada na Rua Alberto Cruz 10, S\u00e3o Vitor, Braga.<\/p>\n<h4><strong>Agendamentos Flex\u00edveis <\/strong><\/h4>\n<p>A Elizabeth Fernandes compreende que a vida agitada exige flexibilidade. Com op\u00e7\u00f5es de agendamento convenientes, voc\u00ea pode encontrar o hor\u00e1rio perfeito para os seus cuidados de beleza.<\/p>\n<h3><strong>Satisfa\u00e7\u00e3o do Cliente Garantida <\/strong><\/h3>\n<p>As avalia\u00e7\u00f5es positivas de clientes satisfeitos refletem o compromisso da Elizabeth Fernandes em fornecer servi\u00e7os de qualidade e uma experi\u00eancia agrad\u00e1vel.<\/p>\n<h2><strong>\u00a0Aproveite os Servi\u00e7os da Elizabeth Fernandes em Braga <\/strong><\/h2>\n<p>Quando se trata de depila\u00e7\u00e3o e cuidados de beleza, a experi\u00eancia e a qualidade s\u00e3o essenciais. Com uma variedade de servi\u00e7os, packs promocionais e localiza\u00e7\u00e3o conveniente, Elizabeth Fernandes \u00e9 a escolha ideal para a depila\u00e7\u00e3o e servi\u00e7os de beleza em Braga. Agende seu compromisso e aproveite os pre\u00e7os especiais at\u00e9 novembro de 2023!<\/p>\n<p>&nbsp;<\/p>","protected":false},"excerpt":{"rendered":"<p>Depila\u00e7\u00e3o Cera e Laser em Braga: Experi\u00eancia Profissional e Servi\u00e7os de Beleza A busca por depila\u00e7\u00e3o cera ou a laser em Braga tem levado muitas pessoas a procurar solu\u00e7\u00f5es de beleza profissionais e eficazes. Neste artigo, apresentaremos os servi\u00e7os oferecidos por Elizabeth Fernandes, uma especialista em depila\u00e7\u00e3o e cuidados est\u00e9ticos. Com uma variedade de servi\u00e7os, [&hellip;]<\/p>\n","protected":false},"author":1,"featured_media":0,"comment_status":"open","ping_status":"open","sticky":false,"template":"","format":"standard","meta":{"footnotes":""},"categories":[18,664],"tags":[],"class_list":["post-2452","post","type-post","status-publish","format-standard","hentry","category-dicas-de-portugal","category-estetica-e-beleza-em-portugal"],"acf":[],"yoast_head":"<!-- This site is optimized with the Yoast SEO plugin v27.5 - https:\/\/yoast.com\/product\/yoast-seo-wordpress\/ -->\n<title>Depila\u00e7\u00e3o Cera em Braga: Experi\u00eancia Profissional e Servi\u00e7os de Beleza - Encontre Portugal<\/title>\n<meta name=\"robots\" content=\"index, follow, max-snippet:-1, max-image-preview:large, max-video-preview:-1\" \/>\n<link rel=\"canonical\" href=\"https:\/\/encontreportugal.pt\/es\/depilacao-cera-em-braga-experiencia-profissional-e-servicos-de-beleza\/\" \/>\n<meta property=\"og:locale\" content=\"es_ES\" \/>\n<meta property=\"og:type\" content=\"article\" \/>\n<meta property=\"og:title\" content=\"Depila\u00e7\u00e3o Cera em Braga: Experi\u00eancia Profissional e Servi\u00e7os de Beleza - Encontre Portugal\" \/>\n<meta property=\"og:url\" content=\"https:\/\/encontreportugal.pt\/es\/depilacao-cera-em-braga-experiencia-profissional-e-servicos-de-beleza\/\" \/>\n<meta property=\"og:site_name\" content=\"Encontre Portugal\" \/>\n<meta property=\"article:published_time\" content=\"2023-08-10T16:56:42+00:00\" \/>\n<meta property=\"article:modified_time\" content=\"2025-01-03T11:30:48+00:00\" \/>\n<meta property=\"og:image\" content=\"https:\/\/encontreportugal.pt\/wp-content\/uploads\/2023\/08\/depilacao-cera-em-braga.jpeg\" \/>\n\t<meta property=\"og:image:width\" content=\"1\" \/>\n\t<meta property=\"og:image:height\" content=\"1\" \/>\n\t<meta property=\"og:image:type\" content=\"image\/jpeg\" \/>\n<meta name=\"author\" content=\"Douglas Barbosa\" \/>\n<meta name=\"twitter:card\" content=\"summary_large_image\" \/>\n<meta name=\"twitter:label1\" content=\"Escrito por\" \/>\n\t<meta name=\"twitter:data1\" content=\"Douglas Barbosa\" \/>\n\t<meta name=\"twitter:label2\" content=\"Tiempo de lectura\" \/>\n\t<meta name=\"twitter:data2\" content=\"2 minutos\" \/>\n<script type=\"application\/ld+json\" class=\"yoast-schema-graph\">{\"@context\":\"https:\\\/\\\/schema.org\",\"@graph\":[{\"@type\":\"Article\",\"@id\":\"https:\\\/\\\/encontreportugal.pt\\\/depilacao-cera-em-braga-experiencia-profissional-e-servicos-de-beleza\\\/#article\",\"isPartOf\":{\"@id\":\"https:\\\/\\\/encontreportugal.pt\\\/depilacao-cera-em-braga-experiencia-profissional-e-servicos-de-beleza\\\/\"},\"author\":{\"name\":\"Douglas Barbosa\",\"@id\":\"https:\\\/\\\/encontreportugal.pt\\\/zh\\\/#\\\/schema\\\/person\\\/71ee126caa8e8746f4e1d07bb50ba747\"},\"headline\":\"Depila\u00e7\u00e3o Cera em Braga: Experi\u00eancia Profissional e Servi\u00e7os de Beleza\",\"datePublished\":\"2023-08-10T16:56:42+00:00\",\"dateModified\":\"2025-01-03T11:30:48+00:00\",\"mainEntityOfPage\":{\"@id\":\"https:\\\/\\\/encontreportugal.pt\\\/depilacao-cera-em-braga-experiencia-profissional-e-servicos-de-beleza\\\/\"},\"wordCount\":505,\"commentCount\":0,\"publisher\":{\"@id\":\"https:\\\/\\\/encontreportugal.pt\\\/zh\\\/#organization\"},\"articleSection\":[\"Dicas de Portugal\",\"Est\u00e9tica e Beleza em Portugal\"],\"inLanguage\":\"es\",\"potentialAction\":[{\"@type\":\"CommentAction\",\"name\":\"Comment\",\"target\":[\"https:\\\/\\\/encontreportugal.pt\\\/depilacao-cera-em-braga-experiencia-profissional-e-servicos-de-beleza\\\/#respond\"]}]},{\"@type\":\"WebPage\",\"@id\":\"https:\\\/\\\/encontreportugal.pt\\\/depilacao-cera-em-braga-experiencia-profissional-e-servicos-de-beleza\\\/\",\"url\":\"https:\\\/\\\/encontreportugal.pt\\\/depilacao-cera-em-braga-experiencia-profissional-e-servicos-de-beleza\\\/\",\"name\":\"Depila\u00e7\u00e3o Cera em Braga: Experi\u00eancia Profissional e Servi\u00e7os de Beleza - Encontre Portugal\",\"isPartOf\":{\"@id\":\"https:\\\/\\\/encontreportugal.pt\\\/zh\\\/#website\"},\"datePublished\":\"2023-08-10T16:56:42+00:00\",\"dateModified\":\"2025-01-03T11:30:48+00:00\",\"breadcrumb\":{\"@id\":\"https:\\\/\\\/encontreportugal.pt\\\/depilacao-cera-em-braga-experiencia-profissional-e-servicos-de-beleza\\\/#breadcrumb\"},\"inLanguage\":\"es\",\"potentialAction\":[{\"@type\":\"ReadAction\",\"target\":[\"https:\\\/\\\/encontreportugal.pt\\\/depilacao-cera-em-braga-experiencia-profissional-e-servicos-de-beleza\\\/\"]}]},{\"@type\":\"BreadcrumbList\",\"@id\":\"https:\\\/\\\/encontreportugal.pt\\\/depilacao-cera-em-braga-experiencia-profissional-e-servicos-de-beleza\\\/#breadcrumb\",\"itemListElement\":[{\"@type\":\"ListItem\",\"position\":1,\"name\":\"In\u00edcio\",\"item\":\"https:\\\/\\\/encontreportugal.pt\\\/zh\\\/\"},{\"@type\":\"ListItem\",\"position\":2,\"name\":\"Depila\u00e7\u00e3o Cera em Braga: Experi\u00eancia Profissional e Servi\u00e7os de Beleza\"}]},{\"@type\":\"WebSite\",\"@id\":\"https:\\\/\\\/encontreportugal.pt\\\/zh\\\/#website\",\"url\":\"https:\\\/\\\/encontreportugal.pt\\\/zh\\\/\",\"name\":\"Encontre Portugal\",\"description\":\"O maior Portal de dicas ao imigrante brasileiro em Portugal.\",\"publisher\":{\"@id\":\"https:\\\/\\\/encontreportugal.pt\\\/zh\\\/#organization\"},\"potentialAction\":[{\"@type\":\"SearchAction\",\"target\":{\"@type\":\"EntryPoint\",\"urlTemplate\":\"https:\\\/\\\/encontreportugal.pt\\\/zh\\\/?s={search_term_string}\"},\"query-input\":{\"@type\":\"PropertyValueSpecification\",\"valueRequired\":true,\"valueName\":\"search_term_string\"}}],\"inLanguage\":\"es\"},{\"@type\":\"Organization\",\"@id\":\"https:\\\/\\\/encontreportugal.pt\\\/zh\\\/#organization\",\"name\":\"Encontre Portugal\",\"url\":\"https:\\\/\\\/encontreportugal.pt\\\/zh\\\/\",\"logo\":{\"@type\":\"ImageObject\",\"inLanguage\":\"es\",\"@id\":\"https:\\\/\\\/encontreportugal.pt\\\/zh\\\/#\\\/schema\\\/logo\\\/image\\\/\",\"url\":\"https:\\\/\\\/encontreportugal.pt\\\/wp-content\\\/uploads\\\/2024\\\/04\\\/cropped-logo-encontre-portugal.png\",\"contentUrl\":\"https:\\\/\\\/encontreportugal.pt\\\/wp-content\\\/uploads\\\/2024\\\/04\\\/cropped-logo-encontre-portugal.png\",\"width\":500,\"height\":165,\"caption\":\"Encontre Portugal\"},\"image\":{\"@id\":\"https:\\\/\\\/encontreportugal.pt\\\/zh\\\/#\\\/schema\\\/logo\\\/image\\\/\"}},{\"@type\":\"Person\",\"@id\":\"https:\\\/\\\/encontreportugal.pt\\\/zh\\\/#\\\/schema\\\/person\\\/71ee126caa8e8746f4e1d07bb50ba747\",\"name\":\"Douglas Barbosa\",\"image\":{\"@type\":\"ImageObject\",\"inLanguage\":\"es\",\"@id\":\"https:\\\/\\\/encontreportugal.pt\\\/wp-content\\\/uploads\\\/2024\\\/03\\\/douglasfdb_avatar-96x96.jpeg\",\"url\":\"https:\\\/\\\/encontreportugal.pt\\\/wp-content\\\/uploads\\\/2024\\\/03\\\/douglasfdb_avatar-96x96.jpeg\",\"contentUrl\":\"https:\\\/\\\/encontreportugal.pt\\\/wp-content\\\/uploads\\\/2024\\\/03\\\/douglasfdb_avatar-96x96.jpeg\",\"caption\":\"Douglas Barbosa\"},\"description\":\"Graduado em Tecnologia de Redes de Computadores e com P\u00f3s-Gradua\u00e7\u00e3o em Marketing Digital, Business Intelligence e Estrat\u00e9gia Data-Driven pela Pontif\u00edcia Universidade Cat\u00f3lica (PUC). Capacita\u00e7\u00e3o em Linguagem Corporal e Detec\u00e7\u00e3o de Microexpress\u00f5es Faciais. Participa\u00e7\u00e3o na forma\u00e7\u00e3o \\\"M\u00e1quina de Tr\u00e1fego e Convers\u00e3o - Aprenda a Vender Mais pelo Google Todos os Dias\\\". Certificado pelo Google em Rede de Pesquisa. Vasta experi\u00eancia em projetos de SEO, gest\u00e3o de tr\u00e1fego pago no Google Ads e Cria\u00e7\u00e3o de Websites.\",\"sameAs\":[\"https:\\\/\\\/encontreportugal.pt\"],\"url\":\"https:\\\/\\\/encontreportugal.pt\\\/es\\\/author\\\/douglasfdb\\\/\"}]}<\/script>\n<!-- \/ Yoast SEO plugin. -->","yoast_head_json":{"title":"Depila\u00e7\u00e3o Cera em Braga: Experi\u00eancia Profissional e Servi\u00e7os de Beleza - Encontre Portugal","robots":{"index":"index","follow":"follow","max-snippet":"max-snippet:-1","max-image-preview":"max-image-preview:large","max-video-preview":"max-video-preview:-1"},"canonical":"https:\/\/encontreportugal.pt\/es\/depilacao-cera-em-braga-experiencia-profissional-e-servicos-de-beleza\/","og_locale":"es_ES","og_type":"article","og_title":"Depila\u00e7\u00e3o Cera em Braga: Experi\u00eancia Profissional e Servi\u00e7os de Beleza - Encontre Portugal","og_url":"https:\/\/encontreportugal.pt\/es\/depilacao-cera-em-braga-experiencia-profissional-e-servicos-de-beleza\/","og_site_name":"Encontre Portugal","article_published_time":"2023-08-10T16:56:42+00:00","article_modified_time":"2025-01-03T11:30:48+00:00","og_image":[{"url":"https:\/\/encontreportugal.pt\/wp-content\/uploads\/2023\/08\/depilacao-cera-em-braga.jpeg","width":1,"height":1,"type":"image\/jpeg"}],"author":"Douglas Barbosa","twitter_card":"summary_large_image","twitter_misc":{"Escrito por":"Douglas Barbosa","Tiempo de lectura":"2 minutos"},"schema":{"@context":"https:\/\/schema.org","@graph":[{"@type":"Article","@id":"https:\/\/encontreportugal.pt\/depilacao-cera-em-braga-experiencia-profissional-e-servicos-de-beleza\/#article","isPartOf":{"@id":"https:\/\/encontreportugal.pt\/depilacao-cera-em-braga-experiencia-profissional-e-servicos-de-beleza\/"},"author":{"name":"Douglas Barbosa","@id":"https:\/\/encontreportugal.pt\/zh\/#\/schema\/person\/71ee126caa8e8746f4e1d07bb50ba747"},"headline":"Depila\u00e7\u00e3o Cera em Braga: Experi\u00eancia Profissional e Servi\u00e7os de Beleza","datePublished":"2023-08-10T16:56:42+00:00","dateModified":"2025-01-03T11:30:48+00:00","mainEntityOfPage":{"@id":"https:\/\/encontreportugal.pt\/depilacao-cera-em-braga-experiencia-profissional-e-servicos-de-beleza\/"},"wordCount":505,"commentCount":0,"publisher":{"@id":"https:\/\/encontreportugal.pt\/zh\/#organization"},"articleSection":["Dicas de Portugal","Est\u00e9tica e Beleza em Portugal"],"inLanguage":"es","potentialAction":[{"@type":"CommentAction","name":"Comment","target":["https:\/\/encontreportugal.pt\/depilacao-cera-em-braga-experiencia-profissional-e-servicos-de-beleza\/#respond"]}]},{"@type":"WebPage","@id":"https:\/\/encontreportugal.pt\/depilacao-cera-em-braga-experiencia-profissional-e-servicos-de-beleza\/","url":"https:\/\/encontreportugal.pt\/depilacao-cera-em-braga-experiencia-profissional-e-servicos-de-beleza\/","name":"Depila\u00e7\u00e3o Cera em Braga: Experi\u00eancia Profissional e Servi\u00e7os de Beleza - Encontre Portugal","isPartOf":{"@id":"https:\/\/encontreportugal.pt\/zh\/#website"},"datePublished":"2023-08-10T16:56:42+00:00","dateModified":"2025-01-03T11:30:48+00:00","breadcrumb":{"@id":"https:\/\/encontreportugal.pt\/depilacao-cera-em-braga-experiencia-profissional-e-servicos-de-beleza\/#breadcrumb"},"inLanguage":"es","potentialAction":[{"@type":"ReadAction","target":["https:\/\/encontreportugal.pt\/depilacao-cera-em-braga-experiencia-profissional-e-servicos-de-beleza\/"]}]},{"@type":"BreadcrumbList","@id":"https:\/\/encontreportugal.pt\/depilacao-cera-em-braga-experiencia-profissional-e-servicos-de-beleza\/#breadcrumb","itemListElement":[{"@type":"ListItem","position":1,"name":"In\u00edcio","item":"https:\/\/encontreportugal.pt\/zh\/"},{"@type":"ListItem","position":2,"name":"Depila\u00e7\u00e3o Cera em Braga: Experi\u00eancia Profissional e Servi\u00e7os de Beleza"}]},{"@type":"WebSite","@id":"https:\/\/encontreportugal.pt\/zh\/#website","url":"https:\/\/encontreportugal.pt\/zh\/","name":"Buscar Portugal","description":"O maior Portal de dicas ao imigrante brasileiro em Portugal.","publisher":{"@id":"https:\/\/encontreportugal.pt\/zh\/#organization"},"potentialAction":[{"@type":"SearchAction","target":{"@type":"EntryPoint","urlTemplate":"https:\/\/encontreportugal.pt\/zh\/?s={search_term_string}"},"query-input":{"@type":"PropertyValueSpecification","valueRequired":true,"valueName":"search_term_string"}}],"inLanguage":"es"},{"@type":"Organization","@id":"https:\/\/encontreportugal.pt\/zh\/#organization","name":"Buscar Portugal","url":"https:\/\/encontreportugal.pt\/zh\/","logo":{"@type":"ImageObject","inLanguage":"es","@id":"https:\/\/encontreportugal.pt\/zh\/#\/schema\/logo\/image\/","url":"https:\/\/encontreportugal.pt\/wp-content\/uploads\/2024\/04\/cropped-logo-encontre-portugal.png","contentUrl":"https:\/\/encontreportugal.pt\/wp-content\/uploads\/2024\/04\/cropped-logo-encontre-portugal.png","width":500,"height":165,"caption":"Encontre Portugal"},"image":{"@id":"https:\/\/encontreportugal.pt\/zh\/#\/schema\/logo\/image\/"}},{"@type":"Person","@id":"https:\/\/encontreportugal.pt\/zh\/#\/schema\/person\/71ee126caa8e8746f4e1d07bb50ba747","name":"Douglas Barbosa","image":{"@type":"ImageObject","inLanguage":"es","@id":"https:\/\/encontreportugal.pt\/wp-content\/uploads\/2024\/03\/douglasfdb_avatar-96x96.jpeg","url":"https:\/\/encontreportugal.pt\/wp-content\/uploads\/2024\/03\/douglasfdb_avatar-96x96.jpeg","contentUrl":"https:\/\/encontreportugal.pt\/wp-content\/uploads\/2024\/03\/douglasfdb_avatar-96x96.jpeg","caption":"Douglas Barbosa"},"description":"Licenciado en Tecnolog\u00eda de Redes Inform\u00e1ticas y postgrado en Marketing Digital, Business Intelligence y Data-Driven Strategy por la Pontificia Universidad Cat\u00f3lica (PUC). Formaci\u00f3n en Lenguaje Corporal y Detecci\u00f3n de Microexpresiones Faciales. Participaci\u00f3n en el curso de formaci\u00f3n \"Traffic and Conversion Machine - Learn to Sell More Through Google Every Day\". Certificado por Google en Optimizaci\u00f3n para Motores de B\u00fasqueda. Amplia experiencia en proyectos SEO, gesti\u00f3n de tr\u00e1fico de pago en Google Ads y creaci\u00f3n de p\u00e1ginas web.","sameAs":["https:\/\/encontreportugal.pt"],"url":"https:\/\/encontreportugal.pt\/es\/author\/douglasfdb\/"}]}},"_links":{"self":[{"href":"https:\/\/encontreportugal.pt\/es\/wp-json\/wp\/v2\/posts\/2452","targetHints":{"allow":["GET"]}}],"collection":[{"href":"https:\/\/encontreportugal.pt\/es\/wp-json\/wp\/v2\/posts"}],"about":[{"href":"https:\/\/encontreportugal.pt\/es\/wp-json\/wp\/v2\/types\/post"}],"author":[{"embeddable":true,"href":"https:\/\/encontreportugal.pt\/es\/wp-json\/wp\/v2\/users\/1"}],"replies":[{"embeddable":true,"href":"https:\/\/encontreportugal.pt\/es\/wp-json\/wp\/v2\/comments?post=2452"}],"version-history":[{"count":0,"href":"https:\/\/encontreportugal.pt\/es\/wp-json\/wp\/v2\/posts\/2452\/revisions"}],"wp:attachment":[{"href":"https:\/\/encontreportugal.pt\/es\/wp-json\/wp\/v2\/media?parent=2452"}],"wp:term":[{"taxonomy":"category","embeddable":true,"href":"https:\/\/encontreportugal.pt\/es\/wp-json\/wp\/v2\/categories?post=2452"},{"taxonomy":"post_tag","embeddable":true,"href":"https:\/\/encontreportugal.pt\/es\/wp-json\/wp\/v2\/tags?post=2452"}],"curies":[{"name":"wp","href":"https:\/\/api.w.org\/{rel}","templated":true}]}}