{"id":32705,"date":"2026-08-10T23:15:59","date_gmt":"2026-08-10T23:15:59","guid":{"rendered":"https:\/\/encontreportugal.pt\/pedreiro-para-alvenarias-e-lideranca-de-equipa-em-aveiro\/"},"modified":"2026-08-10T23:15:59","modified_gmt":"2026-08-10T23:15:59","slug":"pedreiro-para-alvenarias-e-lideranca-de-equipa-em-aveiro","status":"publish","type":"post","link":"https:\/\/encontreportugal.pt\/es\/pedreiro-para-alvenarias-e-lideranca-de-equipa-em-aveiro\/","title":{"rendered":"Pedreiro para alvenarias e lideran\u00e7a de equipa em Aveiro"},"content":{"rendered":"<p>Foi publicada uma oferta para <strong>pedreiro<\/strong> na \u00e1rea da <strong>constru\u00e7\u00e3o civil<\/strong>, com indica\u00e7\u00e3o de <strong>Aveiro<\/strong> como zona associada. A proposta aponta para trabalho em <strong>alvenarias<\/strong> e valoriza conhecimento de <strong>projecto<\/strong> e <strong>cofragem<\/strong>.<\/p>\n<h2>Principais fun\u00e7\u00f5es<\/h2>\n<ul>\n<li>Execu\u00e7\u00e3o de alvenarias;<\/li>\n<li>Aplica\u00e7\u00e3o de conhecimentos de projecto em obra;<\/li>\n<li>Trabalhos relacionados com cofragem;<\/li>\n<li>Poss\u00edvel apoio na coordena\u00e7\u00e3o ou lideran\u00e7a de equipa.<\/li>\n<\/ul>\n<h2>Perfil procurado<\/h2>\n<p>A informa\u00e7\u00e3o dispon\u00edvel sugere uma fun\u00e7\u00e3o t\u00e9cnica e pr\u00e1tica, adequada a profissionais com experi\u00eancia em obra e capacidade para assumir responsabilidades acrescidas. A refer\u00eancia \u00e0 lideran\u00e7a de equipa indica que a empresa poder\u00e1 valorizar autonomia, organiza\u00e7\u00e3o e capacidade de coordena\u00e7\u00e3o.<\/p>\n<p>Os dados publicados s\u00e3o limitados, pelo que n\u00e3o constam elementos como sal\u00e1rio, hor\u00e1rio, regime de trabalho ou contactos directos. Tamb\u00e9m n\u00e3o \u00e9 apresentada uma descri\u00e7\u00e3o completa dos requisitos nem benef\u00edcios associados \u00e0 vaga.<\/p>\n<h2>Resumo da oferta<\/h2>\n<p><strong>Empresa:<\/strong> Evolu\u00e7\u00e3o imaginativa unip<br \/><strong>\u00c1rea:<\/strong> Constru\u00e7\u00e3o civil<br \/><strong>Zona:<\/strong> Aveiro<\/p>\n<div class=\"epa-contact-box\">\n<h2>Como candidatar-se<\/h2>\n<p>Ao entrar em contacto, indique que viu a vaga atrav\u00e9s do <strong>EncontrePortugal.pt<\/strong>.<\/p>\n<p><a class=\"epa-contact-button\" href=\"https:\/\/www.net-empregos.com\/15838078\/pedreiro\/\" target=\"_blank\" rel=\"nofollow noopener sponsored\">Candidatar-me \/ Contactar<\/a><\/p>\n<\/div>\n<div class=\"epa-source-note\">\n<p><small>Fonte da oportunidade: <strong>Net-Empregos<\/strong>. O EncontrePortugal.pt divulga a vaga e n\u00e3o \u00e9 a entidade empregadora.<\/small><\/p>\n<p><a href=\"https:\/\/www.net-empregos.com\/15838078\/pedreiro\/\" target=\"_blank\" rel=\"nofollow noopener sponsored\">Ver oferta original<\/a><\/p>\n<\/div>","protected":false},"excerpt":{"rendered":"<p>Oferta para pedreiro na constru\u00e7\u00e3o civil, com foco em alvenarias, leitura de projeto e cofragem. A fun\u00e7\u00e3o inclui ainda potencial de lideran\u00e7a de equipa.<\/p>","protected":false},"author":0,"featured_media":0,"comment_status":"open","ping_status":"open","sticky":false,"template":"","format":"standard","meta":{"footnotes":""},"categories":[681],"tags":[1870,1033,1871,1869,1868],"class_list":["post-32705","post","type-post","status-publish","format-standard","hentry","category-empregos","tag-alvenarias","tag-aveiro","tag-cofragem","tag-construcao-civil","tag-pedreiro"],"acf":[],"_links":{"self":[{"href":"https:\/\/encontreportugal.pt\/es\/wp-json\/wp\/v2\/posts\/32705","targetHints":{"allow":["GET"]}}],"collection":[{"href":"https:\/\/encontreportugal.pt\/es\/wp-json\/wp\/v2\/posts"}],"about":[{"href":"https:\/\/encontreportugal.pt\/es\/wp-json\/wp\/v2\/types\/post"}],"replies":[{"embeddable":true,"href":"https:\/\/encontreportugal.pt\/es\/wp-json\/wp\/v2\/comments?post=32705"}],"version-history":[{"count":0,"href":"https:\/\/encontreportugal.pt\/es\/wp-json\/wp\/v2\/posts\/32705\/revisions"}],"wp:attachment":[{"href":"https:\/\/encontreportugal.pt\/es\/wp-json\/wp\/v2\/media?parent=32705"}],"wp:term":[{"taxonomy":"category","embeddable":true,"href":"https:\/\/encontreportugal.pt\/es\/wp-json\/wp\/v2\/categories?post=32705"},{"taxonomy":"post_tag","embeddable":true,"href":"https:\/\/encontreportugal.pt\/es\/wp-json\/wp\/v2\/tags?post=32705"}],"curies":[{"name":"wp","href":"https:\/\/api.w.org\/{rel}","templated":true}]}}