{"id":552,"date":"2022-12-10T18:43:54","date_gmt":"2022-12-10T18:43:54","guid":{"rendered":"https:\/\/encontreportugal.pt\/?p=552"},"modified":"2023-11-08T20:10:16","modified_gmt":"2023-11-08T20:10:16","slug":"quer-trabalhar-com-comunicacao-social-em-portugal","status":"publish","type":"post","link":"https:\/\/encontreportugal.pt\/es\/quer-trabalhar-com-comunicacao-social-em-portugal\/","title":{"rendered":"\u00bfQuiere trabajar en los medios de comunicaci\u00f3n en Portugal?"},"content":{"rendered":"<h1><strong>Saiba mais aqui!<\/strong><\/h1>\n<p>A carreira de comunica\u00e7\u00e3o social \u00e9 uma das mais promissoras do mercado de trabalho. Com o avan\u00e7o da tecnologia, a profiss\u00e3o ganhou novas ferramentas e especializa\u00e7\u00f5es. Al\u00e9m disso, a cada dia surgem novas oportunidades para quem deseja seguir nessa \u00e1rea.<\/p>\n<p>O dinamismo \u00e9 um ponto fundamental para quem quer trabalhar com comunica\u00e7\u00e3o social, afinal a gera\u00e7\u00e3o de conte\u00fado constante, faz com o candidato seja, de imediato, uma pessoa curiosa e pr\u00f3-ativa.<\/p>\n<p>A partir deste momento, vamos conhecer mais sobre esta profiss\u00e3o e como \u00e9 poss\u00edvel se adequar ao que o mercado est\u00e1 propondo. Se voc\u00ea est\u00e1 interessado em trabalhar com comunica\u00e7\u00e3o social, este artigo foi feito para voc\u00ea.<\/p>\n<h2><strong>O que \u00e9 a comunica\u00e7\u00e3o social?<\/strong><\/h2>\n<p>A comunica\u00e7\u00e3o social \u00e9 uma \u00e1rea que trata das rela\u00e7\u00f5es entre seres humanos. \u00c9 uma forma de comunica\u00e7\u00e3o n\u00e3o verbal que envolve a troca de mensagens, entre uma quantidade espec\u00edfica de pessoas.<\/p>\n<p>Um ponto chave para quem quer trabalhar com comunica\u00e7\u00e3o social \u00e9 que ela nos ajuda a manter rela\u00e7\u00f5es interpessoais e a construir relacionamentos. Vale lembrar que pode ser usada para fins comerciais ou pol\u00edticos, para transmitir mensagens de marketing ou propaganda. Al\u00e9m disso, ela tamb\u00e9m \u00e9 usada para fins educacionais, permitindo que as pessoas aprendam uns com os outros e compartilhem informa\u00e7\u00f5es.<\/p>\n<p>Como podemos perceber, ela \u00e9 uma carreira bem ampla e em constante desenvolvimento. Para se tornar um comunic\u00f3logo profissional \u00e9 preciso saber, principalmente, sobre o mercado em que est\u00e1 atuando para saber conversar com seu p\u00fablico e ter o resultado esperado atrav\u00e9s dos feedbacks apresentados.<\/p>\n<h2><strong>Quais s\u00e3o as \u00e1reas da Comunica\u00e7\u00e3o Social?<\/strong><\/h2>\n<p>A comunica\u00e7\u00e3o social \u00e9 uma \u00e1rea de atua\u00e7\u00e3o muito vasta, que engloba diversas profiss\u00f5es. Dentre elas, podemos citar o jornalismo, a publicidade e propaganda, o marketing, as rela\u00e7\u00f5es p\u00fablicas, o cinema e o radialismo.<\/p>\n<p>Cada uma dessas \u00e1reas tem suas particularidades e exige um perfil espec\u00edfico de profissional para trabalhar com comunica\u00e7\u00e3o social. Por isso, \u00e9 importante que voc\u00ea saiba quais s\u00e3o as suas habilidades e aptid\u00f5es antes de se candidatar a uma vaga na \u00e1rea da comunica\u00e7\u00e3o social. Vamos a elas?<\/p>\n<h3><strong>Quem \u00e9 o Profissional de Jornalismo?<\/strong><\/h3>\n<p>O profissional de jornalismo \u00e9 o respons\u00e1vel pelas not\u00edcias que s\u00e3o veiculadas na m\u00eddia. Ele trabalha para garantir a veracidade e a imparcialidade das informa\u00e7\u00f5es, bem como fazer um trabalho de investiga\u00e7\u00e3o e entrevistas para chegar \u00e0s fontes prim\u00e1rias.<\/p>\n<p>Para exercer a profiss\u00e3o, \u00e9 preciso ter forma\u00e7\u00e3o em jornalismo e passar por um processo seletivo na imprensa. O jornalista deve ser curioso, ter bom texto e boa flu\u00eancia verbal, al\u00e9m de estar atualizado sobre os acontecimentos do mundo.<\/p>\n<h3><strong>Quem \u00e9 o Profissional de Publicidade e Propaganda?<\/strong><\/h3>\n<p>O profissional de publicidade \u00e9 aquele que quer trabalhar com comunica\u00e7\u00e3o social a partir da cria\u00e7\u00e3o e dissemina\u00e7\u00e3o de mensagens publicit\u00e1rias. Ele pode atuar em diversas \u00e1reas, desde a cria\u00e7\u00e3o de an\u00fancios para ve\u00edculos impressos ou digitais, at\u00e9 o gerenciamento de campanhas publicit\u00e1rias complexas.<\/p>\n<p>Para exercer sua fun\u00e7\u00e3o, o profissional deve ter um bom senso cr\u00edtico e criativo, al\u00e9m de conhecimento t\u00e9cnico na \u00e1rea de design gr\u00e1fico, web design, fotografia e v\u00eddeo. Tamb\u00e9m \u00e9 importante estar sempre atualizado sobre as tend\u00eancias do mercado e os novos meios de comunica\u00e7\u00e3o dispon\u00edveis.<\/p>\n<h3><strong>Quem \u00e9 o Profissional de Marketing?<\/strong><\/h3>\n<p>O profissional de marketing \u00e9 uma pessoa que trabalha com a comunica\u00e7\u00e3o e promo\u00e7\u00e3o de produtos ou servi\u00e7os. Ele precisa ter um bom senso de criatividade para desenvolver campanhas online ou offline que chamem a aten\u00e7\u00e3o do p\u00fablico-alvo, al\u00e9m de um bom conhecimento sobre o mercado e os concorrentes.<\/p>\n<p>Para quem deseja seguir nessa \u00e1rea, o profissional de marketing precisa ter um perfil anal\u00edtico e, principalmente, saber ouvir o seu p\u00fablico. \u00c9 a partir dessas respostas que ele consegue elaborar a\u00e7\u00f5es que podem se converter em novas vendas.<\/p>\n<h3><strong>Quem \u00e9 o Profissional de Rela\u00e7\u00f5es P\u00fablicas?<\/strong><\/h3>\n<p>O profissional de rela\u00e7\u00f5es p\u00fablicas \u00e9 o intermedi\u00e1rio entre a empresa e o mercado, atuando na cria\u00e7\u00e3o e implementa\u00e7\u00e3o de estrat\u00e9gias de comunica\u00e7\u00e3o que visam estabelecer uma boa imagem da marca perante o p\u00fablico.<\/p>\n<p>Suas principais atribui\u00e7\u00f5es s\u00e3o: elaborar e executar planos de comunica\u00e7\u00e3o; identificar e monitorar as opini\u00f5es do p\u00fablico sobre a marca; realizar pesquisas de opini\u00e3o; atuar na cria\u00e7\u00e3o e gerenciamento de campanhas publicit\u00e1rias; assessorar os executivos na elabora\u00e7\u00e3o de discursos; al\u00e9m de gerenciar crises.<\/p>\n<h3><strong>Quem \u00e9 o Profissional de Cinema?<\/strong><\/h3>\n<p>O profissional de cinema estudou diversas \u00e1reas da produ\u00e7\u00e3o de audiovisual, ao contr\u00e1rio do que muitas pessoas pensam que s\u00f3 produz filme para passar no cinema. Ele aprende diferentes tipos de especialidades, como sonoplastia, cen\u00e1rio, grava\u00e7\u00e3o, dire\u00e7\u00e3o, efeitos visuais, edi\u00e7\u00e3o de imagem e elabora\u00e7\u00e3o de roteiro.<\/p>\n<p>O mercado de trabalho para um profissional de cinema \u00e9 bastante amplo. Ele pode trabalhar em produtoras, est\u00fadios, ag\u00eancias publicit\u00e1rias, jornais ou TV.<\/p>\n<h3><strong>Quem \u00e9 o Profissional de Radialismo?<\/strong><\/h3>\n<p>O radialista \u00e9 o profissional que atua na cria\u00e7\u00e3o, produ\u00e7\u00e3o e apresenta\u00e7\u00e3o de programas de r\u00e1dio. Ele precisa ter um bom senso de comunica\u00e7\u00e3o, criatividade e esp\u00edrito inovador para criar conte\u00fados interessantes e atraentes para o p\u00fablico. Al\u00e9m disso, o radialista tamb\u00e9m precisa ter habilidades t\u00e9cnicas para operar os equipamentos da r\u00e1dio e realizar a edi\u00e7\u00e3o dos programas.<\/p>\n<p>Para quem quer trabalhar com comunica\u00e7\u00e3o social e apenas enxerga o radialismo como uma \u00e1rea nos formatos convencionais, j\u00e1 pode mudar de ideia. A R\u00e1dio j\u00e1 se digitalizou e criou op\u00e7\u00f5es muito convencionais como as web-r\u00e1dios e os podcast, ou seja, \u00e9 um mercado que est\u00e1 em expans\u00e3o.<\/p>\n<h2><strong>As diferentes formas de se trabalhar com Comunica\u00e7\u00e3o Social<\/strong><\/h2>\n<p>Existem v\u00e1rias formas de trabalhar com Comunica\u00e7\u00e3o Social. Voc\u00ea pode atuar como profissional freelancer, ou trabalhar em uma ag\u00eancia de comunica\u00e7\u00e3o ou empresa. Muitos profissionais tamb\u00e9m optam por trabalhar como consultores de comunica\u00e7\u00e3o, assessorando clientes em suas estrat\u00e9gias de vendas.<\/p>\n<p>Para atuar nessa \u00e1rea, uma dica que pode fazer a diferen\u00e7a, \u00e9 ter conhecimentos sobre assuntos como <a href=\"https:\/\/estacaoindoor.com\/neuromarketing-como-pode-ajudar-a-sua-empresa\/\">o que \u00e9 neuromarketing<\/a> e como us\u00e1-lo para atrair mais vendas. Mas vale lembrar que \u00e9 essencial que o candidato tenha uma boa flu\u00eancia verbal e escrita, pensamento anal\u00edtico, al\u00e9m de ser criativo e ter facilidade para trabalhar em equipe.<\/p>\n<h2><strong>O que fazer para se tornar um profissional da Comunica\u00e7\u00e3o Social?<\/strong><\/h2>\n<p>Vontade \u00e9 o primeiro passo, pois para trabalhar com comunica\u00e7\u00e3o social \u00e9 preciso estar em constante movimento, se informando e criando novos conte\u00fados para suas especializa\u00e7\u00f5es.<\/p>\n<p>Para nos ajudar na procura do profissional ideal, fomos procurar quem j\u00e1 est\u00e1 no mercado e tem experi\u00eancia na contrata\u00e7\u00e3o deste profissional. Leonardo Rocha \u00e9 s\u00f3cio diretor da Esta\u00e7\u00e3o Indoor, uma <a href=\"https:\/\/www.estacaoindoor.com\">ag\u00eancia de marketing digital no Rio de Janeiro<\/a>, e para ele \u00e9 poss\u00edvel se tornar um profissional da \u00e1rea com alguns passos simples:<\/p>\n<ul>\n<li><strong>Escolha uma faculdade de comunica\u00e7\u00e3o social:<\/strong> para trabalhar com comunica\u00e7\u00e3o social, \u00e9 importante ter forma\u00e7\u00e3o acad\u00eamica na \u00e1rea. As faculdades oferecem cursos voltados para a \u00e1rea da comunica\u00e7\u00e3o, onde os alunos aprendem sobre as diferentes ferramentas e t\u00e9cnicas utilizadas na \u00e1rea;<\/li>\n<li><strong>Especialize-se:<\/strong> Ap\u00f3s a gradua\u00e7\u00e3o, \u00e9 importante buscar uma especializa\u00e7\u00e3o em alguma \u00e1rea da comunica\u00e7\u00e3o social, para se destacar no mercado de trabalho. Pode ser uma p\u00f3s-gradua\u00e7\u00e3o ou MBA em marketing digital, jornalismo ou rela\u00e7\u00f5es p\u00fablicas, por exemplo;<\/li>\n<li><strong>Crie um portfolio: <\/strong>Um portfolio \u00e9 importante para mostrar seu trabalho para potenciais empregadores. Inclua nele trabalhos que voc\u00ea j\u00e1 realizou, como artigos, v\u00eddeos ou campanhas publicit\u00e1rias. Se voc\u00ea n\u00e3o tem experi\u00eancia, crie para voc\u00ea mesmo e mostre como exemplo do que \u00e9 capaz;<\/li>\n<li><strong>Redes sociais:<\/strong> Para quem quer trabalhar com comunica\u00e7\u00e3o social, as redes sociais s\u00e3o importantes ferramentas para profissionais. Crie perfis em sites e aplicativos de networking para conhecer outros perfis e trocar experi\u00eancias;<\/li>\n<li><strong>Participar de eventos:<\/strong> Participar de eventos da \u00e1rea da comunica\u00e7\u00e3o social \u00e9 uma \u00f3tima maneira de fazer networking e ficar por dentro das novidades da \u00e1rea. S\u00e3o diversos tipos de eventos, como congressos, palestras e workshops;<\/li>\n<li><strong>Ingl\u00eas:<\/strong> N\u00e3o \u00e9 obrigat\u00f3rio, mas \u00e9 um diferencial. Ter flu\u00eancia em ingl\u00eas \u00e9 importante, j\u00e1 que a maioria das ferramentas e plataformas utilizadas na \u00e1rea s\u00e3o em ingl\u00eas. Se voc\u00ea ainda n\u00e3o tem flu\u00eancia, comece a estudar o idioma o quanto antes.<\/li>\n<\/ul>\n<h2><strong>Pr\u00f3s e contras da comunica\u00e7\u00e3o social<\/strong><\/h2>\n<p>A principal vantagem de trabalhar com comunica\u00e7\u00e3o social \u00e9 o fato de que voc\u00ea pode exercer, como foi visto anteriormente, a profiss\u00e3o em diversos setores. Isso significa que h\u00e1 mais chances de encontrar um emprego que seja compat\u00edvel com seus interesses e objetivos profissionais.<\/p>\n<p>Outro ponto positivo \u00e9 a possibilidade de trabalhar em diversos lugares. Como a \u00e1rea da comunica\u00e7\u00e3o social est\u00e1 presente em praticamente todas as organiza\u00e7\u00f5es, voc\u00ea poder\u00e1 trabalhar tanto em empresas privadas quanto p\u00fablicas, al\u00e9m de ter a oportunidade de trabalhar em qualquer lugar do mundo.<\/p>\n<p>A principal desvantagem de trabalhar com comunica\u00e7\u00e3o social \u00e9 o fato de que a profiss\u00e3o exige muita dedica\u00e7\u00e3o e comprometimento. Isso significa que voc\u00ea ter\u00e1 que estar disposto a trabalhar muitas horas, \u00e0s vezes em hor\u00e1rios inusitados, para cumprir suas responsabilidades.<\/p>\n<p>Outro ponto negativo \u00e9 que a comunica\u00e7\u00e3o social pode ser uma profiss\u00e3o estressante. Isso acontece porque voc\u00ea ter\u00e1 que lidar com diversos problemas e situa\u00e7\u00f5es dif\u00edceis, al\u00e9m de lidar com a press\u00e3o dos prazos.<\/p>\n<p>No geral, trabalhar com comunica\u00e7\u00e3o social \u00e9 muito gratificante, mas sempre \u00e9 bom lembrar que ela \u00e9 uma boa profiss\u00e3o para aqueles que est\u00e3o dispostos a trabalhar duro e enfrentar os desafios de cada mercado que \u00e9 oferecido.<\/p>\n<h2><strong>Pensando em trabalhar com comunica\u00e7\u00e3o social?<\/strong><\/h2>\n<p>A comunica\u00e7\u00e3o social \u00e9 uma \u00e1rea crescente e os profissionais da \u00e1rea est\u00e3o em alta demanda. Se voc\u00ea est\u00e1 pensando em trabalhar com comunica\u00e7\u00e3o social, saiba que h\u00e1 muitas oportunidades de trabalho dispon\u00edveis.<\/p>\n<p>Esses profissionais desempenham um papel importante na sociedade, fornecendo informa\u00e7\u00f5es essenciais para a tomada de decis\u00f5es p\u00fablicas e privadas, al\u00e9m da constru\u00e7\u00e3o de relacionamentos interpessoais e para a promo\u00e7\u00e3o da sa\u00fade e do bem-estar.<\/p>\n<p>Existem muitas maneiras diferentes de trabalhar com comunica\u00e7\u00e3o social. Alguns em ag\u00eancias de publicidade ou empresas de marketing, outros trabalham para organiza\u00e7\u00f5es sem fins lucrativos ou ONGs, enquanto outros ainda atuam como jornalistas ou blogueiros independentes. Op\u00e7\u00f5es \u00e9 o que n\u00e3o faltam!<\/p>\n<p>Qualquer que seja a sua escolha, \u00e9 importante que voc\u00ea seja um bom escritor e comunicador, al\u00e9m de ter um bom senso de organiza\u00e7\u00e3o e capacidade de gerenciar v\u00e1rias tarefas ao mesmo tempo. Se voc\u00ea estiver procurando por uma carreira emocionante e gratificante, trabalhar com comunica\u00e7\u00e3o social pode ser a escolha certa para voc\u00ea.<\/p>\n<p>Uma das melhores faculdades onde se pode fazer esse curso em Lisboa \u00e9 o<a href=\"https:\/\/www.escs.ipl.pt\/home\"> ESCS.<\/a><\/p>","protected":false},"excerpt":{"rendered":"<p>Saiba mais aqui! A carreira de comunica\u00e7\u00e3o social \u00e9 uma das mais promissoras do mercado de trabalho. Com o avan\u00e7o da tecnologia, a profiss\u00e3o ganhou novas ferramentas e especializa\u00e7\u00f5es. Al\u00e9m disso, a cada dia surgem novas oportunidades para quem deseja seguir nessa \u00e1rea. O dinamismo \u00e9 um ponto fundamental para quem quer trabalhar com comunica\u00e7\u00e3o [&hellip;]<\/p>\n","protected":false},"author":1,"featured_media":553,"comment_status":"open","ping_status":"open","sticky":false,"template":"","format":"standard","meta":{"footnotes":""},"categories":[18],"tags":[],"class_list":["post-552","post","type-post","status-publish","format-standard","has-post-thumbnail","hentry","category-dicas-de-portugal"],"acf":[],"yoast_head":"<!-- This site is optimized with the Yoast SEO plugin v27.5 - https:\/\/yoast.com\/product\/yoast-seo-wordpress\/ -->\n<title>Quer trabalhar com comunica\u00e7\u00e3o social em Portugal? - Encontre Portugal<\/title>\n<meta name=\"robots\" content=\"index, follow, max-snippet:-1, max-image-preview:large, max-video-preview:-1\" \/>\n<link rel=\"canonical\" href=\"https:\/\/encontreportugal.pt\/es\/quer-trabalhar-com-comunicacao-social-em-portugal\/\" \/>\n<meta property=\"og:locale\" content=\"es_ES\" \/>\n<meta property=\"og:type\" content=\"article\" \/>\n<meta property=\"og:title\" content=\"Quer trabalhar com comunica\u00e7\u00e3o social em Portugal? - Encontre Portugal\" \/>\n<meta property=\"og:url\" content=\"https:\/\/encontreportugal.pt\/es\/quer-trabalhar-com-comunicacao-social-em-portugal\/\" \/>\n<meta property=\"og:site_name\" content=\"Encontre Portugal\" \/>\n<meta property=\"article:published_time\" content=\"2022-12-10T18:43:54+00:00\" \/>\n<meta property=\"article:modified_time\" content=\"2023-11-08T20:10:16+00:00\" \/>\n<meta property=\"og:image\" content=\"https:\/\/encontreportugal.pt\/wp-content\/uploads\/2022\/12\/jornalistas_noticias_jornalismo_ilustracao_makyzz_freepik13540d02defaultlarge_1024.jpg\" \/>\n\t<meta property=\"og:image:width\" content=\"1024\" \/>\n\t<meta property=\"og:image:height\" content=\"576\" \/>\n\t<meta property=\"og:image:type\" content=\"image\/jpeg\" \/>\n<meta name=\"author\" content=\"Douglas Barbosa\" \/>\n<meta name=\"twitter:card\" content=\"summary_large_image\" \/>\n<meta name=\"twitter:label1\" content=\"Escrito por\" \/>\n\t<meta name=\"twitter:data1\" content=\"Douglas Barbosa\" \/>\n\t<meta name=\"twitter:label2\" content=\"Tiempo de lectura\" \/>\n\t<meta name=\"twitter:data2\" content=\"9 minutos\" \/>\n<script type=\"application\/ld+json\" class=\"yoast-schema-graph\">{\"@context\":\"https:\\\/\\\/schema.org\",\"@graph\":[{\"@type\":\"Article\",\"@id\":\"https:\\\/\\\/encontreportugal.pt\\\/quer-trabalhar-com-comunicacao-social-em-portugal\\\/#article\",\"isPartOf\":{\"@id\":\"https:\\\/\\\/encontreportugal.pt\\\/quer-trabalhar-com-comunicacao-social-em-portugal\\\/\"},\"author\":{\"name\":\"Douglas Barbosa\",\"@id\":\"https:\\\/\\\/encontreportugal.pt\\\/zh\\\/#\\\/schema\\\/person\\\/71ee126caa8e8746f4e1d07bb50ba747\"},\"headline\":\"Quer trabalhar com comunica\u00e7\u00e3o social em Portugal?\",\"datePublished\":\"2022-12-10T18:43:54+00:00\",\"dateModified\":\"2023-11-08T20:10:16+00:00\",\"mainEntityOfPage\":{\"@id\":\"https:\\\/\\\/encontreportugal.pt\\\/quer-trabalhar-com-comunicacao-social-em-portugal\\\/\"},\"wordCount\":1889,\"commentCount\":0,\"publisher\":{\"@id\":\"https:\\\/\\\/encontreportugal.pt\\\/zh\\\/#organization\"},\"image\":{\"@id\":\"https:\\\/\\\/encontreportugal.pt\\\/quer-trabalhar-com-comunicacao-social-em-portugal\\\/#primaryimage\"},\"thumbnailUrl\":\"https:\\\/\\\/encontreportugal.pt\\\/wp-content\\\/uploads\\\/2022\\\/12\\\/jornalistas_noticias_jornalismo_ilustracao_makyzz_freepik13540d02defaultlarge_1024.jpg\",\"articleSection\":[\"Dicas de Portugal\"],\"inLanguage\":\"es\",\"potentialAction\":[{\"@type\":\"CommentAction\",\"name\":\"Comment\",\"target\":[\"https:\\\/\\\/encontreportugal.pt\\\/quer-trabalhar-com-comunicacao-social-em-portugal\\\/#respond\"]}]},{\"@type\":\"WebPage\",\"@id\":\"https:\\\/\\\/encontreportugal.pt\\\/quer-trabalhar-com-comunicacao-social-em-portugal\\\/\",\"url\":\"https:\\\/\\\/encontreportugal.pt\\\/quer-trabalhar-com-comunicacao-social-em-portugal\\\/\",\"name\":\"Quer trabalhar com comunica\u00e7\u00e3o social em Portugal? - Encontre Portugal\",\"isPartOf\":{\"@id\":\"https:\\\/\\\/encontreportugal.pt\\\/zh\\\/#website\"},\"primaryImageOfPage\":{\"@id\":\"https:\\\/\\\/encontreportugal.pt\\\/quer-trabalhar-com-comunicacao-social-em-portugal\\\/#primaryimage\"},\"image\":{\"@id\":\"https:\\\/\\\/encontreportugal.pt\\\/quer-trabalhar-com-comunicacao-social-em-portugal\\\/#primaryimage\"},\"thumbnailUrl\":\"https:\\\/\\\/encontreportugal.pt\\\/wp-content\\\/uploads\\\/2022\\\/12\\\/jornalistas_noticias_jornalismo_ilustracao_makyzz_freepik13540d02defaultlarge_1024.jpg\",\"datePublished\":\"2022-12-10T18:43:54+00:00\",\"dateModified\":\"2023-11-08T20:10:16+00:00\",\"breadcrumb\":{\"@id\":\"https:\\\/\\\/encontreportugal.pt\\\/quer-trabalhar-com-comunicacao-social-em-portugal\\\/#breadcrumb\"},\"inLanguage\":\"es\",\"potentialAction\":[{\"@type\":\"ReadAction\",\"target\":[\"https:\\\/\\\/encontreportugal.pt\\\/quer-trabalhar-com-comunicacao-social-em-portugal\\\/\"]}]},{\"@type\":\"ImageObject\",\"inLanguage\":\"es\",\"@id\":\"https:\\\/\\\/encontreportugal.pt\\\/quer-trabalhar-com-comunicacao-social-em-portugal\\\/#primaryimage\",\"url\":\"https:\\\/\\\/encontreportugal.pt\\\/wp-content\\\/uploads\\\/2022\\\/12\\\/jornalistas_noticias_jornalismo_ilustracao_makyzz_freepik13540d02defaultlarge_1024.jpg\",\"contentUrl\":\"https:\\\/\\\/encontreportugal.pt\\\/wp-content\\\/uploads\\\/2022\\\/12\\\/jornalistas_noticias_jornalismo_ilustracao_makyzz_freepik13540d02defaultlarge_1024.jpg\",\"width\":1024,\"height\":576,\"caption\":\"comunica\u00e7\u00e3o social lisboa\"},{\"@type\":\"BreadcrumbList\",\"@id\":\"https:\\\/\\\/encontreportugal.pt\\\/quer-trabalhar-com-comunicacao-social-em-portugal\\\/#breadcrumb\",\"itemListElement\":[{\"@type\":\"ListItem\",\"position\":1,\"name\":\"In\u00edcio\",\"item\":\"https:\\\/\\\/encontreportugal.pt\\\/zh\\\/\"},{\"@type\":\"ListItem\",\"position\":2,\"name\":\"Quer trabalhar com comunica\u00e7\u00e3o social em Portugal?\"}]},{\"@type\":\"WebSite\",\"@id\":\"https:\\\/\\\/encontreportugal.pt\\\/zh\\\/#website\",\"url\":\"https:\\\/\\\/encontreportugal.pt\\\/zh\\\/\",\"name\":\"Encontre Portugal\",\"description\":\"O maior Portal de dicas ao imigrante brasileiro em Portugal.\",\"publisher\":{\"@id\":\"https:\\\/\\\/encontreportugal.pt\\\/zh\\\/#organization\"},\"potentialAction\":[{\"@type\":\"SearchAction\",\"target\":{\"@type\":\"EntryPoint\",\"urlTemplate\":\"https:\\\/\\\/encontreportugal.pt\\\/zh\\\/?s={search_term_string}\"},\"query-input\":{\"@type\":\"PropertyValueSpecification\",\"valueRequired\":true,\"valueName\":\"search_term_string\"}}],\"inLanguage\":\"es\"},{\"@type\":\"Organization\",\"@id\":\"https:\\\/\\\/encontreportugal.pt\\\/zh\\\/#organization\",\"name\":\"Encontre Portugal\",\"url\":\"https:\\\/\\\/encontreportugal.pt\\\/zh\\\/\",\"logo\":{\"@type\":\"ImageObject\",\"inLanguage\":\"es\",\"@id\":\"https:\\\/\\\/encontreportugal.pt\\\/zh\\\/#\\\/schema\\\/logo\\\/image\\\/\",\"url\":\"https:\\\/\\\/encontreportugal.pt\\\/wp-content\\\/uploads\\\/2024\\\/04\\\/cropped-logo-encontre-portugal.png\",\"contentUrl\":\"https:\\\/\\\/encontreportugal.pt\\\/wp-content\\\/uploads\\\/2024\\\/04\\\/cropped-logo-encontre-portugal.png\",\"width\":500,\"height\":165,\"caption\":\"Encontre Portugal\"},\"image\":{\"@id\":\"https:\\\/\\\/encontreportugal.pt\\\/zh\\\/#\\\/schema\\\/logo\\\/image\\\/\"}},{\"@type\":\"Person\",\"@id\":\"https:\\\/\\\/encontreportugal.pt\\\/zh\\\/#\\\/schema\\\/person\\\/71ee126caa8e8746f4e1d07bb50ba747\",\"name\":\"Douglas Barbosa\",\"image\":{\"@type\":\"ImageObject\",\"inLanguage\":\"es\",\"@id\":\"https:\\\/\\\/encontreportugal.pt\\\/wp-content\\\/uploads\\\/2024\\\/03\\\/douglasfdb_avatar-96x96.jpeg\",\"url\":\"https:\\\/\\\/encontreportugal.pt\\\/wp-content\\\/uploads\\\/2024\\\/03\\\/douglasfdb_avatar-96x96.jpeg\",\"contentUrl\":\"https:\\\/\\\/encontreportugal.pt\\\/wp-content\\\/uploads\\\/2024\\\/03\\\/douglasfdb_avatar-96x96.jpeg\",\"caption\":\"Douglas Barbosa\"},\"description\":\"Graduado em Tecnologia de Redes de Computadores e com P\u00f3s-Gradua\u00e7\u00e3o em Marketing Digital, Business Intelligence e Estrat\u00e9gia Data-Driven pela Pontif\u00edcia Universidade Cat\u00f3lica (PUC). Capacita\u00e7\u00e3o em Linguagem Corporal e Detec\u00e7\u00e3o de Microexpress\u00f5es Faciais. Participa\u00e7\u00e3o na forma\u00e7\u00e3o \\\"M\u00e1quina de Tr\u00e1fego e Convers\u00e3o - Aprenda a Vender Mais pelo Google Todos os Dias\\\". Certificado pelo Google em Rede de Pesquisa. Vasta experi\u00eancia em projetos de SEO, gest\u00e3o de tr\u00e1fego pago no Google Ads e Cria\u00e7\u00e3o de Websites.\",\"sameAs\":[\"https:\\\/\\\/encontreportugal.pt\"],\"url\":\"https:\\\/\\\/encontreportugal.pt\\\/es\\\/author\\\/douglasfdb\\\/\"}]}<\/script>\n<!-- \/ Yoast SEO plugin. -->","yoast_head_json":{"title":"Quer trabalhar com comunica\u00e7\u00e3o social em Portugal? - Encontre Portugal","robots":{"index":"index","follow":"follow","max-snippet":"max-snippet:-1","max-image-preview":"max-image-preview:large","max-video-preview":"max-video-preview:-1"},"canonical":"https:\/\/encontreportugal.pt\/es\/quer-trabalhar-com-comunicacao-social-em-portugal\/","og_locale":"es_ES","og_type":"article","og_title":"Quer trabalhar com comunica\u00e7\u00e3o social em Portugal? - Encontre Portugal","og_url":"https:\/\/encontreportugal.pt\/es\/quer-trabalhar-com-comunicacao-social-em-portugal\/","og_site_name":"Encontre Portugal","article_published_time":"2022-12-10T18:43:54+00:00","article_modified_time":"2023-11-08T20:10:16+00:00","og_image":[{"width":1024,"height":576,"url":"https:\/\/encontreportugal.pt\/wp-content\/uploads\/2022\/12\/jornalistas_noticias_jornalismo_ilustracao_makyzz_freepik13540d02defaultlarge_1024.jpg","type":"image\/jpeg"}],"author":"Douglas Barbosa","twitter_card":"summary_large_image","twitter_misc":{"Escrito por":"Douglas Barbosa","Tiempo de lectura":"9 minutos"},"schema":{"@context":"https:\/\/schema.org","@graph":[{"@type":"Article","@id":"https:\/\/encontreportugal.pt\/quer-trabalhar-com-comunicacao-social-em-portugal\/#article","isPartOf":{"@id":"https:\/\/encontreportugal.pt\/quer-trabalhar-com-comunicacao-social-em-portugal\/"},"author":{"name":"Douglas Barbosa","@id":"https:\/\/encontreportugal.pt\/zh\/#\/schema\/person\/71ee126caa8e8746f4e1d07bb50ba747"},"headline":"Quer trabalhar com comunica\u00e7\u00e3o social em Portugal?","datePublished":"2022-12-10T18:43:54+00:00","dateModified":"2023-11-08T20:10:16+00:00","mainEntityOfPage":{"@id":"https:\/\/encontreportugal.pt\/quer-trabalhar-com-comunicacao-social-em-portugal\/"},"wordCount":1889,"commentCount":0,"publisher":{"@id":"https:\/\/encontreportugal.pt\/zh\/#organization"},"image":{"@id":"https:\/\/encontreportugal.pt\/quer-trabalhar-com-comunicacao-social-em-portugal\/#primaryimage"},"thumbnailUrl":"https:\/\/encontreportugal.pt\/wp-content\/uploads\/2022\/12\/jornalistas_noticias_jornalismo_ilustracao_makyzz_freepik13540d02defaultlarge_1024.jpg","articleSection":["Dicas de Portugal"],"inLanguage":"es","potentialAction":[{"@type":"CommentAction","name":"Comment","target":["https:\/\/encontreportugal.pt\/quer-trabalhar-com-comunicacao-social-em-portugal\/#respond"]}]},{"@type":"WebPage","@id":"https:\/\/encontreportugal.pt\/quer-trabalhar-com-comunicacao-social-em-portugal\/","url":"https:\/\/encontreportugal.pt\/quer-trabalhar-com-comunicacao-social-em-portugal\/","name":"Quer trabalhar com comunica\u00e7\u00e3o social em Portugal? - Encontre Portugal","isPartOf":{"@id":"https:\/\/encontreportugal.pt\/zh\/#website"},"primaryImageOfPage":{"@id":"https:\/\/encontreportugal.pt\/quer-trabalhar-com-comunicacao-social-em-portugal\/#primaryimage"},"image":{"@id":"https:\/\/encontreportugal.pt\/quer-trabalhar-com-comunicacao-social-em-portugal\/#primaryimage"},"thumbnailUrl":"https:\/\/encontreportugal.pt\/wp-content\/uploads\/2022\/12\/jornalistas_noticias_jornalismo_ilustracao_makyzz_freepik13540d02defaultlarge_1024.jpg","datePublished":"2022-12-10T18:43:54+00:00","dateModified":"2023-11-08T20:10:16+00:00","breadcrumb":{"@id":"https:\/\/encontreportugal.pt\/quer-trabalhar-com-comunicacao-social-em-portugal\/#breadcrumb"},"inLanguage":"es","potentialAction":[{"@type":"ReadAction","target":["https:\/\/encontreportugal.pt\/quer-trabalhar-com-comunicacao-social-em-portugal\/"]}]},{"@type":"ImageObject","inLanguage":"es","@id":"https:\/\/encontreportugal.pt\/quer-trabalhar-com-comunicacao-social-em-portugal\/#primaryimage","url":"https:\/\/encontreportugal.pt\/wp-content\/uploads\/2022\/12\/jornalistas_noticias_jornalismo_ilustracao_makyzz_freepik13540d02defaultlarge_1024.jpg","contentUrl":"https:\/\/encontreportugal.pt\/wp-content\/uploads\/2022\/12\/jornalistas_noticias_jornalismo_ilustracao_makyzz_freepik13540d02defaultlarge_1024.jpg","width":1024,"height":576,"caption":"comunica\u00e7\u00e3o social lisboa"},{"@type":"BreadcrumbList","@id":"https:\/\/encontreportugal.pt\/quer-trabalhar-com-comunicacao-social-em-portugal\/#breadcrumb","itemListElement":[{"@type":"ListItem","position":1,"name":"In\u00edcio","item":"https:\/\/encontreportugal.pt\/zh\/"},{"@type":"ListItem","position":2,"name":"Quer trabalhar com comunica\u00e7\u00e3o social em Portugal?"}]},{"@type":"WebSite","@id":"https:\/\/encontreportugal.pt\/zh\/#website","url":"https:\/\/encontreportugal.pt\/zh\/","name":"Buscar Portugal","description":"O maior Portal de dicas ao imigrante brasileiro em Portugal.","publisher":{"@id":"https:\/\/encontreportugal.pt\/zh\/#organization"},"potentialAction":[{"@type":"SearchAction","target":{"@type":"EntryPoint","urlTemplate":"https:\/\/encontreportugal.pt\/zh\/?s={search_term_string}"},"query-input":{"@type":"PropertyValueSpecification","valueRequired":true,"valueName":"search_term_string"}}],"inLanguage":"es"},{"@type":"Organization","@id":"https:\/\/encontreportugal.pt\/zh\/#organization","name":"Buscar Portugal","url":"https:\/\/encontreportugal.pt\/zh\/","logo":{"@type":"ImageObject","inLanguage":"es","@id":"https:\/\/encontreportugal.pt\/zh\/#\/schema\/logo\/image\/","url":"https:\/\/encontreportugal.pt\/wp-content\/uploads\/2024\/04\/cropped-logo-encontre-portugal.png","contentUrl":"https:\/\/encontreportugal.pt\/wp-content\/uploads\/2024\/04\/cropped-logo-encontre-portugal.png","width":500,"height":165,"caption":"Encontre Portugal"},"image":{"@id":"https:\/\/encontreportugal.pt\/zh\/#\/schema\/logo\/image\/"}},{"@type":"Person","@id":"https:\/\/encontreportugal.pt\/zh\/#\/schema\/person\/71ee126caa8e8746f4e1d07bb50ba747","name":"Douglas Barbosa","image":{"@type":"ImageObject","inLanguage":"es","@id":"https:\/\/encontreportugal.pt\/wp-content\/uploads\/2024\/03\/douglasfdb_avatar-96x96.jpeg","url":"https:\/\/encontreportugal.pt\/wp-content\/uploads\/2024\/03\/douglasfdb_avatar-96x96.jpeg","contentUrl":"https:\/\/encontreportugal.pt\/wp-content\/uploads\/2024\/03\/douglasfdb_avatar-96x96.jpeg","caption":"Douglas Barbosa"},"description":"Licenciado en Tecnolog\u00eda de Redes Inform\u00e1ticas y postgrado en Marketing Digital, Business Intelligence y Data-Driven Strategy por la Pontificia Universidad Cat\u00f3lica (PUC). Formaci\u00f3n en Lenguaje Corporal y Detecci\u00f3n de Microexpresiones Faciales. Participaci\u00f3n en el curso de formaci\u00f3n \"Traffic and Conversion Machine - Learn to Sell More Through Google Every Day\". Certificado por Google en Optimizaci\u00f3n para Motores de B\u00fasqueda. Amplia experiencia en proyectos SEO, gesti\u00f3n de tr\u00e1fico de pago en Google Ads y creaci\u00f3n de p\u00e1ginas web.","sameAs":["https:\/\/encontreportugal.pt"],"url":"https:\/\/encontreportugal.pt\/es\/author\/douglasfdb\/"}]}},"_links":{"self":[{"href":"https:\/\/encontreportugal.pt\/es\/wp-json\/wp\/v2\/posts\/552","targetHints":{"allow":["GET"]}}],"collection":[{"href":"https:\/\/encontreportugal.pt\/es\/wp-json\/wp\/v2\/posts"}],"about":[{"href":"https:\/\/encontreportugal.pt\/es\/wp-json\/wp\/v2\/types\/post"}],"author":[{"embeddable":true,"href":"https:\/\/encontreportugal.pt\/es\/wp-json\/wp\/v2\/users\/1"}],"replies":[{"embeddable":true,"href":"https:\/\/encontreportugal.pt\/es\/wp-json\/wp\/v2\/comments?post=552"}],"version-history":[{"count":0,"href":"https:\/\/encontreportugal.pt\/es\/wp-json\/wp\/v2\/posts\/552\/revisions"}],"wp:featuredmedia":[{"embeddable":true,"href":"https:\/\/encontreportugal.pt\/es\/wp-json\/wp\/v2\/media\/553"}],"wp:attachment":[{"href":"https:\/\/encontreportugal.pt\/es\/wp-json\/wp\/v2\/media?parent=552"}],"wp:term":[{"taxonomy":"category","embeddable":true,"href":"https:\/\/encontreportugal.pt\/es\/wp-json\/wp\/v2\/categories?post=552"},{"taxonomy":"post_tag","embeddable":true,"href":"https:\/\/encontreportugal.pt\/es\/wp-json\/wp\/v2\/tags?post=552"}],"curies":[{"name":"wp","href":"https:\/\/api.w.org\/{rel}","templated":true}]}}