{"id":8116,"date":"2024-06-30T12:37:51","date_gmt":"2024-06-30T12:37:51","guid":{"rendered":"https:\/\/encontreportugal.pt\/?p=8116"},"modified":"2024-06-30T12:37:51","modified_gmt":"2024-06-30T12:37:51","slug":"governo-portugues-prolonga-validade-de-documentos-de-imigrantes","status":"publish","type":"post","link":"https:\/\/encontreportugal.pt\/es\/governo-portugues-prolonga-validade-de-documentos-de-imigrantes\/","title":{"rendered":"El Gobierno portugu\u00e9s ampl\u00eda la validez de los documentos de los inmigrantes: Lo que hay que saber"},"content":{"rendered":"<h2>El Gobierno portugu\u00e9s ampl\u00eda la validez de los documentos de los inmigrantes: Lo que hay que saber<\/h2>\n<h3>Introducci\u00f3n<\/h3>\n<p>Em uma medida significativa para a comunidade imigrante em Portugal, o governo anunciou a prorroga\u00e7\u00e3o da validade de documentos e vistos por um ano, at\u00e9 30 de junho de 2025. Al\u00e9m disso, foi criada uma estrutura de miss\u00e3o para resolver os processos pendentes na Ag\u00eancia para a Integra\u00e7\u00e3o, Migra\u00e7\u00f5es e Asilo (AIMA). Essa iniciativa faz parte do Plano de A\u00e7\u00e3o para as Migra\u00e7\u00f5es e visa aliviar a press\u00e3o sobre o sistema de imigra\u00e7\u00e3o, beneficiando cerca de 410 mil imigrantes que aguardam regulariza\u00e7\u00e3o.<\/p>\n<h3>Prorroga\u00e7\u00e3o da Validade dos Documentos<\/h3>\n<p>A decis\u00e3o de prorrogar a validade dos documentos de resid\u00eancia, <a href=\"https:\/\/encontreportugal.pt\/es\/descubra-os-passos-para-obter-o-visto-de-procura-de-trabalho-em-portugal-e-permanecer-legalmente-no-pais-por-ate-120-dias\/\">vistos de trabalho<\/a> e vistos de mobilidade da Comunidade dos Pa\u00edses de L\u00edngua Portuguesa (CPLP) por um ano foi anunciada ap\u00f3s a reuni\u00e3o do Conselho de Ministros. Esta medida \u00e9 um al\u00edvio bem-vindo para muitos imigrantes que enfrentam incertezas devido ao ac\u00famulo de processos na AIMA.<\/p>\n<h4>Impacto para os Imigrantes<\/h4>\n<p>Com a prorroga\u00e7\u00e3o, os imigrantes ter\u00e3o mais tempo para regularizar sua situa\u00e7\u00e3o sem o medo constante de que seus documentos expirem antes que possam ser renovados. Esta medida tamb\u00e9m proporciona uma janela adicional para que a AIMA e outros organismos governamentais resolvam o ac\u00famulo de processos de forma eficiente.<\/p>\n<h3>Estrutura de Miss\u00e3o para Recupera\u00e7\u00e3o de Processos Pendentes<\/h3>\n<p>Para enfrentar o desafio dos processos pendentes, o governo criou uma &#8220;Estrutura de Miss\u00e3o para a Recupera\u00e7\u00e3o de Processos Pendentes na AIMA&#8221;. Esta estrutura ser\u00e1 respons\u00e1vel por analisar e decidir sobre os processos de regulariza\u00e7\u00e3o de estrangeiros at\u00e9 2 de junho de 2025. Com uma equipe de at\u00e9 300 pessoas, a estrutura focar\u00e1 tanto na tramita\u00e7\u00e3o administrativa quanto no atendimento aos requerentes.<\/p>\n<h4>Objetivos e Benef\u00edcios<\/h4>\n<p>A nova estrutura tem como principal objetivo reduzir drasticamente o n\u00famero de processos pendentes, que atualmente se situa em torno de 410 mil. O presidente da AIMA, Lu\u00eds Goes Pinheiro, expressou confian\u00e7a de que as quest\u00f5es pendentes ser\u00e3o resolvidas at\u00e9 o ver\u00e3o de 2025. Isso permitir\u00e1 que a AIMA e outras autoridades tratem apenas dos processos em curso, tornando o sistema mais \u00e1gil e eficiente.<\/p>\n<h3>O Plano de A\u00e7\u00e3o para as Migra\u00e7\u00f5es<\/h3>\n<p>A prorroga\u00e7\u00e3o dos documentos e a cria\u00e7\u00e3o da nova estrutura fazem parte do Plano de A\u00e7\u00e3o para as Migra\u00e7\u00f5es, aprovado no in\u00edcio do m\u00eas. Este plano visa n\u00e3o apenas resolver os problemas imediatos enfrentados pelos imigrantes, mas tamb\u00e9m criar um sistema mais acolhedor e eficiente para futuras necessidades migrat\u00f3rias.<\/p>\n<h4>Papel do Observat\u00f3rio das Migra\u00e7\u00f5es<\/h4>\n<p>O decreto-lei aprovado pelo governo tamb\u00e9m atribui \u00e0 AIMA uma miss\u00e3o de capta\u00e7\u00e3o proativa de imigrantes, valorizando o Observat\u00f3rio das Migra\u00e7\u00f5es como um \u00f3rg\u00e3o essencial para esses organismos governamentais. O observat\u00f3rio ser\u00e1 fundamental na coleta e an\u00e1lise de dados migrat\u00f3rios, ajudando a informar pol\u00edticas futuras e garantir uma abordagem mais eficaz e humanit\u00e1ria \u00e0 migra\u00e7\u00e3o.<\/p>\n<h3>Desafios e Solu\u00e7\u00f5es<\/h3>\n<p>Embora estas medidas representem um avan\u00e7o significativo, desafios persistem. A gest\u00e3o de um grande n\u00famero de processos pendentes exige recursos consider\u00e1veis e uma coordena\u00e7\u00e3o eficaz entre diferentes entidades governamentais. A implementa\u00e7\u00e3o bem-sucedida destas medidas depender\u00e1 da capacidade do governo em mobilizar recursos e coordenar esfor\u00e7os de maneira eficiente.<\/p>\n<h3>Perspectivas Futuras<\/h3>\n<p>A prorroga\u00e7\u00e3o da validade dos documentos e a cria\u00e7\u00e3o da nova estrutura de miss\u00e3o s\u00e3o passos importantes para melhorar a situa\u00e7\u00e3o dos imigrantes em Portugal. No entanto, para alcan\u00e7ar uma solu\u00e7\u00e3o duradoura, ser\u00e1 necess\u00e1rio um compromisso cont\u00ednuo com a reforma do sistema de imigra\u00e7\u00e3o, garantindo que ele possa atender \u00e0s necessidades de uma popula\u00e7\u00e3o migrante em constante mudan\u00e7a.<\/p>\n<h3>Conclusi\u00f3n<\/h3>\n<p>A decis\u00e3o do governo portugu\u00eas de prorrogar a validade dos documentos de imigrantes e criar uma estrutura de miss\u00e3o para resolver processos pendentes \u00e9 uma medida crucial para melhorar a vida dos imigrantes no pa\u00eds. Essas iniciativas n\u00e3o apenas proporcionam al\u00edvio imediato, mas tamb\u00e9m estabelecem as bases para um sistema de imigra\u00e7\u00e3o mais eficiente e acolhedor no futuro.<\/p>\n<p>Para os imigrantes em Portugal, essas mudan\u00e7as representam um passo positivo em dire\u00e7\u00e3o \u00e0 seguran\u00e7a e estabilidade. \u00c9 essencial que os imigrantes permane\u00e7am informados e aproveitem ao m\u00e1ximo as oportunidades oferecidas por estas novas medidas.<\/p>","protected":false},"excerpt":{"rendered":"<p>Governo Portugu\u00eas Prolonga Validade de Documentos de Imigrantes: O que Voc\u00ea Precisa Saber Introdu\u00e7\u00e3o Em uma medida significativa para a comunidade imigrante em Portugal, o governo anunciou a prorroga\u00e7\u00e3o da validade de documentos e vistos por um ano, at\u00e9 30 de junho de 2025. Al\u00e9m disso, foi criada uma estrutura de miss\u00e3o para resolver os [&hellip;]<\/p>\n","protected":false},"author":1,"featured_media":6376,"comment_status":"open","ping_status":"open","sticky":false,"template":"","format":"standard","meta":{"footnotes":""},"categories":[669,691],"tags":[],"class_list":["post-8116","post","type-post","status-publish","format-standard","has-post-thumbnail","hentry","category-assessoria-imigrantes","category-noticias"],"acf":[],"yoast_head":"<!-- This site is optimized with the Yoast SEO plugin v27.5 - https:\/\/yoast.com\/product\/yoast-seo-wordpress\/ -->\n<title>Governo Portugu\u00eas Prolonga Validade de Documentos de Imigrantes: O que Voc\u00ea Precisa Saber - Encontre Portugal<\/title>\n<meta name=\"robots\" content=\"index, follow, max-snippet:-1, max-image-preview:large, max-video-preview:-1\" \/>\n<link rel=\"canonical\" href=\"https:\/\/encontreportugal.pt\/es\/governo-portugues-prolonga-validade-de-documentos-de-imigrantes\/\" \/>\n<meta property=\"og:locale\" content=\"es_ES\" \/>\n<meta property=\"og:type\" content=\"article\" \/>\n<meta property=\"og:title\" content=\"Governo Portugu\u00eas Prolonga Validade de Documentos de Imigrantes: O que Voc\u00ea Precisa Saber - Encontre Portugal\" \/>\n<meta property=\"og:url\" content=\"https:\/\/encontreportugal.pt\/es\/governo-portugues-prolonga-validade-de-documentos-de-imigrantes\/\" \/>\n<meta property=\"og:site_name\" content=\"Encontre Portugal\" \/>\n<meta property=\"article:published_time\" content=\"2024-06-30T12:37:51+00:00\" \/>\n<meta property=\"og:image\" content=\"https:\/\/encontreportugal.pt\/wp-content\/uploads\/2024\/04\/aima.jpeg\" \/>\n\t<meta property=\"og:image:width\" content=\"1024\" \/>\n\t<meta property=\"og:image:height\" content=\"1024\" \/>\n\t<meta property=\"og:image:type\" content=\"image\/jpeg\" \/>\n<meta name=\"author\" content=\"Douglas Barbosa\" \/>\n<meta name=\"twitter:card\" content=\"summary_large_image\" \/>\n<meta name=\"twitter:label1\" content=\"Escrito por\" \/>\n\t<meta name=\"twitter:data1\" content=\"Douglas Barbosa\" \/>\n\t<meta name=\"twitter:label2\" content=\"Tiempo de lectura\" \/>\n\t<meta name=\"twitter:data2\" content=\"4 minutos\" \/>\n<script type=\"application\/ld+json\" class=\"yoast-schema-graph\">{\"@context\":\"https:\\\/\\\/schema.org\",\"@graph\":[{\"@type\":\"Article\",\"@id\":\"https:\\\/\\\/encontreportugal.pt\\\/governo-portugues-prolonga-validade-de-documentos-de-imigrantes\\\/#article\",\"isPartOf\":{\"@id\":\"https:\\\/\\\/encontreportugal.pt\\\/governo-portugues-prolonga-validade-de-documentos-de-imigrantes\\\/\"},\"author\":{\"name\":\"Douglas Barbosa\",\"@id\":\"https:\\\/\\\/encontreportugal.pt\\\/zh\\\/#\\\/schema\\\/person\\\/71ee126caa8e8746f4e1d07bb50ba747\"},\"headline\":\"Governo Portugu\u00eas Prolonga Validade de Documentos de Imigrantes: O que Voc\u00ea Precisa Saber\",\"datePublished\":\"2024-06-30T12:37:51+00:00\",\"mainEntityOfPage\":{\"@id\":\"https:\\\/\\\/encontreportugal.pt\\\/governo-portugues-prolonga-validade-de-documentos-de-imigrantes\\\/\"},\"wordCount\":769,\"commentCount\":0,\"publisher\":{\"@id\":\"https:\\\/\\\/encontreportugal.pt\\\/zh\\\/#organization\"},\"image\":{\"@id\":\"https:\\\/\\\/encontreportugal.pt\\\/governo-portugues-prolonga-validade-de-documentos-de-imigrantes\\\/#primaryimage\"},\"thumbnailUrl\":\"https:\\\/\\\/encontreportugal.pt\\\/wp-content\\\/uploads\\\/2024\\\/04\\\/aima.jpeg\",\"articleSection\":[\"Assessoria imigrantes\",\"Not\u00edcias\"],\"inLanguage\":\"es\",\"potentialAction\":[{\"@type\":\"CommentAction\",\"name\":\"Comment\",\"target\":[\"https:\\\/\\\/encontreportugal.pt\\\/governo-portugues-prolonga-validade-de-documentos-de-imigrantes\\\/#respond\"]}]},{\"@type\":\"WebPage\",\"@id\":\"https:\\\/\\\/encontreportugal.pt\\\/governo-portugues-prolonga-validade-de-documentos-de-imigrantes\\\/\",\"url\":\"https:\\\/\\\/encontreportugal.pt\\\/governo-portugues-prolonga-validade-de-documentos-de-imigrantes\\\/\",\"name\":\"Governo Portugu\u00eas Prolonga Validade de Documentos de Imigrantes: O que Voc\u00ea Precisa Saber - Encontre Portugal\",\"isPartOf\":{\"@id\":\"https:\\\/\\\/encontreportugal.pt\\\/zh\\\/#website\"},\"primaryImageOfPage\":{\"@id\":\"https:\\\/\\\/encontreportugal.pt\\\/governo-portugues-prolonga-validade-de-documentos-de-imigrantes\\\/#primaryimage\"},\"image\":{\"@id\":\"https:\\\/\\\/encontreportugal.pt\\\/governo-portugues-prolonga-validade-de-documentos-de-imigrantes\\\/#primaryimage\"},\"thumbnailUrl\":\"https:\\\/\\\/encontreportugal.pt\\\/wp-content\\\/uploads\\\/2024\\\/04\\\/aima.jpeg\",\"datePublished\":\"2024-06-30T12:37:51+00:00\",\"breadcrumb\":{\"@id\":\"https:\\\/\\\/encontreportugal.pt\\\/governo-portugues-prolonga-validade-de-documentos-de-imigrantes\\\/#breadcrumb\"},\"inLanguage\":\"es\",\"potentialAction\":[{\"@type\":\"ReadAction\",\"target\":[\"https:\\\/\\\/encontreportugal.pt\\\/governo-portugues-prolonga-validade-de-documentos-de-imigrantes\\\/\"]}]},{\"@type\":\"ImageObject\",\"inLanguage\":\"es\",\"@id\":\"https:\\\/\\\/encontreportugal.pt\\\/governo-portugues-prolonga-validade-de-documentos-de-imigrantes\\\/#primaryimage\",\"url\":\"https:\\\/\\\/encontreportugal.pt\\\/wp-content\\\/uploads\\\/2024\\\/04\\\/aima.jpeg\",\"contentUrl\":\"https:\\\/\\\/encontreportugal.pt\\\/wp-content\\\/uploads\\\/2024\\\/04\\\/aima.jpeg\",\"width\":1024,\"height\":1024,\"caption\":\"aima\"},{\"@type\":\"BreadcrumbList\",\"@id\":\"https:\\\/\\\/encontreportugal.pt\\\/governo-portugues-prolonga-validade-de-documentos-de-imigrantes\\\/#breadcrumb\",\"itemListElement\":[{\"@type\":\"ListItem\",\"position\":1,\"name\":\"In\u00edcio\",\"item\":\"https:\\\/\\\/encontreportugal.pt\\\/zh\\\/\"},{\"@type\":\"ListItem\",\"position\":2,\"name\":\"Governo Portugu\u00eas Prolonga Validade de Documentos de Imigrantes: O que Voc\u00ea Precisa Saber\"}]},{\"@type\":\"WebSite\",\"@id\":\"https:\\\/\\\/encontreportugal.pt\\\/zh\\\/#website\",\"url\":\"https:\\\/\\\/encontreportugal.pt\\\/zh\\\/\",\"name\":\"Encontre Portugal\",\"description\":\"O maior Portal de dicas ao imigrante brasileiro em Portugal.\",\"publisher\":{\"@id\":\"https:\\\/\\\/encontreportugal.pt\\\/zh\\\/#organization\"},\"potentialAction\":[{\"@type\":\"SearchAction\",\"target\":{\"@type\":\"EntryPoint\",\"urlTemplate\":\"https:\\\/\\\/encontreportugal.pt\\\/zh\\\/?s={search_term_string}\"},\"query-input\":{\"@type\":\"PropertyValueSpecification\",\"valueRequired\":true,\"valueName\":\"search_term_string\"}}],\"inLanguage\":\"es\"},{\"@type\":\"Organization\",\"@id\":\"https:\\\/\\\/encontreportugal.pt\\\/zh\\\/#organization\",\"name\":\"Encontre Portugal\",\"url\":\"https:\\\/\\\/encontreportugal.pt\\\/zh\\\/\",\"logo\":{\"@type\":\"ImageObject\",\"inLanguage\":\"es\",\"@id\":\"https:\\\/\\\/encontreportugal.pt\\\/zh\\\/#\\\/schema\\\/logo\\\/image\\\/\",\"url\":\"https:\\\/\\\/encontreportugal.pt\\\/wp-content\\\/uploads\\\/2024\\\/04\\\/cropped-logo-encontre-portugal.png\",\"contentUrl\":\"https:\\\/\\\/encontreportugal.pt\\\/wp-content\\\/uploads\\\/2024\\\/04\\\/cropped-logo-encontre-portugal.png\",\"width\":500,\"height\":165,\"caption\":\"Encontre Portugal\"},\"image\":{\"@id\":\"https:\\\/\\\/encontreportugal.pt\\\/zh\\\/#\\\/schema\\\/logo\\\/image\\\/\"}},{\"@type\":\"Person\",\"@id\":\"https:\\\/\\\/encontreportugal.pt\\\/zh\\\/#\\\/schema\\\/person\\\/71ee126caa8e8746f4e1d07bb50ba747\",\"name\":\"Douglas Barbosa\",\"image\":{\"@type\":\"ImageObject\",\"inLanguage\":\"es\",\"@id\":\"https:\\\/\\\/encontreportugal.pt\\\/wp-content\\\/uploads\\\/2024\\\/03\\\/douglasfdb_avatar-96x96.jpeg\",\"url\":\"https:\\\/\\\/encontreportugal.pt\\\/wp-content\\\/uploads\\\/2024\\\/03\\\/douglasfdb_avatar-96x96.jpeg\",\"contentUrl\":\"https:\\\/\\\/encontreportugal.pt\\\/wp-content\\\/uploads\\\/2024\\\/03\\\/douglasfdb_avatar-96x96.jpeg\",\"caption\":\"Douglas Barbosa\"},\"description\":\"Graduado em Tecnologia de Redes de Computadores e com P\u00f3s-Gradua\u00e7\u00e3o em Marketing Digital, Business Intelligence e Estrat\u00e9gia Data-Driven pela Pontif\u00edcia Universidade Cat\u00f3lica (PUC). Capacita\u00e7\u00e3o em Linguagem Corporal e Detec\u00e7\u00e3o de Microexpress\u00f5es Faciais. Participa\u00e7\u00e3o na forma\u00e7\u00e3o \\\"M\u00e1quina de Tr\u00e1fego e Convers\u00e3o - Aprenda a Vender Mais pelo Google Todos os Dias\\\". Certificado pelo Google em Rede de Pesquisa. Vasta experi\u00eancia em projetos de SEO, gest\u00e3o de tr\u00e1fego pago no Google Ads e Cria\u00e7\u00e3o de Websites.\",\"sameAs\":[\"https:\\\/\\\/encontreportugal.pt\"],\"url\":\"https:\\\/\\\/encontreportugal.pt\\\/es\\\/author\\\/douglasfdb\\\/\"}]}<\/script>\n<!-- \/ Yoast SEO plugin. -->","yoast_head_json":{"title":"Governo Portugu\u00eas Prolonga Validade de Documentos de Imigrantes: O que Voc\u00ea Precisa Saber - Encontre Portugal","robots":{"index":"index","follow":"follow","max-snippet":"max-snippet:-1","max-image-preview":"max-image-preview:large","max-video-preview":"max-video-preview:-1"},"canonical":"https:\/\/encontreportugal.pt\/es\/governo-portugues-prolonga-validade-de-documentos-de-imigrantes\/","og_locale":"es_ES","og_type":"article","og_title":"Governo Portugu\u00eas Prolonga Validade de Documentos de Imigrantes: O que Voc\u00ea Precisa Saber - Encontre Portugal","og_url":"https:\/\/encontreportugal.pt\/es\/governo-portugues-prolonga-validade-de-documentos-de-imigrantes\/","og_site_name":"Encontre Portugal","article_published_time":"2024-06-30T12:37:51+00:00","og_image":[{"width":1024,"height":1024,"url":"https:\/\/encontreportugal.pt\/wp-content\/uploads\/2024\/04\/aima.jpeg","type":"image\/jpeg"}],"author":"Douglas Barbosa","twitter_card":"summary_large_image","twitter_misc":{"Escrito por":"Douglas Barbosa","Tiempo de lectura":"4 minutos"},"schema":{"@context":"https:\/\/schema.org","@graph":[{"@type":"Article","@id":"https:\/\/encontreportugal.pt\/governo-portugues-prolonga-validade-de-documentos-de-imigrantes\/#article","isPartOf":{"@id":"https:\/\/encontreportugal.pt\/governo-portugues-prolonga-validade-de-documentos-de-imigrantes\/"},"author":{"name":"Douglas Barbosa","@id":"https:\/\/encontreportugal.pt\/zh\/#\/schema\/person\/71ee126caa8e8746f4e1d07bb50ba747"},"headline":"Governo Portugu\u00eas Prolonga Validade de Documentos de Imigrantes: O que Voc\u00ea Precisa Saber","datePublished":"2024-06-30T12:37:51+00:00","mainEntityOfPage":{"@id":"https:\/\/encontreportugal.pt\/governo-portugues-prolonga-validade-de-documentos-de-imigrantes\/"},"wordCount":769,"commentCount":0,"publisher":{"@id":"https:\/\/encontreportugal.pt\/zh\/#organization"},"image":{"@id":"https:\/\/encontreportugal.pt\/governo-portugues-prolonga-validade-de-documentos-de-imigrantes\/#primaryimage"},"thumbnailUrl":"https:\/\/encontreportugal.pt\/wp-content\/uploads\/2024\/04\/aima.jpeg","articleSection":["Assessoria imigrantes","Not\u00edcias"],"inLanguage":"es","potentialAction":[{"@type":"CommentAction","name":"Comment","target":["https:\/\/encontreportugal.pt\/governo-portugues-prolonga-validade-de-documentos-de-imigrantes\/#respond"]}]},{"@type":"WebPage","@id":"https:\/\/encontreportugal.pt\/governo-portugues-prolonga-validade-de-documentos-de-imigrantes\/","url":"https:\/\/encontreportugal.pt\/governo-portugues-prolonga-validade-de-documentos-de-imigrantes\/","name":"Governo Portugu\u00eas Prolonga Validade de Documentos de Imigrantes: O que Voc\u00ea Precisa Saber - Encontre Portugal","isPartOf":{"@id":"https:\/\/encontreportugal.pt\/zh\/#website"},"primaryImageOfPage":{"@id":"https:\/\/encontreportugal.pt\/governo-portugues-prolonga-validade-de-documentos-de-imigrantes\/#primaryimage"},"image":{"@id":"https:\/\/encontreportugal.pt\/governo-portugues-prolonga-validade-de-documentos-de-imigrantes\/#primaryimage"},"thumbnailUrl":"https:\/\/encontreportugal.pt\/wp-content\/uploads\/2024\/04\/aima.jpeg","datePublished":"2024-06-30T12:37:51+00:00","breadcrumb":{"@id":"https:\/\/encontreportugal.pt\/governo-portugues-prolonga-validade-de-documentos-de-imigrantes\/#breadcrumb"},"inLanguage":"es","potentialAction":[{"@type":"ReadAction","target":["https:\/\/encontreportugal.pt\/governo-portugues-prolonga-validade-de-documentos-de-imigrantes\/"]}]},{"@type":"ImageObject","inLanguage":"es","@id":"https:\/\/encontreportugal.pt\/governo-portugues-prolonga-validade-de-documentos-de-imigrantes\/#primaryimage","url":"https:\/\/encontreportugal.pt\/wp-content\/uploads\/2024\/04\/aima.jpeg","contentUrl":"https:\/\/encontreportugal.pt\/wp-content\/uploads\/2024\/04\/aima.jpeg","width":1024,"height":1024,"caption":"aima"},{"@type":"BreadcrumbList","@id":"https:\/\/encontreportugal.pt\/governo-portugues-prolonga-validade-de-documentos-de-imigrantes\/#breadcrumb","itemListElement":[{"@type":"ListItem","position":1,"name":"In\u00edcio","item":"https:\/\/encontreportugal.pt\/zh\/"},{"@type":"ListItem","position":2,"name":"Governo Portugu\u00eas Prolonga Validade de Documentos de Imigrantes: O que Voc\u00ea Precisa Saber"}]},{"@type":"WebSite","@id":"https:\/\/encontreportugal.pt\/zh\/#website","url":"https:\/\/encontreportugal.pt\/zh\/","name":"Buscar Portugal","description":"O maior Portal de dicas ao imigrante brasileiro em Portugal.","publisher":{"@id":"https:\/\/encontreportugal.pt\/zh\/#organization"},"potentialAction":[{"@type":"SearchAction","target":{"@type":"EntryPoint","urlTemplate":"https:\/\/encontreportugal.pt\/zh\/?s={search_term_string}"},"query-input":{"@type":"PropertyValueSpecification","valueRequired":true,"valueName":"search_term_string"}}],"inLanguage":"es"},{"@type":"Organization","@id":"https:\/\/encontreportugal.pt\/zh\/#organization","name":"Buscar Portugal","url":"https:\/\/encontreportugal.pt\/zh\/","logo":{"@type":"ImageObject","inLanguage":"es","@id":"https:\/\/encontreportugal.pt\/zh\/#\/schema\/logo\/image\/","url":"https:\/\/encontreportugal.pt\/wp-content\/uploads\/2024\/04\/cropped-logo-encontre-portugal.png","contentUrl":"https:\/\/encontreportugal.pt\/wp-content\/uploads\/2024\/04\/cropped-logo-encontre-portugal.png","width":500,"height":165,"caption":"Encontre Portugal"},"image":{"@id":"https:\/\/encontreportugal.pt\/zh\/#\/schema\/logo\/image\/"}},{"@type":"Person","@id":"https:\/\/encontreportugal.pt\/zh\/#\/schema\/person\/71ee126caa8e8746f4e1d07bb50ba747","name":"Douglas Barbosa","image":{"@type":"ImageObject","inLanguage":"es","@id":"https:\/\/encontreportugal.pt\/wp-content\/uploads\/2024\/03\/douglasfdb_avatar-96x96.jpeg","url":"https:\/\/encontreportugal.pt\/wp-content\/uploads\/2024\/03\/douglasfdb_avatar-96x96.jpeg","contentUrl":"https:\/\/encontreportugal.pt\/wp-content\/uploads\/2024\/03\/douglasfdb_avatar-96x96.jpeg","caption":"Douglas Barbosa"},"description":"Licenciado en Tecnolog\u00eda de Redes Inform\u00e1ticas y postgrado en Marketing Digital, Business Intelligence y Data-Driven Strategy por la Pontificia Universidad Cat\u00f3lica (PUC). Formaci\u00f3n en Lenguaje Corporal y Detecci\u00f3n de Microexpresiones Faciales. Participaci\u00f3n en el curso de formaci\u00f3n \"Traffic and Conversion Machine - Learn to Sell More Through Google Every Day\". Certificado por Google en Optimizaci\u00f3n para Motores de B\u00fasqueda. Amplia experiencia en proyectos SEO, gesti\u00f3n de tr\u00e1fico de pago en Google Ads y creaci\u00f3n de p\u00e1ginas web.","sameAs":["https:\/\/encontreportugal.pt"],"url":"https:\/\/encontreportugal.pt\/es\/author\/douglasfdb\/"}]}},"_links":{"self":[{"href":"https:\/\/encontreportugal.pt\/es\/wp-json\/wp\/v2\/posts\/8116","targetHints":{"allow":["GET"]}}],"collection":[{"href":"https:\/\/encontreportugal.pt\/es\/wp-json\/wp\/v2\/posts"}],"about":[{"href":"https:\/\/encontreportugal.pt\/es\/wp-json\/wp\/v2\/types\/post"}],"author":[{"embeddable":true,"href":"https:\/\/encontreportugal.pt\/es\/wp-json\/wp\/v2\/users\/1"}],"replies":[{"embeddable":true,"href":"https:\/\/encontreportugal.pt\/es\/wp-json\/wp\/v2\/comments?post=8116"}],"version-history":[{"count":0,"href":"https:\/\/encontreportugal.pt\/es\/wp-json\/wp\/v2\/posts\/8116\/revisions"}],"wp:featuredmedia":[{"embeddable":true,"href":"https:\/\/encontreportugal.pt\/es\/wp-json\/wp\/v2\/media\/6376"}],"wp:attachment":[{"href":"https:\/\/encontreportugal.pt\/es\/wp-json\/wp\/v2\/media?parent=8116"}],"wp:term":[{"taxonomy":"category","embeddable":true,"href":"https:\/\/encontreportugal.pt\/es\/wp-json\/wp\/v2\/categories?post=8116"},{"taxonomy":"post_tag","embeddable":true,"href":"https:\/\/encontreportugal.pt\/es\/wp-json\/wp\/v2\/tags?post=8116"}],"curies":[{"name":"wp","href":"https:\/\/api.w.org\/{rel}","templated":true}]}}