{"id":19572,"date":"2025-08-29T22:53:04","date_gmt":"2025-08-29T22:53:04","guid":{"rendered":"https:\/\/encontreportugal.pt\/?p=19572"},"modified":"2025-08-29T22:53:04","modified_gmt":"2025-08-29T22:53:04","slug":"o-que-fazer-em-lisboa-neste-fim-de-semana-eventos-imperdiveis","status":"publish","type":"post","link":"https:\/\/encontreportugal.pt\/fr\/o-que-fazer-em-lisboa-neste-fim-de-semana-eventos-imperdiveis\/","title":{"rendered":"O que fazer em Lisboa neste fim de semana: eventos imperd\u00edveis"},"content":{"rendered":"<div class=\"border-subtlest ring-subtlest divide-subtlest bg-transparent\">\n<div class=\"gap-y-sm md:gap-y-md flex flex-col\">\n<div class=\"relative font-sans text-base text-foreground selection:bg-super\/50 selection:text-foreground dark:selection:bg-super\/10 dark:selection:text-super\">\n<div class=\"min-w-0 break-words [word-break:break-word]\">\n<div id=\"markdown-content-1\" class=\"gap-y-md after:clear-both after:block after:content-['']\" dir=\"auto\">\n<div class=\"relative\">\n<div class=\"prose text-pretty dark:prose-invert inline leading-relaxed break-words min-w-0 [word-break:break-word] prose-strong:font-medium\">\n<p class=\"my-2 [&amp;+p]:mt-4 [&amp;_strong:has(+br)]:inline-block [&amp;_strong:has(+br)]:pb-2\"><strong><span dir=\"auto\">O que fazer em Lisboa este fim de semana<\/span><\/strong><span dir=\"auto\">\u00a0: a cidade se prepara para receber moradores e visitantes com uma oferta cultural e de lazer vibrante, recheada de eventos, festivais, exposi\u00e7\u00f5es e experi\u00eancias \u00fanicas para todas as idades. Seja no centro hist\u00f3rico ou nas margens do Tejo, Lisboa pulsa com arte, m\u00fasica, gastronomia e atra\u00e7\u00f5es ao ar livre, prometendo um fim de semana inesquec\u00edvel.<\/span><\/p>\n<h2 id=\"\" class=\"mb-2 mt-4 font-display font-semimedium text-base first:mt-0 md:text-lg [hr+&amp;]:mt-4\"><strong><span dir=\"auto\">O que fazer em Lisboa neste fim de semana: eventos imperd\u00edveis<\/span><\/strong><\/h2>\n<h2 class=\"mb-2 mt-4 font-display font-semimedium text-base first:mt-0\"><strong><span dir=\"auto\">Festivais e Concertos<\/span><\/strong><\/h2>\n<p class=\"my-2 [&amp;+p]:mt-4 [&amp;_strong:has(+br)]:inline-block [&amp;_strong:has(+br)]:pb-2\"><strong><span dir=\"auto\">O que fazer em Lisboa este fim de semana<\/span><\/strong><span dir=\"auto\">\u00a0\u00e9 mergulhar nos principais festivais e concertos que marcam o ver\u00e3o lisboeta. Destacam-se o \u201cJazz em Agosto\u201d na Gulbenkian, o festival \u201cO Sol da Caparica\u201d que anima a Costa com m\u00fasica lus\u00f3fona, o aguardado concerto de GIMS no MEO Arena, e as noites m\u00e1gicas do festival Candlelight, onde Coldplay e Imagine Dragons protagonizam sess\u00f5es \u00e0 luz de velas.<\/span><\/p>\n<h2 class=\"mb-2 mt-4 font-display font-semimedium text-base first:mt-0\"><strong><span dir=\"auto\">Jazz em Agosto<\/span><\/strong><\/h2>\n<p class=\"my-2 [&amp;+p]:mt-4 [&amp;_strong:has(+br)]:inline-block [&amp;_strong:has(+br)]:pb-2\"><strong><span dir=\"auto\">O que fazer em Lisboa este fim de semana<\/span><\/strong><span dir=\"auto\">\u00a0para os apaixonados pelo jazz \u00e9 n\u00e3o perder o festival \u201cJazz em Agosto\u201d (1-10 de agosto). No audit\u00f3rio ao ar livre de Gulbenkian, grandes nomes do jazz europeu e internacional se re\u00fanem para concertos intimistas e inova\u00e7\u00f5es sonoras. Entrada a partir de 10 euros, com op\u00e7\u00e3o de passes e descontos.<\/span><\/p>\n<h2 class=\"mb-2 mt-4 font-display font-semimedium text-base first:mt-0\"><strong><span dir=\"auto\">O Sol da Caparica<\/span><\/strong><\/h2>\n<p class=\"my-2 [&amp;+p]:mt-4 [&amp;_strong:has(+br)]:inline-block [&amp;_strong:has(+br)]:pb-2\"><strong><span dir=\"auto\">O que fazer em Lisboa este fim de semana<\/span><\/strong><span dir=\"auto\">\u00a0inclui tamb\u00e9m apostar na m\u00fasica popular com o festival \u201cO Sol da Caparica\u201d (14-17 de agosto), celebrando a cultura lus\u00f3fona e os maiores nomes do pop, rock e hip-hop nacional. O evento acontece junto \u00e0 praia, reunindo multid\u00f5es ao p\u00f4r do sol \u2014 imperd\u00edvel para quem busca anima\u00e7\u00e3o e diversidade cultural.<\/span><\/p>\n<h2 class=\"mb-2 mt-4 font-display font-semimedium text-base first:mt-0\"><strong><span dir=\"auto\">Concertos Exclusivos<\/span><\/strong><\/h2>\n<p class=\"my-2 [&amp;+p]:mt-4 [&amp;_strong:has(+br)]:inline-block [&amp;_strong:has(+br)]:pb-2\"><strong><span dir=\"auto\">O que fazer em Lisboa neste fim de semana<\/span><\/strong><span dir=\"auto\">\u00a0\u00e9 assistir aos concertos de artistas de renome internacional: GIMS (8 de agosto, MEO Arena), Luan Santana (21-24 de agosto, MEO Arena) e Shawn Mendes (28 de agosto, MEO Arena), al\u00e9m dos espet\u00e1culos Candlelight na EPIC SANA Marqu\u00eas, num ambiente encantador por pre\u00e7os acess\u00edveis.<\/span><\/p>\n<h2 class=\"mb-2 mt-4 font-display font-semimedium text-base first:mt-0\"><strong><span dir=\"auto\">Exposi\u00e7\u00f5es e Cultura Visual<\/span><\/strong><\/h2>\n<p class=\"my-2 [&amp;+p]:mt-4 [&amp;_strong:has(+br)]:inline-block [&amp;_strong:has(+br)]:pb-2\"><strong><span dir=\"auto\">O que fazer em Lisboa neste fim de semana<\/span><\/strong><span dir=\"auto\">\u00a0inclui roteiros de exposi\u00e7\u00f5es e shows que exaltam tanto artistas nacionais quanto estrangeiros.<\/span><\/p>\n<h2 class=\"mb-2 mt-4 font-display font-semimedium text-base first:mt-0\"><strong><span dir=\"auto\">Intimidades Desaparecidas \u2013 Nan Goldin<\/span><\/strong><\/h2>\n<p class=\"my-2 [&amp;+p]:mt-4 [&amp;_strong:has(+br)]:inline-block [&amp;_strong:has(+br)]:pb-2\"><strong><span dir=\"auto\">O que fazer em Lisboa neste fim de semana<\/span><\/strong><span dir=\"auto\">\u00a0\u00e9 visitar exposi\u00e7\u00f5es consagradas como &#8220;Vanishing Intimacies. Em torno de Nan Goldin&#8221; no MAC\/CCB, trazendo 66 obras de fotografia, escultura e v\u00eddeo sobre temas atuais de amor, identidade e intimida\u00e7\u00e3o.<\/span><\/p>\n<h2 class=\"mb-2 mt-4 font-display font-semimedium text-base first:mt-0\"><strong><span dir=\"auto\">Bordalo \u00e0 Moda do Jap\u00e3o<\/span><\/strong><\/h2>\n<p class=\"my-2 [&amp;+p]:mt-4 [&amp;_strong:has(+br)]:inline-block [&amp;_strong:has(+br)]:pb-2\"><strong><span dir=\"auto\">O que fazer em Lisboa neste fim de semana<\/span><\/strong><span dir=\"auto\">\u00a0pode ser apreciado a mistura entre arte portuguesa e cultura nip\u00f4nica, na exposi\u00e7\u00e3o do Museu Bordalo Pinheiro, que apresenta trabalhos in\u00e9ditos e pe\u00e7as raras at\u00e9 31 de agosto.<\/span><\/p>\n<h2 class=\"mb-2 mt-4 font-display font-semimedium text-base first:mt-0\"><strong><span dir=\"auto\">Mergulho \u2013 Vanessa Barrag\u00e3o<\/span><\/strong><\/h2>\n<p class=\"my-2 [&amp;+p]:mt-4 [&amp;_strong:has(+br)]:inline-block [&amp;_strong:has(+br)]:pb-2\"><strong><span dir=\"auto\">O que fazer em Lisboa neste fim de semana<\/span><\/strong><span dir=\"auto\">\u00a0\u00e9 entrar numa \u201csala submersa\u201d com tape\u00e7arias de Vanessa Barrag\u00e3o no Colombo, uma experi\u00eancia art\u00edstica imersiva gratuita.<\/span><\/p>\n<h2 class=\"mb-2 mt-4 font-display font-semimedium text-base first:mt-0\"><strong><span dir=\"auto\">Gastronomia, Mercados e Vida Noturna<\/span><\/strong><\/h2>\n<p class=\"my-2 [&amp;+p]:mt-4 [&amp;_strong:has(+br)]:inline-block [&amp;_strong:has(+br)]:pb-2\"><strong><span dir=\"auto\">O que fazer em Lisboa este fim de semana<\/span><\/strong><span dir=\"auto\">\u00a0\u00e9 descobrir os sabores da cidade, seja nos festivais gastron\u00f3micos, novos restaurantes ou bares tem\u00e1ticos nos bairros mais cool de Lisboa, como Cais do Sodr\u00e9 e Pr\u00edncipe Real.<\/span><\/p>\n<h2 class=\"mb-2 mt-4 font-display font-semimedium text-base first:mt-0\"><strong><span dir=\"auto\">Atividades ao ar livre e para fam\u00edlias<\/span><\/strong><\/h2>\n<p class=\"my-2 [&amp;+p]:mt-4 [&amp;_strong:has(+br)]:inline-block [&amp;_strong:has(+br)]:pb-2\"><strong><span dir=\"auto\">O que fazer em Lisboa neste fim de semana<\/span><\/strong><span dir=\"auto\">\u00a0contempla ainda feiras criativas, oficinas infantis, campos de f\u00e9rias, p\u00f4r do sol com DJ no Castelo de S\u00e3o Jorge e concertos gratuitos ao ar livre, al\u00e9m das tradicionais feiras de vinil e artesanato. Para os aventureiros, praias pr\u00f3ximas e passeios de barco no Tejo complementam o roteiro.<\/span><\/p>\n<h2 id=\"\" class=\"mb-2 mt-4 font-display font-semimedium text-base first:mt-0 md:text-lg [hr+&amp;]:mt-4\"><strong><span dir=\"auto\">Tabela comparativa dos principais eventos em Lisboa \u2013 Agosto 2025<\/span><\/strong><\/h2>\n<div class=\"group relative\">\n<div class=\"w-full overflow-x-auto md:max-w-[90vw] border-subtlest ring-subtlest divide-subtlest bg-transparent\">\n<table class=\"border-subtler my-[1em] w-full table-auto border-separate border-spacing-0 border-l border-t\">\n<thead class=\"bg-offset\">\n<tr>\n<th class=\"border-subtler p-sm break-normal border-b border-r text-left align-top\"><span dir=\"auto\">Evento<\/span><\/th>\n<th class=\"border-subtler p-sm break-normal border-b border-r text-left align-top\"><span dir=\"auto\">Dados<\/span><\/th>\n<th class=\"border-subtler p-sm break-normal border-b border-r text-left align-top\"><span dir=\"auto\">Local<\/span><\/th>\n<th class=\"border-subtler p-sm break-normal border-b border-r text-left align-top\"><span dir=\"auto\">Valentia<\/span><\/th>\n<th class=\"border-subtler p-sm break-normal border-b border-r text-left align-top\"><span dir=\"auto\">P\u00fablico<\/span><\/th>\n<\/tr>\n<\/thead>\n<tbody>\n<tr>\n<td class=\"px-sm border-subtler min-w-[48px] break-normal border-b border-r\"><span dir=\"auto\">Jazz em Agosto<\/span><\/td>\n<td class=\"px-sm border-subtler min-w-[48px] break-normal border-b border-r\"><span dir=\"auto\">1-10 de agosto<\/span><\/td>\n<td class=\"px-sm border-subtler min-w-[48px] break-normal border-b border-r\"><span dir=\"auto\">Gulbenkian<\/span><\/td>\n<td class=\"px-sm border-subtler min-w-[48px] break-normal border-b border-r\"><span dir=\"auto\">10-100\u20ac<\/span><\/td>\n<td class=\"px-sm border-subtler min-w-[48px] break-normal border-b border-r\"><span dir=\"auto\">Adulto<\/span><\/td>\n<\/tr>\n<tr>\n<td class=\"px-sm border-subtler min-w-[48px] break-normal border-b border-r\"><span dir=\"auto\">O Sol da Caparica<\/span><\/td>\n<td class=\"px-sm border-subtler min-w-[48px] break-normal border-b border-r\"><span dir=\"auto\">14 a 17 de agosto<\/span><\/td>\n<td class=\"px-sm border-subtler min-w-[48px] break-normal border-b border-r\"><span dir=\"auto\">Costa Caparica<\/span><\/td>\n<td class=\"px-sm border-subtler min-w-[48px] break-normal border-b border-r\"><span dir=\"auto\">30-60\u20ac<\/span><\/td>\n<td class=\"px-sm border-subtler min-w-[48px] break-normal border-b border-r\"><span dir=\"auto\">Jovem\/Fam\u00edlia<\/span><\/td>\n<\/tr>\n<tr>\n<td class=\"px-sm border-subtler min-w-[48px] break-normal border-b border-r\"><span dir=\"auto\">Festival dos Oceanos<\/span><\/td>\n<td class=\"px-sm border-subtler min-w-[48px] break-normal border-b border-r\"><span dir=\"auto\">1-15 de agosto<\/span><\/td>\n<td class=\"px-sm border-subtler min-w-[48px] break-normal border-b border-r\"><span dir=\"auto\">Bel\u00e9m\/Parque das Na\u00e7\u00f5es<\/span><\/td>\n<td class=\"px-sm border-subtler min-w-[48px] break-normal border-b border-r\"><span dir=\"auto\">Gratuito<\/span><\/td>\n<td class=\"px-sm border-subtler min-w-[48px] break-normal border-b border-r\"><span dir=\"auto\">Todos<\/span><\/td>\n<\/tr>\n<tr>\n<td class=\"px-sm border-subtler min-w-[48px] break-normal border-b border-r\"><span dir=\"auto\">Concerto do GIMS<\/span><\/td>\n<td class=\"px-sm border-subtler min-w-[48px] break-normal border-b border-r\"><span dir=\"auto\">8 de agosto<\/span><\/td>\n<td class=\"px-sm border-subtler min-w-[48px] break-normal border-b border-r\"><span dir=\"auto\">MEO Arena<\/span><\/td>\n<td class=\"px-sm border-subtler min-w-[48px] break-normal border-b border-r\"><span dir=\"auto\">50-90\u20ac<\/span><\/td>\n<td class=\"px-sm border-subtler min-w-[48px] break-normal border-b border-r\"><span dir=\"auto\">Jovem\/Adulto<\/span><\/td>\n<\/tr>\n<tr>\n<td class=\"px-sm border-subtler min-w-[48px] break-normal border-b border-r\"><span dir=\"auto\">Luan Santana<\/span><\/td>\n<td class=\"px-sm border-subtler min-w-[48px] break-normal border-b border-r\"><span dir=\"auto\">21 a 24 de agosto<\/span><\/td>\n<td class=\"px-sm border-subtler min-w-[48px] break-normal border-b border-r\"><span dir=\"auto\">MEO Arena<\/span><\/td>\n<td class=\"px-sm border-subtler min-w-[48px] break-normal border-b border-r\"><span dir=\"auto\">35-95\u20ac<\/span><\/td>\n<td class=\"px-sm border-subtler min-w-[48px] break-normal border-b border-r\"><span dir=\"auto\">Jovem\/Adulto<\/span><\/td>\n<\/tr>\n<tr>\n<td class=\"px-sm border-subtler min-w-[48px] break-normal border-b border-r\"><span dir=\"auto\">Shawn Mendes<\/span><\/td>\n<td class=\"px-sm border-subtler min-w-[48px] break-normal border-b border-r\"><span dir=\"auto\">28 de agosto<\/span><\/td>\n<td class=\"px-sm border-subtler min-w-[48px] break-normal border-b border-r\"><span dir=\"auto\">MEO Arena<\/span><\/td>\n<td class=\"px-sm border-subtler min-w-[48px] break-normal border-b border-r\"><span dir=\"auto\">300\u20ac<\/span><\/td>\n<td class=\"px-sm border-subtler min-w-[48px] break-normal border-b border-r\"><span dir=\"auto\">Jovem\/Adulto<\/span><\/td>\n<\/tr>\n<tr>\n<td class=\"px-sm border-subtler min-w-[48px] break-normal border-b border-r\"><span dir=\"auto\">Luz de velas: Coldplay vs. Imagine Dragons<\/span><\/td>\n<td class=\"px-sm border-subtler min-w-[48px] break-normal border-b border-r\"><span dir=\"auto\">23 de agosto<\/span><\/td>\n<td class=\"px-sm border-subtler min-w-[48px] break-normal border-b border-r\"><span dir=\"auto\">\u00c9pico Sana Marqu\u00eas<\/span><\/td>\n<td class=\"px-sm border-subtler min-w-[48px] break-normal border-b border-r\"><span dir=\"auto\">33-40\u20ac<\/span><\/td>\n<td class=\"px-sm border-subtler min-w-[48px] break-normal border-b border-r\"><span dir=\"auto\">Todos<\/span><\/td>\n<\/tr>\n<tr>\n<td class=\"px-sm border-subtler min-w-[48px] break-normal border-b border-r\"><span dir=\"auto\">Intimidades que desaparecem<\/span><\/td>\n<td class=\"px-sm border-subtler min-w-[48px] break-normal border-b border-r\"><span dir=\"auto\">At\u00e9 31 de agosto<\/span><\/td>\n<td class=\"px-sm border-subtler min-w-[48px] break-normal border-b border-r\"><span dir=\"auto\">MAC\/CCB<\/span><\/td>\n<td class=\"px-sm border-subtler min-w-[48px] break-normal border-b border-r\"><span dir=\"auto\">7-15\u20ac<\/span><\/td>\n<td class=\"px-sm border-subtler min-w-[48px] break-normal border-b border-r\"><span dir=\"auto\">Adulto<\/span><\/td>\n<\/tr>\n<tr>\n<td class=\"px-sm border-subtler min-w-[48px] break-normal border-b border-r\"><span dir=\"auto\">Bordalo \u00e0 Moda do Jap\u00e3o<\/span><\/td>\n<td class=\"px-sm border-subtler min-w-[48px] break-normal border-b border-r\"><span dir=\"auto\">At\u00e9 31 de agosto<\/span><\/td>\n<td class=\"px-sm border-subtler min-w-[48px] break-normal border-b border-r\"><span dir=\"auto\">Museu Bordalo Pinheiro<\/span><\/td>\n<td class=\"px-sm border-subtler min-w-[48px] break-normal border-b border-r\"><span dir=\"auto\">Gratuito<\/span><\/td>\n<td class=\"px-sm border-subtler min-w-[48px] break-normal border-b border-r\"><span dir=\"auto\">Todos<\/span><\/td>\n<\/tr>\n<\/tbody>\n<\/table>\n<\/div>\n<div class=\"px-two bg-base border-subtler shadow-subtle pointer-coarse:opacity-100 right-xs absolute bottom-0 flex gap-2 rounded-lg border py-px opacity-0 transition-opacity group-hover:opacity-100\">\n<div><\/div>\n<\/div>\n<\/div>\n<h2 id=\"\" class=\"mb-2 mt-4 font-display font-semimedium text-base first:mt-0 md:text-lg [hr+&amp;]:mt-4\"><strong><span dir=\"auto\">FAQs \u2013 O que fazer em Lisboa este fim de semana<\/span><\/strong><\/h2>\n<h2 class=\"mb-2 mt-4 font-display font-semimedium text-base first:mt-0\"><strong><span dir=\"auto\">Quais eventos gratuitos acontecem neste fim de semana em Lisboa?<\/span><\/strong><\/h2>\n<p class=\"my-2 [&amp;+p]:mt-4 [&amp;_strong:has(+br)]:inline-block [&amp;_strong:has(+br)]:pb-2\"><strong><span dir=\"auto\">O que fazer em Lisboa este fim de semana<\/span><\/strong><span dir=\"auto\">\u00a0gratuitamente inclui o Festival dos Oceanos, p\u00f4r do sol com DJ no Castelo, exposi\u00e7\u00f5es em centros culturais e as tradicionais feiras e mercados de rua.<\/span><\/p>\n<h2 class=\"mb-2 mt-4 font-display font-semimedium text-base first:mt-0\"><strong><span dir=\"auto\">\u00c9 preciso comprar bilhete para todos os eventos?<\/span><\/strong><\/h2>\n<p class=\"my-2 [&amp;+p]:mt-4 [&amp;_strong:has(+br)]:inline-block [&amp;_strong:has(+br)]:pb-2\"><strong><span dir=\"auto\">O que fazer em Lisboa neste fim de semana<\/span><\/strong><span dir=\"auto\">\u00a0pode ou n\u00e3o exigir bilhetes. Muitos eventos s\u00e3o gratuitos, enquanto grandes concertos e festivais, como GIMS, Luan Santana e Candlelight, desativam a compra antecipada, podendo esgotar rapidamente.<\/span><\/p>\n<h2 class=\"mb-2 mt-4 font-display font-semimedium text-base first:mt-0\"><strong><span dir=\"auto\">H\u00e1 op\u00e7\u00f5es para fam\u00edlias e crian\u00e7as neste fim de semana?<\/span><\/strong><\/h2>\n<p class=\"my-2 [&amp;+p]:mt-4 [&amp;_strong:has(+br)]:inline-block [&amp;_strong:has(+br)]:pb-2\"><strong><span dir=\"auto\">O que fazer em Lisboa este fim de semana<\/span><\/strong><span dir=\"auto\">\u00a0para fam\u00edlias inclui campos de f\u00e9rias, oficinas infantis em museus, cinema ao ar livre, feiras e atividades l\u00fadicas em diversos espa\u00e7os p\u00fablicos da cidade.<\/span><\/p>\n<h2 class=\"mb-2 mt-4 font-display font-semimedium text-base first:mt-0\"><strong><span dir=\"auto\">Quais dicas extras para aproveitar Lisboa em agosto?<\/span><\/strong><\/h2>\n<p class=\"my-2 [&amp;+p]:mt-4 [&amp;_strong:has(+br)]:inline-block [&amp;_strong:has(+br)]:pb-2\"><strong><span dir=\"auto\">O que fazer em Lisboa este fim de semana<\/span><\/strong><span dir=\"auto\">\u00a0vai al\u00e9m dos grandes eventos: explorar as praias pr\u00f3ximas, os miradouros para o p\u00f4r do sol, e os passeios de barco no rio Tejo. Para quem curte cultura alternativa, procure eventos em espa\u00e7os independentes e bairros criativos da cidade.<\/span><\/p>\n<h2 class=\"mb-2 mt-4 font-display font-semimedium text-base first:mt-0\"><strong><span dir=\"auto\">Conclus\u00e3o<\/span><\/strong><\/h2>\n<p class=\"my-2 [&amp;+p]:mt-4 [&amp;_strong:has(+br)]:inline-block [&amp;_strong:has(+br)]:pb-2\"><strong><span dir=\"auto\">O que fazer em Lisboa neste fim de semana<\/span><\/strong><span dir=\"auto\">\u00a0\u00e9 descobrir uma cidade em festa, pronta para receber quem aprecia m\u00fasica, arte, natureza, gastronomia e experi\u00eancia \u00fanicas. Lisboa transforma-se a cada esquina em agosto, tornando-se palco para todos os gostos e perfis de visitantes. Com esta agenda diversificada, resta apenas escolher e aproveitar cada momento do ver\u00e3o lisboeta.<\/span><\/p>\n<\/div>\n<\/div>\n<\/div>\n<\/div>\n<\/div>\n<div class=\"flex items-center justify-between\">\n<div class=\"-ml-sm gap-xs flex items-center\">\n<div><\/div>\n<div><\/div>\n<\/div>\n<div class=\"gap-x-xs flex items-center\">\n<div class=\"gap-xs flex items-center border-subtlest ring-subtlest divide-subtlest bg-transparent\"><\/div>\n<div><\/div>\n<\/div>\n<\/div>\n<\/div>\n<\/div>\n<div class=\"\">\n<div class=\"animate-in fade-in duration-100 ease-out border-subtlest ring-subtlest divide-subtlest bg-transparent\">\n<div class=\"border-subtlest ring-subtlest divide-subtlest bg-transparent\">\n<div class=\"flex items-center justify-between border-subtlest ring-subtlest divide-subtlest bg-base\">\n<div class=\"flex w-full items-center justify-between mb-sm\">\n<div class=\"\">\n<div class=\"space-x-sm flex items-center\">\n<div class=\"font-display text-lg font-medium text-foreground selection:bg-super\/50 selection:text-foreground dark:selection:bg-super\/10 dark:selection:text-super\">\n<div class=\"w-[24px]\"><\/div>\n<\/div>\n<\/div>\n<\/div>\n<\/div>\n<\/div>\n<\/div>\n<\/div>\n<\/div>\n","protected":false},"excerpt":{"rendered":"<p>O que fazer em Lisboa este fim de semana\u00a0: a cidade se prepara para receber moradores e visitantes com uma oferta cultural e de lazer vibrante, recheada de eventos, festivais, exposi\u00e7\u00f5es e experi\u00eancias \u00fanicas para todas as idades. Seja no centro hist\u00f3rico ou nas margens do Tejo, Lisboa pulsa com arte, m\u00fasica, gastronomia e atra\u00e7\u00f5es [&hellip;]<\/p>\n","protected":false},"author":1,"featured_media":7574,"comment_status":"open","ping_status":"open","sticky":false,"template":"","format":"standard","meta":{"footnotes":""},"categories":[18],"tags":[],"class_list":["post-19572","post","type-post","status-publish","format-standard","has-post-thumbnail","hentry","category-dicas-de-portugal"],"acf":[],"yoast_head":"<!-- This site is optimized with the Yoast SEO plugin v27.5 - https:\/\/yoast.com\/product\/yoast-seo-wordpress\/ -->\n<title>O que fazer em Lisboa neste fim de semana: eventos imperd\u00edveis - Encontre Portugal<\/title>\n<meta name=\"robots\" content=\"index, follow, max-snippet:-1, max-image-preview:large, max-video-preview:-1\" \/>\n<link rel=\"canonical\" href=\"https:\/\/encontreportugal.pt\/fr\/o-que-fazer-em-lisboa-neste-fim-de-semana-eventos-imperdiveis\/\" \/>\n<meta property=\"og:locale\" content=\"fr_FR\" \/>\n<meta property=\"og:type\" content=\"article\" \/>\n<meta property=\"og:title\" content=\"O que fazer em Lisboa neste fim de semana: eventos imperd\u00edveis - Encontre Portugal\" \/>\n<meta property=\"og:url\" content=\"https:\/\/encontreportugal.pt\/fr\/o-que-fazer-em-lisboa-neste-fim-de-semana-eventos-imperdiveis\/\" \/>\n<meta property=\"og:site_name\" content=\"Encontre Portugal\" \/>\n<meta property=\"article:published_time\" content=\"2025-08-29T22:53:04+00:00\" \/>\n<meta property=\"og:image\" content=\"https:\/\/encontreportugal.pt\/wp-content\/uploads\/2024\/05\/O-eletrico-Guesthouse-Lisboa.jpg\" \/>\n\t<meta property=\"og:image:width\" content=\"2560\" \/>\n\t<meta property=\"og:image:height\" content=\"1703\" \/>\n\t<meta property=\"og:image:type\" content=\"image\/jpeg\" \/>\n<meta name=\"author\" content=\"Douglas Barbosa\" \/>\n<meta name=\"twitter:card\" content=\"summary_large_image\" \/>\n<meta name=\"twitter:label1\" content=\"\u00c9crit par\" \/>\n\t<meta name=\"twitter:data1\" content=\"Douglas Barbosa\" \/>\n\t<meta name=\"twitter:label2\" content=\"Dur\u00e9e de lecture estim\u00e9e\" \/>\n\t<meta name=\"twitter:data2\" content=\"5 minutes\" \/>\n<script type=\"application\/ld+json\" class=\"yoast-schema-graph\">{\"@context\":\"https:\\\/\\\/schema.org\",\"@graph\":[{\"@type\":\"Article\",\"@id\":\"http:\\\/\\\/encontreportugal.pt\\\/es\\\/o-que-fazer-em-lisboa-neste-fim-de-semana-eventos-imperdiveis\\\/#article\",\"isPartOf\":{\"@id\":\"http:\\\/\\\/encontreportugal.pt\\\/es\\\/o-que-fazer-em-lisboa-neste-fim-de-semana-eventos-imperdiveis\\\/\"},\"author\":{\"name\":\"Douglas Barbosa\",\"@id\":\"https:\\\/\\\/encontreportugal.pt\\\/zh\\\/#\\\/schema\\\/person\\\/71ee126caa8e8746f4e1d07bb50ba747\"},\"headline\":\"O que fazer em Lisboa neste fim de semana: eventos imperd\u00edveis\",\"datePublished\":\"2025-08-29T22:53:04+00:00\",\"mainEntityOfPage\":{\"@id\":\"http:\\\/\\\/encontreportugal.pt\\\/es\\\/o-que-fazer-em-lisboa-neste-fim-de-semana-eventos-imperdiveis\\\/\"},\"wordCount\":1012,\"commentCount\":0,\"publisher\":{\"@id\":\"https:\\\/\\\/encontreportugal.pt\\\/zh\\\/#organization\"},\"image\":{\"@id\":\"http:\\\/\\\/encontreportugal.pt\\\/es\\\/o-que-fazer-em-lisboa-neste-fim-de-semana-eventos-imperdiveis\\\/#primaryimage\"},\"thumbnailUrl\":\"https:\\\/\\\/encontreportugal.pt\\\/wp-content\\\/uploads\\\/2024\\\/05\\\/O-eletrico-Guesthouse-Lisboa.jpg\",\"articleSection\":[\"Dicas de Portugal\"],\"inLanguage\":\"fr-FR\",\"potentialAction\":[{\"@type\":\"CommentAction\",\"name\":\"Comment\",\"target\":[\"http:\\\/\\\/encontreportugal.pt\\\/es\\\/o-que-fazer-em-lisboa-neste-fim-de-semana-eventos-imperdiveis\\\/#respond\"]}]},{\"@type\":\"WebPage\",\"@id\":\"http:\\\/\\\/encontreportugal.pt\\\/es\\\/o-que-fazer-em-lisboa-neste-fim-de-semana-eventos-imperdiveis\\\/\",\"url\":\"http:\\\/\\\/encontreportugal.pt\\\/es\\\/o-que-fazer-em-lisboa-neste-fim-de-semana-eventos-imperdiveis\\\/\",\"name\":\"O que fazer em Lisboa neste fim de semana: eventos imperd\u00edveis - Encontre Portugal\",\"isPartOf\":{\"@id\":\"https:\\\/\\\/encontreportugal.pt\\\/zh\\\/#website\"},\"primaryImageOfPage\":{\"@id\":\"http:\\\/\\\/encontreportugal.pt\\\/es\\\/o-que-fazer-em-lisboa-neste-fim-de-semana-eventos-imperdiveis\\\/#primaryimage\"},\"image\":{\"@id\":\"http:\\\/\\\/encontreportugal.pt\\\/es\\\/o-que-fazer-em-lisboa-neste-fim-de-semana-eventos-imperdiveis\\\/#primaryimage\"},\"thumbnailUrl\":\"https:\\\/\\\/encontreportugal.pt\\\/wp-content\\\/uploads\\\/2024\\\/05\\\/O-eletrico-Guesthouse-Lisboa.jpg\",\"datePublished\":\"2025-08-29T22:53:04+00:00\",\"breadcrumb\":{\"@id\":\"http:\\\/\\\/encontreportugal.pt\\\/es\\\/o-que-fazer-em-lisboa-neste-fim-de-semana-eventos-imperdiveis\\\/#breadcrumb\"},\"inLanguage\":\"fr-FR\",\"potentialAction\":[{\"@type\":\"ReadAction\",\"target\":[\"http:\\\/\\\/encontreportugal.pt\\\/es\\\/o-que-fazer-em-lisboa-neste-fim-de-semana-eventos-imperdiveis\\\/\"]}]},{\"@type\":\"ImageObject\",\"inLanguage\":\"fr-FR\",\"@id\":\"http:\\\/\\\/encontreportugal.pt\\\/es\\\/o-que-fazer-em-lisboa-neste-fim-de-semana-eventos-imperdiveis\\\/#primaryimage\",\"url\":\"https:\\\/\\\/encontreportugal.pt\\\/wp-content\\\/uploads\\\/2024\\\/05\\\/O-eletrico-Guesthouse-Lisboa.jpg\",\"contentUrl\":\"https:\\\/\\\/encontreportugal.pt\\\/wp-content\\\/uploads\\\/2024\\\/05\\\/O-eletrico-Guesthouse-Lisboa.jpg\",\"width\":2560,\"height\":1703,\"caption\":\"O el\u00e9trico Guesthouse Lisboa\"},{\"@type\":\"BreadcrumbList\",\"@id\":\"http:\\\/\\\/encontreportugal.pt\\\/es\\\/o-que-fazer-em-lisboa-neste-fim-de-semana-eventos-imperdiveis\\\/#breadcrumb\",\"itemListElement\":[{\"@type\":\"ListItem\",\"position\":1,\"name\":\"In\u00edcio\",\"item\":\"https:\\\/\\\/encontreportugal.pt\\\/zh\\\/\"},{\"@type\":\"ListItem\",\"position\":2,\"name\":\"O que fazer em Lisboa neste fim de semana: eventos imperd\u00edveis\"}]},{\"@type\":\"WebSite\",\"@id\":\"https:\\\/\\\/encontreportugal.pt\\\/zh\\\/#website\",\"url\":\"https:\\\/\\\/encontreportugal.pt\\\/zh\\\/\",\"name\":\"Encontre Portugal\",\"description\":\"O maior Portal de dicas ao imigrante brasileiro em Portugal.\",\"publisher\":{\"@id\":\"https:\\\/\\\/encontreportugal.pt\\\/zh\\\/#organization\"},\"potentialAction\":[{\"@type\":\"SearchAction\",\"target\":{\"@type\":\"EntryPoint\",\"urlTemplate\":\"https:\\\/\\\/encontreportugal.pt\\\/zh\\\/?s={search_term_string}\"},\"query-input\":{\"@type\":\"PropertyValueSpecification\",\"valueRequired\":true,\"valueName\":\"search_term_string\"}}],\"inLanguage\":\"fr-FR\"},{\"@type\":\"Organization\",\"@id\":\"https:\\\/\\\/encontreportugal.pt\\\/zh\\\/#organization\",\"name\":\"Encontre Portugal\",\"url\":\"https:\\\/\\\/encontreportugal.pt\\\/zh\\\/\",\"logo\":{\"@type\":\"ImageObject\",\"inLanguage\":\"fr-FR\",\"@id\":\"https:\\\/\\\/encontreportugal.pt\\\/zh\\\/#\\\/schema\\\/logo\\\/image\\\/\",\"url\":\"https:\\\/\\\/encontreportugal.pt\\\/wp-content\\\/uploads\\\/2024\\\/04\\\/cropped-logo-encontre-portugal.png\",\"contentUrl\":\"https:\\\/\\\/encontreportugal.pt\\\/wp-content\\\/uploads\\\/2024\\\/04\\\/cropped-logo-encontre-portugal.png\",\"width\":500,\"height\":165,\"caption\":\"Encontre Portugal\"},\"image\":{\"@id\":\"https:\\\/\\\/encontreportugal.pt\\\/zh\\\/#\\\/schema\\\/logo\\\/image\\\/\"}},{\"@type\":\"Person\",\"@id\":\"https:\\\/\\\/encontreportugal.pt\\\/zh\\\/#\\\/schema\\\/person\\\/71ee126caa8e8746f4e1d07bb50ba747\",\"name\":\"Douglas Barbosa\",\"image\":{\"@type\":\"ImageObject\",\"inLanguage\":\"fr-FR\",\"@id\":\"https:\\\/\\\/encontreportugal.pt\\\/wp-content\\\/uploads\\\/2024\\\/03\\\/douglasfdb_avatar-96x96.jpeg\",\"url\":\"https:\\\/\\\/encontreportugal.pt\\\/wp-content\\\/uploads\\\/2024\\\/03\\\/douglasfdb_avatar-96x96.jpeg\",\"contentUrl\":\"https:\\\/\\\/encontreportugal.pt\\\/wp-content\\\/uploads\\\/2024\\\/03\\\/douglasfdb_avatar-96x96.jpeg\",\"caption\":\"Douglas Barbosa\"},\"description\":\"Graduado em Tecnologia de Redes de Computadores e com P\u00f3s-Gradua\u00e7\u00e3o em Marketing Digital, Business Intelligence e Estrat\u00e9gia Data-Driven pela Pontif\u00edcia Universidade Cat\u00f3lica (PUC). Capacita\u00e7\u00e3o em Linguagem Corporal e Detec\u00e7\u00e3o de Microexpress\u00f5es Faciais. Participa\u00e7\u00e3o na forma\u00e7\u00e3o \\\"M\u00e1quina de Tr\u00e1fego e Convers\u00e3o - Aprenda a Vender Mais pelo Google Todos os Dias\\\". Certificado pelo Google em Rede de Pesquisa. Vasta experi\u00eancia em projetos de SEO, gest\u00e3o de tr\u00e1fego pago no Google Ads e Cria\u00e7\u00e3o de Websites.\",\"sameAs\":[\"https:\\\/\\\/encontreportugal.pt\"],\"url\":\"https:\\\/\\\/encontreportugal.pt\\\/fr\\\/author\\\/douglasfdb\\\/\"}]}<\/script>\n<!-- \/ Yoast SEO plugin. -->","yoast_head_json":{"title":"O que fazer em Lisboa neste fim de semana: eventos imperd\u00edveis - Encontre Portugal","robots":{"index":"index","follow":"follow","max-snippet":"max-snippet:-1","max-image-preview":"max-image-preview:large","max-video-preview":"max-video-preview:-1"},"canonical":"https:\/\/encontreportugal.pt\/fr\/o-que-fazer-em-lisboa-neste-fim-de-semana-eventos-imperdiveis\/","og_locale":"fr_FR","og_type":"article","og_title":"O que fazer em Lisboa neste fim de semana: eventos imperd\u00edveis - Encontre Portugal","og_url":"https:\/\/encontreportugal.pt\/fr\/o-que-fazer-em-lisboa-neste-fim-de-semana-eventos-imperdiveis\/","og_site_name":"Encontre Portugal","article_published_time":"2025-08-29T22:53:04+00:00","og_image":[{"width":2560,"height":1703,"url":"https:\/\/encontreportugal.pt\/wp-content\/uploads\/2024\/05\/O-eletrico-Guesthouse-Lisboa.jpg","type":"image\/jpeg"}],"author":"Douglas Barbosa","twitter_card":"summary_large_image","twitter_misc":{"\u00c9crit par":"Douglas Barbosa","Dur\u00e9e de lecture estim\u00e9e":"5 minutes"},"schema":{"@context":"https:\/\/schema.org","@graph":[{"@type":"Article","@id":"https:\/\/encontreportugal.pt\/es\/o-que-fazer-em-lisboa-neste-fim-de-semana-eventos-imperdiveis\/#article","isPartOf":{"@id":"https:\/\/encontreportugal.pt\/es\/o-que-fazer-em-lisboa-neste-fim-de-semana-eventos-imperdiveis\/"},"author":{"name":"Douglas Barbosa","@id":"https:\/\/encontreportugal.pt\/zh\/#\/schema\/person\/71ee126caa8e8746f4e1d07bb50ba747"},"headline":"O que fazer em Lisboa neste fim de semana: eventos imperd\u00edveis","datePublished":"2025-08-29T22:53:04+00:00","mainEntityOfPage":{"@id":"https:\/\/encontreportugal.pt\/es\/o-que-fazer-em-lisboa-neste-fim-de-semana-eventos-imperdiveis\/"},"wordCount":1012,"commentCount":0,"publisher":{"@id":"https:\/\/encontreportugal.pt\/zh\/#organization"},"image":{"@id":"https:\/\/encontreportugal.pt\/es\/o-que-fazer-em-lisboa-neste-fim-de-semana-eventos-imperdiveis\/#primaryimage"},"thumbnailUrl":"https:\/\/encontreportugal.pt\/wp-content\/uploads\/2024\/05\/O-eletrico-Guesthouse-Lisboa.jpg","articleSection":["Dicas de Portugal"],"inLanguage":"fr-FR","potentialAction":[{"@type":"CommentAction","name":"Comment","target":["https:\/\/encontreportugal.pt\/es\/o-que-fazer-em-lisboa-neste-fim-de-semana-eventos-imperdiveis\/#respond"]}]},{"@type":"WebPage","@id":"https:\/\/encontreportugal.pt\/es\/o-que-fazer-em-lisboa-neste-fim-de-semana-eventos-imperdiveis\/","url":"https:\/\/encontreportugal.pt\/es\/o-que-fazer-em-lisboa-neste-fim-de-semana-eventos-imperdiveis\/","name":"O que fazer em Lisboa neste fim de semana: eventos imperd\u00edveis - Encontre Portugal","isPartOf":{"@id":"https:\/\/encontreportugal.pt\/zh\/#website"},"primaryImageOfPage":{"@id":"https:\/\/encontreportugal.pt\/es\/o-que-fazer-em-lisboa-neste-fim-de-semana-eventos-imperdiveis\/#primaryimage"},"image":{"@id":"https:\/\/encontreportugal.pt\/es\/o-que-fazer-em-lisboa-neste-fim-de-semana-eventos-imperdiveis\/#primaryimage"},"thumbnailUrl":"https:\/\/encontreportugal.pt\/wp-content\/uploads\/2024\/05\/O-eletrico-Guesthouse-Lisboa.jpg","datePublished":"2025-08-29T22:53:04+00:00","breadcrumb":{"@id":"https:\/\/encontreportugal.pt\/es\/o-que-fazer-em-lisboa-neste-fim-de-semana-eventos-imperdiveis\/#breadcrumb"},"inLanguage":"fr-FR","potentialAction":[{"@type":"ReadAction","target":["https:\/\/encontreportugal.pt\/es\/o-que-fazer-em-lisboa-neste-fim-de-semana-eventos-imperdiveis\/"]}]},{"@type":"ImageObject","inLanguage":"fr-FR","@id":"https:\/\/encontreportugal.pt\/es\/o-que-fazer-em-lisboa-neste-fim-de-semana-eventos-imperdiveis\/#primaryimage","url":"https:\/\/encontreportugal.pt\/wp-content\/uploads\/2024\/05\/O-eletrico-Guesthouse-Lisboa.jpg","contentUrl":"https:\/\/encontreportugal.pt\/wp-content\/uploads\/2024\/05\/O-eletrico-Guesthouse-Lisboa.jpg","width":2560,"height":1703,"caption":"O el\u00e9trico Guesthouse Lisboa"},{"@type":"BreadcrumbList","@id":"https:\/\/encontreportugal.pt\/es\/o-que-fazer-em-lisboa-neste-fim-de-semana-eventos-imperdiveis\/#breadcrumb","itemListElement":[{"@type":"ListItem","position":1,"name":"In\u00edcio","item":"https:\/\/encontreportugal.pt\/zh\/"},{"@type":"ListItem","position":2,"name":"O que fazer em Lisboa neste fim de semana: eventos imperd\u00edveis"}]},{"@type":"WebSite","@id":"https:\/\/encontreportugal.pt\/zh\/#website","url":"https:\/\/encontreportugal.pt\/zh\/","name":"Trouver le Portugal","description":"O maior Portal de dicas ao imigrante brasileiro em Portugal.","publisher":{"@id":"https:\/\/encontreportugal.pt\/zh\/#organization"},"potentialAction":[{"@type":"SearchAction","target":{"@type":"EntryPoint","urlTemplate":"https:\/\/encontreportugal.pt\/zh\/?s={search_term_string}"},"query-input":{"@type":"PropertyValueSpecification","valueRequired":true,"valueName":"search_term_string"}}],"inLanguage":"fr-FR"},{"@type":"Organization","@id":"https:\/\/encontreportugal.pt\/zh\/#organization","name":"Trouver le Portugal","url":"https:\/\/encontreportugal.pt\/zh\/","logo":{"@type":"ImageObject","inLanguage":"fr-FR","@id":"https:\/\/encontreportugal.pt\/zh\/#\/schema\/logo\/image\/","url":"https:\/\/encontreportugal.pt\/wp-content\/uploads\/2024\/04\/cropped-logo-encontre-portugal.png","contentUrl":"https:\/\/encontreportugal.pt\/wp-content\/uploads\/2024\/04\/cropped-logo-encontre-portugal.png","width":500,"height":165,"caption":"Encontre Portugal"},"image":{"@id":"https:\/\/encontreportugal.pt\/zh\/#\/schema\/logo\/image\/"}},{"@type":"Person","@id":"https:\/\/encontreportugal.pt\/zh\/#\/schema\/person\/71ee126caa8e8746f4e1d07bb50ba747","name":"Douglas Barbosa","image":{"@type":"ImageObject","inLanguage":"fr-FR","@id":"https:\/\/encontreportugal.pt\/wp-content\/uploads\/2024\/03\/douglasfdb_avatar-96x96.jpeg","url":"https:\/\/encontreportugal.pt\/wp-content\/uploads\/2024\/03\/douglasfdb_avatar-96x96.jpeg","contentUrl":"https:\/\/encontreportugal.pt\/wp-content\/uploads\/2024\/03\/douglasfdb_avatar-96x96.jpeg","caption":"Douglas Barbosa"},"description":"Il est titulaire d'un dipl\u00f4me en technologie des r\u00e9seaux informatiques et d'un dipl\u00f4me de troisi\u00e8me cycle en marketing num\u00e9rique, en intelligence \u00e9conomique et en strat\u00e9gie fond\u00e9e sur les donn\u00e9es de l'Universit\u00e9 catholique pontificale (PUC). Formation \u00e0 la d\u00e9tection du langage corporel et des micro-expressions faciales. Participation \u00e0 la formation \"Traffic and Conversion Machine - Learn to Sell More Through Google Every Day\". Certifi\u00e9 par Google en optimisation pour les moteurs de recherche. Vaste exp\u00e9rience des projets de r\u00e9f\u00e9rencement, de la gestion du trafic payant sur Google Ads et de la cr\u00e9ation de sites web.","sameAs":["https:\/\/encontreportugal.pt"],"url":"https:\/\/encontreportugal.pt\/fr\/author\/douglasfdb\/"}]}},"_links":{"self":[{"href":"https:\/\/encontreportugal.pt\/fr\/wp-json\/wp\/v2\/posts\/19572","targetHints":{"allow":["GET"]}}],"collection":[{"href":"https:\/\/encontreportugal.pt\/fr\/wp-json\/wp\/v2\/posts"}],"about":[{"href":"https:\/\/encontreportugal.pt\/fr\/wp-json\/wp\/v2\/types\/post"}],"author":[{"embeddable":true,"href":"https:\/\/encontreportugal.pt\/fr\/wp-json\/wp\/v2\/users\/1"}],"replies":[{"embeddable":true,"href":"https:\/\/encontreportugal.pt\/fr\/wp-json\/wp\/v2\/comments?post=19572"}],"version-history":[{"count":0,"href":"https:\/\/encontreportugal.pt\/fr\/wp-json\/wp\/v2\/posts\/19572\/revisions"}],"wp:featuredmedia":[{"embeddable":true,"href":"https:\/\/encontreportugal.pt\/fr\/wp-json\/wp\/v2\/media\/7574"}],"wp:attachment":[{"href":"https:\/\/encontreportugal.pt\/fr\/wp-json\/wp\/v2\/media?parent=19572"}],"wp:term":[{"taxonomy":"category","embeddable":true,"href":"https:\/\/encontreportugal.pt\/fr\/wp-json\/wp\/v2\/categories?post=19572"},{"taxonomy":"post_tag","embeddable":true,"href":"https:\/\/encontreportugal.pt\/fr\/wp-json\/wp\/v2\/tags?post=19572"}],"curies":[{"name":"wp","href":"https:\/\/api.w.org\/{rel}","templated":true}]}}