{"id":2166,"date":"2023-07-22T17:56:50","date_gmt":"2023-07-22T17:56:50","guid":{"rendered":"https:\/\/encontreportugal.pt\/?p=2166"},"modified":"2023-11-08T15:26:36","modified_gmt":"2023-11-08T15:26:36","slug":"loja-dos-cabelos-pt-a-excelencia-em-cabelo-humano-da-india-e-vietna","status":"publish","type":"post","link":"https:\/\/encontreportugal.pt\/fr\/loja-dos-cabelos-pt-a-excelencia-em-cabelo-humano-da-india-e-vietna\/","title":{"rendered":"Hair Shop .co.uk : L'excellence en mati\u00e8re de cheveux humains en provenance de l'Inde et du Vietnam"},"content":{"rendered":"<div data-elementor-type=\"wp-post\" data-elementor-id=\"2166\" class=\"elementor elementor-2166\" data-elementor-post-type=\"post\">\n\t\t\t\t\t\t<section data-particle_enable=\"false\" data-particle-mobile-disabled=\"false\" class=\"elementor-section elementor-top-section elementor-element elementor-element-692df96d elementor-section-boxed elementor-section-height-default elementor-section-height-default\" data-id=\"692df96d\" data-element_type=\"section\" data-e-type=\"section\">\n\t\t\t\t\t\t<div class=\"elementor-container elementor-column-gap-default\">\n\t\t\t\t\t<div class=\"elementor-column elementor-col-100 elementor-top-column elementor-element elementor-element-16f2752\" data-id=\"16f2752\" data-element_type=\"column\" data-e-type=\"column\">\n\t\t\t<div class=\"elementor-widget-wrap elementor-element-populated\">\n\t\t\t\t\t\t<div class=\"elementor-element elementor-element-286892f0 elementor-widget elementor-widget-text-editor\" data-id=\"286892f0\" data-element_type=\"widget\" data-e-type=\"widget\" data-widget_type=\"text-editor.default\">\n\t\t\t\t<div class=\"elementor-widget-container\">\n\t\t\t\t\t\t\t\t\t<h1><strong>Loja Dos Cabelos .pt: A Excel\u00eancia em Cabelos\u00a0 Humanos da \u00cdndia e Vietn\u00e3 <\/strong><\/h1><p>No universo da <a href=\"http:\/\/drmiguelmorgado.com\">beleza e do cuidado pessoal<\/a>, os cabelos s\u00e3o elementos fundamentais para a autoestima e express\u00e3o individual. A busca por cabelos 100% humanos, de qualidade e origem confi\u00e1vel, \u00e9 uma demanda crescente em todo o mundo. Neste contexto, a <a href=\"http:\/\/lojadoscabelos.pt\">LojaDosCabelos.pt<\/a> destaca-se como uma refer\u00eancia no mercado, oferecendo cabelos de alta qualidade provenientes da \u00cdndia e Vietn\u00e3. Neste artigo, exploraremos os motivos pelos quais a <strong>LojaDosCabelos.pt<\/strong> \u00e9 a escolha ideal para quem busca cabelos aut\u00eanticos e duradouros.<\/p><h2><strong>Cabelos Humanos: Por que eles Importam?<\/strong><\/h2><p>A principal raz\u00e3o pela qual os cabelos 100% humanos ganham destaque \u00e9 a sua capacidade de proporcionar uma apar\u00eancia natural e realista. Ao contr\u00e1rio das <a href=\"https:\/\/encontreportugal.pt\/fr\/conheca-janaina-extensoes-a-especialista-em-mega-hair-em-portugal\/\">extens\u00f5es<\/a> sint\u00e9ticas, os cabelos humanos s\u00e3o indistingu\u00edveis dos cabelos naturais, permitindo que os usu\u00e1rios desfrutem de uma apar\u00eancia aut\u00eantica e confiante. Al\u00e9m disso, cabelos de origem natural tendem a ter uma durabilidade muito maior, permitindo o uso a longo prazo e a aplica\u00e7\u00e3o de tratamentos comuns de cabelo, como tintura e estiliza\u00e7\u00e3o.<\/p><h3><strong>A Proced\u00eancia dos Cabelos da LojaDosCabelos.pt <\/strong><\/h3><p>Uma das caracter\u00edsticas mais marcantes da <strong>LojaDosCabelos.pt<\/strong> \u00e9 a origem de seus cabelos 100% humanos. A empresa trabalha exclusivamente com cabelos provenientes da \u00cdndia e Vietn\u00e3, duas regi\u00f5es conhecidas por fornecerem cabelos de alta qualidade e autenticidade.<\/p><h3><strong>1. Cabelos Indianos: Eleg\u00e2ncia e Versatilidade <\/strong><\/h3><p>A \u00cdndia \u00e9 conhecida por sua rica cultura e diversidade, e seus cabelos n\u00e3o s\u00e3o exce\u00e7\u00e3o. Os cabelos indianos s\u00e3o amplamente reconhecidos pela sua textura suave, brilho natural e versatilidade para se adequarem a diversos estilos e penteados. Eles s\u00e3o colhidos de doadores volunt\u00e1rios, garantindo a proced\u00eancia \u00e9tica e a qualidade superior dos fios.<\/p><h3><strong>2. Cabelos Vietnamitas: For\u00e7a e Resist\u00eancia<\/strong><\/h3><p>Os cabelos vietnamitas s\u00e3o igualmente apreciados por sua resist\u00eancia e durabilidade. Esses cabelos s\u00e3o reconhecidos por manterem sua integridade mesmo ap\u00f3s processos qu\u00edmicos e tratamentos t\u00e9rmicos. A origem vietnamita dos cabelos oferece uma excelente op\u00e7\u00e3o para quem busca extens\u00f5es que suportem estilos de vida ativos e exigentes.<\/p><h3><strong>Compromisso com a Qualidade <\/strong><\/h3><p>A LojaDosCabelos.pt orgulha-se de seu compromisso com a qualidade. Todos os cabelos oferecidos passam por rigorosos processos de sele\u00e7\u00e3o e higieniza\u00e7\u00e3o, garantindo que os clientes recebam produtos impec\u00e1veis e de alto padr\u00e3o. Al\u00e9m disso, a empresa valoriza a satisfa\u00e7\u00e3o do cliente e investe em uma equipe de atendimento dedicada a auxiliar e esclarecer quaisquer d\u00favidas.<\/p><h4><strong>Variedade de Op\u00e7\u00f5es <\/strong><\/h4><p>Outro aspecto destac\u00e1vel da <strong>LojaDosCabelos.pt<\/strong> \u00e9 a variedade de op\u00e7\u00f5es dispon\u00edveis para os clientes. Diferentes comprimentos, cores e texturas est\u00e3o dispon\u00edveis, permitindo que cada cliente encontre a extens\u00e3o perfeita para suas necessidades e prefer\u00eancias pessoais. Com tantas escolhas, \u00e9 f\u00e1cil encontrar o cabelo ideal para compor o visual desejado.<\/p><h4><strong>Compromisso com a Sustentabilidade <\/strong><\/h4><p>A <strong>LojaDosCabelos.pt<\/strong> leva a sustentabilidade a s\u00e9rio, trabalhando em parceria com comunidades locais na \u00cdndia e Vietn\u00e3. O processo de obten\u00e7\u00e3o dos cabelos \u00e9 feito de forma \u00e9tica e sustent\u00e1vel, respeitando os doadores e ajudando a fortalecer as economias locais. Al\u00e9m disso, a empresa investe em embalagens recicl\u00e1veis e pr\u00e1ticas para minimizar o impacto ambiental.<\/p><p>A LojaDosCabelos.pt destaca-se no mercado como uma loja de refer\u00eancia quando se trata de cabelos 100% humanos provenientes da \u00cdndia e Vietn\u00e3. Seu compromisso com a qualidade, sustentabilidade e variedade de op\u00e7\u00f5es a tornam uma escolha ideal para quem busca cabelos aut\u00eanticos e duradouros. Ao optar pelos cabelos oferecidos por esta loja, os clientes podem ter a certeza de que est\u00e3o investindo em produtos de excel\u00eancia que real\u00e7ar\u00e3o sua beleza e autoestima de maneira \u00fanica e natural.<\/p><h2><strong>A Import\u00e2ncia das Extens\u00f5es de Cabelos (Megahair) no Visual e Autoestima da Mulher <\/strong><\/h2><p>O cabelo \u00e9 um elemento poderoso na identidade de uma mulher. Seja longo, curto, liso, ondulado ou cacheado, o cabelo desempenha um papel significativo na forma como nos expressamos e nos apresentamos ao mundo. No entanto, nem todas as mulheres t\u00eam a sorte de desfrutar de cabelos longos e volumosos naturalmente. \u00c9 a\u00ed que entram as extens\u00f5es de cabelos, popularmente conhecidas como megahair, desempenhando um papel transformador no visual e na autoestima feminina.<\/p><h4><strong>1. Versatilidade no Visual <\/strong><\/h4><p>As extens\u00f5es de cabelos proporcionam \u00e0s mulheres a oportunidade de experimentar e alterar seu visual de maneiras que seriam dif\u00edceis ou demoradas de alcan\u00e7ar com o cabelo natural. Com as extens\u00f5es, \u00e9 poss\u00edvel obter instantaneamente um cabelo mais longo, volumoso e at\u00e9 mesmo adicionar cores ou mechas sem a necessidade de submeter o cabelo natural a tratamentos qu\u00edmicos agressivos.<\/p><p>Essa versatilidade oferecida pelas extens\u00f5es permite que as mulheres se expressem de acordo com seu estilo pessoal e se sintam mais confiantes ao exibir diferentes visuais. Seja para ocasi\u00f5es especiais ou para o dia a dia, as extens\u00f5es de cabelos podem ser um recurso valioso para criar looks \u00fanicos e aut\u00eanticos.<\/p><h4><strong>2. Aumento da Autoestima <\/strong><\/h4><p>A rela\u00e7\u00e3o entre cabelo e autoestima \u00e9 profunda. Para muitas mulheres, a apar\u00eancia do cabelo pode afetar diretamente sua confian\u00e7a e autoimagem. Cabelos ralos, finos ou com problemas de crescimento podem impactar negativamente a autoestima, levando a sentimentos de insatisfa\u00e7\u00e3o com a pr\u00f3pria apar\u00eancia.<\/p><p>As extens\u00f5es de cabelos t\u00eam a capacidade de transformar instantaneamente o cabelo, proporcionando volume e comprimento adicionais. Quando uma mulher se v\u00ea com um cabelo mais exuberante e bonito, isso pode resultar em um aumento significativo da autoestima. Sentir-se bem com o visual do cabelo pode se refletir em maior seguran\u00e7a e bem-estar geral.<\/p><h4><strong>Solu\u00e7\u00e3o para Cabelos com Dificuldades de Crescimento <\/strong><\/h4><p>Algumas mulheres podem enfrentar dificuldades para fazer o cabelo crescer naturalmente devido a fatores gen\u00e9ticos, problemas de sa\u00fade ou danos anteriores. Para essas mulheres, as extens\u00f5es de cabelos s\u00e3o uma solu\u00e7\u00e3o eficaz e n\u00e3o invasiva. Elas permitem que alcancem o comprimento desejado sem precisar esperar anos para que o cabelo cres\u00e7a naturalmente.<\/p><p>As extens\u00f5es tamb\u00e9m s\u00e3o uma excelente op\u00e7\u00e3o para mulheres que passaram por procedimentos m\u00e9dicos, como quimioterapia, e desejam recuperar a apar\u00eancia do cabelo durante o processo de crescimento.<\/p><p>As extens\u00f5es de cabelos (megahair) desempenham um papel fundamental no mundo da beleza e na autoestima da mulher. Al\u00e9m de oferecerem versatilidade para experimentar diferentes estilos, cores e comprimentos, elas podem ter um impacto positivo na autoestima das mulheres, proporcionando cabelos exuberantes e confiantes. Com a capacidade de transformar instantaneamente o visual, as extens\u00f5es de cabelos tornam-se uma aliada essencial para quem deseja se sentir bela e segura em sua pr\u00f3pria pele.<\/p><h2>Compre cabelos humanos 100% naturais na Loja dos Cabelos em Portugal.<\/h2>\t\t\t\t\t\t\t\t<\/div>\n\t\t\t\t<\/div>\n\t\t\t\t\t<\/div>\n\t\t<\/div>\n\t\t\t\t\t<\/div>\n\t\t<\/section>\n\t\t\t\t<section data-particle_enable=\"false\" data-particle-mobile-disabled=\"false\" class=\"elementor-section elementor-top-section elementor-element elementor-element-524a205 elementor-section-boxed elementor-section-height-default elementor-section-height-default\" data-id=\"524a205\" data-element_type=\"section\" data-e-type=\"section\">\n\t\t\t\t\t\t<div class=\"elementor-container elementor-column-gap-default\">\n\t\t\t\t\t<div class=\"elementor-column elementor-col-100 elementor-top-column elementor-element elementor-element-424a606\" data-id=\"424a606\" data-element_type=\"column\" data-e-type=\"column\">\n\t\t\t<div class=\"elementor-widget-wrap elementor-element-populated\">\n\t\t\t\t\t\t<div class=\"elementor-element elementor-element-0da4bf8 elementor-button-success elementor-align-center elementor-widget elementor-widget-button\" data-id=\"0da4bf8\" data-element_type=\"widget\" data-e-type=\"widget\" data-widget_type=\"button.default\">\n\t\t\t\t<div class=\"elementor-widget-container\">\n\t\t\t\t\t\t\t\t\t<div class=\"elementor-button-wrapper\">\n\t\t\t\t\t<a class=\"elementor-button elementor-button-link elementor-size-xl\" href=\"https:\/\/lojadoscabelos.pt\/\">\n\t\t\t\t\t\t<span class=\"elementor-button-content-wrapper\">\n\t\t\t\t\t\t\t\t\t<span class=\"elementor-button-text\">Comprar Cabelos Humanos na Loja dos Cabelos.PT<\/span>\n\t\t\t\t\t<\/span>\n\t\t\t\t\t<\/a>\n\t\t\t\t<\/div>\n\t\t\t\t\t\t\t\t<\/div>\n\t\t\t\t<\/div>\n\t\t\t\t\t<\/div>\n\t\t<\/div>\n\t\t\t\t\t<\/div>\n\t\t<\/section>\n\t\t\t\t<\/div>","protected":false},"excerpt":{"rendered":"<p>Loja Dos Cabelos .pt: A Excel\u00eancia em Cabelos\u00a0 Humanos da \u00cdndia e Vietn\u00e3 No universo da beleza e do cuidado pessoal, os cabelos s\u00e3o elementos fundamentais para a autoestima e express\u00e3o individual. A busca por cabelos 100% humanos, de qualidade e origem confi\u00e1vel, \u00e9 uma demanda crescente em todo o mundo. Neste contexto, a LojaDosCabelos.pt [&hellip;]<\/p>\n","protected":false},"author":1,"featured_media":2167,"comment_status":"open","ping_status":"open","sticky":false,"template":"","format":"standard","meta":{"footnotes":""},"categories":[675,667,664],"tags":[589,593,590,594,588,591,592],"class_list":["post-2166","post","type-post","status-publish","format-standard","has-post-thumbnail","hentry","category-anuncios-de-vendas-de-produtos","category-anuncios-de-vendas-de-servicos","category-estetica-e-beleza-em-portugal","tag-cabelos-100-humanos","tag-cabelos-autenticos","tag-cabelos-da-india-e-vietna","tag-comprar-extensoes-online","tag-extensoes-de-cabelos","tag-lojadoscabelos-pt","tag-megahair"],"acf":[],"yoast_head":"<!-- This site is optimized with the Yoast SEO plugin v27.5 - https:\/\/yoast.com\/product\/yoast-seo-wordpress\/ -->\n<title>Loja Dos Cabelos .pt: A Excel\u00eancia em Cabelo Humano da \u00cdndia e Vietn\u00e3 - Encontre Portugal<\/title>\n<meta name=\"robots\" content=\"index, follow, max-snippet:-1, max-image-preview:large, max-video-preview:-1\" \/>\n<link rel=\"canonical\" href=\"https:\/\/encontreportugal.pt\/fr\/loja-dos-cabelos-pt-a-excelencia-em-cabelo-humano-da-india-e-vietna\/\" \/>\n<meta property=\"og:locale\" content=\"fr_FR\" \/>\n<meta property=\"og:type\" content=\"article\" \/>\n<meta property=\"og:title\" content=\"Loja Dos Cabelos .pt: A Excel\u00eancia em Cabelo Humano da \u00cdndia e Vietn\u00e3 - Encontre Portugal\" \/>\n<meta property=\"og:url\" content=\"https:\/\/encontreportugal.pt\/fr\/loja-dos-cabelos-pt-a-excelencia-em-cabelo-humano-da-india-e-vietna\/\" \/>\n<meta property=\"og:site_name\" content=\"Encontre Portugal\" \/>\n<meta property=\"article:published_time\" content=\"2023-07-22T17:56:50+00:00\" \/>\n<meta property=\"article:modified_time\" content=\"2023-11-08T15:26:36+00:00\" \/>\n<meta property=\"og:image\" content=\"https:\/\/encontreportugal.pt\/wp-content\/uploads\/2023\/07\/lojadoscabelos.pt_.jpg\" \/>\n\t<meta property=\"og:image:width\" content=\"1885\" \/>\n\t<meta property=\"og:image:height\" content=\"757\" \/>\n\t<meta property=\"og:image:type\" content=\"image\/jpeg\" \/>\n<meta name=\"author\" content=\"Douglas Barbosa\" \/>\n<meta name=\"twitter:card\" content=\"summary_large_image\" \/>\n<meta name=\"twitter:label1\" content=\"\u00c9crit par\" \/>\n\t<meta name=\"twitter:data1\" content=\"Douglas Barbosa\" \/>\n\t<meta name=\"twitter:label2\" content=\"Dur\u00e9e de lecture estim\u00e9e\" \/>\n\t<meta name=\"twitter:data2\" content=\"6 minutes\" \/>\n<script type=\"application\/ld+json\" class=\"yoast-schema-graph\">{\"@context\":\"https:\\\/\\\/schema.org\",\"@graph\":[{\"@type\":\"Article\",\"@id\":\"https:\\\/\\\/encontreportugal.pt\\\/loja-dos-cabelos-pt-a-excelencia-em-cabelo-humano-da-india-e-vietna\\\/#article\",\"isPartOf\":{\"@id\":\"https:\\\/\\\/encontreportugal.pt\\\/loja-dos-cabelos-pt-a-excelencia-em-cabelo-humano-da-india-e-vietna\\\/\"},\"author\":{\"name\":\"Douglas Barbosa\",\"@id\":\"https:\\\/\\\/encontreportugal.pt\\\/zh\\\/#\\\/schema\\\/person\\\/71ee126caa8e8746f4e1d07bb50ba747\"},\"headline\":\"Loja Dos Cabelos .pt: A Excel\u00eancia em Cabelo Humano da \u00cdndia e Vietn\u00e3\",\"datePublished\":\"2023-07-22T17:56:50+00:00\",\"dateModified\":\"2023-11-08T15:26:36+00:00\",\"mainEntityOfPage\":{\"@id\":\"https:\\\/\\\/encontreportugal.pt\\\/loja-dos-cabelos-pt-a-excelencia-em-cabelo-humano-da-india-e-vietna\\\/\"},\"wordCount\":1168,\"commentCount\":4,\"publisher\":{\"@id\":\"https:\\\/\\\/encontreportugal.pt\\\/zh\\\/#organization\"},\"image\":{\"@id\":\"https:\\\/\\\/encontreportugal.pt\\\/loja-dos-cabelos-pt-a-excelencia-em-cabelo-humano-da-india-e-vietna\\\/#primaryimage\"},\"thumbnailUrl\":\"https:\\\/\\\/encontreportugal.pt\\\/wp-content\\\/uploads\\\/2023\\\/07\\\/lojadoscabelos.pt_.jpg\",\"keywords\":[\"Cabelos 100% humanos\",\"Cabelos aut\u00eanticos\",\"Cabelos da \u00cdndia e Vietn\u00e3\",\"Comprar extens\u00f5es online\",\"Extens\u00f5es de cabelos\",\"LojaDosCabelos.pt\",\"Megahair\"],\"articleSection\":[\"An\u00fancios de Vendas de Produtos\",\"An\u00fancios de Vendas de Servi\u00e7os\",\"Est\u00e9tica e Beleza em Portugal\"],\"inLanguage\":\"fr-FR\",\"potentialAction\":[{\"@type\":\"CommentAction\",\"name\":\"Comment\",\"target\":[\"https:\\\/\\\/encontreportugal.pt\\\/loja-dos-cabelos-pt-a-excelencia-em-cabelo-humano-da-india-e-vietna\\\/#respond\"]}]},{\"@type\":\"WebPage\",\"@id\":\"https:\\\/\\\/encontreportugal.pt\\\/loja-dos-cabelos-pt-a-excelencia-em-cabelo-humano-da-india-e-vietna\\\/\",\"url\":\"https:\\\/\\\/encontreportugal.pt\\\/loja-dos-cabelos-pt-a-excelencia-em-cabelo-humano-da-india-e-vietna\\\/\",\"name\":\"Loja Dos Cabelos .pt: A Excel\u00eancia em Cabelo Humano da \u00cdndia e Vietn\u00e3 - Encontre Portugal\",\"isPartOf\":{\"@id\":\"https:\\\/\\\/encontreportugal.pt\\\/zh\\\/#website\"},\"primaryImageOfPage\":{\"@id\":\"https:\\\/\\\/encontreportugal.pt\\\/loja-dos-cabelos-pt-a-excelencia-em-cabelo-humano-da-india-e-vietna\\\/#primaryimage\"},\"image\":{\"@id\":\"https:\\\/\\\/encontreportugal.pt\\\/loja-dos-cabelos-pt-a-excelencia-em-cabelo-humano-da-india-e-vietna\\\/#primaryimage\"},\"thumbnailUrl\":\"https:\\\/\\\/encontreportugal.pt\\\/wp-content\\\/uploads\\\/2023\\\/07\\\/lojadoscabelos.pt_.jpg\",\"datePublished\":\"2023-07-22T17:56:50+00:00\",\"dateModified\":\"2023-11-08T15:26:36+00:00\",\"breadcrumb\":{\"@id\":\"https:\\\/\\\/encontreportugal.pt\\\/loja-dos-cabelos-pt-a-excelencia-em-cabelo-humano-da-india-e-vietna\\\/#breadcrumb\"},\"inLanguage\":\"fr-FR\",\"potentialAction\":[{\"@type\":\"ReadAction\",\"target\":[\"https:\\\/\\\/encontreportugal.pt\\\/loja-dos-cabelos-pt-a-excelencia-em-cabelo-humano-da-india-e-vietna\\\/\"]}]},{\"@type\":\"ImageObject\",\"inLanguage\":\"fr-FR\",\"@id\":\"https:\\\/\\\/encontreportugal.pt\\\/loja-dos-cabelos-pt-a-excelencia-em-cabelo-humano-da-india-e-vietna\\\/#primaryimage\",\"url\":\"https:\\\/\\\/encontreportugal.pt\\\/wp-content\\\/uploads\\\/2023\\\/07\\\/lojadoscabelos.pt_.jpg\",\"contentUrl\":\"https:\\\/\\\/encontreportugal.pt\\\/wp-content\\\/uploads\\\/2023\\\/07\\\/lojadoscabelos.pt_.jpg\",\"width\":1885,\"height\":757},{\"@type\":\"BreadcrumbList\",\"@id\":\"https:\\\/\\\/encontreportugal.pt\\\/loja-dos-cabelos-pt-a-excelencia-em-cabelo-humano-da-india-e-vietna\\\/#breadcrumb\",\"itemListElement\":[{\"@type\":\"ListItem\",\"position\":1,\"name\":\"In\u00edcio\",\"item\":\"https:\\\/\\\/encontreportugal.pt\\\/zh\\\/\"},{\"@type\":\"ListItem\",\"position\":2,\"name\":\"Loja Dos Cabelos .pt: A Excel\u00eancia em Cabelo Humano da \u00cdndia e Vietn\u00e3\"}]},{\"@type\":\"WebSite\",\"@id\":\"https:\\\/\\\/encontreportugal.pt\\\/zh\\\/#website\",\"url\":\"https:\\\/\\\/encontreportugal.pt\\\/zh\\\/\",\"name\":\"Encontre Portugal\",\"description\":\"O maior Portal de dicas ao imigrante brasileiro em Portugal.\",\"publisher\":{\"@id\":\"https:\\\/\\\/encontreportugal.pt\\\/zh\\\/#organization\"},\"potentialAction\":[{\"@type\":\"SearchAction\",\"target\":{\"@type\":\"EntryPoint\",\"urlTemplate\":\"https:\\\/\\\/encontreportugal.pt\\\/zh\\\/?s={search_term_string}\"},\"query-input\":{\"@type\":\"PropertyValueSpecification\",\"valueRequired\":true,\"valueName\":\"search_term_string\"}}],\"inLanguage\":\"fr-FR\"},{\"@type\":\"Organization\",\"@id\":\"https:\\\/\\\/encontreportugal.pt\\\/zh\\\/#organization\",\"name\":\"Encontre Portugal\",\"url\":\"https:\\\/\\\/encontreportugal.pt\\\/zh\\\/\",\"logo\":{\"@type\":\"ImageObject\",\"inLanguage\":\"fr-FR\",\"@id\":\"https:\\\/\\\/encontreportugal.pt\\\/zh\\\/#\\\/schema\\\/logo\\\/image\\\/\",\"url\":\"https:\\\/\\\/encontreportugal.pt\\\/wp-content\\\/uploads\\\/2024\\\/04\\\/cropped-logo-encontre-portugal.png\",\"contentUrl\":\"https:\\\/\\\/encontreportugal.pt\\\/wp-content\\\/uploads\\\/2024\\\/04\\\/cropped-logo-encontre-portugal.png\",\"width\":500,\"height\":165,\"caption\":\"Encontre Portugal\"},\"image\":{\"@id\":\"https:\\\/\\\/encontreportugal.pt\\\/zh\\\/#\\\/schema\\\/logo\\\/image\\\/\"}},{\"@type\":\"Person\",\"@id\":\"https:\\\/\\\/encontreportugal.pt\\\/zh\\\/#\\\/schema\\\/person\\\/71ee126caa8e8746f4e1d07bb50ba747\",\"name\":\"Douglas Barbosa\",\"image\":{\"@type\":\"ImageObject\",\"inLanguage\":\"fr-FR\",\"@id\":\"https:\\\/\\\/encontreportugal.pt\\\/wp-content\\\/uploads\\\/2024\\\/03\\\/douglasfdb_avatar-96x96.jpeg\",\"url\":\"https:\\\/\\\/encontreportugal.pt\\\/wp-content\\\/uploads\\\/2024\\\/03\\\/douglasfdb_avatar-96x96.jpeg\",\"contentUrl\":\"https:\\\/\\\/encontreportugal.pt\\\/wp-content\\\/uploads\\\/2024\\\/03\\\/douglasfdb_avatar-96x96.jpeg\",\"caption\":\"Douglas Barbosa\"},\"description\":\"Graduado em Tecnologia de Redes de Computadores e com P\u00f3s-Gradua\u00e7\u00e3o em Marketing Digital, Business Intelligence e Estrat\u00e9gia Data-Driven pela Pontif\u00edcia Universidade Cat\u00f3lica (PUC). Capacita\u00e7\u00e3o em Linguagem Corporal e Detec\u00e7\u00e3o de Microexpress\u00f5es Faciais. Participa\u00e7\u00e3o na forma\u00e7\u00e3o \\\"M\u00e1quina de Tr\u00e1fego e Convers\u00e3o - Aprenda a Vender Mais pelo Google Todos os Dias\\\". Certificado pelo Google em Rede de Pesquisa. Vasta experi\u00eancia em projetos de SEO, gest\u00e3o de tr\u00e1fego pago no Google Ads e Cria\u00e7\u00e3o de Websites.\",\"sameAs\":[\"https:\\\/\\\/encontreportugal.pt\"],\"url\":\"https:\\\/\\\/encontreportugal.pt\\\/fr\\\/author\\\/douglasfdb\\\/\"}]}<\/script>\n<!-- \/ Yoast SEO plugin. -->","yoast_head_json":{"title":"Loja Dos Cabelos .pt: A Excel\u00eancia em Cabelo Humano da \u00cdndia e Vietn\u00e3 - Encontre Portugal","robots":{"index":"index","follow":"follow","max-snippet":"max-snippet:-1","max-image-preview":"max-image-preview:large","max-video-preview":"max-video-preview:-1"},"canonical":"https:\/\/encontreportugal.pt\/fr\/loja-dos-cabelos-pt-a-excelencia-em-cabelo-humano-da-india-e-vietna\/","og_locale":"fr_FR","og_type":"article","og_title":"Loja Dos Cabelos .pt: A Excel\u00eancia em Cabelo Humano da \u00cdndia e Vietn\u00e3 - Encontre Portugal","og_url":"https:\/\/encontreportugal.pt\/fr\/loja-dos-cabelos-pt-a-excelencia-em-cabelo-humano-da-india-e-vietna\/","og_site_name":"Encontre Portugal","article_published_time":"2023-07-22T17:56:50+00:00","article_modified_time":"2023-11-08T15:26:36+00:00","og_image":[{"width":1885,"height":757,"url":"https:\/\/encontreportugal.pt\/wp-content\/uploads\/2023\/07\/lojadoscabelos.pt_.jpg","type":"image\/jpeg"}],"author":"Douglas Barbosa","twitter_card":"summary_large_image","twitter_misc":{"\u00c9crit par":"Douglas Barbosa","Dur\u00e9e de lecture estim\u00e9e":"6 minutes"},"schema":{"@context":"https:\/\/schema.org","@graph":[{"@type":"Article","@id":"https:\/\/encontreportugal.pt\/loja-dos-cabelos-pt-a-excelencia-em-cabelo-humano-da-india-e-vietna\/#article","isPartOf":{"@id":"https:\/\/encontreportugal.pt\/loja-dos-cabelos-pt-a-excelencia-em-cabelo-humano-da-india-e-vietna\/"},"author":{"name":"Douglas Barbosa","@id":"https:\/\/encontreportugal.pt\/zh\/#\/schema\/person\/71ee126caa8e8746f4e1d07bb50ba747"},"headline":"Loja Dos Cabelos .pt: A Excel\u00eancia em Cabelo Humano da \u00cdndia e Vietn\u00e3","datePublished":"2023-07-22T17:56:50+00:00","dateModified":"2023-11-08T15:26:36+00:00","mainEntityOfPage":{"@id":"https:\/\/encontreportugal.pt\/loja-dos-cabelos-pt-a-excelencia-em-cabelo-humano-da-india-e-vietna\/"},"wordCount":1168,"commentCount":4,"publisher":{"@id":"https:\/\/encontreportugal.pt\/zh\/#organization"},"image":{"@id":"https:\/\/encontreportugal.pt\/loja-dos-cabelos-pt-a-excelencia-em-cabelo-humano-da-india-e-vietna\/#primaryimage"},"thumbnailUrl":"https:\/\/encontreportugal.pt\/wp-content\/uploads\/2023\/07\/lojadoscabelos.pt_.jpg","keywords":["Cabelos 100% humanos","Cabelos aut\u00eanticos","Cabelos da \u00cdndia e Vietn\u00e3","Comprar extens\u00f5es online","Extens\u00f5es de cabelos","LojaDosCabelos.pt","Megahair"],"articleSection":["An\u00fancios de Vendas de Produtos","An\u00fancios de Vendas de Servi\u00e7os","Est\u00e9tica e Beleza em Portugal"],"inLanguage":"fr-FR","potentialAction":[{"@type":"CommentAction","name":"Comment","target":["https:\/\/encontreportugal.pt\/loja-dos-cabelos-pt-a-excelencia-em-cabelo-humano-da-india-e-vietna\/#respond"]}]},{"@type":"WebPage","@id":"https:\/\/encontreportugal.pt\/loja-dos-cabelos-pt-a-excelencia-em-cabelo-humano-da-india-e-vietna\/","url":"https:\/\/encontreportugal.pt\/loja-dos-cabelos-pt-a-excelencia-em-cabelo-humano-da-india-e-vietna\/","name":"Loja Dos Cabelos .pt: A Excel\u00eancia em Cabelo Humano da \u00cdndia e Vietn\u00e3 - Encontre Portugal","isPartOf":{"@id":"https:\/\/encontreportugal.pt\/zh\/#website"},"primaryImageOfPage":{"@id":"https:\/\/encontreportugal.pt\/loja-dos-cabelos-pt-a-excelencia-em-cabelo-humano-da-india-e-vietna\/#primaryimage"},"image":{"@id":"https:\/\/encontreportugal.pt\/loja-dos-cabelos-pt-a-excelencia-em-cabelo-humano-da-india-e-vietna\/#primaryimage"},"thumbnailUrl":"https:\/\/encontreportugal.pt\/wp-content\/uploads\/2023\/07\/lojadoscabelos.pt_.jpg","datePublished":"2023-07-22T17:56:50+00:00","dateModified":"2023-11-08T15:26:36+00:00","breadcrumb":{"@id":"https:\/\/encontreportugal.pt\/loja-dos-cabelos-pt-a-excelencia-em-cabelo-humano-da-india-e-vietna\/#breadcrumb"},"inLanguage":"fr-FR","potentialAction":[{"@type":"ReadAction","target":["https:\/\/encontreportugal.pt\/loja-dos-cabelos-pt-a-excelencia-em-cabelo-humano-da-india-e-vietna\/"]}]},{"@type":"ImageObject","inLanguage":"fr-FR","@id":"https:\/\/encontreportugal.pt\/loja-dos-cabelos-pt-a-excelencia-em-cabelo-humano-da-india-e-vietna\/#primaryimage","url":"https:\/\/encontreportugal.pt\/wp-content\/uploads\/2023\/07\/lojadoscabelos.pt_.jpg","contentUrl":"https:\/\/encontreportugal.pt\/wp-content\/uploads\/2023\/07\/lojadoscabelos.pt_.jpg","width":1885,"height":757},{"@type":"BreadcrumbList","@id":"https:\/\/encontreportugal.pt\/loja-dos-cabelos-pt-a-excelencia-em-cabelo-humano-da-india-e-vietna\/#breadcrumb","itemListElement":[{"@type":"ListItem","position":1,"name":"In\u00edcio","item":"https:\/\/encontreportugal.pt\/zh\/"},{"@type":"ListItem","position":2,"name":"Loja Dos Cabelos .pt: A Excel\u00eancia em Cabelo Humano da \u00cdndia e Vietn\u00e3"}]},{"@type":"WebSite","@id":"https:\/\/encontreportugal.pt\/zh\/#website","url":"https:\/\/encontreportugal.pt\/zh\/","name":"Trouver le Portugal","description":"O maior Portal de dicas ao imigrante brasileiro em Portugal.","publisher":{"@id":"https:\/\/encontreportugal.pt\/zh\/#organization"},"potentialAction":[{"@type":"SearchAction","target":{"@type":"EntryPoint","urlTemplate":"https:\/\/encontreportugal.pt\/zh\/?s={search_term_string}"},"query-input":{"@type":"PropertyValueSpecification","valueRequired":true,"valueName":"search_term_string"}}],"inLanguage":"fr-FR"},{"@type":"Organization","@id":"https:\/\/encontreportugal.pt\/zh\/#organization","name":"Trouver le Portugal","url":"https:\/\/encontreportugal.pt\/zh\/","logo":{"@type":"ImageObject","inLanguage":"fr-FR","@id":"https:\/\/encontreportugal.pt\/zh\/#\/schema\/logo\/image\/","url":"https:\/\/encontreportugal.pt\/wp-content\/uploads\/2024\/04\/cropped-logo-encontre-portugal.png","contentUrl":"https:\/\/encontreportugal.pt\/wp-content\/uploads\/2024\/04\/cropped-logo-encontre-portugal.png","width":500,"height":165,"caption":"Encontre Portugal"},"image":{"@id":"https:\/\/encontreportugal.pt\/zh\/#\/schema\/logo\/image\/"}},{"@type":"Person","@id":"https:\/\/encontreportugal.pt\/zh\/#\/schema\/person\/71ee126caa8e8746f4e1d07bb50ba747","name":"Douglas Barbosa","image":{"@type":"ImageObject","inLanguage":"fr-FR","@id":"https:\/\/encontreportugal.pt\/wp-content\/uploads\/2024\/03\/douglasfdb_avatar-96x96.jpeg","url":"https:\/\/encontreportugal.pt\/wp-content\/uploads\/2024\/03\/douglasfdb_avatar-96x96.jpeg","contentUrl":"https:\/\/encontreportugal.pt\/wp-content\/uploads\/2024\/03\/douglasfdb_avatar-96x96.jpeg","caption":"Douglas Barbosa"},"description":"Il est titulaire d'un dipl\u00f4me en technologie des r\u00e9seaux informatiques et d'un dipl\u00f4me de troisi\u00e8me cycle en marketing num\u00e9rique, en intelligence \u00e9conomique et en strat\u00e9gie fond\u00e9e sur les donn\u00e9es de l'Universit\u00e9 catholique pontificale (PUC). Formation \u00e0 la d\u00e9tection du langage corporel et des micro-expressions faciales. Participation \u00e0 la formation \"Traffic and Conversion Machine - Learn to Sell More Through Google Every Day\". Certifi\u00e9 par Google en optimisation pour les moteurs de recherche. Vaste exp\u00e9rience des projets de r\u00e9f\u00e9rencement, de la gestion du trafic payant sur Google Ads et de la cr\u00e9ation de sites web.","sameAs":["https:\/\/encontreportugal.pt"],"url":"https:\/\/encontreportugal.pt\/fr\/author\/douglasfdb\/"}]}},"_links":{"self":[{"href":"https:\/\/encontreportugal.pt\/fr\/wp-json\/wp\/v2\/posts\/2166","targetHints":{"allow":["GET"]}}],"collection":[{"href":"https:\/\/encontreportugal.pt\/fr\/wp-json\/wp\/v2\/posts"}],"about":[{"href":"https:\/\/encontreportugal.pt\/fr\/wp-json\/wp\/v2\/types\/post"}],"author":[{"embeddable":true,"href":"https:\/\/encontreportugal.pt\/fr\/wp-json\/wp\/v2\/users\/1"}],"replies":[{"embeddable":true,"href":"https:\/\/encontreportugal.pt\/fr\/wp-json\/wp\/v2\/comments?post=2166"}],"version-history":[{"count":0,"href":"https:\/\/encontreportugal.pt\/fr\/wp-json\/wp\/v2\/posts\/2166\/revisions"}],"wp:featuredmedia":[{"embeddable":true,"href":"https:\/\/encontreportugal.pt\/fr\/wp-json\/wp\/v2\/media\/2167"}],"wp:attachment":[{"href":"https:\/\/encontreportugal.pt\/fr\/wp-json\/wp\/v2\/media?parent=2166"}],"wp:term":[{"taxonomy":"category","embeddable":true,"href":"https:\/\/encontreportugal.pt\/fr\/wp-json\/wp\/v2\/categories?post=2166"},{"taxonomy":"post_tag","embeddable":true,"href":"https:\/\/encontreportugal.pt\/fr\/wp-json\/wp\/v2\/tags?post=2166"}],"curies":[{"name":"wp","href":"https:\/\/api.w.org\/{rel}","templated":true}]}}