{"id":2325,"date":"2023-07-30T14:03:36","date_gmt":"2023-07-30T14:03:36","guid":{"rendered":"https:\/\/encontreportugal.pt\/?p=2325"},"modified":"2023-11-07T20:17:27","modified_gmt":"2023-11-07T20:17:27","slug":"feriados-em-portugal-calendario-anual","status":"publish","type":"post","link":"https:\/\/encontreportugal.pt\/fr\/feriados-em-portugal-calendario-anual\/","title":{"rendered":"Jours f\u00e9ri\u00e9s au Portugal - Calendrier annuel"},"content":{"rendered":"<h2><strong>Feriados Nacionais em Portugal &#8211; Calend\u00e1rio Anual<\/strong><\/h2>\n<p>Portugal \u00e9 um pa\u00eds que celebra com entusiasmo uma s\u00e9rie de feriados nacionais, que enriquecem a cultura e a hist\u00f3ria do pa\u00eds. Desde festas nacionais que marcam momentos cruciais da hist\u00f3ria portuguesa at\u00e9 celebra\u00e7\u00f5es municipais que homenageiam santos padroeiros locais, o calend\u00e1rio anual de feriados em Portugal oferece uma variedade de oportunidades para os cidad\u00e3os e visitantes se envolverem em festividades animadas e significativas.<\/p>\n<h3><strong>Feriados de Janeiro em Portugal<\/strong><\/h3>\n<p>O ano come\u00e7a com o t\u00e3o esperado Ano Novo, celebrado em todo o pa\u00eds com festas, fogos de artif\u00edcio e o tradicional brinde \u00e0 meia-noite. As cidades ganham vida com pessoas animadas e esperan\u00e7osas para o que o novo ano trar\u00e1.<\/p>\n<h3><strong>Feriados de <\/strong><strong>Abril <\/strong><strong>em Portugal<\/strong><\/h3>\n<p>Em abril, Portugal comemora o Dia da Liberdade, um dos feriados mais importantes do pa\u00eds. Em 25 de abril, os portugueses celebram a Revolu\u00e7\u00e3o dos Cravos, que marcou o fim de uma ditadura e o in\u00edcio de uma nova era de liberdade e democracia. As ruas s\u00e3o tomadas por desfiles, concertos e eventos culturais, enquanto cravos vermelhos s\u00e3o s\u00edmbolos de homenagem aos her\u00f3is que lutaram pela liberdade.<\/p>\n<h3><strong>Feriados de Maio em Portugal<\/strong><\/h3>\n<p>O Dia do Trabalhador, em 1 de maio, \u00e9 uma ocasi\u00e3o para honrar e reconhecer o trabalho e as conquistas dos trabalhadores portugueses. \u00c9 um dia de descanso e tamb\u00e9m de protestos e manifesta\u00e7\u00f5es em prol dos direitos trabalhistas.<\/p>\n<h3><strong>Feriados de Junho em Portugal<\/strong><\/h3>\n<p>O Dia de Portugal, de Cam\u00f5es e das Comunidades Portuguesas, em 10 de junho, \u00e9 uma celebra\u00e7\u00e3o da identidade nacional portuguesa e homenagem ao poeta Lu\u00eds de Cam\u00f5es. As comunidades portuguesas em todo o mundo tamb\u00e9m s\u00e3o lembradas nesta data especial.<\/p>\n<h3><strong>Feriados de Outubro em Portugal<\/strong><\/h3>\n<p>Em 5 de outubro, \u00e9 comemorado o Dia da Implanta\u00e7\u00e3o da Rep\u00fablica, que marca a transi\u00e7\u00e3o de Portugal de uma monarquia para uma rep\u00fablica, em 1910. Desfiles c\u00edvicos e eventos culturais acontecem em v\u00e1rias cidades do pa\u00eds.<\/p>\n<h3><strong>Feriados de Novembro em Portugal<\/strong><\/h3>\n<p>O Dia de Todos os Santos, em 1 de novembro, \u00e9 uma celebra\u00e7\u00e3o religiosa importante em Portugal. As fam\u00edlias visitam os cemit\u00e9rios para prestar homenagens aos entes queridos falecidos, decorando os t\u00famulos com flores e velas.<\/p>\n<h3><strong>Feriados de Dezembro em Portugal<\/strong><\/h3>\n<p>O m\u00eas de dezembro \u00e9 marcado por uma s\u00e9rie de feriados nacionais, incluindo o Dia da Restaura\u00e7\u00e3o da Independ\u00eancia (1\u00ba de dezembro), Dia da Imaculada Concei\u00e7\u00e3o (8 de dezembro), Natal (25 de dezembro) e V\u00e9spera de Ano Novo (31 de dezembro). As festividades natalinas iluminam as cidades, e os portugueses se re\u00fanem para compartilhar momentos especiais com suas fam\u00edlias e amigos.<\/p>\n<h4>A seguir, apresentamos uma tabela com os feriados nacionais e municipais em Portugal, divididos por m\u00eas, para que voc\u00ea possa planejar suas viagens e aproveitar as celebra\u00e7\u00f5es ao longo do ano.<\/h4>\n<p style=\"text-align: center;\"><strong>Janeiro <\/strong><\/p>\n<table align=\"center\">\n<thead>\n<tr>\n<th>Dados<\/th>\n<th>Feriado<\/th>\n<th>Type<\/th>\n<\/tr>\n<\/thead>\n<tbody>\n<tr>\n<td>1 de Janeiro<\/td>\n<td style=\"text-align: center;\">Ano Novo<\/td>\n<td>Feriado Nacional<\/td>\n<\/tr>\n<\/tbody>\n<\/table>\n<p>&nbsp;<\/p>\n<p style=\"text-align: center;\"><strong>Fevereiro <\/strong><\/p>\n<table align=\"center\">\n<thead>\n<tr>\n<th>Dados<\/th>\n<th>Feriado<\/th>\n<th>Type<\/th>\n<\/tr>\n<\/thead>\n<tbody>\n<tr>\n<td>Sem feriados neste m\u00eas<\/td>\n<td><\/td>\n<td><\/td>\n<\/tr>\n<\/tbody>\n<\/table>\n<p>&nbsp;<\/p>\n<p style=\"text-align: center;\"><strong>Mar\u00e7o <\/strong><\/p>\n<table align=\"center\">\n<thead>\n<tr>\n<th>Dados<\/th>\n<th>Feriado<\/th>\n<th>Type<\/th>\n<\/tr>\n<\/thead>\n<tbody>\n<tr>\n<td>Sem feriados neste m\u00eas<\/td>\n<td><\/td>\n<td><\/td>\n<\/tr>\n<\/tbody>\n<\/table>\n<p>&nbsp;<\/p>\n<p style=\"text-align: center;\"><strong>Abril <\/strong><\/p>\n<table align=\"center\">\n<thead>\n<tr>\n<th>Dados<\/th>\n<th>Feriado<\/th>\n<th>Type<\/th>\n<\/tr>\n<\/thead>\n<tbody>\n<tr>\n<td>25 de Abril<\/td>\n<td>Dia da Liberdade<\/td>\n<td>Feriado Nacional<\/td>\n<\/tr>\n<\/tbody>\n<\/table>\n<p>&nbsp;<\/p>\n<p style=\"text-align: center;\"><strong>Maio <\/strong><\/p>\n<table align=\"center\">\n<thead>\n<tr>\n<th>Dados<\/th>\n<th>Feriado<\/th>\n<th>Type<\/th>\n<\/tr>\n<\/thead>\n<tbody>\n<tr>\n<td>1 de Maio<\/td>\n<td>Dia do Trabalhador<\/td>\n<td>Feriado Nacional<\/td>\n<\/tr>\n<\/tbody>\n<\/table>\n<p>&nbsp;<\/p>\n<p style=\"text-align: center;\"><strong>Junho <\/strong><\/p>\n<table align=\"center\">\n<thead>\n<tr>\n<th>Dados<\/th>\n<th>Feriado<\/th>\n<th>Type<\/th>\n<\/tr>\n<\/thead>\n<tbody>\n<tr>\n<td>10 de Junho<\/td>\n<td>Dia de Portugal<\/td>\n<td>Feriado Nacional<\/td>\n<\/tr>\n<\/tbody>\n<\/table>\n<p>&nbsp;<\/p>\n<p style=\"text-align: center;\"><strong>Julho <\/strong><\/p>\n<table align=\"center\">\n<thead>\n<tr>\n<th>Dados<\/th>\n<th>Feriado<\/th>\n<th>Type<\/th>\n<\/tr>\n<\/thead>\n<tbody>\n<tr>\n<td>Sem feriados neste m\u00eas<\/td>\n<td><\/td>\n<td><\/td>\n<\/tr>\n<\/tbody>\n<\/table>\n<p>&nbsp;<\/p>\n<p style=\"text-align: center;\"><strong>Agosto <\/strong><\/p>\n<table align=\"center\">\n<thead>\n<tr>\n<th>Dados<\/th>\n<th>Feriado<\/th>\n<th>Type<\/th>\n<\/tr>\n<\/thead>\n<tbody>\n<tr>\n<td>Sem feriados neste m\u00eas<\/td>\n<td><\/td>\n<td><\/td>\n<\/tr>\n<\/tbody>\n<\/table>\n<p>&nbsp;<\/p>\n<p style=\"text-align: center;\"><strong>Setembro <\/strong><\/p>\n<table align=\"center\">\n<thead>\n<tr>\n<th>Dados<\/th>\n<th>Feriado<\/th>\n<th>Type<\/th>\n<\/tr>\n<\/thead>\n<tbody>\n<tr>\n<td>Sem feriados neste m\u00eas<\/td>\n<td><\/td>\n<td><\/td>\n<\/tr>\n<\/tbody>\n<\/table>\n<p>&nbsp;<\/p>\n<p style=\"text-align: center;\"><strong>Outubro <\/strong><\/p>\n<table align=\"center\">\n<thead>\n<tr>\n<th>Dados<\/th>\n<th>Feriado<\/th>\n<th>Type<\/th>\n<\/tr>\n<\/thead>\n<tbody>\n<tr>\n<td>5 de Outubro<\/td>\n<td>Implanta\u00e7\u00e3o da Rep\u00fablica<\/td>\n<td>Feriado Nacional<\/td>\n<\/tr>\n<\/tbody>\n<\/table>\n<p>&nbsp;<\/p>\n<p style=\"text-align: center;\"><strong>Novembro <\/strong><\/p>\n<table align=\"center\">\n<thead>\n<tr>\n<th>Dados<\/th>\n<th>Feriado<\/th>\n<th>Type<\/th>\n<\/tr>\n<\/thead>\n<tbody>\n<tr>\n<td>1 de Novembro<\/td>\n<td>Dia de Todos os Santos<\/td>\n<td>Feriado Nacional<\/td>\n<\/tr>\n<\/tbody>\n<\/table>\n<p>&nbsp;<\/p>\n<p style=\"text-align: center;\"><strong>Dezembro <\/strong><\/p>\n<table align=\"center\">\n<thead>\n<tr>\n<th>Dados<\/th>\n<th>Feriado<\/th>\n<th>Type<\/th>\n<\/tr>\n<\/thead>\n<tbody>\n<tr>\n<td>1 de Dezembro<\/td>\n<td>Restaura\u00e7\u00e3o da Independ\u00eancia<\/td>\n<td>Feriado Nacional<\/td>\n<\/tr>\n<tr>\n<td>8 de Dezembro<\/td>\n<td>Dia da Imaculada Concei\u00e7\u00e3o<\/td>\n<td>Feriado Nacional<\/td>\n<\/tr>\n<tr>\n<td>25 de Dezembro<\/td>\n<td>Natal<\/td>\n<td>Feriado Nacional<\/td>\n<\/tr>\n<tr>\n<td>31 de Dezembro<\/td>\n<td>V\u00e9spera de Ano Novo<\/td>\n<td>Feriado Nacional<\/td>\n<\/tr>\n<\/tbody>\n<\/table>\n<p>&nbsp;<\/p>\n<p>Agora voc\u00ea tem um calend\u00e1rio completo dos feriados nacionais em Portugal. Planeje suas viagens e desfrute das celebra\u00e7\u00f5es e tradi\u00e7\u00f5es culturais ao longo do ano. Lembre-se de que as datas podem variar em alguns munic\u00edpios, ent\u00e3o \u00e9 sempre bom verificar com anteced\u00eancia as comemora\u00e7\u00f5es locais. Aproveite as festividades e viva momentos inesquec\u00edveis durante sua estadia em Portugal!<\/p>","protected":false},"excerpt":{"rendered":"<p>Feriados Nacionais em Portugal &#8211; Calend\u00e1rio Anual Portugal \u00e9 um pa\u00eds que celebra com entusiasmo uma s\u00e9rie de feriados nacionais, que enriquecem a cultura e a hist\u00f3ria do pa\u00eds. Desde festas nacionais que marcam momentos cruciais da hist\u00f3ria portuguesa at\u00e9 celebra\u00e7\u00f5es municipais que homenageiam santos padroeiros locais, o calend\u00e1rio anual de feriados em Portugal oferece [&hellip;]<\/p>\n","protected":false},"author":1,"featured_media":2326,"comment_status":"open","ping_status":"open","sticky":false,"template":"","format":"standard","meta":{"footnotes":""},"categories":[18,4],"tags":[],"class_list":["post-2325","post","type-post","status-publish","format-standard","has-post-thumbnail","hentry","category-dicas-de-portugal","category-travel"],"acf":[],"yoast_head":"<!-- This site is optimized with the Yoast SEO plugin v27.4 - https:\/\/yoast.com\/product\/yoast-seo-wordpress\/ -->\n<title>Feriados em Portugal - Calend\u00e1rio Anual - Encontre Portugal<\/title>\n<meta name=\"robots\" content=\"index, follow, max-snippet:-1, max-image-preview:large, max-video-preview:-1\" \/>\n<link rel=\"canonical\" href=\"https:\/\/encontreportugal.pt\/fr\/feriados-em-portugal-calendario-anual\/\" \/>\n<meta property=\"og:locale\" content=\"fr_FR\" \/>\n<meta property=\"og:type\" content=\"article\" \/>\n<meta property=\"og:title\" content=\"Feriados em Portugal - Calend\u00e1rio Anual - Encontre Portugal\" \/>\n<meta property=\"og:url\" content=\"https:\/\/encontreportugal.pt\/fr\/feriados-em-portugal-calendario-anual\/\" \/>\n<meta property=\"og:site_name\" content=\"Encontre Portugal\" \/>\n<meta property=\"article:published_time\" content=\"2023-07-30T14:03:36+00:00\" \/>\n<meta property=\"article:modified_time\" content=\"2023-11-07T20:17:27+00:00\" \/>\n<meta property=\"og:image\" content=\"https:\/\/encontreportugal.pt\/wp-content\/uploads\/2023\/07\/9725-scaled.jpg\" \/>\n\t<meta property=\"og:image:width\" content=\"2560\" \/>\n\t<meta property=\"og:image:height\" content=\"2560\" \/>\n\t<meta property=\"og:image:type\" content=\"image\/jpeg\" \/>\n<meta name=\"author\" content=\"Douglas Barbosa\" \/>\n<meta name=\"twitter:card\" content=\"summary_large_image\" \/>\n<meta name=\"twitter:label1\" content=\"\u00c9crit par\" \/>\n\t<meta name=\"twitter:data1\" content=\"Douglas Barbosa\" \/>\n\t<meta name=\"twitter:label2\" content=\"Dur\u00e9e de lecture estim\u00e9e\" \/>\n\t<meta name=\"twitter:data2\" content=\"4 minutes\" \/>\n<script type=\"application\/ld+json\" class=\"yoast-schema-graph\">{\"@context\":\"https:\\\/\\\/schema.org\",\"@graph\":[{\"@type\":\"Article\",\"@id\":\"https:\\\/\\\/encontreportugal.pt\\\/feriados-em-portugal-calendario-anual\\\/#article\",\"isPartOf\":{\"@id\":\"https:\\\/\\\/encontreportugal.pt\\\/feriados-em-portugal-calendario-anual\\\/\"},\"author\":{\"name\":\"Douglas Barbosa\",\"@id\":\"https:\\\/\\\/encontreportugal.pt\\\/zh\\\/#\\\/schema\\\/person\\\/71ee126caa8e8746f4e1d07bb50ba747\"},\"headline\":\"Feriados em Portugal &#8211; Calend\u00e1rio Anual\",\"datePublished\":\"2023-07-30T14:03:36+00:00\",\"dateModified\":\"2023-11-07T20:17:27+00:00\",\"mainEntityOfPage\":{\"@id\":\"https:\\\/\\\/encontreportugal.pt\\\/feriados-em-portugal-calendario-anual\\\/\"},\"wordCount\":726,\"commentCount\":0,\"publisher\":{\"@id\":\"https:\\\/\\\/encontreportugal.pt\\\/zh\\\/#organization\"},\"image\":{\"@id\":\"https:\\\/\\\/encontreportugal.pt\\\/feriados-em-portugal-calendario-anual\\\/#primaryimage\"},\"thumbnailUrl\":\"https:\\\/\\\/encontreportugal.pt\\\/wp-content\\\/uploads\\\/2023\\\/07\\\/9725-scaled.jpg\",\"articleSection\":[\"Dicas de Portugal\",\"Viagens\"],\"inLanguage\":\"fr-FR\",\"potentialAction\":[{\"@type\":\"CommentAction\",\"name\":\"Comment\",\"target\":[\"https:\\\/\\\/encontreportugal.pt\\\/feriados-em-portugal-calendario-anual\\\/#respond\"]}]},{\"@type\":\"WebPage\",\"@id\":\"https:\\\/\\\/encontreportugal.pt\\\/feriados-em-portugal-calendario-anual\\\/\",\"url\":\"https:\\\/\\\/encontreportugal.pt\\\/feriados-em-portugal-calendario-anual\\\/\",\"name\":\"Feriados em Portugal - Calend\u00e1rio Anual - Encontre Portugal\",\"isPartOf\":{\"@id\":\"https:\\\/\\\/encontreportugal.pt\\\/zh\\\/#website\"},\"primaryImageOfPage\":{\"@id\":\"https:\\\/\\\/encontreportugal.pt\\\/feriados-em-portugal-calendario-anual\\\/#primaryimage\"},\"image\":{\"@id\":\"https:\\\/\\\/encontreportugal.pt\\\/feriados-em-portugal-calendario-anual\\\/#primaryimage\"},\"thumbnailUrl\":\"https:\\\/\\\/encontreportugal.pt\\\/wp-content\\\/uploads\\\/2023\\\/07\\\/9725-scaled.jpg\",\"datePublished\":\"2023-07-30T14:03:36+00:00\",\"dateModified\":\"2023-11-07T20:17:27+00:00\",\"breadcrumb\":{\"@id\":\"https:\\\/\\\/encontreportugal.pt\\\/feriados-em-portugal-calendario-anual\\\/#breadcrumb\"},\"inLanguage\":\"fr-FR\",\"potentialAction\":[{\"@type\":\"ReadAction\",\"target\":[\"https:\\\/\\\/encontreportugal.pt\\\/feriados-em-portugal-calendario-anual\\\/\"]}]},{\"@type\":\"ImageObject\",\"inLanguage\":\"fr-FR\",\"@id\":\"https:\\\/\\\/encontreportugal.pt\\\/feriados-em-portugal-calendario-anual\\\/#primaryimage\",\"url\":\"https:\\\/\\\/encontreportugal.pt\\\/wp-content\\\/uploads\\\/2023\\\/07\\\/9725-scaled.jpg\",\"contentUrl\":\"https:\\\/\\\/encontreportugal.pt\\\/wp-content\\\/uploads\\\/2023\\\/07\\\/9725-scaled.jpg\",\"width\":2560,\"height\":2560},{\"@type\":\"BreadcrumbList\",\"@id\":\"https:\\\/\\\/encontreportugal.pt\\\/feriados-em-portugal-calendario-anual\\\/#breadcrumb\",\"itemListElement\":[{\"@type\":\"ListItem\",\"position\":1,\"name\":\"In\u00edcio\",\"item\":\"https:\\\/\\\/encontreportugal.pt\\\/zh\\\/\"},{\"@type\":\"ListItem\",\"position\":2,\"name\":\"Feriados em Portugal &#8211; Calend\u00e1rio Anual\"}]},{\"@type\":\"WebSite\",\"@id\":\"https:\\\/\\\/encontreportugal.pt\\\/zh\\\/#website\",\"url\":\"https:\\\/\\\/encontreportugal.pt\\\/zh\\\/\",\"name\":\"Encontre Portugal\",\"description\":\"O maior Portal de dicas ao imigrante brasileiro em Portugal.\",\"publisher\":{\"@id\":\"https:\\\/\\\/encontreportugal.pt\\\/zh\\\/#organization\"},\"potentialAction\":[{\"@type\":\"SearchAction\",\"target\":{\"@type\":\"EntryPoint\",\"urlTemplate\":\"https:\\\/\\\/encontreportugal.pt\\\/zh\\\/?s={search_term_string}\"},\"query-input\":{\"@type\":\"PropertyValueSpecification\",\"valueRequired\":true,\"valueName\":\"search_term_string\"}}],\"inLanguage\":\"fr-FR\"},{\"@type\":\"Organization\",\"@id\":\"https:\\\/\\\/encontreportugal.pt\\\/zh\\\/#organization\",\"name\":\"Encontre Portugal\",\"url\":\"https:\\\/\\\/encontreportugal.pt\\\/zh\\\/\",\"logo\":{\"@type\":\"ImageObject\",\"inLanguage\":\"fr-FR\",\"@id\":\"https:\\\/\\\/encontreportugal.pt\\\/zh\\\/#\\\/schema\\\/logo\\\/image\\\/\",\"url\":\"https:\\\/\\\/encontreportugal.pt\\\/wp-content\\\/uploads\\\/2024\\\/04\\\/cropped-logo-encontre-portugal.png\",\"contentUrl\":\"https:\\\/\\\/encontreportugal.pt\\\/wp-content\\\/uploads\\\/2024\\\/04\\\/cropped-logo-encontre-portugal.png\",\"width\":500,\"height\":165,\"caption\":\"Encontre Portugal\"},\"image\":{\"@id\":\"https:\\\/\\\/encontreportugal.pt\\\/zh\\\/#\\\/schema\\\/logo\\\/image\\\/\"}},{\"@type\":\"Person\",\"@id\":\"https:\\\/\\\/encontreportugal.pt\\\/zh\\\/#\\\/schema\\\/person\\\/71ee126caa8e8746f4e1d07bb50ba747\",\"name\":\"Douglas Barbosa\",\"image\":{\"@type\":\"ImageObject\",\"inLanguage\":\"fr-FR\",\"@id\":\"https:\\\/\\\/encontreportugal.pt\\\/wp-content\\\/uploads\\\/2024\\\/03\\\/douglasfdb_avatar-96x96.jpeg\",\"url\":\"https:\\\/\\\/encontreportugal.pt\\\/wp-content\\\/uploads\\\/2024\\\/03\\\/douglasfdb_avatar-96x96.jpeg\",\"contentUrl\":\"https:\\\/\\\/encontreportugal.pt\\\/wp-content\\\/uploads\\\/2024\\\/03\\\/douglasfdb_avatar-96x96.jpeg\",\"caption\":\"Douglas Barbosa\"},\"description\":\"Graduado em Tecnologia de Redes de Computadores e com P\u00f3s-Gradua\u00e7\u00e3o em Marketing Digital, Business Intelligence e Estrat\u00e9gia Data-Driven pela Pontif\u00edcia Universidade Cat\u00f3lica (PUC). Capacita\u00e7\u00e3o em Linguagem Corporal e Detec\u00e7\u00e3o de Microexpress\u00f5es Faciais. Participa\u00e7\u00e3o na forma\u00e7\u00e3o \\\"M\u00e1quina de Tr\u00e1fego e Convers\u00e3o - Aprenda a Vender Mais pelo Google Todos os Dias\\\". Certificado pelo Google em Rede de Pesquisa. Vasta experi\u00eancia em projetos de SEO, gest\u00e3o de tr\u00e1fego pago no Google Ads e Cria\u00e7\u00e3o de Websites.\",\"sameAs\":[\"https:\\\/\\\/encontreportugal.pt\"],\"url\":\"https:\\\/\\\/encontreportugal.pt\\\/fr\\\/author\\\/douglasfdb\\\/\"}]}<\/script>\n<!-- \/ Yoast SEO plugin. -->","yoast_head_json":{"title":"Feriados em Portugal - Calend\u00e1rio Anual - Encontre Portugal","robots":{"index":"index","follow":"follow","max-snippet":"max-snippet:-1","max-image-preview":"max-image-preview:large","max-video-preview":"max-video-preview:-1"},"canonical":"https:\/\/encontreportugal.pt\/fr\/feriados-em-portugal-calendario-anual\/","og_locale":"fr_FR","og_type":"article","og_title":"Feriados em Portugal - Calend\u00e1rio Anual - Encontre Portugal","og_url":"https:\/\/encontreportugal.pt\/fr\/feriados-em-portugal-calendario-anual\/","og_site_name":"Encontre Portugal","article_published_time":"2023-07-30T14:03:36+00:00","article_modified_time":"2023-11-07T20:17:27+00:00","og_image":[{"width":2560,"height":2560,"url":"https:\/\/encontreportugal.pt\/wp-content\/uploads\/2023\/07\/9725-scaled.jpg","type":"image\/jpeg"}],"author":"Douglas Barbosa","twitter_card":"summary_large_image","twitter_misc":{"\u00c9crit par":"Douglas Barbosa","Dur\u00e9e de lecture estim\u00e9e":"4 minutes"},"schema":{"@context":"https:\/\/schema.org","@graph":[{"@type":"Article","@id":"https:\/\/encontreportugal.pt\/feriados-em-portugal-calendario-anual\/#article","isPartOf":{"@id":"https:\/\/encontreportugal.pt\/feriados-em-portugal-calendario-anual\/"},"author":{"name":"Douglas Barbosa","@id":"https:\/\/encontreportugal.pt\/zh\/#\/schema\/person\/71ee126caa8e8746f4e1d07bb50ba747"},"headline":"Feriados em Portugal &#8211; Calend\u00e1rio Anual","datePublished":"2023-07-30T14:03:36+00:00","dateModified":"2023-11-07T20:17:27+00:00","mainEntityOfPage":{"@id":"https:\/\/encontreportugal.pt\/feriados-em-portugal-calendario-anual\/"},"wordCount":726,"commentCount":0,"publisher":{"@id":"https:\/\/encontreportugal.pt\/zh\/#organization"},"image":{"@id":"https:\/\/encontreportugal.pt\/feriados-em-portugal-calendario-anual\/#primaryimage"},"thumbnailUrl":"https:\/\/encontreportugal.pt\/wp-content\/uploads\/2023\/07\/9725-scaled.jpg","articleSection":["Dicas de Portugal","Viagens"],"inLanguage":"fr-FR","potentialAction":[{"@type":"CommentAction","name":"Comment","target":["https:\/\/encontreportugal.pt\/feriados-em-portugal-calendario-anual\/#respond"]}]},{"@type":"WebPage","@id":"https:\/\/encontreportugal.pt\/feriados-em-portugal-calendario-anual\/","url":"https:\/\/encontreportugal.pt\/feriados-em-portugal-calendario-anual\/","name":"Feriados em Portugal - Calend\u00e1rio Anual - Encontre Portugal","isPartOf":{"@id":"https:\/\/encontreportugal.pt\/zh\/#website"},"primaryImageOfPage":{"@id":"https:\/\/encontreportugal.pt\/feriados-em-portugal-calendario-anual\/#primaryimage"},"image":{"@id":"https:\/\/encontreportugal.pt\/feriados-em-portugal-calendario-anual\/#primaryimage"},"thumbnailUrl":"https:\/\/encontreportugal.pt\/wp-content\/uploads\/2023\/07\/9725-scaled.jpg","datePublished":"2023-07-30T14:03:36+00:00","dateModified":"2023-11-07T20:17:27+00:00","breadcrumb":{"@id":"https:\/\/encontreportugal.pt\/feriados-em-portugal-calendario-anual\/#breadcrumb"},"inLanguage":"fr-FR","potentialAction":[{"@type":"ReadAction","target":["https:\/\/encontreportugal.pt\/feriados-em-portugal-calendario-anual\/"]}]},{"@type":"ImageObject","inLanguage":"fr-FR","@id":"https:\/\/encontreportugal.pt\/feriados-em-portugal-calendario-anual\/#primaryimage","url":"https:\/\/encontreportugal.pt\/wp-content\/uploads\/2023\/07\/9725-scaled.jpg","contentUrl":"https:\/\/encontreportugal.pt\/wp-content\/uploads\/2023\/07\/9725-scaled.jpg","width":2560,"height":2560},{"@type":"BreadcrumbList","@id":"https:\/\/encontreportugal.pt\/feriados-em-portugal-calendario-anual\/#breadcrumb","itemListElement":[{"@type":"ListItem","position":1,"name":"In\u00edcio","item":"https:\/\/encontreportugal.pt\/zh\/"},{"@type":"ListItem","position":2,"name":"Feriados em Portugal &#8211; Calend\u00e1rio Anual"}]},{"@type":"WebSite","@id":"https:\/\/encontreportugal.pt\/zh\/#website","url":"https:\/\/encontreportugal.pt\/zh\/","name":"Trouver le Portugal","description":"O maior Portal de dicas ao imigrante brasileiro em Portugal.","publisher":{"@id":"https:\/\/encontreportugal.pt\/zh\/#organization"},"potentialAction":[{"@type":"SearchAction","target":{"@type":"EntryPoint","urlTemplate":"https:\/\/encontreportugal.pt\/zh\/?s={search_term_string}"},"query-input":{"@type":"PropertyValueSpecification","valueRequired":true,"valueName":"search_term_string"}}],"inLanguage":"fr-FR"},{"@type":"Organization","@id":"https:\/\/encontreportugal.pt\/zh\/#organization","name":"Trouver le Portugal","url":"https:\/\/encontreportugal.pt\/zh\/","logo":{"@type":"ImageObject","inLanguage":"fr-FR","@id":"https:\/\/encontreportugal.pt\/zh\/#\/schema\/logo\/image\/","url":"https:\/\/encontreportugal.pt\/wp-content\/uploads\/2024\/04\/cropped-logo-encontre-portugal.png","contentUrl":"https:\/\/encontreportugal.pt\/wp-content\/uploads\/2024\/04\/cropped-logo-encontre-portugal.png","width":500,"height":165,"caption":"Encontre Portugal"},"image":{"@id":"https:\/\/encontreportugal.pt\/zh\/#\/schema\/logo\/image\/"}},{"@type":"Person","@id":"https:\/\/encontreportugal.pt\/zh\/#\/schema\/person\/71ee126caa8e8746f4e1d07bb50ba747","name":"Douglas Barbosa","image":{"@type":"ImageObject","inLanguage":"fr-FR","@id":"https:\/\/encontreportugal.pt\/wp-content\/uploads\/2024\/03\/douglasfdb_avatar-96x96.jpeg","url":"https:\/\/encontreportugal.pt\/wp-content\/uploads\/2024\/03\/douglasfdb_avatar-96x96.jpeg","contentUrl":"https:\/\/encontreportugal.pt\/wp-content\/uploads\/2024\/03\/douglasfdb_avatar-96x96.jpeg","caption":"Douglas Barbosa"},"description":"Il est titulaire d'un dipl\u00f4me en technologie des r\u00e9seaux informatiques et d'un dipl\u00f4me de troisi\u00e8me cycle en marketing num\u00e9rique, en intelligence \u00e9conomique et en strat\u00e9gie fond\u00e9e sur les donn\u00e9es de l'Universit\u00e9 catholique pontificale (PUC). Formation \u00e0 la d\u00e9tection du langage corporel et des micro-expressions faciales. Participation \u00e0 la formation \"Traffic and Conversion Machine - Learn to Sell More Through Google Every Day\". Certifi\u00e9 par Google en optimisation pour les moteurs de recherche. Vaste exp\u00e9rience des projets de r\u00e9f\u00e9rencement, de la gestion du trafic payant sur Google Ads et de la cr\u00e9ation de sites web.","sameAs":["https:\/\/encontreportugal.pt"],"url":"https:\/\/encontreportugal.pt\/fr\/author\/douglasfdb\/"}]}},"_links":{"self":[{"href":"https:\/\/encontreportugal.pt\/fr\/wp-json\/wp\/v2\/posts\/2325","targetHints":{"allow":["GET"]}}],"collection":[{"href":"https:\/\/encontreportugal.pt\/fr\/wp-json\/wp\/v2\/posts"}],"about":[{"href":"https:\/\/encontreportugal.pt\/fr\/wp-json\/wp\/v2\/types\/post"}],"author":[{"embeddable":true,"href":"https:\/\/encontreportugal.pt\/fr\/wp-json\/wp\/v2\/users\/1"}],"replies":[{"embeddable":true,"href":"https:\/\/encontreportugal.pt\/fr\/wp-json\/wp\/v2\/comments?post=2325"}],"version-history":[{"count":0,"href":"https:\/\/encontreportugal.pt\/fr\/wp-json\/wp\/v2\/posts\/2325\/revisions"}],"wp:featuredmedia":[{"embeddable":true,"href":"https:\/\/encontreportugal.pt\/fr\/wp-json\/wp\/v2\/media\/2326"}],"wp:attachment":[{"href":"https:\/\/encontreportugal.pt\/fr\/wp-json\/wp\/v2\/media?parent=2325"}],"wp:term":[{"taxonomy":"category","embeddable":true,"href":"https:\/\/encontreportugal.pt\/fr\/wp-json\/wp\/v2\/categories?post=2325"},{"taxonomy":"post_tag","embeddable":true,"href":"https:\/\/encontreportugal.pt\/fr\/wp-json\/wp\/v2\/tags?post=2325"}],"curies":[{"name":"wp","href":"https:\/\/api.w.org\/{rel}","templated":true}]}}