{"id":26149,"date":"2026-03-15T18:26:40","date_gmt":"2026-03-15T18:26:40","guid":{"rendered":"https:\/\/encontreportugal.pt\/?p=26149"},"modified":"2026-03-15T18:26:40","modified_gmt":"2026-03-15T18:26:40","slug":"bem-estar-estetica-e-autocuidado","status":"publish","type":"post","link":"https:\/\/encontreportugal.pt\/fr\/bem-estar-estetica-e-autocuidado\/","title":{"rendered":"Bem-Estar, Est\u00e9tica e Autocuidado"},"content":{"rendered":"<h1 data-section-id=\"1ufw6i2\" data-start=\"0\" data-end=\"86\">Bem-Estar, Est\u00e9tica e Autocuidado: Como Cuidar da Sa\u00fade F\u00edsica e Mental no Dia a Dia<\/h1>\n<p data-start=\"88\" data-end=\"496\">O ritmo acelerado da vida moderna tem levado cada vez mais pessoas a procurar solu\u00e7\u00f5es que promovam equil\u00edbrio entre corpo e mente. O bem-estar deixou de ser visto apenas como um luxo e passou a ser considerado uma parte essencial da sa\u00fade e da qualidade de vida. Cuidar da apar\u00eancia, aliviar o stress e fortalecer o equil\u00edbrio emocional s\u00e3o objetivos cada vez mais comuns entre pessoas de diferentes idades.<\/p>\n<p data-start=\"498\" data-end=\"802\">Em Portugal, especialmente nas grandes cidades, a procura por servi\u00e7os ligados ao relaxamento, terapias alternativas e solu\u00e7\u00f5es est\u00e9ticas tem crescido de forma constante. Muitas pessoas procuram momentos de pausa para recuperar energia, melhorar a autoestima ou simplesmente cuidar melhor de si pr\u00f3prias.<\/p>\n<p data-start=\"804\" data-end=\"1140\">O autocuidado pode assumir diversas formas. Algumas pessoas optam por tratamentos relaxantes que ajudam a reduzir o stress acumulado ao longo da semana. Outras procuram terapias que ajudam a trabalhar aspetos emocionais e comportamentais. Tamb\u00e9m existem solu\u00e7\u00f5es est\u00e9ticas que contribuem para recuperar confian\u00e7a e melhorar a apar\u00eancia.<\/p>\n<p data-start=\"1142\" data-end=\"1331\">Independentemente do objetivo, investir em bem-estar \u00e9 uma forma de melhorar a qualidade de vida e manter um equil\u00edbrio saud\u00e1vel entre as exig\u00eancias do dia a dia e as necessidades pessoais.<\/p>\n<h2 data-section-id=\"eymc81\" data-start=\"1333\" data-end=\"1377\">A import\u00e2ncia do relaxamento para a sa\u00fade<\/h2>\n<p data-start=\"1379\" data-end=\"1622\">O stress \u00e9 um dos fatores que mais afetam o bem-estar f\u00edsico e mental das pessoas. Rotinas intensas de trabalho, responsabilidades familiares e preocupa\u00e7\u00f5es di\u00e1rias podem gerar tens\u00e3o acumulada que, com o tempo, se reflete no corpo e na mente.<\/p>\n<p data-start=\"1624\" data-end=\"1856\">Entre os sintomas mais comuns associados ao stress est\u00e3o fadiga constante, dificuldade de concentra\u00e7\u00e3o, tens\u00e3o muscular e altera\u00e7\u00f5es no sono. Quando essas situa\u00e7\u00f5es se prolongam, podem afetar a qualidade de vida e at\u00e9 a sa\u00fade geral.<\/p>\n<p data-start=\"1858\" data-end=\"2101\">Por essa raz\u00e3o, reservar momentos para relaxar e recuperar energia \u00e9 fundamental. T\u00e9cnicas de relaxamento, massagens terap\u00eauticas e ambientes tranquilos ajudam a reduzir a tens\u00e3o acumulada e proporcionam uma sensa\u00e7\u00e3o de equil\u00edbrio e renova\u00e7\u00e3o.<\/p>\n<p data-start=\"2103\" data-end=\"2296\">Al\u00e9m dos benef\u00edcios f\u00edsicos, momentos de descanso tamb\u00e9m contribuem para melhorar o estado emocional, aumentando a sensa\u00e7\u00e3o de bem-estar e ajudando a lidar melhor com os desafios do quotidiano.<\/p>\n<h2 data-section-id=\"13agv69\" data-start=\"2298\" data-end=\"2310\">Spa Porto<\/h2>\n<p data-start=\"2312\" data-end=\"2573\">Em cidades com grande atividade urbana, encontrar espa\u00e7os dedicados ao relaxamento tornou-se cada vez mais importante. Um <a href=\"https:\/\/aquahammam-spa.pt\/\"><strong data-start=\"2434\" data-end=\"2447\">spa porto<\/strong><\/a> pode oferecer um ambiente tranquilo onde as pessoas conseguem desligar-se da rotina e dedicar algum tempo ao cuidado pessoal.<\/p>\n<p data-start=\"2575\" data-end=\"2836\">Os spas costumam disponibilizar diferentes tipos de tratamentos voltados para o relaxamento e para o bem-estar f\u00edsico. Entre os servi\u00e7os mais comuns est\u00e3o massagens terap\u00eauticas, tratamentos de corpo, circuitos de \u00e1gua, sauna e terapias de relaxamento profundo.<\/p>\n<p data-start=\"2838\" data-end=\"3137\">Esses espa\u00e7os s\u00e3o projetados para criar uma atmosfera calma, com ilumina\u00e7\u00e3o suave, aromas relaxantes e ambientes silenciosos que ajudam a aliviar o stress acumulado. Muitas pessoas procuram spas ap\u00f3s per\u00edodos de trabalho intenso ou simplesmente como forma de manter um equil\u00edbrio saud\u00e1vel na rotina.<\/p>\n<p data-start=\"3139\" data-end=\"3327\">Al\u00e9m do relaxamento, alguns tratamentos realizados em spa tamb\u00e9m contribuem para melhorar a circula\u00e7\u00e3o sangu\u00ednea, aliviar dores musculares e promover uma sensa\u00e7\u00e3o geral de leveza no corpo.<\/p>\n<p data-start=\"3329\" data-end=\"3555\">A experi\u00eancia de um spa n\u00e3o se resume apenas ao tratamento f\u00edsico. Muitas vezes, esses momentos proporcionam uma pausa mental importante, permitindo que a pessoa recupere energia e volte \u00e0s suas atividades com mais disposi\u00e7\u00e3o.<\/p>\n<h2 data-section-id=\"u1gltm\" data-start=\"3557\" data-end=\"3617\">O papel das terapias alternativas no equil\u00edbrio emocional<\/h2>\n<p data-start=\"3619\" data-end=\"3903\">Nos \u00faltimos anos, as terapias alternativas ganharam popularidade como complemento aos m\u00e9todos tradicionais de cuidado com a sa\u00fade mental e emocional. Muitas pessoas procuram abordagens que ajudem a compreender padr\u00f5es de comportamento, lidar com ansiedade ou melhorar a autoconfian\u00e7a.<\/p>\n<p data-start=\"3905\" data-end=\"4099\">Entre as diferentes t\u00e9cnicas existentes, algumas trabalham diretamente com o estado de relaxamento profundo e com o subconsciente, permitindo explorar emo\u00e7\u00f5es e h\u00e1bitos de forma mais consciente.<\/p>\n<p data-start=\"4101\" data-end=\"4283\">Essas abordagens podem ser \u00fateis para pessoas que procuram superar medos, desenvolver maior controlo emocional ou trabalhar objetivos pessoais relacionados com bem-estar psicol\u00f3gico.<\/p>\n<p data-start=\"4285\" data-end=\"4457\">Embora cada t\u00e9cnica possua caracter\u00edsticas pr\u00f3prias, o objetivo comum \u00e9 ajudar o indiv\u00edduo a alcan\u00e7ar maior equil\u00edbrio interior e uma rela\u00e7\u00e3o mais saud\u00e1vel consigo pr\u00f3prio.<\/p>\n<h2 data-section-id=\"wvqbg9\" data-start=\"4459\" data-end=\"4476\">Hipnose Lisboa<\/h2>\n<p data-start=\"4478\" data-end=\"4825\">Entre as terapias que t\u00eam despertado interesse crescente, a <a href=\"http:\/\/psicoterapialisboa.pt\"><strong data-start=\"4538\" data-end=\"4556\">hipnose lisboa<\/strong> <\/a>destaca-se como uma abordagem utilizada para trabalhar aspetos emocionais, comportamentais e psicol\u00f3gicos. A hipnose terap\u00eautica baseia-se num estado de relaxamento profundo que permite ao profissional orientar o paciente na explora\u00e7\u00e3o de determinados padr\u00f5es mentais.<\/p>\n<p data-start=\"4827\" data-end=\"5106\">Durante uma sess\u00e3o de hipnose, a pessoa permanece consciente e relaxada, enquanto o terapeuta utiliza t\u00e9cnicas espec\u00edficas para facilitar a concentra\u00e7\u00e3o e o acesso ao subconsciente. Esse processo pode ajudar a trabalhar h\u00e1bitos, cren\u00e7as e emo\u00e7\u00f5es que influenciam o comportamento.<\/p>\n<p data-start=\"5108\" data-end=\"5379\">Muitas pessoas procuram sess\u00f5es de hipnose para lidar com quest\u00f5es como ansiedade, stress, dificuldades de sono ou h\u00e1bitos que desejam modificar. Em alguns casos, tamb\u00e9m \u00e9 utilizada como apoio para melhorar a autoconfian\u00e7a ou desenvolver maior foco em objetivos pessoais.<\/p>\n<p data-start=\"5381\" data-end=\"5565\">Lisboa tem assistido a um aumento na procura por esse tipo de terapia, refletindo uma tend\u00eancia crescente de interesse por m\u00e9todos que abordam o bem-estar emocional de forma integrada.<\/p>\n<p data-start=\"5567\" data-end=\"5726\">\u00c9 importante que qualquer sess\u00e3o seja conduzida por profissionais qualificados e experientes, garantindo que o processo seja realizado de forma \u00e9tica e segura.<\/p>\n<h2 data-section-id=\"15mlbv9\" data-start=\"5728\" data-end=\"5758\">Autoestima e imagem pessoal<\/h2>\n<p data-start=\"5760\" data-end=\"5989\">A forma como uma pessoa se v\u00ea no espelho pode influenciar diretamente a sua autoestima e confian\u00e7a. Mudan\u00e7as na apar\u00eancia, seja por motivos est\u00e9ticos ou de sa\u00fade, podem afetar a forma como algu\u00e9m se sente em rela\u00e7\u00e3o a si pr\u00f3prio.<\/p>\n<p data-start=\"5991\" data-end=\"6203\">Por isso, muitas pessoas procuram solu\u00e7\u00f5es que ajudem a recuperar ou melhorar a sua imagem pessoal. Cuidar do cabelo, da pele ou do estilo pessoal pode contribuir para uma sensa\u00e7\u00e3o maior de seguran\u00e7a e bem-estar.<\/p>\n<p data-start=\"6205\" data-end=\"6387\">Al\u00e9m disso, algumas situa\u00e7\u00f5es espec\u00edficas, como queda de cabelo ou tratamentos m\u00e9dicos, podem levar \u00e0 procura de alternativas que permitam manter uma apar\u00eancia natural e confort\u00e1vel.<\/p>\n<p data-start=\"6389\" data-end=\"6521\">Nesses casos, existem solu\u00e7\u00f5es est\u00e9ticas que ajudam a devolver confian\u00e7a e melhorar a forma como a pessoa se apresenta no dia a dia.<\/p>\n<h2 data-section-id=\"85yrwc\" data-start=\"6523\" data-end=\"6540\">Perucas Lisboa<\/h2>\n<p data-start=\"6542\" data-end=\"6806\">Para quem procura solu\u00e7\u00f5es relacionadas com est\u00e9tica capilar ou perda de cabelo, as <a href=\"https:\/\/lojadoscabelos.pt\/categoria-produto\/perucas\/\"><strong data-start=\"6626\" data-end=\"6644\">perucas lisboa<\/strong><\/a> tornaram-se uma alternativa cada vez mais procurada. Atualmente, existem modelos modernos que oferecem apar\u00eancia natural, conforto e grande variedade de estilos.<\/p>\n<p data-start=\"6808\" data-end=\"7130\">As perucas podem ser utilizadas por diferentes raz\u00f5es. Algumas pessoas recorrem a elas por motivos est\u00e9ticos, desejando mudar temporariamente o visual ou experimentar novos estilos de cabelo. Outras utilizam-nas como solu\u00e7\u00e3o ap\u00f3s queda de cabelo causada por fatores gen\u00e9ticos, tratamentos m\u00e9dicos ou condi\u00e7\u00f5es espec\u00edficas.<\/p>\n<p data-start=\"7132\" data-end=\"7385\">Os avan\u00e7os na tecnologia de fabrica\u00e7\u00e3o permitiram criar perucas cada vez mais realistas. Modelos feitos com cabelo natural ou fibras sint\u00e9ticas de alta qualidade conseguem reproduzir textura, movimento e apar\u00eancia muito semelhantes ao cabelo verdadeiro.<\/p>\n<p data-start=\"7387\" data-end=\"7559\">Al\u00e9m disso, muitas lojas especializadas oferecem atendimento personalizado para ajudar cada cliente a encontrar o modelo mais adequado ao seu estilo e \u00e0s suas necessidades.<\/p>\n<p data-start=\"7561\" data-end=\"7689\">O objetivo principal \u00e9 proporcionar conforto e confian\u00e7a, permitindo que a pessoa se sinta bem com a sua apar\u00eancia no dia a dia.<\/p>\n<h2 data-section-id=\"fgyzvw\" data-start=\"7691\" data-end=\"7735\">A rela\u00e7\u00e3o entre bem-estar f\u00edsico e mental<\/h2>\n<p data-start=\"7737\" data-end=\"8016\">O bem-estar n\u00e3o depende apenas de um \u00fanico fator. Ele resulta da combina\u00e7\u00e3o de cuidados f\u00edsicos, equil\u00edbrio emocional e satisfa\u00e7\u00e3o pessoal. Quando uma pessoa dedica tempo para cuidar de si pr\u00f3pria, tende a sentir-se mais confiante, energizada e preparada para enfrentar desafios.<\/p>\n<p data-start=\"8018\" data-end=\"8252\">Pr\u00e1ticas como relaxamento, terapias de autoconhecimento e cuidados com a apar\u00eancia podem contribuir para esse equil\u00edbrio. Cada pessoa encontra diferentes formas de alcan\u00e7ar esse estado, dependendo das suas necessidades e prefer\u00eancias.<\/p>\n<p data-start=\"8254\" data-end=\"8425\">Criar momentos de pausa, investir em experi\u00eancias que promovam tranquilidade e procurar apoio quando necess\u00e1rio s\u00e3o atitudes que ajudam a manter uma vida mais equilibrada.<\/p>\n<h2 data-section-id=\"h85oci\" data-start=\"8427\" data-end=\"8439\">Conclusion<\/h2>\n<p data-start=\"8441\" data-end=\"8745\">O autocuidado tornou-se uma parte importante da vida moderna, especialmente em ambientes urbanos onde o ritmo acelerado pode gerar stress e desgaste emocional. Encontrar formas de relaxar, trabalhar o equil\u00edbrio mental e cuidar da apar\u00eancia pode trazer benef\u00edcios significativos para a qualidade de vida.<\/p>\n<p data-start=\"8747\" data-end=\"8962\">Seja atrav\u00e9s de momentos de relaxamento, terapias voltadas para o desenvolvimento pessoal ou solu\u00e7\u00f5es est\u00e9ticas que aumentem a confian\u00e7a, cada pessoa pode encontrar caminhos diferentes para melhorar o seu bem-estar.<\/p>\n<p data-start=\"8964\" data-end=\"9135\" data-is-last-node=\"\" data-is-only-node=\"\">O mais importante \u00e9 reconhecer a import\u00e2ncia de cuidar de si pr\u00f3prio e reservar tempo para atividades que promovam equil\u00edbrio, sa\u00fade e satisfa\u00e7\u00e3o pessoal ao longo da vida.<\/p>","protected":false},"excerpt":{"rendered":"<p>Bem-Estar, Est\u00e9tica e Autocuidado: Como Cuidar da Sa\u00fade F\u00edsica e Mental no Dia a Dia O ritmo acelerado da vida moderna tem levado cada vez mais pessoas a procurar solu\u00e7\u00f5es que promovam equil\u00edbrio entre corpo e mente. O bem-estar deixou de ser visto apenas como um luxo e passou a ser considerado uma parte essencial [&hellip;]<\/p>\n","protected":false},"author":1,"featured_media":0,"comment_status":"open","ping_status":"open","sticky":false,"template":"","format":"standard","meta":{"footnotes":""},"categories":[18],"tags":[],"class_list":["post-26149","post","type-post","status-publish","format-standard","hentry","category-dicas-de-portugal"],"acf":[],"yoast_head":"<!-- This site is optimized with the Yoast SEO plugin v27.5 - https:\/\/yoast.com\/product\/yoast-seo-wordpress\/ -->\n<title>Bem-Estar, Est\u00e9tica e Autocuidado - Encontre Portugal<\/title>\n<meta name=\"robots\" content=\"index, follow, max-snippet:-1, max-image-preview:large, max-video-preview:-1\" \/>\n<link rel=\"canonical\" href=\"https:\/\/encontreportugal.pt\/fr\/bem-estar-estetica-e-autocuidado\/\" \/>\n<meta property=\"og:locale\" content=\"fr_FR\" \/>\n<meta property=\"og:type\" content=\"article\" \/>\n<meta property=\"og:title\" content=\"Bem-Estar, Est\u00e9tica e Autocuidado - Encontre Portugal\" \/>\n<meta property=\"og:url\" content=\"https:\/\/encontreportugal.pt\/fr\/bem-estar-estetica-e-autocuidado\/\" \/>\n<meta property=\"og:site_name\" content=\"Encontre Portugal\" \/>\n<meta property=\"article:published_time\" content=\"2026-03-15T18:26:40+00:00\" \/>\n<meta name=\"author\" content=\"Douglas Barbosa\" \/>\n<meta name=\"twitter:card\" content=\"summary_large_image\" \/>\n<meta name=\"twitter:label1\" content=\"\u00c9crit par\" \/>\n\t<meta name=\"twitter:data1\" content=\"Douglas Barbosa\" \/>\n\t<meta name=\"twitter:label2\" content=\"Dur\u00e9e de lecture estim\u00e9e\" \/>\n\t<meta name=\"twitter:data2\" content=\"8 minutes\" \/>\n<script type=\"application\/ld+json\" class=\"yoast-schema-graph\">{\"@context\":\"https:\\\/\\\/schema.org\",\"@graph\":[{\"@type\":\"Article\",\"@id\":\"https:\\\/\\\/encontreportugal.pt\\\/bem-estar-estetica-e-autocuidado\\\/#article\",\"isPartOf\":{\"@id\":\"https:\\\/\\\/encontreportugal.pt\\\/bem-estar-estetica-e-autocuidado\\\/\"},\"author\":{\"name\":\"Douglas Barbosa\",\"@id\":\"https:\\\/\\\/encontreportugal.pt\\\/zh\\\/#\\\/schema\\\/person\\\/71ee126caa8e8746f4e1d07bb50ba747\"},\"headline\":\"Bem-Estar, Est\u00e9tica e Autocuidado\",\"datePublished\":\"2026-03-15T18:26:40+00:00\",\"mainEntityOfPage\":{\"@id\":\"https:\\\/\\\/encontreportugal.pt\\\/bem-estar-estetica-e-autocuidado\\\/\"},\"wordCount\":1502,\"commentCount\":0,\"publisher\":{\"@id\":\"https:\\\/\\\/encontreportugal.pt\\\/zh\\\/#organization\"},\"articleSection\":[\"Dicas de Portugal\"],\"inLanguage\":\"fr-FR\",\"potentialAction\":[{\"@type\":\"CommentAction\",\"name\":\"Comment\",\"target\":[\"https:\\\/\\\/encontreportugal.pt\\\/bem-estar-estetica-e-autocuidado\\\/#respond\"]}]},{\"@type\":\"WebPage\",\"@id\":\"https:\\\/\\\/encontreportugal.pt\\\/bem-estar-estetica-e-autocuidado\\\/\",\"url\":\"https:\\\/\\\/encontreportugal.pt\\\/bem-estar-estetica-e-autocuidado\\\/\",\"name\":\"Bem-Estar, Est\u00e9tica e Autocuidado - Encontre Portugal\",\"isPartOf\":{\"@id\":\"https:\\\/\\\/encontreportugal.pt\\\/zh\\\/#website\"},\"datePublished\":\"2026-03-15T18:26:40+00:00\",\"description\":\"Bem-Estar, Est\u00e9tica e Autocuidado\",\"breadcrumb\":{\"@id\":\"https:\\\/\\\/encontreportugal.pt\\\/bem-estar-estetica-e-autocuidado\\\/#breadcrumb\"},\"inLanguage\":\"fr-FR\",\"potentialAction\":[{\"@type\":\"ReadAction\",\"target\":[\"https:\\\/\\\/encontreportugal.pt\\\/bem-estar-estetica-e-autocuidado\\\/\"]}]},{\"@type\":\"BreadcrumbList\",\"@id\":\"https:\\\/\\\/encontreportugal.pt\\\/bem-estar-estetica-e-autocuidado\\\/#breadcrumb\",\"itemListElement\":[{\"@type\":\"ListItem\",\"position\":1,\"name\":\"In\u00edcio\",\"item\":\"https:\\\/\\\/encontreportugal.pt\\\/zh\\\/\"},{\"@type\":\"ListItem\",\"position\":2,\"name\":\"Bem-Estar, Est\u00e9tica e Autocuidado\"}]},{\"@type\":\"WebSite\",\"@id\":\"https:\\\/\\\/encontreportugal.pt\\\/zh\\\/#website\",\"url\":\"https:\\\/\\\/encontreportugal.pt\\\/zh\\\/\",\"name\":\"Encontre Portugal\",\"description\":\"O maior Portal de dicas ao imigrante brasileiro em Portugal.\",\"publisher\":{\"@id\":\"https:\\\/\\\/encontreportugal.pt\\\/zh\\\/#organization\"},\"potentialAction\":[{\"@type\":\"SearchAction\",\"target\":{\"@type\":\"EntryPoint\",\"urlTemplate\":\"https:\\\/\\\/encontreportugal.pt\\\/zh\\\/?s={search_term_string}\"},\"query-input\":{\"@type\":\"PropertyValueSpecification\",\"valueRequired\":true,\"valueName\":\"search_term_string\"}}],\"inLanguage\":\"fr-FR\"},{\"@type\":\"Organization\",\"@id\":\"https:\\\/\\\/encontreportugal.pt\\\/zh\\\/#organization\",\"name\":\"Encontre Portugal\",\"url\":\"https:\\\/\\\/encontreportugal.pt\\\/zh\\\/\",\"logo\":{\"@type\":\"ImageObject\",\"inLanguage\":\"fr-FR\",\"@id\":\"https:\\\/\\\/encontreportugal.pt\\\/zh\\\/#\\\/schema\\\/logo\\\/image\\\/\",\"url\":\"https:\\\/\\\/encontreportugal.pt\\\/wp-content\\\/uploads\\\/2024\\\/04\\\/cropped-logo-encontre-portugal.png\",\"contentUrl\":\"https:\\\/\\\/encontreportugal.pt\\\/wp-content\\\/uploads\\\/2024\\\/04\\\/cropped-logo-encontre-portugal.png\",\"width\":500,\"height\":165,\"caption\":\"Encontre Portugal\"},\"image\":{\"@id\":\"https:\\\/\\\/encontreportugal.pt\\\/zh\\\/#\\\/schema\\\/logo\\\/image\\\/\"}},{\"@type\":\"Person\",\"@id\":\"https:\\\/\\\/encontreportugal.pt\\\/zh\\\/#\\\/schema\\\/person\\\/71ee126caa8e8746f4e1d07bb50ba747\",\"name\":\"Douglas Barbosa\",\"image\":{\"@type\":\"ImageObject\",\"inLanguage\":\"fr-FR\",\"@id\":\"https:\\\/\\\/encontreportugal.pt\\\/wp-content\\\/uploads\\\/2024\\\/03\\\/douglasfdb_avatar-96x96.jpeg\",\"url\":\"https:\\\/\\\/encontreportugal.pt\\\/wp-content\\\/uploads\\\/2024\\\/03\\\/douglasfdb_avatar-96x96.jpeg\",\"contentUrl\":\"https:\\\/\\\/encontreportugal.pt\\\/wp-content\\\/uploads\\\/2024\\\/03\\\/douglasfdb_avatar-96x96.jpeg\",\"caption\":\"Douglas Barbosa\"},\"description\":\"Graduado em Tecnologia de Redes de Computadores e com P\u00f3s-Gradua\u00e7\u00e3o em Marketing Digital, Business Intelligence e Estrat\u00e9gia Data-Driven pela Pontif\u00edcia Universidade Cat\u00f3lica (PUC). Capacita\u00e7\u00e3o em Linguagem Corporal e Detec\u00e7\u00e3o de Microexpress\u00f5es Faciais. Participa\u00e7\u00e3o na forma\u00e7\u00e3o \\\"M\u00e1quina de Tr\u00e1fego e Convers\u00e3o - Aprenda a Vender Mais pelo Google Todos os Dias\\\". Certificado pelo Google em Rede de Pesquisa. Vasta experi\u00eancia em projetos de SEO, gest\u00e3o de tr\u00e1fego pago no Google Ads e Cria\u00e7\u00e3o de Websites.\",\"sameAs\":[\"https:\\\/\\\/encontreportugal.pt\"],\"url\":\"https:\\\/\\\/encontreportugal.pt\\\/fr\\\/author\\\/douglasfdb\\\/\"}]}<\/script>\n<!-- \/ Yoast SEO plugin. -->","yoast_head_json":{"title":"Bem-Estar, Est\u00e9tica e Autocuidado - Encontre Portugal","robots":{"index":"index","follow":"follow","max-snippet":"max-snippet:-1","max-image-preview":"max-image-preview:large","max-video-preview":"max-video-preview:-1"},"canonical":"https:\/\/encontreportugal.pt\/fr\/bem-estar-estetica-e-autocuidado\/","og_locale":"fr_FR","og_type":"article","og_title":"Bem-Estar, Est\u00e9tica e Autocuidado - Encontre Portugal","og_url":"https:\/\/encontreportugal.pt\/fr\/bem-estar-estetica-e-autocuidado\/","og_site_name":"Encontre Portugal","article_published_time":"2026-03-15T18:26:40+00:00","author":"Douglas Barbosa","twitter_card":"summary_large_image","twitter_misc":{"\u00c9crit par":"Douglas Barbosa","Dur\u00e9e de lecture estim\u00e9e":"8 minutes"},"schema":{"@context":"https:\/\/schema.org","@graph":[{"@type":"Article","@id":"https:\/\/encontreportugal.pt\/bem-estar-estetica-e-autocuidado\/#article","isPartOf":{"@id":"https:\/\/encontreportugal.pt\/bem-estar-estetica-e-autocuidado\/"},"author":{"name":"Douglas Barbosa","@id":"https:\/\/encontreportugal.pt\/zh\/#\/schema\/person\/71ee126caa8e8746f4e1d07bb50ba747"},"headline":"Bem-Estar, Est\u00e9tica e Autocuidado","datePublished":"2026-03-15T18:26:40+00:00","mainEntityOfPage":{"@id":"https:\/\/encontreportugal.pt\/bem-estar-estetica-e-autocuidado\/"},"wordCount":1502,"commentCount":0,"publisher":{"@id":"https:\/\/encontreportugal.pt\/zh\/#organization"},"articleSection":["Dicas de Portugal"],"inLanguage":"fr-FR","potentialAction":[{"@type":"CommentAction","name":"Comment","target":["https:\/\/encontreportugal.pt\/bem-estar-estetica-e-autocuidado\/#respond"]}]},{"@type":"WebPage","@id":"https:\/\/encontreportugal.pt\/bem-estar-estetica-e-autocuidado\/","url":"https:\/\/encontreportugal.pt\/bem-estar-estetica-e-autocuidado\/","name":"Bem-Estar, Est\u00e9tica e Autocuidado - Encontre Portugal","isPartOf":{"@id":"https:\/\/encontreportugal.pt\/zh\/#website"},"datePublished":"2026-03-15T18:26:40+00:00","description":"Bem-Estar, Est\u00e9tica e Autocuidado","breadcrumb":{"@id":"https:\/\/encontreportugal.pt\/bem-estar-estetica-e-autocuidado\/#breadcrumb"},"inLanguage":"fr-FR","potentialAction":[{"@type":"ReadAction","target":["https:\/\/encontreportugal.pt\/bem-estar-estetica-e-autocuidado\/"]}]},{"@type":"BreadcrumbList","@id":"https:\/\/encontreportugal.pt\/bem-estar-estetica-e-autocuidado\/#breadcrumb","itemListElement":[{"@type":"ListItem","position":1,"name":"In\u00edcio","item":"https:\/\/encontreportugal.pt\/zh\/"},{"@type":"ListItem","position":2,"name":"Bem-Estar, Est\u00e9tica e Autocuidado"}]},{"@type":"WebSite","@id":"https:\/\/encontreportugal.pt\/zh\/#website","url":"https:\/\/encontreportugal.pt\/zh\/","name":"Trouver le Portugal","description":"O maior Portal de dicas ao imigrante brasileiro em Portugal.","publisher":{"@id":"https:\/\/encontreportugal.pt\/zh\/#organization"},"potentialAction":[{"@type":"SearchAction","target":{"@type":"EntryPoint","urlTemplate":"https:\/\/encontreportugal.pt\/zh\/?s={search_term_string}"},"query-input":{"@type":"PropertyValueSpecification","valueRequired":true,"valueName":"search_term_string"}}],"inLanguage":"fr-FR"},{"@type":"Organization","@id":"https:\/\/encontreportugal.pt\/zh\/#organization","name":"Trouver le Portugal","url":"https:\/\/encontreportugal.pt\/zh\/","logo":{"@type":"ImageObject","inLanguage":"fr-FR","@id":"https:\/\/encontreportugal.pt\/zh\/#\/schema\/logo\/image\/","url":"https:\/\/encontreportugal.pt\/wp-content\/uploads\/2024\/04\/cropped-logo-encontre-portugal.png","contentUrl":"https:\/\/encontreportugal.pt\/wp-content\/uploads\/2024\/04\/cropped-logo-encontre-portugal.png","width":500,"height":165,"caption":"Encontre Portugal"},"image":{"@id":"https:\/\/encontreportugal.pt\/zh\/#\/schema\/logo\/image\/"}},{"@type":"Person","@id":"https:\/\/encontreportugal.pt\/zh\/#\/schema\/person\/71ee126caa8e8746f4e1d07bb50ba747","name":"Douglas Barbosa","image":{"@type":"ImageObject","inLanguage":"fr-FR","@id":"https:\/\/encontreportugal.pt\/wp-content\/uploads\/2024\/03\/douglasfdb_avatar-96x96.jpeg","url":"https:\/\/encontreportugal.pt\/wp-content\/uploads\/2024\/03\/douglasfdb_avatar-96x96.jpeg","contentUrl":"https:\/\/encontreportugal.pt\/wp-content\/uploads\/2024\/03\/douglasfdb_avatar-96x96.jpeg","caption":"Douglas Barbosa"},"description":"Il est titulaire d'un dipl\u00f4me en technologie des r\u00e9seaux informatiques et d'un dipl\u00f4me de troisi\u00e8me cycle en marketing num\u00e9rique, en intelligence \u00e9conomique et en strat\u00e9gie fond\u00e9e sur les donn\u00e9es de l'Universit\u00e9 catholique pontificale (PUC). Formation \u00e0 la d\u00e9tection du langage corporel et des micro-expressions faciales. Participation \u00e0 la formation \"Traffic and Conversion Machine - Learn to Sell More Through Google Every Day\". Certifi\u00e9 par Google en optimisation pour les moteurs de recherche. Vaste exp\u00e9rience des projets de r\u00e9f\u00e9rencement, de la gestion du trafic payant sur Google Ads et de la cr\u00e9ation de sites web.","sameAs":["https:\/\/encontreportugal.pt"],"url":"https:\/\/encontreportugal.pt\/fr\/author\/douglasfdb\/"}]}},"_links":{"self":[{"href":"https:\/\/encontreportugal.pt\/fr\/wp-json\/wp\/v2\/posts\/26149","targetHints":{"allow":["GET"]}}],"collection":[{"href":"https:\/\/encontreportugal.pt\/fr\/wp-json\/wp\/v2\/posts"}],"about":[{"href":"https:\/\/encontreportugal.pt\/fr\/wp-json\/wp\/v2\/types\/post"}],"author":[{"embeddable":true,"href":"https:\/\/encontreportugal.pt\/fr\/wp-json\/wp\/v2\/users\/1"}],"replies":[{"embeddable":true,"href":"https:\/\/encontreportugal.pt\/fr\/wp-json\/wp\/v2\/comments?post=26149"}],"version-history":[{"count":0,"href":"https:\/\/encontreportugal.pt\/fr\/wp-json\/wp\/v2\/posts\/26149\/revisions"}],"wp:attachment":[{"href":"https:\/\/encontreportugal.pt\/fr\/wp-json\/wp\/v2\/media?parent=26149"}],"wp:term":[{"taxonomy":"category","embeddable":true,"href":"https:\/\/encontreportugal.pt\/fr\/wp-json\/wp\/v2\/categories?post=26149"},{"taxonomy":"post_tag","embeddable":true,"href":"https:\/\/encontreportugal.pt\/fr\/wp-json\/wp\/v2\/tags?post=26149"}],"curies":[{"name":"wp","href":"https:\/\/api.w.org\/{rel}","templated":true}]}}