{"id":30675,"date":"2026-06-13T18:30:38","date_gmt":"2026-06-13T18:30:38","guid":{"rendered":"https:\/\/encontreportugal.pt\/festas-romarias-minho-mirandela\/"},"modified":"2026-06-13T18:30:38","modified_gmt":"2026-06-13T18:30:38","slug":"fetes-et-pelerinages-du-minho-a-mirandela-tradition-et-vivacite","status":"publish","type":"post","link":"https:\/\/encontreportugal.pt\/fr\/fetes-et-pelerinages-du-minho-a-mirandela-tradition-et-vivacite\/","title":{"rendered":"F\u00eates et p\u00e8lerinages du Minho \u00e0 Mirandela\u00a0: tradition et vivacit\u00e9"},"content":{"rendered":"<h2>Uma Explos\u00e3o de Vida nas Festas e Romarias do Minho em Mirandela<\/h2>\n<p>Sabias que as festas e romarias do Minho em Mirandela s\u00e3o um fen\u00f3meno de cor, m\u00fasica e f\u00e9 que se mant\u00eam vivos h\u00e1 s\u00e9culos? Estas celebra\u00e7\u00f5es, que acontecem principalmente entre os meses de maio e outubro, re\u00fanem milhares de pessoas na cidade e arredores. O Minho, terra de tradi\u00e7\u00f5es profundas, oferece aqui um cen\u00e1rio onde a devo\u00e7\u00e3o religiosa se mistura com a alegria popular, criando momentos \u00fanicos que ficam na mem\u00f3ria de quem os vive. Se queres sentir o verdadeiro pulsar desta regi\u00e3o, Mirandela \u00e9 um local imperd\u00edvel para isso.<\/p>\n<p><strong>Mirandela<\/strong> situa-se no cora\u00e7\u00e3o do distrito de Bragan\u00e7a, integrando a regi\u00e3o do Alto Tr\u00e1s-os-Montes, que faz parte da ampla \u00e1rea cultural do Minho. O que torna estas festas t\u00e3o especiais? A forte liga\u00e7\u00e3o \u00e0 terra, o respeito pelas tradi\u00e7\u00f5es ancestrais e o conv\u00edvio que juntam fam\u00edlias e amigos. Ao fim da tarde, o cheiro a p\u00e3o quente e a frutos secos mistura-se com o som dos concertos e das prociss\u00f5es, convidando quem passa a participar em cada momento.<\/p>\n<h2>As Romarias Tradicionais: Entre a F\u00e9 e a Festa<\/h2>\n<h3>Romaria de S\u00e3o Pedro de Fins<\/h3>\n<p>Uma das mais esperadas pelas gentes de Mirandela \u00e9 a Romaria de S\u00e3o Pedro de Fins, celebrada anualmente no in\u00edcio de junho. J\u00e1 alguma vez estiveste por aqui ao entardecer? O sol a dourar as colinas, o som das gaitas de foles a preencher o ar, e as pessoas vestidas a rigor a caminhar at\u00e9 \u00e0 capela com os seus trajes coloridos formam um cen\u00e1rio que s\u00f3 o Minho sabe dar. O ritual come\u00e7a com a missa na capela, seguida de uma prociss\u00e3o emocionante onde as imagens s\u00e3o levadas pelos fi\u00e9is at\u00e9 \u00e0 aldeia. O cheiro a flores frescas e o sabor dos petiscos locais como o roj\u00f5es com batatas e o vinho verde acompanham a festa at\u00e9 altas horas.<\/p>\n<h3>Festa de Nossa Senhora da Agonia<\/h3>\n<p>Em setembro, Mirandela acolhe a Festa de Nossa Senhora da Agonia, uma romaria que se destaca pela participa\u00e7\u00e3o massiva da comunidade e visitantes. A festa religiosa \u00e9 simultaneamente uma festa popular, com m\u00fasica tradicional, dan\u00e7as e tasquinhas que servem pratos t\u00edpicos minhotos, como o bacalhau \u00e0 Mirandela, uma iguaria local que n\u00e3o costuma aparecer nas ementas dos restaurantes convencionais. \u00c9 nesta altura que o Mercado Municipal se transforma num ponto de encontro, e o som das concertinas d\u00e1 um toque especial aos bailes que animam as noites.<\/p>\n<h2>Festas do Minho em Mirandela: Genuinidade e Tradi\u00e7\u00e3o<\/h2>\n<h3>Porque as festas t\u00eam tanto impacto?<\/h3>\n<p><strong>As festas e romarias do Minho<\/strong> em Mirandela n\u00e3o s\u00e3o s\u00f3 um evento; s\u00e3o a express\u00e3o viva da cultura local. A autenticidade vem de s\u00e9culos de tradi\u00e7\u00e3o, mas tamb\u00e9m do envolvimento apaixonado dos habitantes locais, que zelam para que cada detalhe seja perfeito. A prepara\u00e7\u00e3o come\u00e7a meses antes, e as ruas da cidade ganham vida com decora\u00e7\u00e3o feita \u00e0 m\u00e3o, luzes coloridas e aromas que despertam o apetite. Se alguma vez te cruzaste com um grupo de tocadores de concertina a ensaiar pelo centro da vila, sabes bem do que falo.<\/p>\n<h3>O que distingue Mirandela no contexto das festas do Minho?<\/h3>\n<p>Para al\u00e9m da sua localiza\u00e7\u00e3o estrat\u00e9gica, Mirandela destaca-se pela sua gastronomia e pela forma como mant\u00e9m vivas as suas tradi\u00e7\u00f5es, sem perder o contacto com a modernidade. A cultura local est\u00e1 presente em cada detalhe, desde as trajes t\u00edpicos ao artesanato exposto durante as festas. Por isso, estas celebra\u00e7\u00f5es atraem tamb\u00e9m quem prefere experi\u00eancias aut\u00eanticas, longe do turismo massificado. Na \u00faltima romaria a que assisti, reparei que o melhor s\u00edtio para estacionar \u00e9 no parque perto do centro hist\u00f3rico \u2014 assim evitas caminhadas cansativas e aproveitas melhor o dia.<\/p>\n<h2>Antes de Ir: O que Precisas de Saber<\/h2>\n<ul>\n<li>Evita os fins de semana de agosto para visitar Mirandela, pois a cidade fica bastante movimentada e os alojamentos esgotam rapidamente.<\/li>\n<li>O melhor hor\u00e1rio para participar nas festas \u00e9 ao final da tarde, quando as ruas ganham uma luz dourada e os sons tradicionais ecoam pelas ruelas.<\/li>\n<li>Se quiseres provar o tradicional bacalhau \u00e0 Mirandela, pergunta pelos restaurantes familiares que guardam a receita original, como o restaurante local \u201cO Padeiro\u201d.<\/li>\n<li>Estaciona preferencialmente no parque junto ao centro hist\u00f3rico; o parque municipal fecha \u00e0s 22h, por isso planeia a tua sa\u00edda.<\/li>\n<li>Leva sempre um casaco leve, pois as noites, mesmo no ver\u00e3o, podem ser frescas devido \u00e0 proximidade do rio Tua.<\/li>\n<\/ul>\n<h2>Festas e Romarias do Minho em Mirandela: Um Convite \u00e0 Descoberta<\/h2>\n<p>J\u00e1 alguma vez te perguntaste como seria estar numa romaria onde o passado e o presente se abra\u00e7am numa celebra\u00e7\u00e3o? Em Mirandela, as festas do Minho ganham uma dimens\u00e3o especial, onde o som das gaitas, a textura dos bordados tradicionais e o sabor dos petiscos caseiros criam uma experi\u00eancia inesquec\u00edvel. A cidade convida-te a sentir a verdadeira alma minhota, numa combina\u00e7\u00e3o genu\u00edna de f\u00e9, alegria e cultura.<\/p>\n<p>Se gostas de experi\u00eancias regionais aut\u00eanticas, n\u00e3o deixes de conhecer tamb\u00e9m as <a href=\"https:\/\/encontreportugal.pt\/fr\/activites-a-oliveira-de-azemeis-decouvrez-des-experiences-authentiques-a-proximite\/\" target=\"_blank\">Activit\u00e9s \u00e0 Oliveira de Azem\u00e9is\u00a0: d\u00e9couvrez des exp\u00e9riences authentiques \u00e0 proximit\u00e9<\/a> para expandir a tua rota cultural pelo norte de Portugal. A regi\u00e3o est\u00e1 repleta de tradi\u00e7\u00f5es que merecem ser vividas de perto.<\/p>\n<h3>FAQ sobre Festas e Romarias do Minho em Mirandela<\/h3>\n<h3>Quando acontecem as principais festas e romarias em Mirandela?<\/h3>\n<p>As festas e romarias do Minho em Mirandela decorrem principalmente entre maio e outubro, com destaque para a Romaria de S\u00e3o Pedro de Fins em junho e a Festa de Nossa Senhora da Agonia em setembro.<\/p>\n<h3>Qual \u00e9 a melhor altura do dia para visitar as romarias?<\/h3>\n<p>A tarde e o in\u00edcio da noite s\u00e3o os melhores momentos para aproveitar o ambiente festivo, com a luz dourada e as atividades culturais a acontecerem nas ruas.<\/p>\n<h3>Existe algum prato t\u00edpico para provar durante as festas?<\/h3>\n<p>Sim, o bacalhau \u00e0 Mirandela \u00e9 um prato emblem\u00e1tico, servido em muitos restaurantes locais durante as celebra\u00e7\u00f5es, acompanhado por vinho verde da regi\u00e3o.<\/p>\n<h3>Como posso chegar e onde estacionar para as festas?<\/h3>\n<p>Mirandela est\u00e1 bem servida por estradas principais; o parque junto ao centro hist\u00f3rico \u00e9 a melhor op\u00e7\u00e3o para estacionamento, mas fecha \u00e0s 22h, pelo que conv\u00e9m planear a sa\u00edda.<\/p>\n<h3>As festas s\u00e3o adequadas para fam\u00edlias com crian\u00e7as?<\/h3>\n<p>Sim, as festas e romarias do Minho em Mirandela oferecem atividades para todas as idades, incluindo m\u00fasica, dan\u00e7a e espa\u00e7os para conv\u00edvio familiar.<\/p>","protected":false},"excerpt":{"rendered":"<p>Descobre as festas e romarias do Minho em Mirandela, onde cultura e devo\u00e7\u00e3o se unem. Vem sentir a alma minhota em cada celebra\u00e7\u00e3o.<\/p>","protected":false},"author":1,"featured_media":0,"comment_status":"open","ping_status":"open","sticky":false,"template":"","format":"standard","meta":{"footnotes":""},"categories":[1368],"tags":[1215,1309,1319,1437,1436],"class_list":["post-30675","post","type-post","status-publish","format-standard","hentry","category-cultura-e-tradicoes","tag-cultura-portuguesa","tag-festas-tradicionais","tag-minho","tag-mirandela","tag-romarias"],"acf":[],"_links":{"self":[{"href":"https:\/\/encontreportugal.pt\/fr\/wp-json\/wp\/v2\/posts\/30675","targetHints":{"allow":["GET"]}}],"collection":[{"href":"https:\/\/encontreportugal.pt\/fr\/wp-json\/wp\/v2\/posts"}],"about":[{"href":"https:\/\/encontreportugal.pt\/fr\/wp-json\/wp\/v2\/types\/post"}],"author":[{"embeddable":true,"href":"https:\/\/encontreportugal.pt\/fr\/wp-json\/wp\/v2\/users\/1"}],"replies":[{"embeddable":true,"href":"https:\/\/encontreportugal.pt\/fr\/wp-json\/wp\/v2\/comments?post=30675"}],"version-history":[{"count":0,"href":"https:\/\/encontreportugal.pt\/fr\/wp-json\/wp\/v2\/posts\/30675\/revisions"}],"wp:attachment":[{"href":"https:\/\/encontreportugal.pt\/fr\/wp-json\/wp\/v2\/media?parent=30675"}],"wp:term":[{"taxonomy":"category","embeddable":true,"href":"https:\/\/encontreportugal.pt\/fr\/wp-json\/wp\/v2\/categories?post=30675"},{"taxonomy":"post_tag","embeddable":true,"href":"https:\/\/encontreportugal.pt\/fr\/wp-json\/wp\/v2\/tags?post=30675"}],"curies":[{"name":"wp","href":"https:\/\/api.w.org\/{rel}","templated":true}]}}