{"id":3843,"date":"2023-11-30T10:46:21","date_gmt":"2023-11-30T10:46:21","guid":{"rendered":"https:\/\/encontreportugal.pt\/?p=3843"},"modified":"2025-01-03T11:33:36","modified_gmt":"2025-01-03T11:33:36","slug":"extensao-de-pestanas","status":"publish","type":"post","link":"https:\/\/encontreportugal.pt\/fr\/extensao-de-pestanas\/","title":{"rendered":"La fascination des extensions de cils"},"content":{"rendered":"<h1>O Fasc\u00ednio da Extens\u00e3o de Pestanas: Descubra o Olhar que Voc\u00ea Merece<\/h1>\n<p>A <a href=\"https:\/\/encontreportugal.pt\/fr\/extensao-de-pestanas-com-santa-lash-viseu\/\"><strong>extensions de cils<\/strong><\/a> \u00e9 mais do que uma tend\u00eancia de beleza; \u00e9 uma arte que transforma o olhar de maneiras incr\u00edveis. Neste artigo, exploraremos os encantos das pestanas volumosas, os diferentes tipos de extens\u00f5es dispon\u00edveis e como esse procedimento pode real\u00e7ar a beleza natural.<\/p>\n<h2>Pestanas: A Janela para a Alma<\/h2>\n<p>Quando se trata de real\u00e7ar a beleza dos olhos, as <strong>pestanas<\/strong> desempenham um papel crucial. Elas n\u00e3o apenas protegem os olhos contra part\u00edculas indesejadas, mas tamb\u00e9m s\u00e3o uma express\u00e3o visual da nossa personalidade. A <strong>extensions de cils<\/strong> surge como uma solu\u00e7\u00e3o inovadora para quem busca um olhar marcante e envolvente.<\/p>\n<h2>O Poder do Volume: Extens\u00e3o de Pestanas Volume Russo<\/h2>\n<p>No mundo da beleza, o termo &#8220;volume&#8221; tem um significado especial. A <strong>extens\u00e3o de pestanas volume russo<\/strong> \u00e9 uma t\u00e9cnica avan\u00e7ada que proporciona um olhar intenso e sedutor. Esta abordagem utiliza extens\u00f5es mais finas e leves, permitindo a aplica\u00e7\u00e3o de v\u00e1rias pestanas em cada fio natural. O resultado? Um volume exuberante que destaca os olhos de maneira \u00fanica.<\/p>\n<h3>Lifting de Pestanas: Elevando a Beleza Natural<\/h3>\n<p>Al\u00e9m das extens\u00f5es, o <strong>levantamento de pestanas<\/strong> tem conquistado cora\u00e7\u00f5es no universo da est\u00e9tica. Este tratamento inovador confere uma curvatura natural \u00e0s pestanas, abrindo o olhar de forma elegante. O lifting de pestanas \u00e9 a escolha ideal para quem busca real\u00e7ar a beleza natural sem o uso de extens\u00f5es.<\/p>\n<h4>A Experi\u00eancia Al\u00e9m do Olhar: Servi\u00e7os Profissionais e Produtos de Qualidade<\/h4>\n<p>A qualidade da <strong>extens\u00e3o das pestanas<\/strong> est\u00e1 intrinsecamente ligada aos profissionais e produtos utilizados no processo. Escolher um sal\u00e3o de beleza que ofere\u00e7a servi\u00e7os de alta qualidade, juntamente com produtos de confian\u00e7a, \u00e9 essencial para garantir n\u00e3o apenas um resultado est\u00e9tico, mas tamb\u00e9m a sa\u00fade das suas pestanas.<\/p>\n<h5>Consist\u00eancia e Durabilidade: Manuten\u00e7\u00e3o e Cuidados Adequados<\/h5>\n<p>A <strong>dura\u00e7\u00e3o<\/strong> da <strong>extensions de cils<\/strong> varia de pessoa para pessoa, mas uma manuten\u00e7\u00e3o adequada pode prolongar significativamente sua beleza. Conhecer as condi\u00e7\u00f5es ideais, como evitar o uso de m\u00e1scaras \u00e0 prova d&#8217;\u00e1gua e evitar esfregar os olhos intensamente, s\u00e3o passos cruciais para garantir uma apar\u00eancia impec\u00e1vel por semanas a fio.<\/p>\n<h6>6. A Aplica\u00e7\u00e3o Passo a Passo: Como Funciona a Extens\u00e3o de Pestanas<\/h6>\n<p>Vamos desvendar o mist\u00e9rio por tr\u00e1s da <strong>aplica\u00e7\u00e3o<\/strong> de extens\u00f5es de pestanas. Esse processo minucioso e t\u00e9cnico envolve a fixa\u00e7\u00e3o de cada extens\u00e3o aos fios naturais, proporcionando um olhar exuberante. Os profissionais dominam essa arte, garantindo n\u00e3o apenas beleza, mas tamb\u00e9m seguran\u00e7a para os seus olhos.<\/p>\n<h2>Variedade de Escolhas: Tipos de Extens\u00f5es de Pestanas<\/h2>\n<p>Ao explorar o mundo das <strong>extens\u00f5es de pestanas<\/strong> , deparamo-nos com uma variedade de escolhas. Desde as cl\u00e1ssicas <strong>fio a fio<\/strong> at\u00e9 as ousadas <strong>volume russo<\/strong> , cada tipo tem caracter\u00edsticas \u00fanicas. A escolha do m\u00e9todo certo depender\u00e1 do resultado desejado, do formato dos olhos e da prefer\u00eancia pessoal.<\/p>\n<h2>Pestanas Naturais: A Beleza sem Esfor\u00e7o<\/h2>\n<p>A busca pela <strong>pestana natural<\/strong> tornou-se uma demanda crescente. A extens\u00e3o de pestanas, quando feita com maestria, real\u00e7a a beleza natural dos olhos, proporcionando um olhar expressivo sem parecer exagerado. Profissionais habilidosos podem criar resultados que se integram perfeitamente \u00e0s suas pestanas originais.<\/p>\n<h2>Tend\u00eancias e Novidades: Mantendo-se Atualizado no Mundo da Beleza<\/h2>\n<p>O universo da beleza est\u00e1 sempre evoluindo, e a extens\u00e3o das pestanas n\u00e3o \u00e9 exce\u00e7\u00e3o. Acompanhar as <strong>novidades<\/strong> e tend\u00eancias \u00e9 fundamental para garantir que voc\u00ea esteja sempre por dentro das t\u00e9cnicas mais recentes e dos produtos inovadores. Siga blogs, redes sociais e newsletters de profissionais renomados para ficar atualizado.<\/p>\n<h2>A Est\u00e9tica Completa: Combinando Extens\u00f5es de Pestanas com Outros Tratamentos<\/h2>\n<p>O <strong>tratamento est\u00e9tico<\/strong> vai al\u00e9m das pestanas. Combinar a extens\u00e3o com servi\u00e7os como threading, <a href=\"http:\/\/sandrabastosesteta.pt\">depila\u00e7\u00e3o<\/a> e massagens pode criar uma experi\u00eancia completa de beleza e bem-estar. M\u00e3os habilidosas e produtos de qualidade transformam o sal\u00e3o em um ref\u00fagio de cuidados pessoais, proporcionando uma jornada \u00fanica de relaxamento e beleza.<\/p>\n<p>A <strong>extensions de cils<\/strong> n\u00e3o \u00e9 apenas um procedimento est\u00e9tico; \u00e9 uma jornada para real\u00e7ar a beleza \u00fanica de cada pessoa. Desde a aplica\u00e7\u00e3o cuidadosa at\u00e9 a escolha dos produtos certos, cada passo desempenha um papel crucial no resultado final. Ao explorar o mundo das extens\u00f5es de pestanas, descobriu que a beleza est\u00e1 nos detalhes, e cada pestana contribui para um olhar cativante e sedutor. Seja na busca por volume, na prefer\u00eancia pela naturalidade ou na experimenta\u00e7\u00e3o com t\u00e9cnicas inovadoras, a extens\u00e3o de pestanas oferece um leque de op\u00e7\u00f5es para expressar a sua beleza \u00fanica.<\/p>\n<h2>O Processo de Manuten\u00e7\u00e3o: Cuidados P\u00f3s-Aplica\u00e7\u00e3o<\/h2>\n<p>A beleza rigorosa das <strong>extens\u00f5es de pestanas<\/strong> depende significativamente dos cuidados p\u00f3s-aplica\u00e7\u00e3o. Os profissionais geralmente recomendam evitar a exposi\u00e7\u00e3o excessiva \u00e0 \u00e1gua nas primeiras 24 horas, pois a cola precisa de tempo para aderir completamente. Al\u00e9m disso, pentear suavemente as pestanas com uma escova especial pode evitar emaranhados e garantir uma apar\u00eancia impec\u00e1vel.<\/p>\n<h2>O Uso Adequado de Produtos: M\u00e1scaras e Removedores<\/h2>\n<p>A escolha dos produtos certos \u00e9 crucial para manter a integridade das <strong>extens\u00f5es das pestanas<\/strong> . M\u00e1scaras \u00e0 prova d&#8217;\u00e1gua podem comprometer a cola, impedindo a durabilidade. Da mesma forma, ao remover a maquiagem dos olhos, \u00e9 essencial escolher um removedor suave, evitando esfregar com for\u00e7a. Esses cuidados simples podem fazer uma grande diferen\u00e7a na longevidade das suas extens\u00f5es.<\/p>\n<h2>A Curvatura Perfeita: Influ\u00eancia da Curvatura na Escolha<\/h2>\n<p>A <strong>curvatura<\/strong> das <a href=\"https:\/\/lojadoscabelos.pt\/categoria-produto\/extensoes-de-cabelo-natural\/\">extens\u00f5es<\/a> de pestanas desempenha um papel significativo no resultado final. Profissionais experientes adaptam a curvatura \u00e0s caracter\u00edsticas individuais do rosto, criando um olhar harmonioso e natural. Discutir suas prefer\u00eancias de curvatura com o t\u00e9cnico pode garantir que o resultado final atenda \u00e0s suas expectativas.<\/p>\n<h2>Beleza Al\u00e9m dos Olhos: Servi\u00e7os Complementares<\/h2>\n<p>Em muitos sal\u00f5es de beleza, a <strong>extensions de cils<\/strong> n\u00e3o \u00e9 apenas um servi\u00e7o isolado. A combina\u00e7\u00e3o de tratamentos faciais, como lifting de sobrancelhas, e servi\u00e7os de beleza para o corpo, como depila\u00e7\u00e3o, oferece uma abordagem hol\u00edstica para a est\u00e9tica. Essa integra\u00e7\u00e3o de cria\u00e7\u00e3o de servi\u00e7os \u00e9 uma experi\u00eancia \u00fanica que n\u00e3o apenas real\u00e7a a beleza dos olhos, mas tamb\u00e9m promove o bem-estar geral.<\/p>\n<h2>A Import\u00e2ncia da Avalia\u00e7\u00e3o Profissional<\/h2>\n<p>Antes de se aventurar na jornada de <strong>extens\u00f5es de pestanas<\/strong> , uma avalia\u00e7\u00e3o profissional \u00e9 fundamental. Isso envolve discutir suas expectativas, avaliar a sa\u00fade de suas pestanas naturais e entender as op\u00e7\u00f5es dispon\u00edveis. Um profissional qualificado pode oferecer insights valiosos, garantindo que o procedimento escolhido atenda \u00e0s suas necessidades e proporcione resultados superiores.<\/p>\n<h2>A Evolu\u00e7\u00e3o das T\u00e9cnicas: Do Fio a Fio ao Volume Russo<\/h2>\n<p>A hist\u00f3ria da <strong>extensions de cils<\/strong> \u00e9 marcada por avan\u00e7os inovadores nas t\u00e9cnicas utilizadas. Desde a abordagem cl\u00e1ssica de <strong>fio a fio<\/strong> at\u00e9 a sofistica\u00e7\u00e3o do <strong>volume russo<\/strong> , a evolu\u00e7\u00e3o destas t\u00e9cnicas oferece aos clientes uma gama de op\u00e7\u00f5es para personalizar seu visual. A constante busca por inova\u00e7\u00e3o impulsiona a ind\u00fastria a novos patamares de excel\u00eancia.<\/p>\n<h2>A Influ\u00eancia da Extens\u00e3o de Pestanas na Confian\u00e7a<\/h2>\n<p>Para muitos, a <strong>extensions de cils<\/strong> n\u00e3o \u00e9 apenas uma quest\u00e3o de est\u00e9tica; \u00e9 uma fonte de confian\u00e7a. O olhar transformado proporciona uma confian\u00e7a elevada, impactando com certeza a maneira como nos percebemos e como somos percebidos pelos outros. Esse impulso de confian\u00e7a pode se estender para diversas \u00e1reas da vida, demonstrando o poder transformador da beleza.<\/p>\n<h2>A Busca pela Perfei\u00e7\u00e3o: Como Escolher o Profissional Certo<\/h2>\n<p>Em um mercado saturado de op\u00e7\u00f5es, escolher o profissional certo para a <strong>extens\u00e3o das pestanas<\/strong> \u00e9 crucial. Pesquisar avalia\u00e7\u00f5es, verificar portf\u00f3lios e, se poss\u00edvel, agendar uma avalia\u00e7\u00e3o pr\u00e9via pode ajudar a garantir que voc\u00ea confie suas pestanas a um profissional qualificado e experiente. A escolha do profissional certo \u00e9 a chave para resultados exclusivos.<\/p>\n<h2>O Papel das Redes Sociais na Populariza\u00e7\u00e3o da Extens\u00e3o de Pestanas<\/h2>\n<p>As redes sociais desempenham um papel significativo na populariza\u00e7\u00e3o da <strong>extens\u00e3o das pestanas<\/strong> . Fotos antes e depois, tutoriais e avalia\u00e7\u00f5es de clientes circularam amplamente, inspirando outras pessoas a experimentar esse procedimento. Plataformas como Instagram e Facebook t\u00eam sido vitrines poderosas para profissionais compartilharem seu trabalho e para clientes em potencial explorarem op\u00e7\u00f5es est\u00e9ticas.<\/p>\n<h2>A Jornada Continua: Inova\u00e7\u00f5es Futuras na Est\u00e9tica Ocular<\/h2>\n<p>\u00c0 medida que a tecnologia avan\u00e7a, a est\u00e9tica ocular continua a evoluir. Novas t\u00e9cnicas, produtos aprimorados e abordagens inovadoras surgir\u00e3o, oferecendo aos pensamentos da beleza ainda mais op\u00e7\u00f5es para expressar sua individualidade. A jornada da <strong>extensions de cils<\/strong> \u00e9 din\u00e2mica, e as futuras inova\u00e7\u00f5es prometem levar a est\u00e9tica ocular a patamares ainda mais elevados.<\/p>\n<h2>Conclus\u00e3o: Celebrando a Beleza \u00danica<\/h2>\n<p>Ao explorar o mundo fascinante da <strong>extensions de cils<\/strong> , descobriu que vai al\u00e9m da busca por um olhar atraente. \u00c9 uma jornada de autodescoberta, confian\u00e7a e inova\u00e7\u00e3o est\u00e9tica. Seja voc\u00ea um entusiasta da beleza ou algu\u00e9m que busca um toque sutil de transforma\u00e7\u00e3o, as extens\u00f5es de pestanas oferecem um leque de op\u00e7\u00f5es para celebrar sua beleza \u00fanica.<\/p>\n<p>Espero que este guia abrangente tenha fornecido insights valiosos sobre a <strong>extens\u00e3o das pestanas<\/strong> . Se surgirem mais d\u00favidas ou se houver algum t\u00f3pico espec\u00edfico que voc\u00ea gostaria de explorar, n\u00e3o hesite em entrar em contato. A beleza \u00e9 uma jornada, e estou aqui para ajudar a tornar sua experi\u00eancia ainda mais extraordin\u00e1ria.<\/p>","protected":false},"excerpt":{"rendered":"<p>O Fasc\u00ednio da Extens\u00e3o de Pestanas: Descubra o Olhar que Voc\u00ea Merece A extens\u00e3o de pestanas \u00e9 mais do que uma tend\u00eancia de beleza; \u00e9 uma arte que transforma o olhar de maneiras incr\u00edveis. Neste artigo, exploraremos os encantos das pestanas volumosas, os diferentes tipos de extens\u00f5es dispon\u00edveis e como esse procedimento pode real\u00e7ar a [&hellip;]<\/p>\n","protected":false},"author":1,"featured_media":3844,"comment_status":"open","ping_status":"open","sticky":false,"template":"","format":"standard","meta":{"footnotes":""},"categories":[18],"tags":[],"class_list":["post-3843","post","type-post","status-publish","format-standard","has-post-thumbnail","hentry","category-dicas-de-portugal"],"acf":[],"yoast_head":"<!-- This site is optimized with the Yoast SEO plugin v27.5 - https:\/\/yoast.com\/product\/yoast-seo-wordpress\/ -->\n<title>O Fasc\u00ednio da Extens\u00e3o de Pestanas - Encontre Portugal<\/title>\n<meta name=\"robots\" content=\"index, follow, max-snippet:-1, max-image-preview:large, max-video-preview:-1\" \/>\n<link rel=\"canonical\" href=\"https:\/\/encontreportugal.pt\/fr\/extensao-de-pestanas\/\" \/>\n<meta property=\"og:locale\" content=\"fr_FR\" \/>\n<meta property=\"og:type\" content=\"article\" \/>\n<meta property=\"og:title\" content=\"O Fasc\u00ednio da Extens\u00e3o de Pestanas - Encontre Portugal\" \/>\n<meta property=\"og:url\" content=\"https:\/\/encontreportugal.pt\/fr\/extensao-de-pestanas\/\" \/>\n<meta property=\"og:site_name\" content=\"Encontre Portugal\" \/>\n<meta property=\"article:published_time\" content=\"2023-11-30T10:46:21+00:00\" \/>\n<meta property=\"article:modified_time\" content=\"2025-01-03T11:33:36+00:00\" \/>\n<meta property=\"og:image\" content=\"https:\/\/encontreportugal.pt\/wp-content\/uploads\/2023\/11\/extensao-de-pestanas-scaled.jpg\" \/>\n\t<meta property=\"og:image:width\" content=\"2560\" \/>\n\t<meta property=\"og:image:height\" content=\"1708\" \/>\n\t<meta property=\"og:image:type\" content=\"image\/jpeg\" \/>\n<meta name=\"author\" content=\"Douglas Barbosa\" \/>\n<meta name=\"twitter:card\" content=\"summary_large_image\" \/>\n<meta name=\"twitter:label1\" content=\"\u00c9crit par\" \/>\n\t<meta name=\"twitter:data1\" content=\"Douglas Barbosa\" \/>\n\t<meta name=\"twitter:label2\" content=\"Dur\u00e9e de lecture estim\u00e9e\" \/>\n\t<meta name=\"twitter:data2\" content=\"8 minutes\" \/>\n<script type=\"application\/ld+json\" class=\"yoast-schema-graph\">{\"@context\":\"https:\\\/\\\/schema.org\",\"@graph\":[{\"@type\":\"Article\",\"@id\":\"https:\\\/\\\/encontreportugal.pt\\\/extensao-de-pestanas\\\/#article\",\"isPartOf\":{\"@id\":\"https:\\\/\\\/encontreportugal.pt\\\/extensao-de-pestanas\\\/\"},\"author\":{\"name\":\"Douglas Barbosa\",\"@id\":\"https:\\\/\\\/encontreportugal.pt\\\/zh\\\/#\\\/schema\\\/person\\\/71ee126caa8e8746f4e1d07bb50ba747\"},\"headline\":\"O Fasc\u00ednio da Extens\u00e3o de Pestanas\",\"datePublished\":\"2023-11-30T10:46:21+00:00\",\"dateModified\":\"2025-01-03T11:33:36+00:00\",\"mainEntityOfPage\":{\"@id\":\"https:\\\/\\\/encontreportugal.pt\\\/extensao-de-pestanas\\\/\"},\"wordCount\":1666,\"commentCount\":0,\"publisher\":{\"@id\":\"https:\\\/\\\/encontreportugal.pt\\\/zh\\\/#organization\"},\"image\":{\"@id\":\"https:\\\/\\\/encontreportugal.pt\\\/extensao-de-pestanas\\\/#primaryimage\"},\"thumbnailUrl\":\"https:\\\/\\\/encontreportugal.pt\\\/wp-content\\\/uploads\\\/2023\\\/11\\\/extensao-de-pestanas-scaled.jpg\",\"articleSection\":[\"Dicas de Portugal\"],\"inLanguage\":\"fr-FR\",\"potentialAction\":[{\"@type\":\"CommentAction\",\"name\":\"Comment\",\"target\":[\"https:\\\/\\\/encontreportugal.pt\\\/extensao-de-pestanas\\\/#respond\"]}]},{\"@type\":\"WebPage\",\"@id\":\"https:\\\/\\\/encontreportugal.pt\\\/extensao-de-pestanas\\\/\",\"url\":\"https:\\\/\\\/encontreportugal.pt\\\/extensao-de-pestanas\\\/\",\"name\":\"O Fasc\u00ednio da Extens\u00e3o de Pestanas - Encontre Portugal\",\"isPartOf\":{\"@id\":\"https:\\\/\\\/encontreportugal.pt\\\/zh\\\/#website\"},\"primaryImageOfPage\":{\"@id\":\"https:\\\/\\\/encontreportugal.pt\\\/extensao-de-pestanas\\\/#primaryimage\"},\"image\":{\"@id\":\"https:\\\/\\\/encontreportugal.pt\\\/extensao-de-pestanas\\\/#primaryimage\"},\"thumbnailUrl\":\"https:\\\/\\\/encontreportugal.pt\\\/wp-content\\\/uploads\\\/2023\\\/11\\\/extensao-de-pestanas-scaled.jpg\",\"datePublished\":\"2023-11-30T10:46:21+00:00\",\"dateModified\":\"2025-01-03T11:33:36+00:00\",\"breadcrumb\":{\"@id\":\"https:\\\/\\\/encontreportugal.pt\\\/extensao-de-pestanas\\\/#breadcrumb\"},\"inLanguage\":\"fr-FR\",\"potentialAction\":[{\"@type\":\"ReadAction\",\"target\":[\"https:\\\/\\\/encontreportugal.pt\\\/extensao-de-pestanas\\\/\"]}]},{\"@type\":\"ImageObject\",\"inLanguage\":\"fr-FR\",\"@id\":\"https:\\\/\\\/encontreportugal.pt\\\/extensao-de-pestanas\\\/#primaryimage\",\"url\":\"https:\\\/\\\/encontreportugal.pt\\\/wp-content\\\/uploads\\\/2023\\\/11\\\/extensao-de-pestanas-scaled.jpg\",\"contentUrl\":\"https:\\\/\\\/encontreportugal.pt\\\/wp-content\\\/uploads\\\/2023\\\/11\\\/extensao-de-pestanas-scaled.jpg\",\"width\":2560,\"height\":1708,\"caption\":\"extens\u00e3o de pestanas\"},{\"@type\":\"BreadcrumbList\",\"@id\":\"https:\\\/\\\/encontreportugal.pt\\\/extensao-de-pestanas\\\/#breadcrumb\",\"itemListElement\":[{\"@type\":\"ListItem\",\"position\":1,\"name\":\"In\u00edcio\",\"item\":\"https:\\\/\\\/encontreportugal.pt\\\/zh\\\/\"},{\"@type\":\"ListItem\",\"position\":2,\"name\":\"O Fasc\u00ednio da Extens\u00e3o de Pestanas\"}]},{\"@type\":\"WebSite\",\"@id\":\"https:\\\/\\\/encontreportugal.pt\\\/zh\\\/#website\",\"url\":\"https:\\\/\\\/encontreportugal.pt\\\/zh\\\/\",\"name\":\"Encontre Portugal\",\"description\":\"O maior Portal de dicas ao imigrante brasileiro em Portugal.\",\"publisher\":{\"@id\":\"https:\\\/\\\/encontreportugal.pt\\\/zh\\\/#organization\"},\"potentialAction\":[{\"@type\":\"SearchAction\",\"target\":{\"@type\":\"EntryPoint\",\"urlTemplate\":\"https:\\\/\\\/encontreportugal.pt\\\/zh\\\/?s={search_term_string}\"},\"query-input\":{\"@type\":\"PropertyValueSpecification\",\"valueRequired\":true,\"valueName\":\"search_term_string\"}}],\"inLanguage\":\"fr-FR\"},{\"@type\":\"Organization\",\"@id\":\"https:\\\/\\\/encontreportugal.pt\\\/zh\\\/#organization\",\"name\":\"Encontre Portugal\",\"url\":\"https:\\\/\\\/encontreportugal.pt\\\/zh\\\/\",\"logo\":{\"@type\":\"ImageObject\",\"inLanguage\":\"fr-FR\",\"@id\":\"https:\\\/\\\/encontreportugal.pt\\\/zh\\\/#\\\/schema\\\/logo\\\/image\\\/\",\"url\":\"https:\\\/\\\/encontreportugal.pt\\\/wp-content\\\/uploads\\\/2024\\\/04\\\/cropped-logo-encontre-portugal.png\",\"contentUrl\":\"https:\\\/\\\/encontreportugal.pt\\\/wp-content\\\/uploads\\\/2024\\\/04\\\/cropped-logo-encontre-portugal.png\",\"width\":500,\"height\":165,\"caption\":\"Encontre Portugal\"},\"image\":{\"@id\":\"https:\\\/\\\/encontreportugal.pt\\\/zh\\\/#\\\/schema\\\/logo\\\/image\\\/\"}},{\"@type\":\"Person\",\"@id\":\"https:\\\/\\\/encontreportugal.pt\\\/zh\\\/#\\\/schema\\\/person\\\/71ee126caa8e8746f4e1d07bb50ba747\",\"name\":\"Douglas Barbosa\",\"image\":{\"@type\":\"ImageObject\",\"inLanguage\":\"fr-FR\",\"@id\":\"https:\\\/\\\/encontreportugal.pt\\\/wp-content\\\/uploads\\\/2024\\\/03\\\/douglasfdb_avatar-96x96.jpeg\",\"url\":\"https:\\\/\\\/encontreportugal.pt\\\/wp-content\\\/uploads\\\/2024\\\/03\\\/douglasfdb_avatar-96x96.jpeg\",\"contentUrl\":\"https:\\\/\\\/encontreportugal.pt\\\/wp-content\\\/uploads\\\/2024\\\/03\\\/douglasfdb_avatar-96x96.jpeg\",\"caption\":\"Douglas Barbosa\"},\"description\":\"Graduado em Tecnologia de Redes de Computadores e com P\u00f3s-Gradua\u00e7\u00e3o em Marketing Digital, Business Intelligence e Estrat\u00e9gia Data-Driven pela Pontif\u00edcia Universidade Cat\u00f3lica (PUC). Capacita\u00e7\u00e3o em Linguagem Corporal e Detec\u00e7\u00e3o de Microexpress\u00f5es Faciais. Participa\u00e7\u00e3o na forma\u00e7\u00e3o \\\"M\u00e1quina de Tr\u00e1fego e Convers\u00e3o - Aprenda a Vender Mais pelo Google Todos os Dias\\\". Certificado pelo Google em Rede de Pesquisa. Vasta experi\u00eancia em projetos de SEO, gest\u00e3o de tr\u00e1fego pago no Google Ads e Cria\u00e7\u00e3o de Websites.\",\"sameAs\":[\"https:\\\/\\\/encontreportugal.pt\"],\"url\":\"https:\\\/\\\/encontreportugal.pt\\\/fr\\\/author\\\/douglasfdb\\\/\"}]}<\/script>\n<!-- \/ Yoast SEO plugin. -->","yoast_head_json":{"title":"O Fasc\u00ednio da Extens\u00e3o de Pestanas - Encontre Portugal","robots":{"index":"index","follow":"follow","max-snippet":"max-snippet:-1","max-image-preview":"max-image-preview:large","max-video-preview":"max-video-preview:-1"},"canonical":"https:\/\/encontreportugal.pt\/fr\/extensao-de-pestanas\/","og_locale":"fr_FR","og_type":"article","og_title":"O Fasc\u00ednio da Extens\u00e3o de Pestanas - Encontre Portugal","og_url":"https:\/\/encontreportugal.pt\/fr\/extensao-de-pestanas\/","og_site_name":"Encontre Portugal","article_published_time":"2023-11-30T10:46:21+00:00","article_modified_time":"2025-01-03T11:33:36+00:00","og_image":[{"width":2560,"height":1708,"url":"https:\/\/encontreportugal.pt\/wp-content\/uploads\/2023\/11\/extensao-de-pestanas-scaled.jpg","type":"image\/jpeg"}],"author":"Douglas Barbosa","twitter_card":"summary_large_image","twitter_misc":{"\u00c9crit par":"Douglas Barbosa","Dur\u00e9e de lecture estim\u00e9e":"8 minutes"},"schema":{"@context":"https:\/\/schema.org","@graph":[{"@type":"Article","@id":"https:\/\/encontreportugal.pt\/extensao-de-pestanas\/#article","isPartOf":{"@id":"https:\/\/encontreportugal.pt\/extensao-de-pestanas\/"},"author":{"name":"Douglas Barbosa","@id":"https:\/\/encontreportugal.pt\/zh\/#\/schema\/person\/71ee126caa8e8746f4e1d07bb50ba747"},"headline":"O Fasc\u00ednio da Extens\u00e3o de Pestanas","datePublished":"2023-11-30T10:46:21+00:00","dateModified":"2025-01-03T11:33:36+00:00","mainEntityOfPage":{"@id":"https:\/\/encontreportugal.pt\/extensao-de-pestanas\/"},"wordCount":1666,"commentCount":0,"publisher":{"@id":"https:\/\/encontreportugal.pt\/zh\/#organization"},"image":{"@id":"https:\/\/encontreportugal.pt\/extensao-de-pestanas\/#primaryimage"},"thumbnailUrl":"https:\/\/encontreportugal.pt\/wp-content\/uploads\/2023\/11\/extensao-de-pestanas-scaled.jpg","articleSection":["Dicas de Portugal"],"inLanguage":"fr-FR","potentialAction":[{"@type":"CommentAction","name":"Comment","target":["https:\/\/encontreportugal.pt\/extensao-de-pestanas\/#respond"]}]},{"@type":"WebPage","@id":"https:\/\/encontreportugal.pt\/extensao-de-pestanas\/","url":"https:\/\/encontreportugal.pt\/extensao-de-pestanas\/","name":"O Fasc\u00ednio da Extens\u00e3o de Pestanas - Encontre Portugal","isPartOf":{"@id":"https:\/\/encontreportugal.pt\/zh\/#website"},"primaryImageOfPage":{"@id":"https:\/\/encontreportugal.pt\/extensao-de-pestanas\/#primaryimage"},"image":{"@id":"https:\/\/encontreportugal.pt\/extensao-de-pestanas\/#primaryimage"},"thumbnailUrl":"https:\/\/encontreportugal.pt\/wp-content\/uploads\/2023\/11\/extensao-de-pestanas-scaled.jpg","datePublished":"2023-11-30T10:46:21+00:00","dateModified":"2025-01-03T11:33:36+00:00","breadcrumb":{"@id":"https:\/\/encontreportugal.pt\/extensao-de-pestanas\/#breadcrumb"},"inLanguage":"fr-FR","potentialAction":[{"@type":"ReadAction","target":["https:\/\/encontreportugal.pt\/extensao-de-pestanas\/"]}]},{"@type":"ImageObject","inLanguage":"fr-FR","@id":"https:\/\/encontreportugal.pt\/extensao-de-pestanas\/#primaryimage","url":"https:\/\/encontreportugal.pt\/wp-content\/uploads\/2023\/11\/extensao-de-pestanas-scaled.jpg","contentUrl":"https:\/\/encontreportugal.pt\/wp-content\/uploads\/2023\/11\/extensao-de-pestanas-scaled.jpg","width":2560,"height":1708,"caption":"extens\u00e3o de pestanas"},{"@type":"BreadcrumbList","@id":"https:\/\/encontreportugal.pt\/extensao-de-pestanas\/#breadcrumb","itemListElement":[{"@type":"ListItem","position":1,"name":"In\u00edcio","item":"https:\/\/encontreportugal.pt\/zh\/"},{"@type":"ListItem","position":2,"name":"O Fasc\u00ednio da Extens\u00e3o de Pestanas"}]},{"@type":"WebSite","@id":"https:\/\/encontreportugal.pt\/zh\/#website","url":"https:\/\/encontreportugal.pt\/zh\/","name":"Trouver le Portugal","description":"O maior Portal de dicas ao imigrante brasileiro em Portugal.","publisher":{"@id":"https:\/\/encontreportugal.pt\/zh\/#organization"},"potentialAction":[{"@type":"SearchAction","target":{"@type":"EntryPoint","urlTemplate":"https:\/\/encontreportugal.pt\/zh\/?s={search_term_string}"},"query-input":{"@type":"PropertyValueSpecification","valueRequired":true,"valueName":"search_term_string"}}],"inLanguage":"fr-FR"},{"@type":"Organization","@id":"https:\/\/encontreportugal.pt\/zh\/#organization","name":"Trouver le Portugal","url":"https:\/\/encontreportugal.pt\/zh\/","logo":{"@type":"ImageObject","inLanguage":"fr-FR","@id":"https:\/\/encontreportugal.pt\/zh\/#\/schema\/logo\/image\/","url":"https:\/\/encontreportugal.pt\/wp-content\/uploads\/2024\/04\/cropped-logo-encontre-portugal.png","contentUrl":"https:\/\/encontreportugal.pt\/wp-content\/uploads\/2024\/04\/cropped-logo-encontre-portugal.png","width":500,"height":165,"caption":"Encontre Portugal"},"image":{"@id":"https:\/\/encontreportugal.pt\/zh\/#\/schema\/logo\/image\/"}},{"@type":"Person","@id":"https:\/\/encontreportugal.pt\/zh\/#\/schema\/person\/71ee126caa8e8746f4e1d07bb50ba747","name":"Douglas Barbosa","image":{"@type":"ImageObject","inLanguage":"fr-FR","@id":"https:\/\/encontreportugal.pt\/wp-content\/uploads\/2024\/03\/douglasfdb_avatar-96x96.jpeg","url":"https:\/\/encontreportugal.pt\/wp-content\/uploads\/2024\/03\/douglasfdb_avatar-96x96.jpeg","contentUrl":"https:\/\/encontreportugal.pt\/wp-content\/uploads\/2024\/03\/douglasfdb_avatar-96x96.jpeg","caption":"Douglas Barbosa"},"description":"Il est titulaire d'un dipl\u00f4me en technologie des r\u00e9seaux informatiques et d'un dipl\u00f4me de troisi\u00e8me cycle en marketing num\u00e9rique, en intelligence \u00e9conomique et en strat\u00e9gie fond\u00e9e sur les donn\u00e9es de l'Universit\u00e9 catholique pontificale (PUC). Formation \u00e0 la d\u00e9tection du langage corporel et des micro-expressions faciales. Participation \u00e0 la formation \"Traffic and Conversion Machine - Learn to Sell More Through Google Every Day\". Certifi\u00e9 par Google en optimisation pour les moteurs de recherche. Vaste exp\u00e9rience des projets de r\u00e9f\u00e9rencement, de la gestion du trafic payant sur Google Ads et de la cr\u00e9ation de sites web.","sameAs":["https:\/\/encontreportugal.pt"],"url":"https:\/\/encontreportugal.pt\/fr\/author\/douglasfdb\/"}]}},"_links":{"self":[{"href":"https:\/\/encontreportugal.pt\/fr\/wp-json\/wp\/v2\/posts\/3843","targetHints":{"allow":["GET"]}}],"collection":[{"href":"https:\/\/encontreportugal.pt\/fr\/wp-json\/wp\/v2\/posts"}],"about":[{"href":"https:\/\/encontreportugal.pt\/fr\/wp-json\/wp\/v2\/types\/post"}],"author":[{"embeddable":true,"href":"https:\/\/encontreportugal.pt\/fr\/wp-json\/wp\/v2\/users\/1"}],"replies":[{"embeddable":true,"href":"https:\/\/encontreportugal.pt\/fr\/wp-json\/wp\/v2\/comments?post=3843"}],"version-history":[{"count":0,"href":"https:\/\/encontreportugal.pt\/fr\/wp-json\/wp\/v2\/posts\/3843\/revisions"}],"wp:featuredmedia":[{"embeddable":true,"href":"https:\/\/encontreportugal.pt\/fr\/wp-json\/wp\/v2\/media\/3844"}],"wp:attachment":[{"href":"https:\/\/encontreportugal.pt\/fr\/wp-json\/wp\/v2\/media?parent=3843"}],"wp:term":[{"taxonomy":"category","embeddable":true,"href":"https:\/\/encontreportugal.pt\/fr\/wp-json\/wp\/v2\/categories?post=3843"},{"taxonomy":"post_tag","embeddable":true,"href":"https:\/\/encontreportugal.pt\/fr\/wp-json\/wp\/v2\/tags?post=3843"}],"curies":[{"name":"wp","href":"https:\/\/api.w.org\/{rel}","templated":true}]}}