{"id":5632,"date":"2024-04-01T23:43:31","date_gmt":"2024-04-01T23:43:31","guid":{"rendered":"https:\/\/encontreportugal.pt\/?p=5632"},"modified":"2024-04-01T23:43:31","modified_gmt":"2024-04-01T23:43:31","slug":"crescimento-alarmante-da-criminalidade-em-portugal-em-2023-preocupa-especialistas-afirmam-dados-do-observatorio-da-seguranca-interna","status":"publish","type":"post","link":"https:\/\/encontreportugal.pt\/fr\/crescimento-alarmante-da-criminalidade-em-portugal-em-2023-preocupa-especialistas-afirmam-dados-do-observatorio-da-seguranca-interna\/","title":{"rendered":"Crescimento Alarmante da Criminalidade em Portugal em 2023 Preocupa Especialistas, Afirmam Dados do Observat\u00f3rio da Seguran\u00e7a Interna"},"content":{"rendered":"<h1>Crescimento Alarmante da Criminalidade em Portugal em 2023 Preocupa Especialistas, Afirmam Dados do Observat\u00f3rio da Seguran\u00e7a Interna<\/h1>\n<h2><\/h2>\n<h2>Aumento da criminalidade em Portugal<\/h2>\n<div class=\"flex-1 overflow-hidden\">\n<div class=\"react-scroll-to-bottom--css-pmenl-79elbk h-full\">\n<div class=\"react-scroll-to-bottom--css-pmenl-1n7m0yu\">\n<div>\n<div class=\"flex flex-col text-sm pb-9\">\n<div class=\"w-full text-token-text-primary\" data-testid=\"conversation-turn-15\">\n<div class=\"px-4 py-2 justify-center text-base md:gap-6 m-auto\">\n<div class=\"flex flex-1 text-base mx-auto gap-3 md:px-5 lg:px-1 xl:px-5 md:max-w-3xl lg:max-w-[40rem] xl:max-w-[48rem] group final-completion\">\n<div class=\"relative flex w-full flex-col agent-turn\">\n<div class=\"flex-col gap-1 md:gap-3\">\n<div class=\"flex flex-grow flex-col max-w-full\">\n<div class=\"min-h-[20px] text-message flex flex-col items-start gap-3 whitespace-pre-wrap break-words [.text-message+&amp;]:mt-5 overflow-x-auto\" data-message-author-role=\"assistant\" data-message-id=\"f5e808c0-3231-4c4f-9cec-2f6b92bc88ac\">\n<div class=\"markdown prose w-full break-words dark:prose-invert light\">\n<p>Os dados recentes sobre a <a href=\"https:\/\/encontreportugal.pt\/seguranca-publica-no-brasil-e-em-portugal-uma-comparacao-abrangente\/\">criminalidade em Portugal<\/a> apontam para uma tend\u00eancia preocupante, revelou o presidente do Observat\u00f3rio da Seguran\u00e7a Interna. Enquanto os crimes registados pelas autoridades portuguesas aumentaram cerca de 8% em rela\u00e7\u00e3o a 2022, atingindo os valores mais altos em uma d\u00e9cada, especialistas advertem que uma an\u00e1lise mais profunda s\u00f3 ser\u00e1 poss\u00edvel com o Relat\u00f3rio Anual de Seguran\u00e7a Interna (RASI).<\/p>\n<p>Hugo Costeira, presidente do Observat\u00f3rio, destacou a import\u00e2ncia de analisar a tipologia dos crimes e identificar as \u00e1reas com maior incid\u00eancia criminal. Ele sugeriu que o aumento dos relatos de crimes pode estar relacionado a um aumento nas den\u00fancias, n\u00e3o necessariamente no n\u00famero real de crimes cometidos.<\/p>\n<p>&#8220;Pode n\u00e3o haver um aumento real da criminalidade, mas sim um aumento no n\u00famero de den\u00fancias \u00e0s autoridades, o que pode ajudar a explicar o poss\u00edvel aumento real&#8221;, afirmou Costeira. Ele ressaltou a necessidade de aguardar pelo RASI para uma an\u00e1lise mais precisa e destacou a import\u00e2ncia de uma abordagem espec\u00edfica para combater diferentes tipos de crimes, como o tr\u00e1fico de drogas e furtos a resid\u00eancias cometidos por grupos organizados.<\/p>\n<p>Al\u00e9m disso, Costeira enfatizou a necessidade de uma avalia\u00e7\u00e3o cuidadosa das estat\u00edsticas para compreender melhor as tend\u00eancias criminais e tomar medidas adequadas para enfrentar os desafios crescentes da seguran\u00e7a p\u00fablica em Portugal.<\/p>\n<\/div>\n<\/div>\n<\/div>\n<div class=\"mt-1 flex justify-start gap-3 empty:hidden\">\n<div class=\"text-gray-400 flex self-end lg:self-center items-center justify-center lg:justify-start mt-0 -ml-1 h-7 gap-[2px] visible\">\n<p>Al\u00e9m do aumento geral da criminalidade, o presidente do Observat\u00f3rio da Seguran\u00e7a Interna ressaltou a import\u00e2ncia de analisar dados espec\u00edficos. Ele enfatizou a necessidade de entender se esses crimes est\u00e3o concentrados em determinadas \u00e1reas ou se h\u00e1 caracter\u00edsticas demogr\u00e1ficas espec\u00edficas associadas a eles, como a idade dos infratores ou sua proximidade com locais de entretenimento noturno.<\/p>\n<p>A an\u00e1lise desses dados \u00e9 crucial n\u00e3o apenas para compreender a extens\u00e3o do problema, mas tamb\u00e9m para informar pol\u00edticas e estrat\u00e9gias de seguran\u00e7a mais eficazes. \u00c0 medida que Portugal enfrenta desafios cada vez mais complexos em rela\u00e7\u00e3o \u00e0 criminalidade, \u00e9 fundamental que l\u00edderes pol\u00edticos e autoridades de seguran\u00e7a trabalhem em conjunto para desenvolver abordagens abrangentes e baseadas em evid\u00eancias. Somente atrav\u00e9s de uma compreens\u00e3o aprofundada das tend\u00eancias criminais e das necessidades espec\u00edficas de cada regi\u00e3o ser\u00e1 poss\u00edvel garantir um ambiente seguro e protegido para todos os cidad\u00e3os portugueses.<\/p>\n<p>Al\u00e9m das estat\u00edsticas de criminalidade em si, \u00e9 fundamental considerar os poss\u00edveis fatores subjacentes que contribuem para o aumento dos crimes. Quest\u00f5es socioecon\u00f4micas, desigualdades, desemprego e acesso limitado a oportunidades podem desempenhar um papel significativo na propaga\u00e7\u00e3o da criminalidade. Portanto, uma abordagem hol\u00edstica que combine medidas de aplica\u00e7\u00e3o da lei com iniciativas de desenvolvimento social e econ\u00f4mico pode ser essencial para abordar as ra\u00edzes do problema e prevenir futuros delitos.<\/p>\n<h3>COVID-19<\/h3>\n<p>Al\u00e9m disso, \u00e9 importante destacar o impacto da pandemia de<a href=\"http:\/\/saude10.online\"> COVID-19<\/a> na din\u00e2mica da criminalidade em Portugal. Os per\u00edodos de confinamento e restri\u00e7\u00f5es podem ter influenciado tanto o tipo quanto a frequ\u00eancia de crimes cometidos, exigindo uma an\u00e1lise cuidadosa para entender completamente as implica\u00e7\u00f5es dessa crise de sa\u00fade p\u00fablica na seguran\u00e7a da comunidade. Compreender como esses eventos excepcionais moldaram os padr\u00f5es criminais pode fornecer insights valiosos para o planejamento de pol\u00edticas e estrat\u00e9gias futuras.<\/p>\n<p>Diante desses desafios, \u00e9 crucial que haja uma coopera\u00e7\u00e3o estreita entre as ag\u00eancias governamentais, as for\u00e7as de seguran\u00e7a, as comunidades locais e outros stakeholders relevantes. A constru\u00e7\u00e3o de parcerias s\u00f3lidas e o envolvimento ativo da sociedade civil s\u00e3o fundamentais para o desenvolvimento e implementa\u00e7\u00e3o de abordagens eficazes de preven\u00e7\u00e3o e combate \u00e0 criminalidade. Somente atrav\u00e9s de um esfor\u00e7o conjunto e coordenado, baseado em dados precisos e an\u00e1lises abrangentes, ser\u00e1 poss\u00edvel enfrentar os desafios complexos da seguran\u00e7a p\u00fablica e promover um ambiente seguro e justo para todos os cidad\u00e3os de Portugal.<\/p>\n<div class=\"flex items-center gap-1.5 text-xs\"><\/div>\n<div class=\"flex\"><\/div>\n<\/div>\n<\/div>\n<div class=\"pr-2 lg:pr-0\"><\/div>\n<\/div>\n<div class=\"absolute\">\n<div class=\"flex w-full gap-2 items-center justify-center\"><\/div>\n<\/div>\n<\/div>\n<\/div>\n<\/div>\n<\/div>\n<\/div>\n<\/div>\n<\/div>\n<\/div>\n<\/div>\n<div class=\"w-full pt-2 md:pt-0 dark:border-white\/20 md:border-transparent md:dark:border-transparent md:w-[calc(100%-.5rem)]\">\n<form class=\"stretch mx-2 flex flex-row gap-3 last:mb-2 md:mx-4 md:last:mb-6 lg:mx-auto lg:max-w-2xl xl:max-w-3xl\">\n<div class=\"relative flex h-full flex-1 flex-col\">\n<div class=\"absolute bottom-full left-0 right-0\"><\/div>\n<div class=\"flex w-full items-center\"><\/div>\n<\/div>\n<\/form>\n<\/div>\n","protected":false},"excerpt":{"rendered":"<p>Crescimento Alarmante da Criminalidade em Portugal em 2023 Preocupa Especialistas, Afirmam Dados do Observat\u00f3rio da Seguran\u00e7a Interna Aumento da criminalidade em Portugal Os dados recentes sobre a criminalidade em Portugal apontam para uma tend\u00eancia preocupante, revelou o presidente do Observat\u00f3rio da Seguran\u00e7a Interna. Enquanto os crimes registados pelas autoridades portuguesas aumentaram cerca de 8% em [&hellip;]<\/p>\n","protected":false},"author":1,"featured_media":5633,"comment_status":"open","ping_status":"open","sticky":false,"template":"","format":"standard","meta":{"footnotes":""},"categories":[18,691],"tags":[],"class_list":["post-5632","post","type-post","status-publish","format-standard","has-post-thumbnail","hentry","category-dicas-de-portugal","category-noticias"],"acf":[],"yoast_head":"<!-- This site is optimized with the Yoast SEO plugin v27.5 - https:\/\/yoast.com\/product\/yoast-seo-wordpress\/ -->\n<title>Crescimento Alarmante da Criminalidade em Portugal em 2023 Preocupa Especialistas, Afirmam Dados do Observat\u00f3rio da Seguran\u00e7a Interna - Encontre Portugal<\/title>\n<meta name=\"robots\" content=\"index, follow, max-snippet:-1, max-image-preview:large, max-video-preview:-1\" \/>\n<link rel=\"canonical\" href=\"https:\/\/encontreportugal.pt\/fr\/crescimento-alarmante-da-criminalidade-em-portugal-em-2023-preocupa-especialistas-afirmam-dados-do-observatorio-da-seguranca-interna\/\" \/>\n<meta property=\"og:locale\" content=\"fr_FR\" \/>\n<meta property=\"og:type\" content=\"article\" \/>\n<meta property=\"og:title\" content=\"Crescimento Alarmante da Criminalidade em Portugal em 2023 Preocupa Especialistas, Afirmam Dados do Observat\u00f3rio da Seguran\u00e7a Interna - Encontre Portugal\" \/>\n<meta property=\"og:url\" content=\"https:\/\/encontreportugal.pt\/fr\/crescimento-alarmante-da-criminalidade-em-portugal-em-2023-preocupa-especialistas-afirmam-dados-do-observatorio-da-seguranca-interna\/\" \/>\n<meta property=\"og:site_name\" content=\"Encontre Portugal\" \/>\n<meta property=\"article:published_time\" content=\"2024-04-01T23:43:31+00:00\" \/>\n<meta property=\"og:image\" content=\"https:\/\/encontreportugal.pt\/wp-content\/uploads\/2024\/04\/37900.jpg\" \/>\n\t<meta property=\"og:image:width\" content=\"2000\" \/>\n\t<meta property=\"og:image:height\" content=\"1143\" \/>\n\t<meta property=\"og:image:type\" content=\"image\/jpeg\" \/>\n<meta name=\"author\" content=\"Douglas Barbosa\" \/>\n<meta name=\"twitter:card\" content=\"summary_large_image\" \/>\n<meta name=\"twitter:label1\" content=\"\u00c9crit par\" \/>\n\t<meta name=\"twitter:data1\" content=\"Douglas Barbosa\" \/>\n\t<meta name=\"twitter:label2\" content=\"Dur\u00e9e de lecture estim\u00e9e\" \/>\n\t<meta name=\"twitter:data2\" content=\"4 minutes\" \/>\n<script type=\"application\/ld+json\" class=\"yoast-schema-graph\">{\"@context\":\"https:\\\/\\\/schema.org\",\"@graph\":[{\"@type\":\"Article\",\"@id\":\"https:\\\/\\\/encontreportugal.pt\\\/crescimento-alarmante-da-criminalidade-em-portugal-em-2023-preocupa-especialistas-afirmam-dados-do-observatorio-da-seguranca-interna\\\/#article\",\"isPartOf\":{\"@id\":\"https:\\\/\\\/encontreportugal.pt\\\/crescimento-alarmante-da-criminalidade-em-portugal-em-2023-preocupa-especialistas-afirmam-dados-do-observatorio-da-seguranca-interna\\\/\"},\"author\":{\"name\":\"Douglas Barbosa\",\"@id\":\"https:\\\/\\\/encontreportugal.pt\\\/zh\\\/#\\\/schema\\\/person\\\/71ee126caa8e8746f4e1d07bb50ba747\"},\"headline\":\"Crescimento Alarmante da Criminalidade em Portugal em 2023 Preocupa Especialistas, Afirmam Dados do Observat\u00f3rio da Seguran\u00e7a Interna\",\"datePublished\":\"2024-04-01T23:43:31+00:00\",\"mainEntityOfPage\":{\"@id\":\"https:\\\/\\\/encontreportugal.pt\\\/crescimento-alarmante-da-criminalidade-em-portugal-em-2023-preocupa-especialistas-afirmam-dados-do-observatorio-da-seguranca-interna\\\/\"},\"wordCount\":718,\"commentCount\":1,\"publisher\":{\"@id\":\"https:\\\/\\\/encontreportugal.pt\\\/zh\\\/#organization\"},\"image\":{\"@id\":\"https:\\\/\\\/encontreportugal.pt\\\/crescimento-alarmante-da-criminalidade-em-portugal-em-2023-preocupa-especialistas-afirmam-dados-do-observatorio-da-seguranca-interna\\\/#primaryimage\"},\"thumbnailUrl\":\"https:\\\/\\\/encontreportugal.pt\\\/wp-content\\\/uploads\\\/2024\\\/04\\\/37900.jpg\",\"articleSection\":[\"Dicas de Portugal\",\"Not\u00edcias\"],\"inLanguage\":\"fr-FR\",\"potentialAction\":[{\"@type\":\"CommentAction\",\"name\":\"Comment\",\"target\":[\"https:\\\/\\\/encontreportugal.pt\\\/crescimento-alarmante-da-criminalidade-em-portugal-em-2023-preocupa-especialistas-afirmam-dados-do-observatorio-da-seguranca-interna\\\/#respond\"]}]},{\"@type\":\"WebPage\",\"@id\":\"https:\\\/\\\/encontreportugal.pt\\\/crescimento-alarmante-da-criminalidade-em-portugal-em-2023-preocupa-especialistas-afirmam-dados-do-observatorio-da-seguranca-interna\\\/\",\"url\":\"https:\\\/\\\/encontreportugal.pt\\\/crescimento-alarmante-da-criminalidade-em-portugal-em-2023-preocupa-especialistas-afirmam-dados-do-observatorio-da-seguranca-interna\\\/\",\"name\":\"Crescimento Alarmante da Criminalidade em Portugal em 2023 Preocupa Especialistas, Afirmam Dados do Observat\u00f3rio da Seguran\u00e7a Interna - Encontre Portugal\",\"isPartOf\":{\"@id\":\"https:\\\/\\\/encontreportugal.pt\\\/zh\\\/#website\"},\"primaryImageOfPage\":{\"@id\":\"https:\\\/\\\/encontreportugal.pt\\\/crescimento-alarmante-da-criminalidade-em-portugal-em-2023-preocupa-especialistas-afirmam-dados-do-observatorio-da-seguranca-interna\\\/#primaryimage\"},\"image\":{\"@id\":\"https:\\\/\\\/encontreportugal.pt\\\/crescimento-alarmante-da-criminalidade-em-portugal-em-2023-preocupa-especialistas-afirmam-dados-do-observatorio-da-seguranca-interna\\\/#primaryimage\"},\"thumbnailUrl\":\"https:\\\/\\\/encontreportugal.pt\\\/wp-content\\\/uploads\\\/2024\\\/04\\\/37900.jpg\",\"datePublished\":\"2024-04-01T23:43:31+00:00\",\"breadcrumb\":{\"@id\":\"https:\\\/\\\/encontreportugal.pt\\\/crescimento-alarmante-da-criminalidade-em-portugal-em-2023-preocupa-especialistas-afirmam-dados-do-observatorio-da-seguranca-interna\\\/#breadcrumb\"},\"inLanguage\":\"fr-FR\",\"potentialAction\":[{\"@type\":\"ReadAction\",\"target\":[\"https:\\\/\\\/encontreportugal.pt\\\/crescimento-alarmante-da-criminalidade-em-portugal-em-2023-preocupa-especialistas-afirmam-dados-do-observatorio-da-seguranca-interna\\\/\"]}]},{\"@type\":\"ImageObject\",\"inLanguage\":\"fr-FR\",\"@id\":\"https:\\\/\\\/encontreportugal.pt\\\/crescimento-alarmante-da-criminalidade-em-portugal-em-2023-preocupa-especialistas-afirmam-dados-do-observatorio-da-seguranca-interna\\\/#primaryimage\",\"url\":\"https:\\\/\\\/encontreportugal.pt\\\/wp-content\\\/uploads\\\/2024\\\/04\\\/37900.jpg\",\"contentUrl\":\"https:\\\/\\\/encontreportugal.pt\\\/wp-content\\\/uploads\\\/2024\\\/04\\\/37900.jpg\",\"width\":2000,\"height\":1143},{\"@type\":\"BreadcrumbList\",\"@id\":\"https:\\\/\\\/encontreportugal.pt\\\/crescimento-alarmante-da-criminalidade-em-portugal-em-2023-preocupa-especialistas-afirmam-dados-do-observatorio-da-seguranca-interna\\\/#breadcrumb\",\"itemListElement\":[{\"@type\":\"ListItem\",\"position\":1,\"name\":\"In\u00edcio\",\"item\":\"https:\\\/\\\/encontreportugal.pt\\\/zh\\\/\"},{\"@type\":\"ListItem\",\"position\":2,\"name\":\"Crescimento Alarmante da Criminalidade em Portugal em 2023 Preocupa Especialistas, Afirmam Dados do Observat\u00f3rio da Seguran\u00e7a Interna\"}]},{\"@type\":\"WebSite\",\"@id\":\"https:\\\/\\\/encontreportugal.pt\\\/zh\\\/#website\",\"url\":\"https:\\\/\\\/encontreportugal.pt\\\/zh\\\/\",\"name\":\"Encontre Portugal\",\"description\":\"O maior Portal de dicas ao imigrante brasileiro em Portugal.\",\"publisher\":{\"@id\":\"https:\\\/\\\/encontreportugal.pt\\\/zh\\\/#organization\"},\"potentialAction\":[{\"@type\":\"SearchAction\",\"target\":{\"@type\":\"EntryPoint\",\"urlTemplate\":\"https:\\\/\\\/encontreportugal.pt\\\/zh\\\/?s={search_term_string}\"},\"query-input\":{\"@type\":\"PropertyValueSpecification\",\"valueRequired\":true,\"valueName\":\"search_term_string\"}}],\"inLanguage\":\"fr-FR\"},{\"@type\":\"Organization\",\"@id\":\"https:\\\/\\\/encontreportugal.pt\\\/zh\\\/#organization\",\"name\":\"Encontre Portugal\",\"url\":\"https:\\\/\\\/encontreportugal.pt\\\/zh\\\/\",\"logo\":{\"@type\":\"ImageObject\",\"inLanguage\":\"fr-FR\",\"@id\":\"https:\\\/\\\/encontreportugal.pt\\\/zh\\\/#\\\/schema\\\/logo\\\/image\\\/\",\"url\":\"https:\\\/\\\/encontreportugal.pt\\\/wp-content\\\/uploads\\\/2024\\\/04\\\/cropped-logo-encontre-portugal.png\",\"contentUrl\":\"https:\\\/\\\/encontreportugal.pt\\\/wp-content\\\/uploads\\\/2024\\\/04\\\/cropped-logo-encontre-portugal.png\",\"width\":500,\"height\":165,\"caption\":\"Encontre Portugal\"},\"image\":{\"@id\":\"https:\\\/\\\/encontreportugal.pt\\\/zh\\\/#\\\/schema\\\/logo\\\/image\\\/\"}},{\"@type\":\"Person\",\"@id\":\"https:\\\/\\\/encontreportugal.pt\\\/zh\\\/#\\\/schema\\\/person\\\/71ee126caa8e8746f4e1d07bb50ba747\",\"name\":\"Douglas Barbosa\",\"image\":{\"@type\":\"ImageObject\",\"inLanguage\":\"fr-FR\",\"@id\":\"https:\\\/\\\/encontreportugal.pt\\\/wp-content\\\/uploads\\\/2024\\\/03\\\/douglasfdb_avatar-96x96.jpeg\",\"url\":\"https:\\\/\\\/encontreportugal.pt\\\/wp-content\\\/uploads\\\/2024\\\/03\\\/douglasfdb_avatar-96x96.jpeg\",\"contentUrl\":\"https:\\\/\\\/encontreportugal.pt\\\/wp-content\\\/uploads\\\/2024\\\/03\\\/douglasfdb_avatar-96x96.jpeg\",\"caption\":\"Douglas Barbosa\"},\"description\":\"Graduado em Tecnologia de Redes de Computadores e com P\u00f3s-Gradua\u00e7\u00e3o em Marketing Digital, Business Intelligence e Estrat\u00e9gia Data-Driven pela Pontif\u00edcia Universidade Cat\u00f3lica (PUC). Capacita\u00e7\u00e3o em Linguagem Corporal e Detec\u00e7\u00e3o de Microexpress\u00f5es Faciais. Participa\u00e7\u00e3o na forma\u00e7\u00e3o \\\"M\u00e1quina de Tr\u00e1fego e Convers\u00e3o - Aprenda a Vender Mais pelo Google Todos os Dias\\\". Certificado pelo Google em Rede de Pesquisa. Vasta experi\u00eancia em projetos de SEO, gest\u00e3o de tr\u00e1fego pago no Google Ads e Cria\u00e7\u00e3o de Websites.\",\"sameAs\":[\"https:\\\/\\\/encontreportugal.pt\"],\"url\":\"https:\\\/\\\/encontreportugal.pt\\\/fr\\\/author\\\/douglasfdb\\\/\"}]}<\/script>\n<!-- \/ Yoast SEO plugin. -->","yoast_head_json":{"title":"Crescimento Alarmante da Criminalidade em Portugal em 2023 Preocupa Especialistas, Afirmam Dados do Observat\u00f3rio da Seguran\u00e7a Interna - Encontre Portugal","robots":{"index":"index","follow":"follow","max-snippet":"max-snippet:-1","max-image-preview":"max-image-preview:large","max-video-preview":"max-video-preview:-1"},"canonical":"https:\/\/encontreportugal.pt\/fr\/crescimento-alarmante-da-criminalidade-em-portugal-em-2023-preocupa-especialistas-afirmam-dados-do-observatorio-da-seguranca-interna\/","og_locale":"fr_FR","og_type":"article","og_title":"Crescimento Alarmante da Criminalidade em Portugal em 2023 Preocupa Especialistas, Afirmam Dados do Observat\u00f3rio da Seguran\u00e7a Interna - Encontre Portugal","og_url":"https:\/\/encontreportugal.pt\/fr\/crescimento-alarmante-da-criminalidade-em-portugal-em-2023-preocupa-especialistas-afirmam-dados-do-observatorio-da-seguranca-interna\/","og_site_name":"Encontre Portugal","article_published_time":"2024-04-01T23:43:31+00:00","og_image":[{"width":2000,"height":1143,"url":"https:\/\/encontreportugal.pt\/wp-content\/uploads\/2024\/04\/37900.jpg","type":"image\/jpeg"}],"author":"Douglas Barbosa","twitter_card":"summary_large_image","twitter_misc":{"\u00c9crit par":"Douglas Barbosa","Dur\u00e9e de lecture estim\u00e9e":"4 minutes"},"schema":{"@context":"https:\/\/schema.org","@graph":[{"@type":"Article","@id":"https:\/\/encontreportugal.pt\/crescimento-alarmante-da-criminalidade-em-portugal-em-2023-preocupa-especialistas-afirmam-dados-do-observatorio-da-seguranca-interna\/#article","isPartOf":{"@id":"https:\/\/encontreportugal.pt\/crescimento-alarmante-da-criminalidade-em-portugal-em-2023-preocupa-especialistas-afirmam-dados-do-observatorio-da-seguranca-interna\/"},"author":{"name":"Douglas Barbosa","@id":"https:\/\/encontreportugal.pt\/zh\/#\/schema\/person\/71ee126caa8e8746f4e1d07bb50ba747"},"headline":"Crescimento Alarmante da Criminalidade em Portugal em 2023 Preocupa Especialistas, Afirmam Dados do Observat\u00f3rio da Seguran\u00e7a Interna","datePublished":"2024-04-01T23:43:31+00:00","mainEntityOfPage":{"@id":"https:\/\/encontreportugal.pt\/crescimento-alarmante-da-criminalidade-em-portugal-em-2023-preocupa-especialistas-afirmam-dados-do-observatorio-da-seguranca-interna\/"},"wordCount":718,"commentCount":1,"publisher":{"@id":"https:\/\/encontreportugal.pt\/zh\/#organization"},"image":{"@id":"https:\/\/encontreportugal.pt\/crescimento-alarmante-da-criminalidade-em-portugal-em-2023-preocupa-especialistas-afirmam-dados-do-observatorio-da-seguranca-interna\/#primaryimage"},"thumbnailUrl":"https:\/\/encontreportugal.pt\/wp-content\/uploads\/2024\/04\/37900.jpg","articleSection":["Dicas de Portugal","Not\u00edcias"],"inLanguage":"fr-FR","potentialAction":[{"@type":"CommentAction","name":"Comment","target":["https:\/\/encontreportugal.pt\/crescimento-alarmante-da-criminalidade-em-portugal-em-2023-preocupa-especialistas-afirmam-dados-do-observatorio-da-seguranca-interna\/#respond"]}]},{"@type":"WebPage","@id":"https:\/\/encontreportugal.pt\/crescimento-alarmante-da-criminalidade-em-portugal-em-2023-preocupa-especialistas-afirmam-dados-do-observatorio-da-seguranca-interna\/","url":"https:\/\/encontreportugal.pt\/crescimento-alarmante-da-criminalidade-em-portugal-em-2023-preocupa-especialistas-afirmam-dados-do-observatorio-da-seguranca-interna\/","name":"Crescimento Alarmante da Criminalidade em Portugal em 2023 Preocupa Especialistas, Afirmam Dados do Observat\u00f3rio da Seguran\u00e7a Interna - Encontre Portugal","isPartOf":{"@id":"https:\/\/encontreportugal.pt\/zh\/#website"},"primaryImageOfPage":{"@id":"https:\/\/encontreportugal.pt\/crescimento-alarmante-da-criminalidade-em-portugal-em-2023-preocupa-especialistas-afirmam-dados-do-observatorio-da-seguranca-interna\/#primaryimage"},"image":{"@id":"https:\/\/encontreportugal.pt\/crescimento-alarmante-da-criminalidade-em-portugal-em-2023-preocupa-especialistas-afirmam-dados-do-observatorio-da-seguranca-interna\/#primaryimage"},"thumbnailUrl":"https:\/\/encontreportugal.pt\/wp-content\/uploads\/2024\/04\/37900.jpg","datePublished":"2024-04-01T23:43:31+00:00","breadcrumb":{"@id":"https:\/\/encontreportugal.pt\/crescimento-alarmante-da-criminalidade-em-portugal-em-2023-preocupa-especialistas-afirmam-dados-do-observatorio-da-seguranca-interna\/#breadcrumb"},"inLanguage":"fr-FR","potentialAction":[{"@type":"ReadAction","target":["https:\/\/encontreportugal.pt\/crescimento-alarmante-da-criminalidade-em-portugal-em-2023-preocupa-especialistas-afirmam-dados-do-observatorio-da-seguranca-interna\/"]}]},{"@type":"ImageObject","inLanguage":"fr-FR","@id":"https:\/\/encontreportugal.pt\/crescimento-alarmante-da-criminalidade-em-portugal-em-2023-preocupa-especialistas-afirmam-dados-do-observatorio-da-seguranca-interna\/#primaryimage","url":"https:\/\/encontreportugal.pt\/wp-content\/uploads\/2024\/04\/37900.jpg","contentUrl":"https:\/\/encontreportugal.pt\/wp-content\/uploads\/2024\/04\/37900.jpg","width":2000,"height":1143},{"@type":"BreadcrumbList","@id":"https:\/\/encontreportugal.pt\/crescimento-alarmante-da-criminalidade-em-portugal-em-2023-preocupa-especialistas-afirmam-dados-do-observatorio-da-seguranca-interna\/#breadcrumb","itemListElement":[{"@type":"ListItem","position":1,"name":"In\u00edcio","item":"https:\/\/encontreportugal.pt\/zh\/"},{"@type":"ListItem","position":2,"name":"Crescimento Alarmante da Criminalidade em Portugal em 2023 Preocupa Especialistas, Afirmam Dados do Observat\u00f3rio da Seguran\u00e7a Interna"}]},{"@type":"WebSite","@id":"https:\/\/encontreportugal.pt\/zh\/#website","url":"https:\/\/encontreportugal.pt\/zh\/","name":"Trouver le Portugal","description":"O maior Portal de dicas ao imigrante brasileiro em Portugal.","publisher":{"@id":"https:\/\/encontreportugal.pt\/zh\/#organization"},"potentialAction":[{"@type":"SearchAction","target":{"@type":"EntryPoint","urlTemplate":"https:\/\/encontreportugal.pt\/zh\/?s={search_term_string}"},"query-input":{"@type":"PropertyValueSpecification","valueRequired":true,"valueName":"search_term_string"}}],"inLanguage":"fr-FR"},{"@type":"Organization","@id":"https:\/\/encontreportugal.pt\/zh\/#organization","name":"Trouver le Portugal","url":"https:\/\/encontreportugal.pt\/zh\/","logo":{"@type":"ImageObject","inLanguage":"fr-FR","@id":"https:\/\/encontreportugal.pt\/zh\/#\/schema\/logo\/image\/","url":"https:\/\/encontreportugal.pt\/wp-content\/uploads\/2024\/04\/cropped-logo-encontre-portugal.png","contentUrl":"https:\/\/encontreportugal.pt\/wp-content\/uploads\/2024\/04\/cropped-logo-encontre-portugal.png","width":500,"height":165,"caption":"Encontre Portugal"},"image":{"@id":"https:\/\/encontreportugal.pt\/zh\/#\/schema\/logo\/image\/"}},{"@type":"Person","@id":"https:\/\/encontreportugal.pt\/zh\/#\/schema\/person\/71ee126caa8e8746f4e1d07bb50ba747","name":"Douglas Barbosa","image":{"@type":"ImageObject","inLanguage":"fr-FR","@id":"https:\/\/encontreportugal.pt\/wp-content\/uploads\/2024\/03\/douglasfdb_avatar-96x96.jpeg","url":"https:\/\/encontreportugal.pt\/wp-content\/uploads\/2024\/03\/douglasfdb_avatar-96x96.jpeg","contentUrl":"https:\/\/encontreportugal.pt\/wp-content\/uploads\/2024\/03\/douglasfdb_avatar-96x96.jpeg","caption":"Douglas Barbosa"},"description":"Il est titulaire d'un dipl\u00f4me en technologie des r\u00e9seaux informatiques et d'un dipl\u00f4me de troisi\u00e8me cycle en marketing num\u00e9rique, en intelligence \u00e9conomique et en strat\u00e9gie fond\u00e9e sur les donn\u00e9es de l'Universit\u00e9 catholique pontificale (PUC). Formation \u00e0 la d\u00e9tection du langage corporel et des micro-expressions faciales. Participation \u00e0 la formation \"Traffic and Conversion Machine - Learn to Sell More Through Google Every Day\". Certifi\u00e9 par Google en optimisation pour les moteurs de recherche. Vaste exp\u00e9rience des projets de r\u00e9f\u00e9rencement, de la gestion du trafic payant sur Google Ads et de la cr\u00e9ation de sites web.","sameAs":["https:\/\/encontreportugal.pt"],"url":"https:\/\/encontreportugal.pt\/fr\/author\/douglasfdb\/"}]}},"_links":{"self":[{"href":"https:\/\/encontreportugal.pt\/fr\/wp-json\/wp\/v2\/posts\/5632","targetHints":{"allow":["GET"]}}],"collection":[{"href":"https:\/\/encontreportugal.pt\/fr\/wp-json\/wp\/v2\/posts"}],"about":[{"href":"https:\/\/encontreportugal.pt\/fr\/wp-json\/wp\/v2\/types\/post"}],"author":[{"embeddable":true,"href":"https:\/\/encontreportugal.pt\/fr\/wp-json\/wp\/v2\/users\/1"}],"replies":[{"embeddable":true,"href":"https:\/\/encontreportugal.pt\/fr\/wp-json\/wp\/v2\/comments?post=5632"}],"version-history":[{"count":0,"href":"https:\/\/encontreportugal.pt\/fr\/wp-json\/wp\/v2\/posts\/5632\/revisions"}],"wp:featuredmedia":[{"embeddable":true,"href":"https:\/\/encontreportugal.pt\/fr\/wp-json\/wp\/v2\/media\/5633"}],"wp:attachment":[{"href":"https:\/\/encontreportugal.pt\/fr\/wp-json\/wp\/v2\/media?parent=5632"}],"wp:term":[{"taxonomy":"category","embeddable":true,"href":"https:\/\/encontreportugal.pt\/fr\/wp-json\/wp\/v2\/categories?post=5632"},{"taxonomy":"post_tag","embeddable":true,"href":"https:\/\/encontreportugal.pt\/fr\/wp-json\/wp\/v2\/tags?post=5632"}],"curies":[{"name":"wp","href":"https:\/\/api.w.org\/{rel}","templated":true}]}}