{"id":1399,"date":"2023-04-29T21:03:07","date_gmt":"2023-04-29T21:03:07","guid":{"rendered":"https:\/\/encontreportugal.pt\/?p=1399"},"modified":"2023-11-08T19:36:16","modified_gmt":"2023-11-08T19:36:16","slug":"viver-em-vila-real-e-regiao-em-portugal-qualidade-de-vida-oportunidades-e-custo-beneficio-para-brasileiros","status":"publish","type":"post","link":"https:\/\/encontreportugal.pt\/zh\/viver-em-vila-real-e-regiao-em-portugal-qualidade-de-vida-oportunidades-e-custo-beneficio-para-brasileiros\/","title":{"rendered":"\u751f\u6d3b\u5728\u8461\u8404\u7259\u96f7\u963f\u5c14\u6cb3\u53ca\u5468\u8fb9\u5730\u533a\uff1a\u5df4\u897f\u4eba\u7684\u751f\u6d3b\u8d28\u91cf\u3001\u673a\u4f1a\u548c\u6027\u4ef7\u6bd4"},"content":{"rendered":"<h1>Viver em Vila Real e regi\u00e3o em Portugal: qualidade de vida, oportunidades e custo-benef\u00edcio para brasileiros<\/h1>\n<h2>Custo de vida e arrendamentos em Vila Real e regi\u00e3o<\/h2>\n<p>Vila Real e regi\u00e3o em Portugal s\u00e3o excelentes lugares para se viver. Com um custo de vida relativamente baixo e arrendamentos acess\u00edveis, \u00e9 poss\u00edvel viver com qualidade sem gastar muito. A regi\u00e3o oferece boas oportunidades de emprego e um \u00edndice de desemprego razo\u00e1vel, al\u00e9m de contar com bairros seguros e tranquilos.<\/p>\n<p>Al\u00e9m disso, a regi\u00e3o \u00e9 muito simp\u00e1tica com estrangeiros e possui uma grande <a href=\"https:\/\/encontreportugal.pt\/pan-docinho-cafe-e-doceria-onde-encontrar-doces-brasileiros-em-coimbra-e-regiao-com-delivery\/\">comunidade brasileira<\/a>, o que torna a adapta\u00e7\u00e3o muito mais f\u00e1cil. H\u00e1 diversas op\u00e7\u00f5es de turismo, com pontos tur\u00edsticos incr\u00edveis, al\u00e9m de bons shopping centers e op\u00e7\u00f5es de lazer.<\/p>\n<p>O transporte p\u00fablico \u00e9 eficiente e h\u00e1 creches e escolas de qualidade na regi\u00e3o, bem como hospitais e servi\u00e7os de sa\u00fade adequados. O clima \u00e9 ameno e a polui\u00e7\u00e3o \u00e9 baixa, tornando a vida mais agrad\u00e1vel.<img  title=\"\" decoding=\"async\" class=\" wp-image-1401 alignright\" src=\"https:\/\/encontreportugal.pt\/wp-content\/uploads\/2023\/04\/vila-real-300x169.jpg\"  alt=\"vila-real-300x169 Viver em Vila Real e regi\u00e3o em Portugal: qualidade de vida, oportunidades e custo-benef\u00edcio para brasileiros\"  width=\"229\" height=\"129\" srcset=\"https:\/\/encontreportugal.pt\/wp-content\/uploads\/2023\/04\/vila-real-300x169.jpg 300w, https:\/\/encontreportugal.pt\/wp-content\/uploads\/2023\/04\/vila-real.jpg 320w\" sizes=\"(max-width: 229px) 100vw, 229px\" \/><\/p>\n<p>Em suma, Vila Real e regi\u00e3o em Portugal s\u00e3o uma \u00f3tima escolha para quem busca qualidade de vida, boas oportunidades de emprego e um custo-benef\u00edcio atrativo. Venha viver em Vila Real e desfrute de tudo o que essa regi\u00e3o incr\u00edvel tem a oferecer!<\/p>\n<div class=\"flex flex-grow flex-col gap-3\">\n<div class=\"min-h-[20px] flex flex-col items-start gap-4 whitespace-pre-wrap break-words\">\n<div class=\"markdown prose w-full break-words dark:prose-invert light\">\n<p>Al\u00e9m disso, a regi\u00e3o oferece diversas op\u00e7\u00f5es de lazer, como a Rota do Vinho do Porto, com diversas vin\u00edcolas para visitar e degustar os melhores vinhos da regi\u00e3o, al\u00e9m de trilhas ecol\u00f3gicas nas montanhas da Serra do Mar\u00e3o.<\/p>\n<p>Para quem procura educa\u00e7\u00e3o de qualidade, Vila Real conta com uma universidade renomada, a Universidade de Tr\u00e1s-os-Montes e Alto Douro (UTAD), que oferece diversos cursos de gradua\u00e7\u00e3o e p\u00f3s-gradua\u00e7\u00e3o em diversas \u00e1reas.<\/p>\n<p>No que se refere \u00e0 sa\u00fade, a regi\u00e3o conta com <a href=\"https:\/\/encontreportugal.pt\/conheca-a-medicina-estetica-em-portugal-cirurgias-plasticas-servicos-disponiveis-e-principais-profissionais\/\">hospitais e cl\u00ednicas de qualidade<\/a>, al\u00e9m de um Centro Hospitalar com atendimento de emerg\u00eancia e especialidades m\u00e9dicas.<\/p>\n<p>Em rela\u00e7\u00e3o ao clima, a regi\u00e3o tem ver\u00f5es quentes e secos e invernos frios e \u00famidos, com temperaturas que podem chegar a -5\u00b0C no auge do inverno.<\/p>\n<p>Apesar da regi\u00e3o de Vila Real ser relativamente segura, \u00e9 importante tomar medidas de seguran\u00e7a e evitar andar em \u00e1reas desertas \u00e0 noite, principalmente em algumas \u00e1reas menos privilegiadas da cidade.<\/p>\n<p>No geral, a regi\u00e3o de Vila Real oferece \u00f3timas <a href=\"https:\/\/encontreportugal.pt\/dicas-essenciais-para-brasileiros-que-desejam-viver-no-norte-de-portugal\/\">oportunidades para brasileiros<\/a> que buscam uma vida tranquila e segura em Portugal, com um custo de vida razo\u00e1vel e muitas op\u00e7\u00f5es de lazer e cultura.<\/p>\n<div class=\"flex flex-grow flex-col gap-3\">\n<div class=\"min-h-[20px] flex flex-col items-start gap-4 whitespace-pre-wrap break-words\">\n<div class=\"markdown prose w-full break-words dark:prose-invert light\">\n<p>Al\u00e9m disso, a regi\u00e3o tem uma boa infraestrutura de transporte p\u00fablico, com \u00f4nibus e trens que conectam Vila Real a outras cidades pr\u00f3ximas e \u00e0 capital portuguesa, Lisboa, e ao Porto, que fica a cerca de duas horas de carro.<\/p>\n<p>Para quem tem filhos, a regi\u00e3o conta com <a href=\"https:\/\/encontreportugal.pt\/educacao-em-portugal-como-matricular-seu-filho-na-escola-e-creche-escola-publica-ou-privada-custos-e-mais\/\">creches e escolas de qualidade<\/a>, com ensino em portugu\u00eas e em ingl\u00eas, al\u00e9m de op\u00e7\u00f5es de escolas internacionais nas cidades pr\u00f3ximas.<\/p>\n<h3>Clima e polui\u00e7\u00e3o em Vila Real e regi\u00e3o<\/h3>\n<p>No que se refere \u00e0 polui\u00e7\u00e3o, a regi\u00e3o de Vila Real \u00e9 relativamente limpa e preservada, com pouca polui\u00e7\u00e3o do ar e uma natureza exuberante.<\/p>\n<p>Por fim, \u00e9 importante destacar a simpatia do povo portugu\u00eas, que costuma receber bem os estrangeiros e fazer com que se sintam em casa. E para quem procura por op\u00e7\u00f5es de compras, a regi\u00e3o conta com diversos shopping centers, como o Nosso Shopping e o Pal\u00e1cio do Gelo Shopping.<\/p>\n<p>Em resumo, viver em Vila Real e regi\u00e3o \u00e9 uma \u00f3tima op\u00e7\u00e3o para quem busca uma vida tranquila e segura em Portugal, com um bom custo de vida, muitas op\u00e7\u00f5es de lazer e cultura, boa infraestrutura, educa\u00e7\u00e3o de qualidade e um povo acolhedor.<\/p>\n<div class=\"flex flex-grow flex-col gap-3\">\n<div class=\"min-h-[20px] flex flex-col items-start gap-4 whitespace-pre-wrap break-words\">\n<div class=\"markdown prose w-full break-words dark:prose-invert light\">\n<p>Vale lembrar que a regi\u00e3o de Vila Real fica a cerca de 100km da capital portuguesa, Lisboa, e a aproximadamente 150km da cidade do Porto, o que pode ser um fator positivo para quem busca uma vida mais tranquila em um ambiente menos agitado.<\/p>\n<p>O pre\u00e7o m\u00e9dio de arrendamento na regi\u00e3o \u00e9 considerado acess\u00edvel em rela\u00e7\u00e3o \u00e0s grandes cidades portuguesas, e h\u00e1 uma variedade de op\u00e7\u00f5es de moradia, desde apartamentos at\u00e9 <a href=\"http:\/\/originalarquitetos.com.br\">casas mais espa\u00e7osas<\/a> e confort\u00e1veis.<\/p>\n<h2>Transporte p\u00fablico, creches, educa\u00e7\u00e3o e sa\u00fade em Vila Real e regi\u00e3o<\/h2>\n<p>O transporte p\u00fablico na regi\u00e3o tamb\u00e9m \u00e9 considerado de boa qualidade, com uma rede de \u00f4nibus e trens que conecta Vila Real a outras cidades pr\u00f3ximas e ao resto do pa\u00eds. H\u00e1 tamb\u00e9m op\u00e7\u00f5es de t\u00e1xis e aplicativos de transporte para facilitar o deslocamento pela regi\u00e3o.<\/p>\n<p>De forma geral, a regi\u00e3o de Vila Real oferece um estilo de vida mais tranquilo e acess\u00edvel, sem abrir m\u00e3o de boas op\u00e7\u00f5es de infraestrutura e lazer, al\u00e9m de estar bem conectada com outras cidades e regi\u00f5es de Portugal.<\/p>\n<h2>Oportunidades de emprego, \u00edndice de desemprego e melhores bairros em Vila Real e regi\u00e3o<\/h2>\n<div class=\"flex flex-grow flex-col gap-3\">\n<div class=\"min-h-[20px] flex flex-col items-start gap-4 whitespace-pre-wrap break-words\">\n<div class=\"markdown prose w-full break-words dark:prose-invert light\">\n<p>Embora seja uma regi\u00e3o mais tranquila, Vila Real e seus arredores oferecem boas oportunidades de emprego para estrangeiros. Entre as \u00e1reas com maior demanda, destacam-se:<\/p>\n<ol>\n<li>Turismo &#8211; Com uma grande variedade de atrativos tur\u00edsticos na regi\u00e3o, como o Parque Natural do Alv\u00e3o e o Pal\u00e1cio de Mateus, o setor tur\u00edstico \u00e9 uma das principais fontes de emprego em Vila Real e seus arredores.<\/li>\n<li>Agricultura &#8211; A regi\u00e3o tamb\u00e9m \u00e9 conhecida pela produ\u00e7\u00e3o de vinhos, azeite e am\u00eandoas, o que gera diversas oportunidades de emprego no setor agr\u00edcola. Al\u00e9m disso, h\u00e1 um crescente mercado de agricultura biol\u00f3gica, que pode ser uma boa op\u00e7\u00e3o para quem busca uma carreira sustent\u00e1vel.<\/li>\n<li>Tecnologia e inova\u00e7\u00e3o &#8211; Com a presen\u00e7a da Universidade de Tr\u00e1s-os-Montes e Alto Douro, Vila Real tem se destacado no setor de tecnologia e inova\u00e7\u00e3o, com empresas e startups voltadas para a pesquisa e desenvolvimento de novas solu\u00e7\u00f5es tecnol\u00f3gicas.<\/li>\n<li>Ind\u00fastria &#8211; Embora n\u00e3o seja t\u00e3o grande como em outras regi\u00f5es de Portugal, a ind\u00fastria tamb\u00e9m \u00e9 uma fonte de emprego em Vila Real e arredores, com destaque para as \u00e1reas de metalomec\u00e2nica, constru\u00e7\u00e3o civil e t\u00eaxtil.Vale lembrar que o conhecimento da l\u00edngua portuguesa pode ser um fator decisivo para conseguir uma coloca\u00e7\u00e3o no mercado de trabalho em Vila Real e regi\u00e3o. A busca por emprego pode ser feita por meio de ag\u00eancias de emprego, sites especializados ou por meio de contatos pessoais.\n<p>Em termos de transporte, embora n\u00e3o tenha uma grande rede de transportes p\u00fablicos, Vila Real \u00e9 atendida por autocarros (\u00f4nibus) que fazem conex\u00e3o com outras cidades da regi\u00e3o e com o Porto. O pre\u00e7o m\u00e9dio de arrendamento na cidade varia de acordo com o tipo de im\u00f3vel e localiza\u00e7\u00e3o, podendo variar de 400 a 700 euros por m\u00eas para um apartamento de dois quartos.<\/li>\n<\/ol>\n<\/div>\n<\/div>\n<\/div>\n<\/div>\n<\/div>\n<\/div>\n<\/div>\n<\/div>\n<\/div>\n<\/div>\n<\/div>\n<\/div>\n","protected":false},"excerpt":{"rendered":"<p>Viver em Vila Real e regi\u00e3o em Portugal: qualidade de vida, oportunidades e custo-benef\u00edcio para brasileiros Custo de vida e arrendamentos em Vila Real e regi\u00e3o Vila Real e regi\u00e3o em Portugal s\u00e3o excelentes lugares para se viver. Com um custo de vida relativamente baixo e arrendamentos acess\u00edveis, \u00e9 poss\u00edvel viver com qualidade sem gastar [&hellip;]<\/p>\n","protected":false},"author":1,"featured_media":1400,"comment_status":"open","ping_status":"open","sticky":false,"template":"","format":"standard","meta":{"footnotes":""},"categories":[18,4],"tags":[],"class_list":["post-1399","post","type-post","status-publish","format-standard","has-post-thumbnail","hentry","category-dicas-de-portugal","category-travel"],"acf":[],"yoast_head":"<!-- This site is optimized with the Yoast SEO plugin v27.5 - https:\/\/yoast.com\/product\/yoast-seo-wordpress\/ -->\n<title>Viver em Vila Real e regi\u00e3o em Portugal: qualidade de vida, oportunidades e custo-benef\u00edcio para brasileiros - Encontre Portugal<\/title>\n<meta name=\"robots\" content=\"index, follow, max-snippet:-1, max-image-preview:large, max-video-preview:-1\" \/>\n<link rel=\"canonical\" href=\"https:\/\/encontreportugal.pt\/zh\/viver-em-vila-real-e-regiao-em-portugal-qualidade-de-vida-oportunidades-e-custo-beneficio-para-brasileiros\/\" \/>\n<meta property=\"og:locale\" content=\"zh_CN\" \/>\n<meta property=\"og:type\" content=\"article\" \/>\n<meta property=\"og:title\" content=\"Viver em Vila Real e regi\u00e3o em Portugal: qualidade de vida, oportunidades e custo-benef\u00edcio para brasileiros - Encontre Portugal\" \/>\n<meta property=\"og:url\" content=\"https:\/\/encontreportugal.pt\/zh\/viver-em-vila-real-e-regiao-em-portugal-qualidade-de-vida-oportunidades-e-custo-beneficio-para-brasileiros\/\" \/>\n<meta property=\"og:site_name\" content=\"Encontre Portugal\" \/>\n<meta property=\"article:published_time\" content=\"2023-04-29T21:03:07+00:00\" \/>\n<meta property=\"article:modified_time\" content=\"2023-11-08T19:36:16+00:00\" \/>\n<meta property=\"og:image\" content=\"https:\/\/encontreportugal.pt\/wp-content\/uploads\/2023\/04\/vila-real-morar.jpg\" \/>\n\t<meta property=\"og:image:width\" content=\"1280\" \/>\n\t<meta property=\"og:image:height\" content=\"958\" \/>\n\t<meta property=\"og:image:type\" content=\"image\/jpeg\" \/>\n<meta name=\"author\" content=\"Douglas Barbosa\" \/>\n<meta name=\"twitter:card\" content=\"summary_large_image\" \/>\n<meta name=\"twitter:label1\" content=\"\u4f5c\u8005\" \/>\n\t<meta name=\"twitter:data1\" content=\"Douglas Barbosa\" \/>\n\t<meta name=\"twitter:label2\" content=\"\u9884\u8ba1\u9605\u8bfb\u65f6\u95f4\" \/>\n\t<meta name=\"twitter:data2\" content=\"6 \u5206\" \/>\n<script type=\"application\/ld+json\" class=\"yoast-schema-graph\">{\"@context\":\"https:\\\/\\\/schema.org\",\"@graph\":[{\"@type\":\"Article\",\"@id\":\"https:\\\/\\\/encontreportugal.pt\\\/viver-em-vila-real-e-regiao-em-portugal-qualidade-de-vida-oportunidades-e-custo-beneficio-para-brasileiros\\\/#article\",\"isPartOf\":{\"@id\":\"https:\\\/\\\/encontreportugal.pt\\\/viver-em-vila-real-e-regiao-em-portugal-qualidade-de-vida-oportunidades-e-custo-beneficio-para-brasileiros\\\/\"},\"author\":{\"name\":\"Douglas Barbosa\",\"@id\":\"https:\\\/\\\/encontreportugal.pt\\\/zh\\\/#\\\/schema\\\/person\\\/71ee126caa8e8746f4e1d07bb50ba747\"},\"headline\":\"Viver em Vila Real e regi\u00e3o em Portugal: qualidade de vida, oportunidades e custo-benef\u00edcio para brasileiros\",\"datePublished\":\"2023-04-29T21:03:07+00:00\",\"dateModified\":\"2023-11-08T19:36:16+00:00\",\"mainEntityOfPage\":{\"@id\":\"https:\\\/\\\/encontreportugal.pt\\\/viver-em-vila-real-e-regiao-em-portugal-qualidade-de-vida-oportunidades-e-custo-beneficio-para-brasileiros\\\/\"},\"wordCount\":1212,\"commentCount\":1,\"publisher\":{\"@id\":\"https:\\\/\\\/encontreportugal.pt\\\/zh\\\/#organization\"},\"image\":{\"@id\":\"https:\\\/\\\/encontreportugal.pt\\\/viver-em-vila-real-e-regiao-em-portugal-qualidade-de-vida-oportunidades-e-custo-beneficio-para-brasileiros\\\/#primaryimage\"},\"thumbnailUrl\":\"https:\\\/\\\/encontreportugal.pt\\\/wp-content\\\/uploads\\\/2023\\\/04\\\/vila-real-morar.jpg\",\"articleSection\":[\"Dicas de Portugal\",\"Viagens\"],\"inLanguage\":\"zh-Hans\",\"potentialAction\":[{\"@type\":\"CommentAction\",\"name\":\"Comment\",\"target\":[\"https:\\\/\\\/encontreportugal.pt\\\/viver-em-vila-real-e-regiao-em-portugal-qualidade-de-vida-oportunidades-e-custo-beneficio-para-brasileiros\\\/#respond\"]}]},{\"@type\":\"WebPage\",\"@id\":\"https:\\\/\\\/encontreportugal.pt\\\/viver-em-vila-real-e-regiao-em-portugal-qualidade-de-vida-oportunidades-e-custo-beneficio-para-brasileiros\\\/\",\"url\":\"https:\\\/\\\/encontreportugal.pt\\\/viver-em-vila-real-e-regiao-em-portugal-qualidade-de-vida-oportunidades-e-custo-beneficio-para-brasileiros\\\/\",\"name\":\"Viver em Vila Real e regi\u00e3o em Portugal: qualidade de vida, oportunidades e custo-benef\u00edcio para brasileiros - Encontre Portugal\",\"isPartOf\":{\"@id\":\"https:\\\/\\\/encontreportugal.pt\\\/zh\\\/#website\"},\"primaryImageOfPage\":{\"@id\":\"https:\\\/\\\/encontreportugal.pt\\\/viver-em-vila-real-e-regiao-em-portugal-qualidade-de-vida-oportunidades-e-custo-beneficio-para-brasileiros\\\/#primaryimage\"},\"image\":{\"@id\":\"https:\\\/\\\/encontreportugal.pt\\\/viver-em-vila-real-e-regiao-em-portugal-qualidade-de-vida-oportunidades-e-custo-beneficio-para-brasileiros\\\/#primaryimage\"},\"thumbnailUrl\":\"https:\\\/\\\/encontreportugal.pt\\\/wp-content\\\/uploads\\\/2023\\\/04\\\/vila-real-morar.jpg\",\"datePublished\":\"2023-04-29T21:03:07+00:00\",\"dateModified\":\"2023-11-08T19:36:16+00:00\",\"breadcrumb\":{\"@id\":\"https:\\\/\\\/encontreportugal.pt\\\/viver-em-vila-real-e-regiao-em-portugal-qualidade-de-vida-oportunidades-e-custo-beneficio-para-brasileiros\\\/#breadcrumb\"},\"inLanguage\":\"zh-Hans\",\"potentialAction\":[{\"@type\":\"ReadAction\",\"target\":[\"https:\\\/\\\/encontreportugal.pt\\\/viver-em-vila-real-e-regiao-em-portugal-qualidade-de-vida-oportunidades-e-custo-beneficio-para-brasileiros\\\/\"]}]},{\"@type\":\"ImageObject\",\"inLanguage\":\"zh-Hans\",\"@id\":\"https:\\\/\\\/encontreportugal.pt\\\/viver-em-vila-real-e-regiao-em-portugal-qualidade-de-vida-oportunidades-e-custo-beneficio-para-brasileiros\\\/#primaryimage\",\"url\":\"https:\\\/\\\/encontreportugal.pt\\\/wp-content\\\/uploads\\\/2023\\\/04\\\/vila-real-morar.jpg\",\"contentUrl\":\"https:\\\/\\\/encontreportugal.pt\\\/wp-content\\\/uploads\\\/2023\\\/04\\\/vila-real-morar.jpg\",\"width\":1280,\"height\":958,\"caption\":\"morar vila real\"},{\"@type\":\"BreadcrumbList\",\"@id\":\"https:\\\/\\\/encontreportugal.pt\\\/viver-em-vila-real-e-regiao-em-portugal-qualidade-de-vida-oportunidades-e-custo-beneficio-para-brasileiros\\\/#breadcrumb\",\"itemListElement\":[{\"@type\":\"ListItem\",\"position\":1,\"name\":\"In\u00edcio\",\"item\":\"https:\\\/\\\/encontreportugal.pt\\\/zh\\\/\"},{\"@type\":\"ListItem\",\"position\":2,\"name\":\"Viver em Vila Real e regi\u00e3o em Portugal: qualidade de vida, oportunidades e custo-benef\u00edcio para brasileiros\"}]},{\"@type\":\"WebSite\",\"@id\":\"https:\\\/\\\/encontreportugal.pt\\\/zh\\\/#website\",\"url\":\"https:\\\/\\\/encontreportugal.pt\\\/zh\\\/\",\"name\":\"Encontre Portugal\",\"description\":\"O maior Portal de dicas ao imigrante brasileiro em Portugal.\",\"publisher\":{\"@id\":\"https:\\\/\\\/encontreportugal.pt\\\/zh\\\/#organization\"},\"potentialAction\":[{\"@type\":\"SearchAction\",\"target\":{\"@type\":\"EntryPoint\",\"urlTemplate\":\"https:\\\/\\\/encontreportugal.pt\\\/zh\\\/?s={search_term_string}\"},\"query-input\":{\"@type\":\"PropertyValueSpecification\",\"valueRequired\":true,\"valueName\":\"search_term_string\"}}],\"inLanguage\":\"zh-Hans\"},{\"@type\":\"Organization\",\"@id\":\"https:\\\/\\\/encontreportugal.pt\\\/zh\\\/#organization\",\"name\":\"Encontre Portugal\",\"url\":\"https:\\\/\\\/encontreportugal.pt\\\/zh\\\/\",\"logo\":{\"@type\":\"ImageObject\",\"inLanguage\":\"zh-Hans\",\"@id\":\"https:\\\/\\\/encontreportugal.pt\\\/zh\\\/#\\\/schema\\\/logo\\\/image\\\/\",\"url\":\"https:\\\/\\\/encontreportugal.pt\\\/wp-content\\\/uploads\\\/2024\\\/04\\\/cropped-logo-encontre-portugal.png\",\"contentUrl\":\"https:\\\/\\\/encontreportugal.pt\\\/wp-content\\\/uploads\\\/2024\\\/04\\\/cropped-logo-encontre-portugal.png\",\"width\":500,\"height\":165,\"caption\":\"Encontre Portugal\"},\"image\":{\"@id\":\"https:\\\/\\\/encontreportugal.pt\\\/zh\\\/#\\\/schema\\\/logo\\\/image\\\/\"}},{\"@type\":\"Person\",\"@id\":\"https:\\\/\\\/encontreportugal.pt\\\/zh\\\/#\\\/schema\\\/person\\\/71ee126caa8e8746f4e1d07bb50ba747\",\"name\":\"Douglas Barbosa\",\"image\":{\"@type\":\"ImageObject\",\"inLanguage\":\"zh-Hans\",\"@id\":\"https:\\\/\\\/encontreportugal.pt\\\/wp-content\\\/uploads\\\/2024\\\/03\\\/douglasfdb_avatar-96x96.jpeg\",\"url\":\"https:\\\/\\\/encontreportugal.pt\\\/wp-content\\\/uploads\\\/2024\\\/03\\\/douglasfdb_avatar-96x96.jpeg\",\"contentUrl\":\"https:\\\/\\\/encontreportugal.pt\\\/wp-content\\\/uploads\\\/2024\\\/03\\\/douglasfdb_avatar-96x96.jpeg\",\"caption\":\"Douglas Barbosa\"},\"description\":\"Graduado em Tecnologia de Redes de Computadores e com P\u00f3s-Gradua\u00e7\u00e3o em Marketing Digital, Business Intelligence e Estrat\u00e9gia Data-Driven pela Pontif\u00edcia Universidade Cat\u00f3lica (PUC). Capacita\u00e7\u00e3o em Linguagem Corporal e Detec\u00e7\u00e3o de Microexpress\u00f5es Faciais. Participa\u00e7\u00e3o na forma\u00e7\u00e3o \\\"M\u00e1quina de Tr\u00e1fego e Convers\u00e3o - Aprenda a Vender Mais pelo Google Todos os Dias\\\". Certificado pelo Google em Rede de Pesquisa. Vasta experi\u00eancia em projetos de SEO, gest\u00e3o de tr\u00e1fego pago no Google Ads e Cria\u00e7\u00e3o de Websites.\",\"sameAs\":[\"https:\\\/\\\/encontreportugal.pt\"],\"url\":\"https:\\\/\\\/encontreportugal.pt\\\/zh\\\/author\\\/douglasfdb\\\/\"}]}<\/script>\n<!-- \/ Yoast SEO plugin. -->","yoast_head_json":{"title":"Viver em Vila Real e regi\u00e3o em Portugal: qualidade de vida, oportunidades e custo-benef\u00edcio para brasileiros - Encontre Portugal","robots":{"index":"index","follow":"follow","max-snippet":"max-snippet:-1","max-image-preview":"max-image-preview:large","max-video-preview":"max-video-preview:-1"},"canonical":"https:\/\/encontreportugal.pt\/zh\/viver-em-vila-real-e-regiao-em-portugal-qualidade-de-vida-oportunidades-e-custo-beneficio-para-brasileiros\/","og_locale":"zh_CN","og_type":"article","og_title":"Viver em Vila Real e regi\u00e3o em Portugal: qualidade de vida, oportunidades e custo-benef\u00edcio para brasileiros - Encontre Portugal","og_url":"https:\/\/encontreportugal.pt\/zh\/viver-em-vila-real-e-regiao-em-portugal-qualidade-de-vida-oportunidades-e-custo-beneficio-para-brasileiros\/","og_site_name":"Encontre Portugal","article_published_time":"2023-04-29T21:03:07+00:00","article_modified_time":"2023-11-08T19:36:16+00:00","og_image":[{"width":1280,"height":958,"url":"https:\/\/encontreportugal.pt\/wp-content\/uploads\/2023\/04\/vila-real-morar.jpg","type":"image\/jpeg"}],"author":"Douglas Barbosa","twitter_card":"summary_large_image","twitter_misc":{"\u4f5c\u8005":"Douglas Barbosa","\u9884\u8ba1\u9605\u8bfb\u65f6\u95f4":"6 \u5206"},"schema":{"@context":"https:\/\/schema.org","@graph":[{"@type":"Article","@id":"https:\/\/encontreportugal.pt\/viver-em-vila-real-e-regiao-em-portugal-qualidade-de-vida-oportunidades-e-custo-beneficio-para-brasileiros\/#article","isPartOf":{"@id":"https:\/\/encontreportugal.pt\/viver-em-vila-real-e-regiao-em-portugal-qualidade-de-vida-oportunidades-e-custo-beneficio-para-brasileiros\/"},"author":{"name":"Douglas Barbosa","@id":"https:\/\/encontreportugal.pt\/zh\/#\/schema\/person\/71ee126caa8e8746f4e1d07bb50ba747"},"headline":"Viver em Vila Real e regi\u00e3o em Portugal: qualidade de vida, oportunidades e custo-benef\u00edcio para brasileiros","datePublished":"2023-04-29T21:03:07+00:00","dateModified":"2023-11-08T19:36:16+00:00","mainEntityOfPage":{"@id":"https:\/\/encontreportugal.pt\/viver-em-vila-real-e-regiao-em-portugal-qualidade-de-vida-oportunidades-e-custo-beneficio-para-brasileiros\/"},"wordCount":1212,"commentCount":1,"publisher":{"@id":"https:\/\/encontreportugal.pt\/zh\/#organization"},"image":{"@id":"https:\/\/encontreportugal.pt\/viver-em-vila-real-e-regiao-em-portugal-qualidade-de-vida-oportunidades-e-custo-beneficio-para-brasileiros\/#primaryimage"},"thumbnailUrl":"https:\/\/encontreportugal.pt\/wp-content\/uploads\/2023\/04\/vila-real-morar.jpg","articleSection":["Dicas de Portugal","Viagens"],"inLanguage":"zh-Hans","potentialAction":[{"@type":"CommentAction","name":"Comment","target":["https:\/\/encontreportugal.pt\/viver-em-vila-real-e-regiao-em-portugal-qualidade-de-vida-oportunidades-e-custo-beneficio-para-brasileiros\/#respond"]}]},{"@type":"WebPage","@id":"https:\/\/encontreportugal.pt\/viver-em-vila-real-e-regiao-em-portugal-qualidade-de-vida-oportunidades-e-custo-beneficio-para-brasileiros\/","url":"https:\/\/encontreportugal.pt\/viver-em-vila-real-e-regiao-em-portugal-qualidade-de-vida-oportunidades-e-custo-beneficio-para-brasileiros\/","name":"Viver em Vila Real e regi\u00e3o em Portugal: qualidade de vida, oportunidades e custo-benef\u00edcio para brasileiros - Encontre Portugal","isPartOf":{"@id":"https:\/\/encontreportugal.pt\/zh\/#website"},"primaryImageOfPage":{"@id":"https:\/\/encontreportugal.pt\/viver-em-vila-real-e-regiao-em-portugal-qualidade-de-vida-oportunidades-e-custo-beneficio-para-brasileiros\/#primaryimage"},"image":{"@id":"https:\/\/encontreportugal.pt\/viver-em-vila-real-e-regiao-em-portugal-qualidade-de-vida-oportunidades-e-custo-beneficio-para-brasileiros\/#primaryimage"},"thumbnailUrl":"https:\/\/encontreportugal.pt\/wp-content\/uploads\/2023\/04\/vila-real-morar.jpg","datePublished":"2023-04-29T21:03:07+00:00","dateModified":"2023-11-08T19:36:16+00:00","breadcrumb":{"@id":"https:\/\/encontreportugal.pt\/viver-em-vila-real-e-regiao-em-portugal-qualidade-de-vida-oportunidades-e-custo-beneficio-para-brasileiros\/#breadcrumb"},"inLanguage":"zh-Hans","potentialAction":[{"@type":"ReadAction","target":["https:\/\/encontreportugal.pt\/viver-em-vila-real-e-regiao-em-portugal-qualidade-de-vida-oportunidades-e-custo-beneficio-para-brasileiros\/"]}]},{"@type":"ImageObject","inLanguage":"zh-Hans","@id":"https:\/\/encontreportugal.pt\/viver-em-vila-real-e-regiao-em-portugal-qualidade-de-vida-oportunidades-e-custo-beneficio-para-brasileiros\/#primaryimage","url":"https:\/\/encontreportugal.pt\/wp-content\/uploads\/2023\/04\/vila-real-morar.jpg","contentUrl":"https:\/\/encontreportugal.pt\/wp-content\/uploads\/2023\/04\/vila-real-morar.jpg","width":1280,"height":958,"caption":"morar vila real"},{"@type":"BreadcrumbList","@id":"https:\/\/encontreportugal.pt\/viver-em-vila-real-e-regiao-em-portugal-qualidade-de-vida-oportunidades-e-custo-beneficio-para-brasileiros\/#breadcrumb","itemListElement":[{"@type":"ListItem","position":1,"name":"In\u00edcio","item":"https:\/\/encontreportugal.pt\/zh\/"},{"@type":"ListItem","position":2,"name":"Viver em Vila Real e regi\u00e3o em Portugal: qualidade de vida, oportunidades e custo-benef\u00edcio para brasileiros"}]},{"@type":"WebSite","@id":"https:\/\/encontreportugal.pt\/zh\/#website","url":"https:\/\/encontreportugal.pt\/zh\/","name":"\u5bfb\u627e\u8461\u8404\u7259","description":"\u8461\u8404\u7259\u6700\u5927\u7684\u5df4\u897f\u79fb\u6c11\u63d0\u793a\u95e8\u6237\u7f51\u7ad9\u3002","publisher":{"@id":"https:\/\/encontreportugal.pt\/zh\/#organization"},"potentialAction":[{"@type":"SearchAction","target":{"@type":"EntryPoint","urlTemplate":"https:\/\/encontreportugal.pt\/zh\/?s={search_term_string}"},"query-input":{"@type":"PropertyValueSpecification","valueRequired":true,"valueName":"search_term_string"}}],"inLanguage":"zh-Hans"},{"@type":"Organization","@id":"https:\/\/encontreportugal.pt\/zh\/#organization","name":"\u5bfb\u627e\u8461\u8404\u7259","url":"https:\/\/encontreportugal.pt\/zh\/","logo":{"@type":"ImageObject","inLanguage":"zh-Hans","@id":"https:\/\/encontreportugal.pt\/zh\/#\/schema\/logo\/image\/","url":"https:\/\/encontreportugal.pt\/wp-content\/uploads\/2024\/04\/cropped-logo-encontre-portugal.png","contentUrl":"https:\/\/encontreportugal.pt\/wp-content\/uploads\/2024\/04\/cropped-logo-encontre-portugal.png","width":500,"height":165,"caption":"Encontre Portugal"},"image":{"@id":"https:\/\/encontreportugal.pt\/zh\/#\/schema\/logo\/image\/"}},{"@type":"Person","@id":"https:\/\/encontreportugal.pt\/zh\/#\/schema\/person\/71ee126caa8e8746f4e1d07bb50ba747","name":"\u9053\u683c\u62c9\u65af-\u5df4\u5c14\u535a\u8428","image":{"@type":"ImageObject","inLanguage":"zh-Hans","@id":"https:\/\/encontreportugal.pt\/wp-content\/uploads\/2024\/03\/douglasfdb_avatar-96x96.jpeg","url":"https:\/\/encontreportugal.pt\/wp-content\/uploads\/2024\/03\/douglasfdb_avatar-96x96.jpeg","contentUrl":"https:\/\/encontreportugal.pt\/wp-content\/uploads\/2024\/03\/douglasfdb_avatar-96x96.jpeg","caption":"Douglas Barbosa"},"description":"\u4ed6\u62e5\u6709\u5929\u4e3b\u6559\u5b97\u5ea7\u5927\u5b66\uff08PUC\uff09\u8ba1\u7b97\u673a\u7f51\u7edc\u6280\u672f\u5b66\u4f4d\u4ee5\u53ca\u6570\u5b57\u8425\u9500\u3001\u5546\u4e1a\u667a\u80fd\u548c\u6570\u636e\u9a71\u52a8\u6218\u7565\u7814\u7a76\u751f\u5b66\u5386\u3002\u8eab\u4f53\u8bed\u8a00\u548c\u9762\u90e8\u5fae\u8868\u60c5\u68c0\u6d4b\u57f9\u8bad\u3002\u53c2\u52a0 \"\u6d41\u91cf\u548c\u8f6c\u5316\u673a\u5668--\u5b66\u4f1a\u6bcf\u5929\u901a\u8fc7\u8c37\u6b4c\u9500\u552e\u66f4\u591a\u4ea7\u54c1 \"\u57f9\u8bad\u8bfe\u7a0b\u3002\u83b7\u5f97\u8c37\u6b4c\u641c\u7d22\u5f15\u64ce\u4f18\u5316\u8ba4\u8bc1\u3002\u5728\u641c\u7d22\u5f15\u64ce\u4f18\u5316\u9879\u76ee\u3001\u8c37\u6b4c\u5e7f\u544a\u4ed8\u8d39\u6d41\u91cf\u7ba1\u7406\u548c\u7f51\u7ad9\u521b\u5efa\u65b9\u9762\u62e5\u6709\u4e30\u5bcc\u7ecf\u9a8c\u3002","sameAs":["https:\/\/encontreportugal.pt"],"url":"https:\/\/encontreportugal.pt\/zh\/author\/douglasfdb\/"}]}},"_links":{"self":[{"href":"https:\/\/encontreportugal.pt\/zh\/wp-json\/wp\/v2\/posts\/1399","targetHints":{"allow":["GET"]}}],"collection":[{"href":"https:\/\/encontreportugal.pt\/zh\/wp-json\/wp\/v2\/posts"}],"about":[{"href":"https:\/\/encontreportugal.pt\/zh\/wp-json\/wp\/v2\/types\/post"}],"author":[{"embeddable":true,"href":"https:\/\/encontreportugal.pt\/zh\/wp-json\/wp\/v2\/users\/1"}],"replies":[{"embeddable":true,"href":"https:\/\/encontreportugal.pt\/zh\/wp-json\/wp\/v2\/comments?post=1399"}],"version-history":[{"count":0,"href":"https:\/\/encontreportugal.pt\/zh\/wp-json\/wp\/v2\/posts\/1399\/revisions"}],"wp:featuredmedia":[{"embeddable":true,"href":"https:\/\/encontreportugal.pt\/zh\/wp-json\/wp\/v2\/media\/1400"}],"wp:attachment":[{"href":"https:\/\/encontreportugal.pt\/zh\/wp-json\/wp\/v2\/media?parent=1399"}],"wp:term":[{"taxonomy":"category","embeddable":true,"href":"https:\/\/encontreportugal.pt\/zh\/wp-json\/wp\/v2\/categories?post=1399"},{"taxonomy":"post_tag","embeddable":true,"href":"https:\/\/encontreportugal.pt\/zh\/wp-json\/wp\/v2\/tags?post=1399"}],"curies":[{"name":"wp","href":"https:\/\/api.w.org\/{rel}","templated":true}]}}