{"id":1656,"date":"2023-05-19T14:51:22","date_gmt":"2023-05-19T14:51:22","guid":{"rendered":"https:\/\/encontreportugal.pt\/?p=1656"},"modified":"2024-04-07T12:46:49","modified_gmt":"2024-04-07T12:46:49","slug":"%e6%ac%a7%e6%b4%b2%e9%80%9a%e7%a5%a8%e5%92%8c%e8%b4%b9%e5%b0%94%e5%8d%97%e5%a4%9a-%e6%9c%ac%e6%b3%bd%e5%85%8b%e9%87%8c%e7%9a%84%e7%bf%bb%e8%af%91-2","status":"publish","type":"post","link":"https:\/\/encontreportugal.pt\/zh\/%e6%ac%a7%e6%b4%b2%e9%80%9a%e7%a5%a8%e5%92%8c%e8%b4%b9%e5%b0%94%e5%8d%97%e5%a4%9a-%e6%9c%ac%e6%b3%bd%e5%85%8b%e9%87%8c%e7%9a%84%e7%bf%bb%e8%af%91-2\/","title":{"rendered":"Fernando Benzecri \u7f16\u5199\u6b27\u6d32\u901a\u7968\u7b80\u5386\u548c\u7ffb\u8bd1"},"content":{"rendered":"<div data-elementor-type=\"wp-post\" data-elementor-id=\"1656\" class=\"elementor elementor-1656\" data-elementor-post-type=\"post\">\n\t\t\t\t\t\t<section data-particle_enable=\"false\" data-particle-mobile-disabled=\"false\" class=\"elementor-section elementor-top-section elementor-element elementor-element-34719db1 elementor-section-boxed elementor-section-height-default elementor-section-height-default\" data-id=\"34719db1\" data-element_type=\"section\" data-e-type=\"section\">\n\t\t\t\t\t\t<div class=\"elementor-container elementor-column-gap-default\">\n\t\t\t\t\t<div class=\"elementor-column elementor-col-100 elementor-top-column elementor-element elementor-element-13141188\" data-id=\"13141188\" data-element_type=\"column\" data-e-type=\"column\">\n\t\t\t<div class=\"elementor-widget-wrap elementor-element-populated\">\n\t\t\t\t\t\t<div class=\"elementor-element elementor-element-41b4c0b8 elementor-widget elementor-widget-text-editor\" data-id=\"41b4c0b8\" data-element_type=\"widget\" data-e-type=\"widget\" data-widget_type=\"text-editor.default\">\n\t\t\t\t<div class=\"elementor-widget-container\">\n\t\t\t\t\t\t\t\t\t<h2>Fernando Benzecri \u7f16\u5199\u6b27\u6d32\u901a\u7968\u7b80\u5386\u548c\u7ffb\u8bd1<\/h2><h3>\u60f3\u8981\u5f81\u670d\u6b27\u6d32\u7684\u52b3\u52a8\u529b\u5e02\u573a\uff1f\u8bf7\u5229\u7528\u8fd9\u4e00\u4e0d\u53ef\u9519\u8fc7\u7684\u4f18\u60e0\uff01<\/h3><p>\u5982\u679c\u60a8\u662f <strong>\u5bfb\u627e\u5de5\u4f5c\u673a\u4f1a<\/strong> \u5728\u6b27\u6d32\uff0c\u6709\u4e00\u4e2a <strong>\u8bfe\u7a0b\u9002\u5e94 <a href=\"https:\/\/encontreportugal.pt\/zh\/como-escrever-um-cv-no-formato-europeu\/\">\u6b27\u6d32\u6a21\u5f0f<\/a><\/strong> <strong>\u81f3\u5173\u91cd\u8981<\/strong>.\u6211\u4eec\u7684 <strong>\u7279\u4ef7<\/strong>\u60a8\u5c06\u62e5\u6709<strong> \u4e2a\u6027\u5316\u8bfe\u7a0b<\/strong> \u9488\u5bf9\u6bcf\u4e2a\u5177\u4f53\u7a7a\u7f3a\u804c\u4f4d\uff0c\u9075\u5faa\u6b27\u6d32\u6807\u51c6\uff0c\u589e\u52a0\u60a8\u7684\u6210\u529f\u673a\u4f1a\u3002<\/p><p>\u6b64\u5916\uff0c\u6211\u4eec\u8fd8\u63d0\u4f9b <strong>\u6709\u5f71\u54cd\u529b\u7684\u6c42\u804c\u4fe1\u548c\u52a8\u673a<\/strong>\u8fd9\u4e9b\u5185\u5bb9\u5c06\u4ee5\u5177\u6709\u8bf4\u670d\u529b\u7684\u65b9\u5f0f\u7a81\u51fa\u4f60\u7684\u6280\u80fd\u548c\u7ecf\u9a8c\u3001 <strong>\u5438\u5f15\u62db\u8058\u4eba\u5458\u7684\u6ce8\u610f<\/strong>.<\/p><p>\u6211\u4eec\u6df1\u77e5\u5728\u5168\u7403\u5316\u7684\u5c31\u4e1a\u5e02\u573a\u4e0a\u7528\u591a\u79cd\u8bed\u8a00\u4ea4\u6d41\u7684\u91cd\u8981\u6027\u3002\u56e0\u6b64\uff0c\u6211\u4eec\u63d0\u4f9b <strong>\u8461\u8404\u7259\u8bed\u3001\u82f1\u8bed\u3001\u897f\u73ed\u7259\u8bed\u3001\u6cd5\u8bed\u3001\u610f\u5927\u5229\u8bed\u6216\u5fb7\u8bed\u7684\u4e13\u4e1a\u7ffb\u8bd1<\/strong>\u8fd9\u5c06\u786e\u4fdd\u4efb\u4f55\u6b27\u6d32\u56fd\u5bb6\u7684\u4eba\u529b\u8d44\u6e90\u7ecf\u7406\u90fd\u80fd\u7406\u89e3\u60a8\u7684\u7b80\u5386\u3002<\/p><p><em><strong>\u4f5c\u4e3a\u72ec\u5bb6\u5956\u52b1\uff0c\u6211\u4eec\u5c06\u4e3a\u60a8\u63d0\u4f9b\u8461\u8404\u7259\u548c\u7231\u5c14\u5170\u4e3b\u8981\u62db\u8058\u5e73\u53f0\u7684\u94fe\u63a5\u5217\u8868\uff0c\u4ee5\u4fbf\u60a8\u63a2\u7d22\u6240\u6709\u53ef\u7528\u7684\u673a\u4f1a<\/strong><\/em><strong>.<\/strong><\/p><p><strong> \u6240\u6709\u8fd9\u4e9b\u53ea\u9700 10 \u6b27\u5143\uff01 <\/strong><\/p><p><strong>\u5229\u7528\u8fd9\u4e00\u4ee4\u4eba\u96be\u4ee5\u7f6e\u4fe1\u7684\u4f18\u60e0\uff0c\u5b9e\u73b0\u60a8\u804c\u4e1a\u751f\u6daf\u7684\u98de\u8dc3\uff01\u6709\u4e86\u6211\u4eec\u7684\u670d\u52a1\uff0c\u60a8\u5c31\u4e0d\u4ec5\u4ec5\u662f\u5728\u7b80\u5386\u4e0a\u6253\u6253\u5b57\u90a3\u4e48\u7b80\u5355\u4e86\uff0c\u800c\u662f\u53ef\u4ee5\u5c06\u7b80\u5386\u53d8\u6210\u771f\u6b63\u5438\u5f15\u62db\u8058\u4eba\u5458\u7684\u78c1\u94c1\uff0c\u589e\u52a0\u60a8\u88ab\u5173\u6ce8\u548c\u88ab\u9009\u4e2d\u7684\u673a\u4f1a\uff0c\u4ece\u800c\u627e\u5230\u60a8\u68a6\u60f3\u4e2d\u7684\u5de5\u4f5c\u3002<\/strong><\/p><h3>\u4e0d\u8981\u9519\u5931\u826f\u673a\uff01\u73b0\u5728\u5c31\u6293\u4f4f\u673a\u4f1a\uff0c\u4e3a\u81ea\u5df1\u7684\u804c\u4e1a\u672a\u6765\u6295\u8d44\u3002<\/h3><p>\u4f5c\u4e3a\u5bf9\u524d\u6587\u7684\u8865\u5145\uff0c\u6211\u60f3\u5f3a\u8c03\u7684\u662f\uff0c\u9664\u4e86\u4ee5\u4e0b\u670d\u52a1\u4e4b\u5916 <strong>\u7f16\u5199\u6b27\u6d32\u901a\u7968\u7b80\u5386<\/strong> \u548c\u7ffb\u8bd1\u3001 <strong>\u6211\u8fd8\u63d0\u4f9b\u4e13\u95e8\u9488\u5bf9\u6c42\u804c\u9762\u8bd5\u7684\u82f1\u8bed\u8bfe\u7a0b<\/strong>.<\/p><p>\u6211\u4eec\u77e5\u9053\uff0c\u52b3\u52a8\u529b\u5e02\u573a\u5bf9\u82f1\u8bed\u8bed\u8a00\u80fd\u529b\u7684\u8981\u6c42\u8d8a\u6765\u8d8a\u9ad8\uff0c\u5c24\u5176\u662f\u5728\u4ee5\u4e0b\u9886\u57df <a href=\"https:\/\/encontreportugal.pt\/zh\/guia-completo-para-brasileiros-diferencas-entre-morar-em-portugal-inglaterra-espanha-italia-suica-franca-e-luxemburgo\/\">\u6b27\u6d32<\/a>\u8fd9\u662f\u4e00\u4e2a\u5b66\u4e60\u82f1\u8bed\u7684\u597d\u5730\u65b9\uff0c\u8fd9\u91cc\u7684\u56fd\u9645\u4e13\u4e1a\u4eba\u58eb\u79cd\u7c7b\u7e41\u591a\u3002\u901a\u8fc7\u6211\u7684\u4e2a\u6027\u5316\u8bfe\u7a0b\uff0c\u60a8\u5c06\u6709\u673a\u4f1a\u63d0\u9ad8\u81ea\u5df1\u7684\u82f1\u8bed\u4ea4\u6d41\u80fd\u529b\uff0c\u5c24\u5176\u662f\u5728\u6c42\u804c\u9762\u8bd5\u7684\u60c5\u51b5\u4e0b\u3002<\/p><p><strong>\u5728\u8bfe\u7a0b\u4e2d\uff0c\u6211\u4eec\u5c06\u5b66\u4e60\u63d0\u9ad8\u6d41\u5229\u7a0b\u5ea6\u7684\u6280\u5de7\u3001\u4e0e\u5de5\u4f5c\u9886\u57df\u76f8\u5173\u7684\u8bcd\u6c47\u3001\u9762\u8bd5\u4e2d\u5e38\u7528\u7684\u8868\u8fbe\u65b9\u5f0f\uff0c\u4ee5\u53ca\u6a21\u62df\u771f\u5b9e\u9762\u8bd5\uff0c\u4ece\u800c\u8ba9\u60a8\u83b7\u5f97\u81ea\u4fe1\uff0c\u505a\u597d\u51c6\u5907\u8fce\u63a5\u4efb\u4f55\u6311\u6218\u3002<img  title=\"\" decoding=\"async\" class=\"wp-image-1657 alignright\" src=\"https:\/\/encontreportugal.pt\/wp-content\/uploads\/2023\/05\/ingles-para-entrevistas-300x200.jpg\"  alt=\"ingles-para-entrevistas-300x200 Elabora\u00e7\u00e3o de Curr\u00edculo Europeu Europass e Tradu\u00e7\u00e3o de Fernando Benzecri\"  width=\"228\" height=\"152\" srcset=\"https:\/\/encontreportugal.pt\/wp-content\/uploads\/2023\/05\/ingles-para-entrevistas-300x200.jpg 300w, https:\/\/encontreportugal.pt\/wp-content\/uploads\/2023\/05\/ingles-para-entrevistas-1024x683.jpg 1024w, https:\/\/encontreportugal.pt\/wp-content\/uploads\/2023\/05\/ingles-para-entrevistas-768x512.jpg 768w, https:\/\/encontreportugal.pt\/wp-content\/uploads\/2023\/05\/ingles-para-entrevistas-1536x1024.jpg 1536w, https:\/\/encontreportugal.pt\/wp-content\/uploads\/2023\/05\/ingles-para-entrevistas-2048x1365.jpg 2048w, https:\/\/encontreportugal.pt\/wp-content\/uploads\/2023\/05\/ingles-para-entrevistas-600x400.jpg 600w\" sizes=\"(max-width: 228px) 100vw, 228px\" \/><\/strong><\/p><p><strong>\u4e0d\u4ec5\u4ec5\u662f\u62e5\u6709\u4e00\u4efd\u65e0\u53ef\u6311\u5254\u7684\u7b80\u5386<\/strong>\u800c\u4e14\u8fd8\u80fd\u5728\u9762\u8bd5\u4e2d\u5c55\u793a\u60a8\u7684\u6c9f\u901a\u6280\u5de7\u3002\u7ed3\u5408 <strong>\u4e2a\u6027\u5316\u6b27\u6d32\u8bfe\u7a0b<\/strong>\u901a\u8fc7\u4e13\u4e1a\u7ffb\u8bd1\u548c\u6c42\u804c\u9762\u8bd5\u82f1\u8bed\u8bfe\u7a0b\uff0c\u60a8\u5c06\u8131\u9896\u800c\u51fa\uff0c\u7ed9\u6b27\u6d32\u62db\u8058\u4eba\u5458\u7559\u4e0b\u6df1\u523b\u5370\u8c61\u3002<\/p><p>\u5229\u7528\u8fd9\u4e00\u7edd\u4f73\u673a\u4f1a\uff0c\u63d0\u5347\u60a8\u7684\u804c\u4e1a\u751f\u6daf\uff0c\u5f81\u670d\u6b27\u6d32\u52b3\u52a8\u529b\u5e02\u573a\u3002\u4e3a\u68a6\u60f3\u6295\u8d44 <a href=\"http:\/\/cleanandservices.pt\">\u4e13\u4e1a\u4eba\u5458<\/a> \u73b0\u5728\u5c31\u8054\u7cfb\u6211\u4eec\uff0c\u5f00\u59cb\u5408\u4f5c\uff01<\/p><p>\u4e0d\u8981\u6d6a\u8d39\u4efb\u4f55\u65f6\u95f4\uff01\u628a\u63e1\u8fd9\u6b21\u7279\u60e0\u673a\u4f1a\uff0c\u4e3a\u5728\u6b27\u6d32\u627e\u5230\u7406\u60f3\u5de5\u4f5c\u505a\u597d\u51c6\u5907\uff01<\/p>\t\t\t\t\t\t\t\t<\/div>\n\t\t\t\t<\/div>\n\t\t\t\t\t<\/div>\n\t\t<\/div>\n\t\t\t\t\t<\/div>\n\t\t<\/section>\n\t\t\t\t<\/div>","protected":false},"excerpt":{"rendered":"<p>Elabora\u00e7\u00e3o de Curr\u00edculo Europeu Europass e Tradu\u00e7\u00e3o de Fernando Benzecri Quer conquistar o Mercado de Trabalho na Europa? Aproveite esta oferta imperd\u00edvel! Se voc\u00ea est\u00e1 buscando oportunidades de emprego na Europa, ter um curr\u00edculo adaptado ao modelo europeu \u00e9 essencial. Com nossa oferta especial, voc\u00ea ter\u00e1 um curr\u00edculo personalizado para cada vaga espec\u00edfica, seguindo os [&hellip;]<\/p>\n","protected":false},"author":1,"featured_media":1658,"comment_status":"open","ping_status":"open","sticky":false,"template":"","format":"standard","meta":{"footnotes":""},"categories":[667,669],"tags":[215,213,212,214,217,216],"class_list":["post-1656","post","type-post","status-publish","format-standard","has-post-thumbnail","hentry","category-anuncios-de-vendas-de-servicos","category-assessoria-imigrantes","tag-como-montar-curriculo","tag-curriculo-europeu","tag-elaboracao-de-curriculo-europeu-europass","tag-europass","tag-ingles-para-entrevistas-de-emprego","tag-traducao-de-curriculo"],"acf":[],"yoast_head":"<!-- This site is optimized with the Yoast SEO plugin v27.5 - https:\/\/yoast.com\/product\/yoast-seo-wordpress\/ -->\n<title>Elabora\u00e7\u00e3o de Curr\u00edculo Europeu Europass e Tradu\u00e7\u00e3o de Fernando Benzecri - Encontre Portugal<\/title>\n<meta name=\"robots\" content=\"index, follow, max-snippet:-1, max-image-preview:large, max-video-preview:-1\" \/>\n<link rel=\"canonical\" href=\"https:\/\/encontreportugal.pt\/zh\/\u6b27\u6d32\u901a\u7968\u548c\u8d39\u5c14\u5357\u591a-\u672c\u6cfd\u514b\u91cc\u7684\u7ffb\u8bd1-2\/\" \/>\n<meta property=\"og:locale\" content=\"zh_CN\" \/>\n<meta property=\"og:type\" content=\"article\" \/>\n<meta property=\"og:title\" content=\"Elabora\u00e7\u00e3o de Curr\u00edculo Europeu Europass e Tradu\u00e7\u00e3o de Fernando Benzecri - Encontre Portugal\" \/>\n<meta property=\"og:url\" content=\"https:\/\/encontreportugal.pt\/zh\/\u6b27\u6d32\u901a\u7968\u548c\u8d39\u5c14\u5357\u591a-\u672c\u6cfd\u514b\u91cc\u7684\u7ffb\u8bd1-2\/\" \/>\n<meta property=\"og:site_name\" content=\"Encontre Portugal\" \/>\n<meta property=\"article:published_time\" content=\"2023-05-19T14:51:22+00:00\" \/>\n<meta property=\"article:modified_time\" content=\"2024-04-07T12:46:49+00:00\" \/>\n<meta property=\"og:image\" content=\"https:\/\/encontreportugal.pt\/wp-content\/uploads\/2023\/05\/220585-P19QPG-903.jpg\" \/>\n\t<meta property=\"og:image:width\" content=\"2000\" \/>\n\t<meta property=\"og:image:height\" content=\"2000\" \/>\n\t<meta property=\"og:image:type\" content=\"image\/jpeg\" \/>\n<meta name=\"author\" content=\"Douglas Barbosa\" \/>\n<meta name=\"twitter:card\" content=\"summary_large_image\" \/>\n<meta name=\"twitter:label1\" content=\"\u4f5c\u8005\" \/>\n\t<meta name=\"twitter:data1\" content=\"Douglas Barbosa\" \/>\n\t<meta name=\"twitter:label2\" content=\"\u9884\u8ba1\u9605\u8bfb\u65f6\u95f4\" \/>\n\t<meta name=\"twitter:data2\" content=\"2 \u5206\" \/>\n<script type=\"application\/ld+json\" class=\"yoast-schema-graph\">{\"@context\":\"https:\\\/\\\/schema.org\",\"@graph\":[{\"@type\":\"Article\",\"@id\":\"https:\\\/\\\/encontreportugal.pt\\\/elaboracao-de-curriculo-europeu-europass-e-traducao-de-fernando-benzecri\\\/#article\",\"isPartOf\":{\"@id\":\"https:\\\/\\\/encontreportugal.pt\\\/elaboracao-de-curriculo-europeu-europass-e-traducao-de-fernando-benzecri\\\/\"},\"author\":{\"name\":\"Douglas Barbosa\",\"@id\":\"https:\\\/\\\/encontreportugal.pt\\\/zh\\\/#\\\/schema\\\/person\\\/71ee126caa8e8746f4e1d07bb50ba747\"},\"headline\":\"Elabora\u00e7\u00e3o de Curr\u00edculo Europeu Europass e Tradu\u00e7\u00e3o de Fernando Benzecri\",\"datePublished\":\"2023-05-19T14:51:22+00:00\",\"dateModified\":\"2024-04-07T12:46:49+00:00\",\"mainEntityOfPage\":{\"@id\":\"https:\\\/\\\/encontreportugal.pt\\\/elaboracao-de-curriculo-europeu-europass-e-traducao-de-fernando-benzecri\\\/\"},\"wordCount\":510,\"commentCount\":0,\"publisher\":{\"@id\":\"https:\\\/\\\/encontreportugal.pt\\\/zh\\\/#organization\"},\"image\":{\"@id\":\"https:\\\/\\\/encontreportugal.pt\\\/elaboracao-de-curriculo-europeu-europass-e-traducao-de-fernando-benzecri\\\/#primaryimage\"},\"thumbnailUrl\":\"https:\\\/\\\/encontreportugal.pt\\\/wp-content\\\/uploads\\\/2023\\\/05\\\/220585-P19QPG-903.jpg\",\"keywords\":[\"como montar curriculo\",\"curr\u00edculo europeu\",\"elabora\u00e7\u00e3o de curr\u00edculo europeu europass\",\"europass\",\"ingl\u00eas para entrevistas de emprego\",\"tradu\u00e7\u00e3o de curr\u00edculo\"],\"articleSection\":[\"An\u00fancios de Vendas de Servi\u00e7os\",\"Assessoria imigrantes\"],\"inLanguage\":\"zh-Hans\",\"potentialAction\":[{\"@type\":\"CommentAction\",\"name\":\"Comment\",\"target\":[\"https:\\\/\\\/encontreportugal.pt\\\/elaboracao-de-curriculo-europeu-europass-e-traducao-de-fernando-benzecri\\\/#respond\"]}]},{\"@type\":\"WebPage\",\"@id\":\"https:\\\/\\\/encontreportugal.pt\\\/elaboracao-de-curriculo-europeu-europass-e-traducao-de-fernando-benzecri\\\/\",\"url\":\"https:\\\/\\\/encontreportugal.pt\\\/elaboracao-de-curriculo-europeu-europass-e-traducao-de-fernando-benzecri\\\/\",\"name\":\"Elabora\u00e7\u00e3o de Curr\u00edculo Europeu Europass e Tradu\u00e7\u00e3o de Fernando Benzecri - Encontre Portugal\",\"isPartOf\":{\"@id\":\"https:\\\/\\\/encontreportugal.pt\\\/zh\\\/#website\"},\"primaryImageOfPage\":{\"@id\":\"https:\\\/\\\/encontreportugal.pt\\\/elaboracao-de-curriculo-europeu-europass-e-traducao-de-fernando-benzecri\\\/#primaryimage\"},\"image\":{\"@id\":\"https:\\\/\\\/encontreportugal.pt\\\/elaboracao-de-curriculo-europeu-europass-e-traducao-de-fernando-benzecri\\\/#primaryimage\"},\"thumbnailUrl\":\"https:\\\/\\\/encontreportugal.pt\\\/wp-content\\\/uploads\\\/2023\\\/05\\\/220585-P19QPG-903.jpg\",\"datePublished\":\"2023-05-19T14:51:22+00:00\",\"dateModified\":\"2024-04-07T12:46:49+00:00\",\"breadcrumb\":{\"@id\":\"https:\\\/\\\/encontreportugal.pt\\\/elaboracao-de-curriculo-europeu-europass-e-traducao-de-fernando-benzecri\\\/#breadcrumb\"},\"inLanguage\":\"zh-Hans\",\"potentialAction\":[{\"@type\":\"ReadAction\",\"target\":[\"https:\\\/\\\/encontreportugal.pt\\\/elaboracao-de-curriculo-europeu-europass-e-traducao-de-fernando-benzecri\\\/\"]}]},{\"@type\":\"ImageObject\",\"inLanguage\":\"zh-Hans\",\"@id\":\"https:\\\/\\\/encontreportugal.pt\\\/elaboracao-de-curriculo-europeu-europass-e-traducao-de-fernando-benzecri\\\/#primaryimage\",\"url\":\"https:\\\/\\\/encontreportugal.pt\\\/wp-content\\\/uploads\\\/2023\\\/05\\\/220585-P19QPG-903.jpg\",\"contentUrl\":\"https:\\\/\\\/encontreportugal.pt\\\/wp-content\\\/uploads\\\/2023\\\/05\\\/220585-P19QPG-903.jpg\",\"width\":2000,\"height\":2000,\"caption\":\"curr\u00edculo europeu europass\"},{\"@type\":\"BreadcrumbList\",\"@id\":\"https:\\\/\\\/encontreportugal.pt\\\/elaboracao-de-curriculo-europeu-europass-e-traducao-de-fernando-benzecri\\\/#breadcrumb\",\"itemListElement\":[{\"@type\":\"ListItem\",\"position\":1,\"name\":\"In\u00edcio\",\"item\":\"https:\\\/\\\/encontreportugal.pt\\\/zh\\\/\"},{\"@type\":\"ListItem\",\"position\":2,\"name\":\"Elabora\u00e7\u00e3o de Curr\u00edculo Europeu Europass e Tradu\u00e7\u00e3o de Fernando Benzecri\"}]},{\"@type\":\"WebSite\",\"@id\":\"https:\\\/\\\/encontreportugal.pt\\\/zh\\\/#website\",\"url\":\"https:\\\/\\\/encontreportugal.pt\\\/zh\\\/\",\"name\":\"Encontre Portugal\",\"description\":\"O maior Portal de dicas ao imigrante brasileiro em Portugal.\",\"publisher\":{\"@id\":\"https:\\\/\\\/encontreportugal.pt\\\/zh\\\/#organization\"},\"potentialAction\":[{\"@type\":\"SearchAction\",\"target\":{\"@type\":\"EntryPoint\",\"urlTemplate\":\"https:\\\/\\\/encontreportugal.pt\\\/zh\\\/?s={search_term_string}\"},\"query-input\":{\"@type\":\"PropertyValueSpecification\",\"valueRequired\":true,\"valueName\":\"search_term_string\"}}],\"inLanguage\":\"zh-Hans\"},{\"@type\":\"Organization\",\"@id\":\"https:\\\/\\\/encontreportugal.pt\\\/zh\\\/#organization\",\"name\":\"Encontre Portugal\",\"url\":\"https:\\\/\\\/encontreportugal.pt\\\/zh\\\/\",\"logo\":{\"@type\":\"ImageObject\",\"inLanguage\":\"zh-Hans\",\"@id\":\"https:\\\/\\\/encontreportugal.pt\\\/zh\\\/#\\\/schema\\\/logo\\\/image\\\/\",\"url\":\"https:\\\/\\\/encontreportugal.pt\\\/wp-content\\\/uploads\\\/2024\\\/04\\\/cropped-logo-encontre-portugal.png\",\"contentUrl\":\"https:\\\/\\\/encontreportugal.pt\\\/wp-content\\\/uploads\\\/2024\\\/04\\\/cropped-logo-encontre-portugal.png\",\"width\":500,\"height\":165,\"caption\":\"Encontre Portugal\"},\"image\":{\"@id\":\"https:\\\/\\\/encontreportugal.pt\\\/zh\\\/#\\\/schema\\\/logo\\\/image\\\/\"}},{\"@type\":\"Person\",\"@id\":\"https:\\\/\\\/encontreportugal.pt\\\/zh\\\/#\\\/schema\\\/person\\\/71ee126caa8e8746f4e1d07bb50ba747\",\"name\":\"Douglas Barbosa\",\"image\":{\"@type\":\"ImageObject\",\"inLanguage\":\"zh-Hans\",\"@id\":\"https:\\\/\\\/encontreportugal.pt\\\/wp-content\\\/uploads\\\/2024\\\/03\\\/douglasfdb_avatar-96x96.jpeg\",\"url\":\"https:\\\/\\\/encontreportugal.pt\\\/wp-content\\\/uploads\\\/2024\\\/03\\\/douglasfdb_avatar-96x96.jpeg\",\"contentUrl\":\"https:\\\/\\\/encontreportugal.pt\\\/wp-content\\\/uploads\\\/2024\\\/03\\\/douglasfdb_avatar-96x96.jpeg\",\"caption\":\"Douglas Barbosa\"},\"description\":\"Graduado em Tecnologia de Redes de Computadores e com P\u00f3s-Gradua\u00e7\u00e3o em Marketing Digital, Business Intelligence e Estrat\u00e9gia Data-Driven pela Pontif\u00edcia Universidade Cat\u00f3lica (PUC). Capacita\u00e7\u00e3o em Linguagem Corporal e Detec\u00e7\u00e3o de Microexpress\u00f5es Faciais. Participa\u00e7\u00e3o na forma\u00e7\u00e3o \\\"M\u00e1quina de Tr\u00e1fego e Convers\u00e3o - Aprenda a Vender Mais pelo Google Todos os Dias\\\". Certificado pelo Google em Rede de Pesquisa. Vasta experi\u00eancia em projetos de SEO, gest\u00e3o de tr\u00e1fego pago no Google Ads e Cria\u00e7\u00e3o de Websites.\",\"sameAs\":[\"https:\\\/\\\/encontreportugal.pt\"],\"url\":\"https:\\\/\\\/encontreportugal.pt\\\/zh\\\/author\\\/douglasfdb\\\/\"}]}<\/script>\n<!-- \/ Yoast SEO plugin. -->","yoast_head_json":{"title":"\u8d39\u5c14\u5357\u591a-\u672c\u6cfd\u514b\u91cc\uff08Fernando Benzecri\uff09\u7684\u6b27\u6d32\u901a\u5173\u7b80\u5386\u51c6\u5907\u548c\u7ffb\u8bd1 - Encontre Portugal","robots":{"index":"index","follow":"follow","max-snippet":"max-snippet:-1","max-image-preview":"max-image-preview:large","max-video-preview":"max-video-preview:-1"},"canonical":"https:\/\/encontreportugal.pt\/zh\/\u6b27\u6d32\u901a\u7968\u548c\u8d39\u5c14\u5357\u591a-\u672c\u6cfd\u514b\u91cc\u7684\u7ffb\u8bd1-2\/","og_locale":"zh_CN","og_type":"article","og_title":"Elabora\u00e7\u00e3o de Curr\u00edculo Europeu Europass e Tradu\u00e7\u00e3o de Fernando Benzecri - Encontre Portugal","og_url":"https:\/\/encontreportugal.pt\/zh\/\u6b27\u6d32\u901a\u7968\u548c\u8d39\u5c14\u5357\u591a-\u672c\u6cfd\u514b\u91cc\u7684\u7ffb\u8bd1-2\/","og_site_name":"Encontre Portugal","article_published_time":"2023-05-19T14:51:22+00:00","article_modified_time":"2024-04-07T12:46:49+00:00","og_image":[{"width":2000,"height":2000,"url":"https:\/\/encontreportugal.pt\/wp-content\/uploads\/2023\/05\/220585-P19QPG-903.jpg","type":"image\/jpeg"}],"author":"Douglas Barbosa","twitter_card":"summary_large_image","twitter_misc":{"\u4f5c\u8005":"Douglas Barbosa","\u9884\u8ba1\u9605\u8bfb\u65f6\u95f4":"2 \u5206"},"schema":{"@context":"https:\/\/schema.org","@graph":[{"@type":"Article","@id":"https:\/\/encontreportugal.pt\/elaboracao-de-curriculo-europeu-europass-e-traducao-de-fernando-benzecri\/#article","isPartOf":{"@id":"https:\/\/encontreportugal.pt\/elaboracao-de-curriculo-europeu-europass-e-traducao-de-fernando-benzecri\/"},"author":{"name":"Douglas Barbosa","@id":"https:\/\/encontreportugal.pt\/zh\/#\/schema\/person\/71ee126caa8e8746f4e1d07bb50ba747"},"headline":"Elabora\u00e7\u00e3o de Curr\u00edculo Europeu Europass e Tradu\u00e7\u00e3o de Fernando Benzecri","datePublished":"2023-05-19T14:51:22+00:00","dateModified":"2024-04-07T12:46:49+00:00","mainEntityOfPage":{"@id":"https:\/\/encontreportugal.pt\/elaboracao-de-curriculo-europeu-europass-e-traducao-de-fernando-benzecri\/"},"wordCount":510,"commentCount":0,"publisher":{"@id":"https:\/\/encontreportugal.pt\/zh\/#organization"},"image":{"@id":"https:\/\/encontreportugal.pt\/elaboracao-de-curriculo-europeu-europass-e-traducao-de-fernando-benzecri\/#primaryimage"},"thumbnailUrl":"https:\/\/encontreportugal.pt\/wp-content\/uploads\/2023\/05\/220585-P19QPG-903.jpg","keywords":["como montar curriculo","curr\u00edculo europeu","elabora\u00e7\u00e3o de curr\u00edculo europeu europass","europass","ingl\u00eas para entrevistas de emprego","tradu\u00e7\u00e3o de curr\u00edculo"],"articleSection":["An\u00fancios de Vendas de Servi\u00e7os","Assessoria imigrantes"],"inLanguage":"zh-Hans","potentialAction":[{"@type":"CommentAction","name":"Comment","target":["https:\/\/encontreportugal.pt\/elaboracao-de-curriculo-europeu-europass-e-traducao-de-fernando-benzecri\/#respond"]}]},{"@type":"WebPage","@id":"https:\/\/encontreportugal.pt\/elaboracao-de-curriculo-europeu-europass-e-traducao-de-fernando-benzecri\/","url":"https:\/\/encontreportugal.pt\/elaboracao-de-curriculo-europeu-europass-e-traducao-de-fernando-benzecri\/","name":"\u8d39\u5c14\u5357\u591a-\u672c\u6cfd\u514b\u91cc\uff08Fernando Benzecri\uff09\u7684\u6b27\u6d32\u901a\u5173\u7b80\u5386\u51c6\u5907\u548c\u7ffb\u8bd1 - Encontre Portugal","isPartOf":{"@id":"https:\/\/encontreportugal.pt\/zh\/#website"},"primaryImageOfPage":{"@id":"https:\/\/encontreportugal.pt\/elaboracao-de-curriculo-europeu-europass-e-traducao-de-fernando-benzecri\/#primaryimage"},"image":{"@id":"https:\/\/encontreportugal.pt\/elaboracao-de-curriculo-europeu-europass-e-traducao-de-fernando-benzecri\/#primaryimage"},"thumbnailUrl":"https:\/\/encontreportugal.pt\/wp-content\/uploads\/2023\/05\/220585-P19QPG-903.jpg","datePublished":"2023-05-19T14:51:22+00:00","dateModified":"2024-04-07T12:46:49+00:00","breadcrumb":{"@id":"https:\/\/encontreportugal.pt\/elaboracao-de-curriculo-europeu-europass-e-traducao-de-fernando-benzecri\/#breadcrumb"},"inLanguage":"zh-Hans","potentialAction":[{"@type":"ReadAction","target":["https:\/\/encontreportugal.pt\/elaboracao-de-curriculo-europeu-europass-e-traducao-de-fernando-benzecri\/"]}]},{"@type":"ImageObject","inLanguage":"zh-Hans","@id":"https:\/\/encontreportugal.pt\/elaboracao-de-curriculo-europeu-europass-e-traducao-de-fernando-benzecri\/#primaryimage","url":"https:\/\/encontreportugal.pt\/wp-content\/uploads\/2023\/05\/220585-P19QPG-903.jpg","contentUrl":"https:\/\/encontreportugal.pt\/wp-content\/uploads\/2023\/05\/220585-P19QPG-903.jpg","width":2000,"height":2000,"caption":"curr\u00edculo europeu europass"},{"@type":"BreadcrumbList","@id":"https:\/\/encontreportugal.pt\/elaboracao-de-curriculo-europeu-europass-e-traducao-de-fernando-benzecri\/#breadcrumb","itemListElement":[{"@type":"ListItem","position":1,"name":"In\u00edcio","item":"https:\/\/encontreportugal.pt\/zh\/"},{"@type":"ListItem","position":2,"name":"Elabora\u00e7\u00e3o de Curr\u00edculo Europeu Europass e Tradu\u00e7\u00e3o de Fernando Benzecri"}]},{"@type":"WebSite","@id":"https:\/\/encontreportugal.pt\/zh\/#website","url":"https:\/\/encontreportugal.pt\/zh\/","name":"\u5bfb\u627e\u8461\u8404\u7259","description":"\u8461\u8404\u7259\u6700\u5927\u7684\u5df4\u897f\u79fb\u6c11\u63d0\u793a\u95e8\u6237\u7f51\u7ad9\u3002","publisher":{"@id":"https:\/\/encontreportugal.pt\/zh\/#organization"},"potentialAction":[{"@type":"SearchAction","target":{"@type":"EntryPoint","urlTemplate":"https:\/\/encontreportugal.pt\/zh\/?s={search_term_string}"},"query-input":{"@type":"PropertyValueSpecification","valueRequired":true,"valueName":"search_term_string"}}],"inLanguage":"zh-Hans"},{"@type":"Organization","@id":"https:\/\/encontreportugal.pt\/zh\/#organization","name":"\u5bfb\u627e\u8461\u8404\u7259","url":"https:\/\/encontreportugal.pt\/zh\/","logo":{"@type":"ImageObject","inLanguage":"zh-Hans","@id":"https:\/\/encontreportugal.pt\/zh\/#\/schema\/logo\/image\/","url":"https:\/\/encontreportugal.pt\/wp-content\/uploads\/2024\/04\/cropped-logo-encontre-portugal.png","contentUrl":"https:\/\/encontreportugal.pt\/wp-content\/uploads\/2024\/04\/cropped-logo-encontre-portugal.png","width":500,"height":165,"caption":"Encontre Portugal"},"image":{"@id":"https:\/\/encontreportugal.pt\/zh\/#\/schema\/logo\/image\/"}},{"@type":"Person","@id":"https:\/\/encontreportugal.pt\/zh\/#\/schema\/person\/71ee126caa8e8746f4e1d07bb50ba747","name":"\u9053\u683c\u62c9\u65af-\u5df4\u5c14\u535a\u8428","image":{"@type":"ImageObject","inLanguage":"zh-Hans","@id":"https:\/\/encontreportugal.pt\/wp-content\/uploads\/2024\/03\/douglasfdb_avatar-96x96.jpeg","url":"https:\/\/encontreportugal.pt\/wp-content\/uploads\/2024\/03\/douglasfdb_avatar-96x96.jpeg","contentUrl":"https:\/\/encontreportugal.pt\/wp-content\/uploads\/2024\/03\/douglasfdb_avatar-96x96.jpeg","caption":"Douglas Barbosa"},"description":"\u4ed6\u62e5\u6709\u5929\u4e3b\u6559\u5b97\u5ea7\u5927\u5b66\uff08PUC\uff09\u8ba1\u7b97\u673a\u7f51\u7edc\u6280\u672f\u5b66\u4f4d\u4ee5\u53ca\u6570\u5b57\u8425\u9500\u3001\u5546\u4e1a\u667a\u80fd\u548c\u6570\u636e\u9a71\u52a8\u6218\u7565\u7814\u7a76\u751f\u5b66\u5386\u3002\u8eab\u4f53\u8bed\u8a00\u548c\u9762\u90e8\u5fae\u8868\u60c5\u68c0\u6d4b\u57f9\u8bad\u3002\u53c2\u52a0 \"\u6d41\u91cf\u548c\u8f6c\u5316\u673a\u5668--\u5b66\u4f1a\u6bcf\u5929\u901a\u8fc7\u8c37\u6b4c\u9500\u552e\u66f4\u591a\u4ea7\u54c1 \"\u57f9\u8bad\u8bfe\u7a0b\u3002\u83b7\u5f97\u8c37\u6b4c\u641c\u7d22\u5f15\u64ce\u4f18\u5316\u8ba4\u8bc1\u3002\u5728\u641c\u7d22\u5f15\u64ce\u4f18\u5316\u9879\u76ee\u3001\u8c37\u6b4c\u5e7f\u544a\u4ed8\u8d39\u6d41\u91cf\u7ba1\u7406\u548c\u7f51\u7ad9\u521b\u5efa\u65b9\u9762\u62e5\u6709\u4e30\u5bcc\u7ecf\u9a8c\u3002","sameAs":["https:\/\/encontreportugal.pt"],"url":"https:\/\/encontreportugal.pt\/zh\/author\/douglasfdb\/"}]}},"_links":{"self":[{"href":"https:\/\/encontreportugal.pt\/zh\/wp-json\/wp\/v2\/posts\/1656","targetHints":{"allow":["GET"]}}],"collection":[{"href":"https:\/\/encontreportugal.pt\/zh\/wp-json\/wp\/v2\/posts"}],"about":[{"href":"https:\/\/encontreportugal.pt\/zh\/wp-json\/wp\/v2\/types\/post"}],"author":[{"embeddable":true,"href":"https:\/\/encontreportugal.pt\/zh\/wp-json\/wp\/v2\/users\/1"}],"replies":[{"embeddable":true,"href":"https:\/\/encontreportugal.pt\/zh\/wp-json\/wp\/v2\/comments?post=1656"}],"version-history":[{"count":0,"href":"https:\/\/encontreportugal.pt\/zh\/wp-json\/wp\/v2\/posts\/1656\/revisions"}],"wp:featuredmedia":[{"embeddable":true,"href":"https:\/\/encontreportugal.pt\/zh\/wp-json\/wp\/v2\/media\/1658"}],"wp:attachment":[{"href":"https:\/\/encontreportugal.pt\/zh\/wp-json\/wp\/v2\/media?parent=1656"}],"wp:term":[{"taxonomy":"category","embeddable":true,"href":"https:\/\/encontreportugal.pt\/zh\/wp-json\/wp\/v2\/categories?post=1656"},{"taxonomy":"post_tag","embeddable":true,"href":"https:\/\/encontreportugal.pt\/zh\/wp-json\/wp\/v2\/tags?post=1656"}],"curies":[{"name":"wp","href":"https:\/\/api.w.org\/{rel}","templated":true}]}}