{"id":21538,"date":"2025-09-30T12:19:20","date_gmt":"2025-09-30T12:19:20","guid":{"rendered":"https:\/\/encontreportugal.pt\/?p=21538"},"modified":"2025-09-30T12:19:20","modified_gmt":"2025-09-30T12:19:20","slug":"a-industria-como-pilar-do-desenvolvimento-socioeconomico","status":"publish","type":"post","link":"https:\/\/encontreportugal.pt\/zh\/a-industria-como-pilar-do-desenvolvimento-socioeconomico\/","title":{"rendered":"\u5de5\u4e1a\u662f\u793e\u4f1a\u7ecf\u6d4e\u53d1\u5c55\u7684\u652f\u67f1\u00a0"},"content":{"rendered":"<h2><span style=\"font-weight: 400;\">\u5de5\u4e1a\u662f\u793e\u4f1a\u7ecf\u6d4e\u53d1\u5c55\u7684\u652f\u67f1\u00a0<\/span><\/h2>\n<p><span style=\"font-weight: 400;\">A ind\u00fastria desempenha um papel fundamental no crescimento econ\u00f4mico e na estabilidade social de qualquer pa\u00eds. Al\u00e9m de <a href=\"https:\/\/encontreportugal.pt\/zh\/vaga-de-emprego-profissional-de-limpeza-na-clean-and-services-em-lisboa\/\">gerar empregos<\/a> diretos em f\u00e1bricas e unidades de produ\u00e7\u00e3o, ela impulsiona cadeias produtivas, incentiva a inova\u00e7\u00e3o tecnol\u00f3gica e fortalece setores estrat\u00e9gicos da economia.\u00a0\u00a0<\/span><\/p>\n<p><span style=\"font-weight: 400;\">Um pa\u00eds com ind\u00fastria s\u00f3lida tende a apresentar maior produtividade, capacidade de exporta\u00e7\u00e3o e resili\u00eancia frente a crises econ\u00f4micas. Mais do que gerar riqueza, a ind\u00fastria impacta diretamente a qualidade de vida da popula\u00e7\u00e3o.\u00a0\u00a0<\/span><\/p>\n<p><span style=\"font-weight: 400;\">O aumento de postos de trabalho, a oferta de produtos e servi\u00e7os de qualidade e o desenvolvimento de infraestrutura refletem-se na melhoria de padr\u00f5es sociais e na redu\u00e7\u00e3o de desigualdades regionais. O setor industrial, portanto, \u00e9 um agente de transforma\u00e7\u00e3o social, conectando crescimento econ\u00f4mico \u00e0 prosperidade coletiva.\u00a0<\/span><\/p>\n<h2><span style=\"font-weight: 400;\">Gera\u00e7\u00e3o de empregos e capacita\u00e7\u00e3o profissional\u00a0<\/span><\/h2>\n<p><span style=\"font-weight: 400;\">Um dos impactos mais imediatos da ind\u00fastria no desenvolvimento socioecon\u00f4mico \u00e9 a gera\u00e7\u00e3o de empregos. Desde fun\u00e7\u00f5es operacionais em f\u00e1bricas at\u00e9 cargos estrat\u00e9gicos em \u00e1reas de gest\u00e3o, engenharia e log\u00edstica, o setor absorve profissionais de diferentes n\u00edveis de qualifica\u00e7\u00e3o.\u00a0\u00a0<\/span><\/p>\n<p><span style=\"font-weight: 400;\">Al\u00e9m disso, a ind\u00fastria promove programas de capacita\u00e7\u00e3o, treinamento t\u00e9cnico e educa\u00e7\u00e3o profissional, ampliando a qualifica\u00e7\u00e3o da m\u00e3o de obra dispon\u00edvel. Essa qualifica\u00e7\u00e3o beneficia a ind\u00fastria e toda a sociedade, pois profissionais treinados podem transitar entre setores, contribuindo para uma economia mais din\u00e2mica.\u00a0\u00a0<\/span><\/p>\n<p><span style=\"font-weight: 400;\">Com a automa\u00e7\u00e3o e tecnologias avan\u00e7adas sendo incorporadas, a forma\u00e7\u00e3o cont\u00ednua torna-se ainda mais relevante, estimulando inova\u00e7\u00e3o, produtividade e competitividade no cen\u00e1rio nacional e internacional.\u00a0<\/span><\/p>\n<h2><span style=\"font-weight: 400;\">Impulso \u00e0 inova\u00e7\u00e3o e tecnologia\u00a0<\/span><\/h2>\n<p><span style=\"font-weight: 400;\">A ind\u00fastria \u00e9 um dos principais motores da inova\u00e7\u00e3o tecnol\u00f3gica. A necessidade de aumentar efici\u00eancia, reduzir custos e atender \u00e0s demandas do mercado impulsiona investimentos em pesquisa e desenvolvimento (P&amp;D).\u00a0\u00a0<\/span><\/p>\n<p><span style=\"font-weight: 400;\">Empresas industriais que investem em tecnologias emergentes, como impress\u00e3o 3D, rob\u00f3tica e intelig\u00eancia artificial, n\u00e3o s\u00f3 melhoram seus processos internos, mas tamb\u00e9m estimulam o surgimento de novos produtos e servi\u00e7os no mercado. Al\u00e9m disso, a inova\u00e7\u00e3o industrial tem efeito multiplicador em setores adjacentes.\u00a0<\/span><\/p>\n<p><span style=\"font-weight: 400;\">Fornecedores, prestadores de servi\u00e7os e startups tecnol\u00f3gicas se beneficiam da demanda por solu\u00e7\u00f5es mais avan\u00e7adas, gerando ecossistemas de inova\u00e7\u00e3o que fortalecem a economia. Pa\u00edses que estimulam a ind\u00fastria tecnol\u00f3gica tendem a ter maior capacidade de competir globalmente, consolidando seu papel no com\u00e9rcio internacional.\u00a0<\/span><\/p>\n<h2><span style=\"font-weight: 400;\">Desenvolvimento regional e infraestrutura\u00a0<\/span><\/h2>\n<p><span style=\"font-weight: 400;\">A presen\u00e7a de polos industriais contribui diretamente para o desenvolvimento regional. A instala\u00e7\u00e3o de f\u00e1bricas e complexos produtivos demanda infraestrutura de transporte, energia, saneamento e comunica\u00e7\u00e3o, promovendo melhorias que beneficiam a popula\u00e7\u00e3o local.\u00a0\u00a0<\/span><\/p>\n<p><span style=\"font-weight: 400;\">Al\u00e9m disso, regi\u00f5es com ind\u00fastrias bem estabelecidas atraem investimentos complementares, como centros de log\u00edstica, distribuidores e empresas de servi\u00e7os, gerando um ciclo virtuoso de crescimento econ\u00f4mico.\u00a0<\/span><\/p>\n<ul>\n<li style=\"font-weight: 400;\" aria-level=\"1\"><span style=\"font-weight: 400;\">a presen\u00e7a industrial atrai centros de log\u00edstica, otimizando o transporte de produtos.\u00a0<\/span><\/li>\n<\/ul>\n<ul>\n<li style=\"font-weight: 400;\" aria-level=\"1\"><span style=\"font-weight: 400;\">empresas distribuidoras se estabelecem pr\u00f3ximas a polos industriais, reduzindo custos e prazos de entrega.\u00a0<\/span><\/li>\n<\/ul>\n<ul>\n<li style=\"font-weight: 400;\" aria-level=\"1\"><span style=\"font-weight: 400;\">prestadores de servi\u00e7os especializados surgem para atender demandas espec\u00edficas da ind\u00fastria.\u00a0<\/span><\/li>\n<\/ul>\n<ul>\n<li style=\"font-weight: 400;\" aria-level=\"1\"><span style=\"font-weight: 400;\">a concentra\u00e7\u00e3o de neg\u00f3cios cria sinergia entre setores, estimulando inova\u00e7\u00e3o e efici\u00eancia.\u00a0<\/span><\/li>\n<\/ul>\n<ul>\n<li style=\"font-weight: 400;\" aria-level=\"1\"><span style=\"font-weight: 400;\">o fortalecimento da cadeia produtiva gera empregos qualificados e aumenta a renda local.\u00a0<\/span><\/li>\n<\/ul>\n<p><span style=\"font-weight: 400;\">Esse desenvolvimento n\u00e3o se limita \u00e0s grandes cidades. Incentivos para descentraliza\u00e7\u00e3o industrial promovem a ocupa\u00e7\u00e3o produtiva de \u00e1reas menos favorecidas, reduzindo desigualdades regionais.\u00a0\u00a0<\/span><\/p>\n<p><span style=\"font-weight: 400;\">A ind\u00fastria, nesse contexto, atua como um catalisador de transforma\u00e7\u00e3o social, criando oportunidades para comunidades historicamente marginalizadas e fortalecendo a integra\u00e7\u00e3o econ\u00f4mica do pa\u00eds.\u00a0<\/span><\/p>\n<ol>\n<li style=\"font-weight: 400;\" aria-level=\"1\">\n<h3><span style=\"font-weight: 400;\">Gera\u00e7\u00e3o de empregos e capacita\u00e7\u00e3o profissional\u00a0<\/span><\/h3>\n<\/li>\n<\/ol>\n<p><span style=\"font-weight: 400;\">A presen\u00e7a de ind\u00fastrias em uma regi\u00e3o impulsiona a cria\u00e7\u00e3o de empregos diretos e indiretos. Al\u00e9m das vagas na pr\u00f3pria f\u00e1brica, surgem oportunidades em setores como transporte, manuten\u00e7\u00e3o, log\u00edstica, alimenta\u00e7\u00e3o e servi\u00e7os gerais, ampliando o impacto positivo sobre a economia local.\u00a0<\/span><\/p>\n<p><span style=\"font-weight: 400;\">O aumento do emprego tamb\u00e9m contribui para a melhoria da renda m\u00e9dia da popula\u00e7\u00e3o e para a dinamiza\u00e7\u00e3o do com\u00e9rcio regional. Paralelamente, a ind\u00fastria estimula programas de capacita\u00e7\u00e3o e qualifica\u00e7\u00e3o profissional, preparando trabalhadores para fun\u00e7\u00f5es especializadas e aumentando a competitividade da m\u00e3o de obra local.\u00a0\u00a0<\/span><\/p>\n<p><span style=\"font-weight: 400;\">Cursos t\u00e9cnicos, treinamentos internos e parcerias com institui\u00e7\u00f5es educacionais elevam o n\u00edvel de conhecimento da comunidade, fortalecendo a capacidade produtiva e gerando efeitos duradouros para o desenvolvimento regional.\u00a0<\/span><\/p>\n<ol>\n<li style=\"font-weight: 400;\" aria-level=\"1\">\n<h3><span style=\"font-weight: 400;\">Moderniza\u00e7\u00e3o da infraestrutura urbana\u00a0<\/span><\/h3>\n<\/li>\n<\/ol>\n<p><span style=\"font-weight: 400;\">O estabelecimento de polos industriais exige melhorias na infraestrutura urbana, como estradas, transporte p\u00fablico, redes de energia e saneamento b\u00e1sico. Essas melhorias beneficiam n\u00e3o apenas as empresas, mas toda a popula\u00e7\u00e3o da regi\u00e3o, facilitando a mobilidade, reduzindo custos log\u00edsticos e aumentando a qualidade de vida.\u00a0<\/span><\/p>\n<p><span style=\"font-weight: 400;\">Investimentos em tecnologia e conectividade tamb\u00e9m se tornam priorit\u00e1rios, incluindo a implementa\u00e7\u00e3o de equipamentos modernos, como a <\/span><a href=\"https:\/\/www.solucoesindustriais.com.br\/maquina-encapsuladora\"><b>M\u00e1quina Encapsuladora<\/b><\/a><span style=\"font-weight: 400;\">, que otimiza processos produtivos e aumenta a efici\u00eancia operacional.\u00a0<\/span><\/p>\n<p><span style=\"font-weight: 400;\">\u00a0Assim, a infraestrutura criada para atender \u00e0 ind\u00fastria se transforma em um legado para a comunidade, permitindo maior integra\u00e7\u00e3o, capacita\u00e7\u00e3o t\u00e9cnica e desenvolvimento econ\u00f4mico sustent\u00e1vel.\u00a0<\/span><\/p>\n<ol>\n<li style=\"font-weight: 400;\" aria-level=\"1\">\n<h3><span style=\"font-weight: 400;\">Est\u00edmulo \u00e0 economia local\u00a0<\/span><\/h3>\n<\/li>\n<\/ol>\n<p><span style=\"font-weight: 400;\">A presen\u00e7a de ind\u00fastrias fortalece a economia local ao gerar demanda por produtos e servi\u00e7os de empresas vizinhas, estimulando o crescimento de pequenas e m\u00e9dias empresas, fomentando o empreendedorismo e criando oportunidades de emprego.\u00a0<\/span><\/p>\n<p><span style=\"font-weight: 400;\">Fornecedores de mat\u00e9rias-primas, prestadores de servi\u00e7os de manuten\u00e7\u00e3o, alimenta\u00e7\u00e3o, transporte e at\u00e9 equipamentos industriais se beneficiam diretamente, criando um ecossistema econ\u00f4mico integrado.\u00a0<\/span><\/p>\n<p><span style=\"font-weight: 400;\">Esse est\u00edmulo econ\u00f4mico se traduz em maior arrecada\u00e7\u00e3o de impostos para os munic\u00edpios, que podem reinvestir em sa\u00fade, educa\u00e7\u00e3o e infraestrutura, promovendo um ciclo virtuoso de crescimento.\u00a0\u00a0<\/span><\/p>\n<ul>\n<li style=\"font-weight: 400;\" aria-level=\"1\"><span style=\"font-weight: 400;\">diversifica\u00e7\u00e3o econ\u00f4mica aumenta a estabilidade financeira regional.\u00a0<\/span><\/li>\n<\/ul>\n<ul>\n<li style=\"font-weight: 400;\" aria-level=\"1\"><span style=\"font-weight: 400;\">reduz a vulnerabilidade a flutua\u00e7\u00f5es de setores espec\u00edficos.\u00a0<\/span><\/li>\n<\/ul>\n<ul>\n<li style=\"font-weight: 400;\" aria-level=\"1\"><span style=\"font-weight: 400;\">estimula o desenvolvimento de novos mercados e nichos.\u00a0<\/span><\/li>\n<\/ul>\n<ul>\n<li style=\"font-weight: 400;\" aria-level=\"1\"><span style=\"font-weight: 400;\">atra\u00ed investimentos variados e promove inova\u00e7\u00e3o.\u00a0<\/span><\/li>\n<\/ul>\n<ul>\n<li style=\"font-weight: 400;\" aria-level=\"1\"><span style=\"font-weight: 400;\">fortalece a resili\u00eancia da comunidade frente a crises econ\u00f4micas.\u00a0<\/span><\/li>\n<\/ul>\n<ul>\n<li style=\"font-weight: 400;\" aria-level=\"1\"><span style=\"font-weight: 400;\">cria oportunidades de emprego mais est\u00e1veis e diversificadas.\u00a0<\/span><\/li>\n<\/ul>\n<ul>\n<li style=\"font-weight: 400;\" aria-level=\"1\"><span style=\"font-weight: 400;\">incentiva o empreendedorismo local e a competitividade entre empresas.\u00a0<\/span><\/li>\n<\/ul>\n<ol>\n<li style=\"font-weight: 400;\" aria-level=\"1\">\n<h3><span style=\"font-weight: 400;\">Descentraliza\u00e7\u00e3o industrial e redu\u00e7\u00e3o de desigualdades\u00a0<\/span><\/h3>\n<\/li>\n<\/ol>\n<p><span style=\"font-weight: 400;\">A instala\u00e7\u00e3o de ind\u00fastrias em regi\u00f5es menos favorecidas promove um efeito multiplicador na economia local. Al\u00e9m de gerar empregos diretos nas f\u00e1bricas, cria demanda por servi\u00e7os complementares, como transporte, alimenta\u00e7\u00e3o, log\u00edstica e manuten\u00e7\u00e3o, beneficiando pequenas e m\u00e9dias empresas da regi\u00e3o.\u00a0\u00a0<\/span><\/p>\n<p><span style=\"font-weight: 400;\">Esse est\u00edmulo econ\u00f4mico aumenta a circula\u00e7\u00e3o de renda e melhora a qualidade de vida da popula\u00e7\u00e3o local, criando um ciclo virtuoso de crescimento sustent\u00e1vel. Al\u00e9m dos impactos econ\u00f4micos, a descentraliza\u00e7\u00e3o industrial contribui para a integra\u00e7\u00e3o social e territorial.\u00a0\u00a0<\/span><\/p>\n<p><span style=\"font-weight: 400;\">Comunidades historicamente marginalizadas passam a ter acesso a capacita\u00e7\u00e3o profissional, programas de qualifica\u00e7\u00e3o e infraestrutura b\u00e1sica, como energia, saneamento e transporte, que acompanham os investimentos industriais.\u00a0\u00a0<\/span><\/p>\n<ul>\n<li style=\"font-weight: 400;\" aria-level=\"1\"><span style=\"font-weight: 400;\">gera\u00e7\u00e3o de empregos em regi\u00f5es tradicionalmente pouco desenvolvidas.\u00a0<\/span><\/li>\n<\/ul>\n<ul>\n<li style=\"font-weight: 400;\" aria-level=\"1\"><span style=\"font-weight: 400;\">est\u00edmulo ao crescimento econ\u00f4mico local e regional.\u00a0<\/span><\/li>\n<\/ul>\n<ul>\n<li style=\"font-weight: 400;\" aria-level=\"1\"><span style=\"font-weight: 400;\">redu\u00e7\u00e3o da migra\u00e7\u00e3o para grandes centros urbanos em busca de trabalho.\u00a0<\/span><\/li>\n<\/ul>\n<ul>\n<li style=\"font-weight: 400;\" aria-level=\"1\"><span style=\"font-weight: 400;\">fortalecimento da infraestrutura local, como transporte, energia e comunica\u00e7\u00e3o.\u00a0<\/span><\/li>\n<\/ul>\n<ul>\n<li style=\"font-weight: 400;\" aria-level=\"1\"><span style=\"font-weight: 400;\">cria\u00e7\u00e3o de um ambiente favor\u00e1vel para novos neg\u00f3cios e investimentos.\u00a0<\/span><\/li>\n<\/ul>\n<ul>\n<li style=\"font-weight: 400;\" aria-level=\"1\"><span style=\"font-weight: 400;\">aumento da qualifica\u00e7\u00e3o profissional da popula\u00e7\u00e3o local.\u00a0<\/span><\/li>\n<\/ul>\n<ul>\n<li style=\"font-weight: 400;\" aria-level=\"1\"><span style=\"font-weight: 400;\">diversifica\u00e7\u00e3o econ\u00f4mica das regi\u00f5es fora dos grandes polos industriais.\u00a0<\/span><\/li>\n<\/ul>\n<ul>\n<li style=\"font-weight: 400;\" aria-level=\"1\"><span style=\"font-weight: 400;\">promo\u00e7\u00e3o de inclus\u00e3o social e melhoria da qualidade de vida nas comunidades.\u00a0<\/span><\/li>\n<\/ul>\n<p><span style=\"font-weight: 400;\">Al\u00e9m disso, a descentraliza\u00e7\u00e3o industrial contribui para uma distribui\u00e7\u00e3o mais equilibrada de investimentos p\u00fablicos e privados em diferentes regi\u00f5es do pa\u00eds, reduzindo a concentra\u00e7\u00e3o econ\u00f4mica em grandes centros urbanos.\u00a0\u00a0<\/span><\/p>\n<p><span style=\"font-weight: 400;\">Regi\u00f5es antes marginalizadas passam a se tornar atrativas para novos neg\u00f3cios, especialmente com a instala\u00e7\u00e3o de tecnologias modernas, como a <\/span><a href=\"https:\/\/www.solucoesindustriais.com.br\/empacotadora-automatica\"><b>Empacotadora autom\u00e1tica<\/b><\/a><span style=\"font-weight: 400;\">, que aumenta a efici\u00eancia produtiva e gera empregos qualificados, fortalecendo o tecido econ\u00f4mico e social e melhorando a qualidade de vida de seus habitantes.\u00a0<\/span><\/p>\n<h2><span style=\"font-weight: 400;\">Contribui\u00e7\u00e3o para a Balan\u00e7a Comercial\u00a0<\/span><\/h2>\n<p><span style=\"font-weight: 400;\">O setor industrial tamb\u00e9m \u00e9 essencial para o equil\u00edbrio da balan\u00e7a comercial de um pa\u00eds. A produ\u00e7\u00e3o local de bens reduz a depend\u00eancia de importa\u00e7\u00f5es e aumenta a capacidade de exporta\u00e7\u00e3o.\u00a0\u00a0<\/span><\/p>\n<p><span style=\"font-weight: 400;\">Produtos industrializados, especialmente aqueles de maior valor agregado, permitem a entrada de divisas, fortalecendo a economia nacional e aumentando a competitividade internacional.\u00a0<\/span><\/p>\n<ul>\n<li style=\"font-weight: 400;\" aria-level=\"1\"><span style=\"font-weight: 400;\">produtos industrializados de maior valor agregado ampliam a participa\u00e7\u00e3o do pa\u00eds no com\u00e9rcio internacional.\u00a0<\/span><\/li>\n<\/ul>\n<ul>\n<li style=\"font-weight: 400;\" aria-level=\"1\"><span style=\"font-weight: 400;\">a exporta\u00e7\u00e3o desses produtos gera entrada de divisas, fortalecendo a balan\u00e7a comercial.\u00a0<\/span><\/li>\n<\/ul>\n<ul>\n<li style=\"font-weight: 400;\" aria-level=\"1\"><span style=\"font-weight: 400;\">A competitividade internacional \u00e9 aumentada \u00e0 medida que produtos nacionais conquistam mercados externos.\u00a0<\/span><\/li>\n<\/ul>\n<ul>\n<li style=\"font-weight: 400;\" aria-level=\"1\"><span style=\"font-weight: 400;\">o setor industrial contribui para a gera\u00e7\u00e3o de empregos qualificados e para a valoriza\u00e7\u00e3o tecnol\u00f3gica.\u00a0<\/span><\/li>\n<\/ul>\n<ul>\n<li style=\"font-weight: 400;\" aria-level=\"1\"><span style=\"font-weight: 400;\">investimentos em inova\u00e7\u00e3o e qualidade agregam valor aos produtos, tornando-os mais atraentes globalmente.\u00a0<\/span><\/li>\n<\/ul>\n<ul>\n<li style=\"font-weight: 400;\" aria-level=\"1\"><span style=\"font-weight: 400;\">o fortalecimento da ind\u00fastria eleva a resili\u00eancia econ\u00f4mica frente a flutua\u00e7\u00f5es de mercado.\u00a0<\/span><\/li>\n<\/ul>\n<ul>\n<li style=\"font-weight: 400;\" aria-level=\"1\"><span style=\"font-weight: 400;\">produtos industrializados estrat\u00e9gicos impulsionam o desenvolvimento de setores correlatos, como log\u00edstica e servi\u00e7os.\u00a0<\/span><\/li>\n<\/ul>\n<p><span style=\"font-weight: 400;\">A ind\u00fastria voltada para exporta\u00e7\u00e3o tamb\u00e9m impulsiona a ado\u00e7\u00e3o de padr\u00f5es de qualidade e certifica\u00e7\u00f5es globais, estimulando a moderniza\u00e7\u00e3o de processos e a excel\u00eancia operacional.\u00a0\u00a0<\/span><\/p>\n<p><span style=\"font-weight: 400;\">Ao consolidar-se como polo exportador, a ind\u00fastria n\u00e3o apenas gera receita, mas tamb\u00e9m eleva a imagem do pa\u00eds no cen\u00e1rio internacional, atraindo novos investimentos e parceiros comerciais.\u00a0<\/span><\/p>\n<h2><span style=\"font-weight: 400;\">Sustentabilidade e responsabilidade social\u00a0<\/span><\/h2>\n<p><span style=\"font-weight: 400;\">O crescimento industrial sustent\u00e1vel \u00e9 um dos pilares para o desenvolvimento socioecon\u00f4mico equilibrado. Empresas que investem em tecnologias limpas, efici\u00eancia energ\u00e9tica e gest\u00e3o de res\u00edduos contribuem para a preserva\u00e7\u00e3o ambiental, ao mesmo tempo, em que reduzem custos operacionais.\u00a0<\/span><\/p>\n<p><span style=\"font-weight: 400;\">A sustentabilidade industrial tamb\u00e9m fortalece a imagem corporativa, aumentando a confian\u00e7a de consumidores, investidores e comunidades. Al\u00e9m do impacto ambiental, a responsabilidade social se manifesta por meio de programas comunit\u00e1rios, capacita\u00e7\u00e3o de jovens e incentivo \u00e0 diversidade.\u00a0\u00a0<\/span><\/p>\n<ul>\n<li style=\"font-weight: 400;\" aria-level=\"1\"><span style=\"font-weight: 400;\">investimentos em tecnologias limpas e efici\u00eancia energ\u00e9tica refletem compromisso ambiental.\u00a0<\/span><\/li>\n<\/ul>\n<ul>\n<li style=\"font-weight: 400;\" aria-level=\"1\"><span style=\"font-weight: 400;\">gest\u00e3o adequada de res\u00edduos contribui para a preserva\u00e7\u00e3o de recursos naturais.\u00a0<\/span><\/li>\n<\/ul>\n<ul>\n<li style=\"font-weight: 400;\" aria-level=\"1\"><span style=\"font-weight: 400;\">a sustentabilidade fortalece a reputa\u00e7\u00e3o da empresa junto a consumidores e investidores.\u00a0<\/span><\/li>\n<\/ul>\n<ul>\n<li style=\"font-weight: 400;\" aria-level=\"1\"><span style=\"font-weight: 400;\">programas comunit\u00e1rios criam v\u00ednculos positivos entre ind\u00fastria e sociedade local.\u00a0<\/span><\/li>\n<\/ul>\n<ul>\n<li style=\"font-weight: 400;\" aria-level=\"1\"><span style=\"font-weight: 400;\">capacita\u00e7\u00e3o de jovens amplia oportunidades de trabalho e desenvolvimento profissional.\u00a0<\/span><\/li>\n<\/ul>\n<ul>\n<li style=\"font-weight: 400;\" aria-level=\"1\"><span style=\"font-weight: 400;\">incentivo \u00e0 diversidade promove inclus\u00e3o e equidade no ambiente corporativo.\u00a0<\/span><\/li>\n<\/ul>\n<ul>\n<li style=\"font-weight: 400;\" aria-level=\"1\"><span style=\"font-weight: 400;\">responsabilidade social combinada \u00e0 produtividade refor\u00e7a a imagem de empresa \u00e9tica e confi\u00e1vel.\u00a0<\/span><\/li>\n<\/ul>\n<ul>\n<li style=\"font-weight: 400;\" aria-level=\"1\"><span style=\"font-weight: 400;\">a atua\u00e7\u00e3o sustent\u00e1vel gera impactos duradouros na comunidade e no ecossistema econ\u00f4mico.\u00a0<\/span><\/li>\n<\/ul>\n<p><span style=\"font-weight: 400;\">Iniciativas desse tipo geram impactos positivos duradouros, ampliando o alcance da ind\u00fastria na transforma\u00e7\u00e3o social. Combinando produtividade, inova\u00e7\u00e3o e responsabilidade, a ind\u00fastria se estabelece como agente essencial de desenvolvimento sustent\u00e1vel.\u00a0<\/span><\/p>\n<ol>\n<li style=\"font-weight: 400;\" aria-level=\"1\">\n<h3><span style=\"font-weight: 400;\">Efici\u00eancia energ\u00e9tica e tecnologias limpas\u00a0<\/span><\/h3>\n<\/li>\n<\/ol>\n<p><span style=\"font-weight: 400;\">Investir em tecnologias limpas e processos energeticamente eficientes permite que as ind\u00fastrias reduzam significativamente seu impacto ambiental. Isso inclui a ado\u00e7\u00e3o de fontes de energia renov\u00e1vel, reaproveitamento de res\u00edduos e moderniza\u00e7\u00e3o de maquin\u00e1rios para consumo reduzido de recursos.\u00a0\u00a0<\/span><\/p>\n<p><span style=\"font-weight: 400;\">Al\u00e9m de contribuir para a preserva\u00e7\u00e3o ambiental, essas pr\u00e1ticas geram economia operacional a m\u00e9dio e longo prazo, tornando a produ\u00e7\u00e3o mais competitiva e sustent\u00e1vel. A implementa\u00e7\u00e3o de processos sustent\u00e1veis tamb\u00e9m cria oportunidades de inova\u00e7\u00e3o.\u00a0<\/span><\/p>\n<ul>\n<li style=\"font-weight: 400;\" aria-level=\"1\"><span style=\"font-weight: 400;\">ado\u00e7\u00e3o de pr\u00e1ticas sustent\u00e1veis reduz custos com energia, \u00e1gua e insumos ao longo do tempo.\u00a0<\/span><\/li>\n<\/ul>\n<ul>\n<li style=\"font-weight: 400;\" aria-level=\"1\"><span style=\"font-weight: 400;\">processos ecologicamente respons\u00e1veis aumentam a efici\u00eancia operacional e a competitividade.\u00a0<\/span><\/li>\n<\/ul>\n<ul>\n<li style=\"font-weight: 400;\" aria-level=\"1\"><span style=\"font-weight: 400;\">sustentabilidade industrial estimula o desenvolvimento de solu\u00e7\u00f5es inovadoras e tecnologias limpas.\u00a0<\/span><\/li>\n<\/ul>\n<ul>\n<li style=\"font-weight: 400;\" aria-level=\"1\"><span style=\"font-weight: 400;\">redu\u00e7\u00e3o de desperd\u00edcios e otimiza\u00e7\u00e3o de recursos fortalecem a rentabilidade da produ\u00e7\u00e3o.\u00a0<\/span><\/li>\n<\/ul>\n<ul>\n<li style=\"font-weight: 400;\" aria-level=\"1\"><span style=\"font-weight: 400;\">implementa\u00e7\u00e3o de pr\u00e1ticas verdes melhora a imagem corporativa perante clientes e investidores.\u00a0<\/span><\/li>\n<\/ul>\n<ul>\n<li style=\"font-weight: 400;\" aria-level=\"1\"><span style=\"font-weight: 400;\">Iniciativas sustent\u00e1veis podem abrir novos mercados e nichos de neg\u00f3cios focados em responsabilidade ambiental.\u00a0<\/span><\/li>\n<\/ul>\n<ul>\n<li style=\"font-weight: 400;\" aria-level=\"1\"><span style=\"font-weight: 400;\">a sustentabilidade integrada \u00e0 produ\u00e7\u00e3o contribui para metas de longo prazo e resili\u00eancia do neg\u00f3cio.\u00a0<\/span><\/li>\n<\/ul>\n<p><span style=\"font-weight: 400;\">Ao buscar alternativas mais verdes para produ\u00e7\u00e3o e log\u00edstica, as empresas podem desenvolver produtos e solu\u00e7\u00f5es que atendam a uma demanda crescente por responsabilidade ambiental no mercado, fortalecendo sua imagem corporativa e fidelizando clientes conscientes.\u00a0<\/span><\/p>\n<ol>\n<li style=\"font-weight: 400;\" aria-level=\"1\">\n<h3><span style=\"font-weight: 400;\">Gest\u00e3o de res\u00edduos e ciclo de vida dos produtos\u00a0<\/span><\/h3>\n<\/li>\n<\/ol>\n<p><span style=\"font-weight: 400;\">O gerenciamento eficiente de res\u00edduos \u00e9 uma pr\u00e1tica essencial para a sustentabilidade industrial. Ao planejar a destina\u00e7\u00e3o correta de materiais, reaproveitar subprodutos e reduzir descartes, a ind\u00fastria diminui impactos negativos no meio ambiente e contribui para a economia circular.\u00a0\u00a0<\/span><\/p>\n<p><span style=\"font-weight: 400;\">Essa abordagem n\u00e3o apenas cumpre regulamenta\u00e7\u00f5es ambientais, mas tamb\u00e9m gera economia em processos de descarte e log\u00edstica de res\u00edduos. Al\u00e9m disso, considerar o ciclo de vida dos produtos desde a concep\u00e7\u00e3o at\u00e9 o descarte final garante que cada etapa da produ\u00e7\u00e3o seja planejada com foco na sustentabilidade.\u00a0\u00a0<\/span><\/p>\n<ul>\n<li style=\"font-weight: 400;\" aria-level=\"1\"><span style=\"font-weight: 400;\">cumprimento de regulamenta\u00e7\u00f5es ambientais de forma proativa\u00a0<\/span><\/li>\n<\/ul>\n<ul>\n<li style=\"font-weight: 400;\" aria-level=\"1\"><span style=\"font-weight: 400;\">redu\u00e7\u00e3o de custos em processos de descarte e log\u00edstica de res\u00edduos\u00a0<\/span><\/li>\n<\/ul>\n<ul>\n<li style=\"font-weight: 400;\" aria-level=\"1\"><span style=\"font-weight: 400;\">planejamento estrat\u00e9gico do ciclo de vida dos produtos\u00a0<\/span><\/li>\n<\/ul>\n<ul>\n<li style=\"font-weight: 400;\" aria-level=\"1\"><span style=\"font-weight: 400;\">produ\u00e7\u00e3o com foco na sustentabilidade desde a concep\u00e7\u00e3o at\u00e9 o descarte\u00a0<\/span><\/li>\n<\/ul>\n<ul>\n<li style=\"font-weight: 400;\" aria-level=\"1\"><span style=\"font-weight: 400;\">minimiza\u00e7\u00e3o do impacto ambiental ao longo de toda a cadeia produtiva\u00a0<\/span><\/li>\n<\/ul>\n<ul>\n<li style=\"font-weight: 400;\" aria-level=\"1\"><span style=\"font-weight: 400;\">otimiza\u00e7\u00e3o de recursos e redu\u00e7\u00e3o de desperd\u00edcios\u00a0<\/span><\/li>\n<\/ul>\n<ul>\n<li style=\"font-weight: 400;\" aria-level=\"1\"><span style=\"font-weight: 400;\">fortalecimento da imagem corporativa e percep\u00e7\u00e3o positiva junto a clientes e stakeholders\u00a0<\/span><\/li>\n<\/ul>\n<p><span style=\"font-weight: 400;\">Empresas que adotam esse cuidado demonstram um compromisso concreto com a responsabilidade corporativa, evidenciando que suas opera\u00e7\u00f5es v\u00e3o al\u00e9m do lucro e consideram impactos sociais e ambientais.\u00a0\u00a0<\/span><\/p>\n<p><span style=\"font-weight: 400;\">Essa postura fortalece significativamente a reputa\u00e7\u00e3o da organiza\u00e7\u00e3o, transmitindo credibilidade e solidez para o mercado. E, aumenta a confian\u00e7a de investidores, clientes e parceiros comerciais, que passam a enxergar a empresa como um agente confi\u00e1vel e comprometido com pr\u00e1ticas \u00e9ticas e sustent\u00e1veis em todas as suas atividades.\u00a0<\/span><\/p>\n<ol>\n<li style=\"font-weight: 400;\" aria-level=\"1\">\n<h3><span style=\"font-weight: 400;\">Programas de responsabilidade social corporativa\u00a0<\/span><\/h3>\n<\/li>\n<\/ol>\n<p><span style=\"font-weight: 400;\">A responsabilidade social vai al\u00e9m do ambiente de produ\u00e7\u00e3o, alcan\u00e7ando comunidades locais e colaboradores. Empresas podem implementar programas de capacita\u00e7\u00e3o profissional, apoio a jovens em situa\u00e7\u00e3o de vulnerabilidade e incentivo \u00e0 diversidade no ambiente de trabalho.\u00a0\u00a0<\/span><\/p>\n<p><span style=\"font-weight: 400;\">Esses programas geram impactos sociais positivos, fortalecendo o tecido comunit\u00e1rio e criando oportunidades para diferentes p\u00fablicos. Al\u00e9m de melhorar a vida das comunidades, iniciativas de responsabilidade social promovem engajamento interno.\u00a0\u00a0<\/span><\/p>\n<p><span style=\"font-weight: 400;\">Colaboradores sentem-se motivados e valorizados ao perceberem que trabalham em uma empresa comprometida com causas sociais, o que reflete diretamente na produtividade e na reten\u00e7\u00e3o de talentos.\u00a0<\/span><\/p>\n<ol>\n<li style=\"font-weight: 400;\" aria-level=\"1\">\n<h3><span style=\"font-weight: 400;\">Transpar\u00eancia e governan\u00e7a sustent\u00e1vel\u00a0<\/span><\/h3>\n<\/li>\n<\/ol>\n<p><span style=\"font-weight: 400;\">A pr\u00e1tica da transpar\u00eancia e de uma governan\u00e7a respons\u00e1vel \u00e9 fundamental para consolidar a imagem de uma ind\u00fastria comprometida com sustentabilidade e \u00e9tica. Relat\u00f3rios de desempenho ambiental e social e indicadores de efici\u00eancia energ\u00e9tica s\u00e3o ferramentas que comprovam os esfor\u00e7os da empresa.\u00a0<\/span><\/p>\n<p><span style=\"font-weight: 400;\">Essa postura fortalece a rela\u00e7\u00e3o com stakeholders, investidores e clientes, que cada vez mais valorizam empresas comprometidas com o desenvolvimento sustent\u00e1vel. E, a transpar\u00eancia interna promove um ambiente corporativo mais \u00e9tico e participativo, incentivando todos os colaboradores a engajarem-se em pr\u00e1ticas respons\u00e1veis.\u00a0<\/span><\/p>\n<h2><span style=\"font-weight: 400;\">Integra\u00e7\u00e3o com pequenas e m\u00e9dias empresas\u00a0<\/span><\/h2>\n<p><span style=\"font-weight: 400;\">A ind\u00fastria n\u00e3o atua isoladamente; ela cria oportunidades para pequenas e m\u00e9dias empresas (PMEs) que fornecem insumos, servi\u00e7os e solu\u00e7\u00f5es tecnol\u00f3gicas. Essa integra\u00e7\u00e3o fortalece a cadeia produtiva, aumenta o valor agregado dos produtos e estimula o empreendedorismo local.\u00a0\u00a0<\/span><\/p>\n<p><span style=\"font-weight: 400;\">PMEs que atendem grandes ind\u00fastrias s\u00e3o estimuladas a investir em qualidade, efici\u00eancia e inova\u00e7\u00e3o, elevando o padr\u00e3o competitivo de toda a economia. Al\u00e9m disso, a conex\u00e3o entre grandes ind\u00fastrias e PMEs promove transfer\u00eancia de conhecimento, acesso a novas tecnologias e maior profissionaliza\u00e7\u00e3o do mercado.\u00a0<\/span><\/p>\n<p><span style=\"font-weight: 400;\">Esse efeito multiplicador contribui para o fortalecimento do ecossistema econ\u00f4mico, garantindo que o impacto da ind\u00fastria se estenda para al\u00e9m de suas pr\u00f3prias opera\u00e7\u00f5es, beneficiando toda a sociedade.\u00a0<\/span><\/p>\n<ol>\n<li style=\"font-weight: 400;\" aria-level=\"1\">\n<h3><span style=\"font-weight: 400;\">Fortalecimento da cadeia produtiva\u00a0<\/span><\/h3>\n<\/li>\n<\/ol>\n<p><span style=\"font-weight: 400;\">A colabora\u00e7\u00e3o entre grandes ind\u00fastrias e PMEs fortalece toda a cadeia produtiva, pois permite que fornecedores menores se especializem em nichos espec\u00edficos e entreguem produtos e servi\u00e7os de maior qualidade.\u00a0\u00a0<\/span><\/p>\n<p><span style=\"font-weight: 400;\">Essa integra\u00e7\u00e3o cria rela\u00e7\u00f5es de longo prazo baseadas em confian\u00e7a e efici\u00eancia, garantindo que cada etapa da produ\u00e7\u00e3o contribua para o resultado de forma consistente e confi\u00e1vel.\u00a0<\/span><\/p>\n<p><span style=\"font-weight: 400;\">Por exemplo, empresas fornecedoras podem investir em equipamentos modernos, como uma <\/span><a href=\"https:\/\/www.solucoesindustriais.com.br\/empilhadeira-a-gas\"><b>empilhadeira a g\u00e1s<\/b><\/a><span style=\"font-weight: 400;\">, para agilizar o transporte de materiais entre setores, aumentando a produtividade e atendendo com mais precis\u00e3o \u00e0s demandas da ind\u00fastria parceira. Al\u00e9m disso, essa parceria aumenta a competitividade de todo o setor.\u00a0\u00a0<\/span><\/p>\n<p><span style=\"font-weight: 400;\">Pequenas e m\u00e9dias empresas s\u00e3o estimuladas a adotar padr\u00f5es de qualidade mais elevados e investir em inova\u00e7\u00e3o para atender \u00e0s demandas das grandes ind\u00fastria<\/span><span style=\"font-weight: 400;\">s, elevando o n\u00edvel tecnol\u00f3gico e operacional de todo o ecossistema industrial.\u00a0<\/span><\/p>\n<ol>\n<li style=\"font-weight: 400;\" aria-level=\"1\">\n<h3><span style=\"font-weight: 400;\">Est\u00edmulo ao empreendedorismo local\u00a0<\/span><\/h3>\n<\/li>\n<\/ol>\n<p><span style=\"font-weight: 400;\">A presen\u00e7a de grandes ind\u00fastrias gera oportunidades de neg\u00f3cio para empreendedores locais, que podem fornecer insumos, servi\u00e7os de log\u00edstica, manuten\u00e7\u00e3o, tecnologia e consultoria.\u00a0\u00a0<\/span><\/p>\n<p><span style=\"font-weight: 400;\">Esse est\u00edmulo fortalece o empreendedorismo regional e contribui para o desenvolvimento econ\u00f4mico local, promovendo gera\u00e7\u00e3o de empregos e dinamiza\u00e7\u00e3o do mercado. Al\u00e9m disso, a intera\u00e7\u00e3o com grandes players permite que essas PMEs aprendam boas pr\u00e1ticas de gest\u00e3o, inova\u00e7\u00e3o e atendimento ao cliente.\u00a0\u00a0<\/span><\/p>\n<ol>\n<li style=\"font-weight: 400;\" aria-level=\"1\">\n<h3><span style=\"font-weight: 400;\">Transfer\u00eancia de conhecimento e tecnologias\u00a0<\/span><\/h3>\n<\/li>\n<\/ol>\n<p><span style=\"font-weight: 400;\">A integra\u00e7\u00e3o com grandes ind\u00fastrias proporciona \u00e0s PMEs acesso a tecnologias avan\u00e7adas, ferramentas de gest\u00e3o e processos modernos, que de outra forma seriam dif\u00edceis de implementar. Esse compartilhamento de conhecimento aumenta a capacita\u00e7\u00e3o das equipes e promove maior profissionaliza\u00e7\u00e3o do mercado.\u00a0\u00a0<\/span><\/p>\n<p><span style=\"font-weight: 400;\">Por exemplo, empresas parceiras podem treinar suas equipes no uso de tecnologias espec\u00edficas, como a <\/span><a href=\"https:\/\/www.solucoesindustriais.com.br\/envasadora-de-po\"><b>envasadora de p\u00f3<\/b><\/a><span style=\"font-weight: 400;\">, garantindo que o manuseio e a opera\u00e7\u00e3o do equipamento sejam realizados com efici\u00eancia, seguran\u00e7a e qualidade, elevando o padr\u00e3o de toda a cadeia produtiva.\u00a0<\/span><\/p>\n<p><span style=\"font-weight: 400;\">Al\u00e9m do aprendizado t\u00e9cnico, as PMEs tamb\u00e9m assimilam metodologias de produ\u00e7\u00e3o, padr\u00f5es de qualidade e processos de inova\u00e7\u00e3o, permitindo que evoluam de forma cont\u00ednua e se tornem parceiros estrat\u00e9gicos das ind\u00fastrias em projetos mais complexos e sofisticados.\u00a0<\/span><\/p>\n<ol>\n<li style=\"font-weight: 400;\" aria-level=\"1\">\n<h3><span style=\"font-weight: 400;\">Impacto econ\u00f4mico e social\u00a0<\/span><\/h3>\n<\/li>\n<\/ol>\n<p><span style=\"font-weight: 400;\">O fortalecimento das pequenas e m\u00e9dias empresas (PMEs) por meio da integra\u00e7\u00e3o com o setor industrial gera uma transforma\u00e7\u00e3o significativa tanto na economia quanto na sociedade.\u00a0\u00a0<\/span><\/p>\n<p><span style=\"font-weight: 400;\">Ao se tornarem fornecedoras de insumos, servi\u00e7os e solu\u00e7\u00f5es tecnol\u00f3gicas para ind\u00fastrias maiores, as PMEs ampliam sua capacidade produtiva, aperfei\u00e7oam seus processos internos e aumentam a competitividade no mercado.\u00a0<\/span><\/p>\n<ul>\n<li style=\"font-weight: 400;\" aria-level=\"1\"><span style=\"font-weight: 400;\">amplia\u00e7\u00e3o da capacidade produtiva das PMEs ao atender demandas industriais maiores.\u00a0<\/span><\/li>\n<\/ul>\n<ul>\n<li style=\"font-weight: 400;\" aria-level=\"1\"><span style=\"font-weight: 400;\">aperfei\u00e7oamento de processos internos para atender padr\u00f5es de qualidade elevados.\u00a0<\/span><\/li>\n<\/ul>\n<ul>\n<li style=\"font-weight: 400;\" aria-level=\"1\"><span style=\"font-weight: 400;\">aumento da competitividade no mercado, estimulando inova\u00e7\u00e3o e efici\u00eancia.\u00a0<\/span><\/li>\n<\/ul>\n<ul>\n<li style=\"font-weight: 400;\" aria-level=\"1\"><span style=\"font-weight: 400;\">desenvolvimento de habilidades t\u00e9cnicas e gerenciais dentro das PMEs.\u00a0<\/span><\/li>\n<\/ul>\n<ul>\n<li style=\"font-weight: 400;\" aria-level=\"1\"><span style=\"font-weight: 400;\">cria\u00e7\u00e3o de oportunidades de neg\u00f3cios adicionais por meio da cadeia produtiva industrial.\u00a0<\/span><\/li>\n<\/ul>\n<p><span style=\"font-weight: 400;\">Ao ampliar a capacidade produtiva dessas empresas, h\u00e1 um incremento direto na efici\u00eancia operacional e na competitividade, permitindo que atendam com maior qualidade \u00e0s demandas do mercado.\u00a0<\/span><\/p>\n<p><span style=\"font-weight: 400;\">Al\u00e9m disso, a inclus\u00e3o de pequenas e m\u00e9dias empresas na cadeia produtiva industrial amplia a distribui\u00e7\u00e3o de oportunidades e recursos, promovendo maior equidade econ\u00f4mica. Dessa forma, a ind\u00fastria se torna n\u00e3o apenas um motor de crescimento, mas tamb\u00e9m um agente de transforma\u00e7\u00e3o social sustent\u00e1vel.\u00a0<\/span><\/p>\n<h2><span style=\"font-weight: 400;\">Resili\u00eancia econ\u00f4mica e adapta\u00e7\u00e3o a crises\u00a0<\/span><\/h2>\n<p><span style=\"font-weight: 400;\">Empresas industriais diversificadas e bem estruturadas aumentam a resili\u00eancia da economia frente a crises. A capacidade de ajustar produ\u00e7\u00e3o, otimizar processos e explorar novos mercados permite que o setor industrial mantenha estabilidade mesmo em per\u00edodos de instabilidade econ\u00f4mica global.\u00a0<\/span><\/p>\n<p><span style=\"font-weight: 400;\">Al\u00e9m disso, ind\u00fastrias orientadas por dados e tecnologias avan\u00e7adas conseguem antecipar tend\u00eancias e reduzir vulnerabilidades. A resili\u00eancia industrial n\u00e3o apenas protege empregos e receitas, mas tamb\u00e9m assegura continuidade na oferta de produtos essenciais para a sociedade.\u00a0\u00a0<\/span><\/p>\n<p><span style=\"font-weight: 400;\">Pa\u00edses com setor industrial robusto conseguem enfrentar desafios econ\u00f4micos e sociais com maior seguran\u00e7a, garantindo estabilidade, crescimento sustent\u00e1vel e confian\u00e7a dos investidores.\u00a0<\/span><\/p>\n<h2><span style=\"font-weight: 400;\">\u7ed3\u8bba\u00a0<\/span><\/h2>\n<p><span style=\"font-weight: 400;\">A ind\u00fastria \u00e9 muito mais do que um motor econ\u00f4mico; ela representa um pilar fundamental para o desenvolvimento social, regional e tecnol\u00f3gico de um pa\u00eds. Por meio da gera\u00e7\u00e3o de empregos, inova\u00e7\u00e3o, sustentabilidade e integra\u00e7\u00e3o com pequenos neg\u00f3cios, o setor industrial promove riqueza, inclus\u00e3o e oportunidades para toda a sociedade.\u00a0<\/span><\/p>\n<p><span style=\"font-weight: 400;\">Investir na ind\u00fastria significa investir em produtividade, competitividade e qualidade de vida. Pa\u00edses que reconhecem e fortalecem seu setor industrial n\u00e3o apenas garantem crescimento econ\u00f4mico, mas tamb\u00e9m consolidam bases s\u00f3lidas para desenvolvimento social e inova\u00e7\u00e3o cont\u00ednua.\u00a0<\/span><\/p>","protected":false},"excerpt":{"rendered":"<p>A Ind\u00fastria como pilar do desenvolvimento socioecon\u00f4mico\u00a0 A ind\u00fastria desempenha um papel fundamental no crescimento econ\u00f4mico e na estabilidade social de qualquer pa\u00eds. Al\u00e9m de gerar empregos diretos em f\u00e1bricas e unidades de produ\u00e7\u00e3o, ela impulsiona cadeias produtivas, incentiva a inova\u00e7\u00e3o tecnol\u00f3gica e fortalece setores estrat\u00e9gicos da economia.\u00a0\u00a0 Um pa\u00eds com ind\u00fastria s\u00f3lida tende a [&hellip;]<\/p>\n","protected":false},"author":1,"featured_media":4489,"comment_status":"open","ping_status":"open","sticky":false,"template":"","format":"standard","meta":{"footnotes":""},"categories":[670,689],"tags":[],"class_list":["post-21538","post","type-post","status-publish","format-standard","has-post-thumbnail","hentry","category-financas","category-outros"],"acf":[],"yoast_head":"<!-- This site is optimized with the Yoast SEO plugin v27.4 - https:\/\/yoast.com\/product\/yoast-seo-wordpress\/ -->\n<title>A Ind\u00fastria como pilar do desenvolvimento socioecon\u00f4mico\u00a0 - Encontre Portugal<\/title>\n<meta name=\"robots\" content=\"index, follow, max-snippet:-1, max-image-preview:large, max-video-preview:-1\" \/>\n<link rel=\"canonical\" href=\"https:\/\/encontreportugal.pt\/zh\/a-industria-como-pilar-do-desenvolvimento-socioeconomico\/\" \/>\n<meta property=\"og:locale\" content=\"zh_CN\" \/>\n<meta property=\"og:type\" content=\"article\" \/>\n<meta property=\"og:title\" content=\"A Ind\u00fastria como pilar do desenvolvimento socioecon\u00f4mico\u00a0 - Encontre Portugal\" \/>\n<meta property=\"og:url\" content=\"https:\/\/encontreportugal.pt\/zh\/a-industria-como-pilar-do-desenvolvimento-socioeconomico\/\" \/>\n<meta property=\"og:site_name\" content=\"Encontre Portugal\" \/>\n<meta property=\"article:published_time\" content=\"2025-09-30T12:19:20+00:00\" \/>\n<meta property=\"og:image\" content=\"https:\/\/encontreportugal.pt\/wp-content\/uploads\/2024\/01\/retrato-de-operario-com-os-bracos-cruzados-em-pe-pela-maquina-industrial-na-planta-de-producao-scaled.jpg\" \/>\n\t<meta property=\"og:image:width\" content=\"2560\" \/>\n\t<meta property=\"og:image:height\" content=\"1707\" \/>\n\t<meta property=\"og:image:type\" content=\"image\/jpeg\" \/>\n<meta name=\"author\" content=\"Douglas Barbosa\" \/>\n<meta name=\"twitter:card\" content=\"summary_large_image\" \/>\n<meta name=\"twitter:label1\" content=\"\u4f5c\u8005\" \/>\n\t<meta name=\"twitter:data1\" content=\"Douglas Barbosa\" \/>\n\t<meta name=\"twitter:label2\" content=\"\u9884\u8ba1\u9605\u8bfb\u65f6\u95f4\" \/>\n\t<meta name=\"twitter:data2\" content=\"18 \u5206\" \/>\n<script type=\"application\/ld+json\" class=\"yoast-schema-graph\">{\"@context\":\"https:\\\/\\\/schema.org\",\"@graph\":[{\"@type\":\"Article\",\"@id\":\"http:\\\/\\\/encontreportugal.pt\\\/de\\\/a-industria-como-pilar-do-desenvolvimento-socioeconomico\\\/#article\",\"isPartOf\":{\"@id\":\"http:\\\/\\\/encontreportugal.pt\\\/de\\\/a-industria-como-pilar-do-desenvolvimento-socioeconomico\\\/\"},\"author\":{\"name\":\"Douglas Barbosa\",\"@id\":\"https:\\\/\\\/encontreportugal.pt\\\/zh\\\/#\\\/schema\\\/person\\\/71ee126caa8e8746f4e1d07bb50ba747\"},\"headline\":\"A Ind\u00fastria como pilar do desenvolvimento socioecon\u00f4mico\u00a0\",\"datePublished\":\"2025-09-30T12:19:20+00:00\",\"mainEntityOfPage\":{\"@id\":\"http:\\\/\\\/encontreportugal.pt\\\/de\\\/a-industria-como-pilar-do-desenvolvimento-socioeconomico\\\/\"},\"wordCount\":3544,\"commentCount\":0,\"publisher\":{\"@id\":\"https:\\\/\\\/encontreportugal.pt\\\/zh\\\/#organization\"},\"image\":{\"@id\":\"http:\\\/\\\/encontreportugal.pt\\\/de\\\/a-industria-como-pilar-do-desenvolvimento-socioeconomico\\\/#primaryimage\"},\"thumbnailUrl\":\"https:\\\/\\\/encontreportugal.pt\\\/wp-content\\\/uploads\\\/2024\\\/01\\\/retrato-de-operario-com-os-bracos-cruzados-em-pe-pela-maquina-industrial-na-planta-de-producao-scaled.jpg\",\"articleSection\":[\"Finan\u00e7as\",\"Outros\"],\"inLanguage\":\"zh-Hans\",\"potentialAction\":[{\"@type\":\"CommentAction\",\"name\":\"Comment\",\"target\":[\"http:\\\/\\\/encontreportugal.pt\\\/de\\\/a-industria-como-pilar-do-desenvolvimento-socioeconomico\\\/#respond\"]}]},{\"@type\":\"WebPage\",\"@id\":\"http:\\\/\\\/encontreportugal.pt\\\/de\\\/a-industria-como-pilar-do-desenvolvimento-socioeconomico\\\/\",\"url\":\"http:\\\/\\\/encontreportugal.pt\\\/de\\\/a-industria-como-pilar-do-desenvolvimento-socioeconomico\\\/\",\"name\":\"A Ind\u00fastria como pilar do desenvolvimento socioecon\u00f4mico\u00a0 - Encontre Portugal\",\"isPartOf\":{\"@id\":\"https:\\\/\\\/encontreportugal.pt\\\/zh\\\/#website\"},\"primaryImageOfPage\":{\"@id\":\"http:\\\/\\\/encontreportugal.pt\\\/de\\\/a-industria-como-pilar-do-desenvolvimento-socioeconomico\\\/#primaryimage\"},\"image\":{\"@id\":\"http:\\\/\\\/encontreportugal.pt\\\/de\\\/a-industria-como-pilar-do-desenvolvimento-socioeconomico\\\/#primaryimage\"},\"thumbnailUrl\":\"https:\\\/\\\/encontreportugal.pt\\\/wp-content\\\/uploads\\\/2024\\\/01\\\/retrato-de-operario-com-os-bracos-cruzados-em-pe-pela-maquina-industrial-na-planta-de-producao-scaled.jpg\",\"datePublished\":\"2025-09-30T12:19:20+00:00\",\"breadcrumb\":{\"@id\":\"http:\\\/\\\/encontreportugal.pt\\\/de\\\/a-industria-como-pilar-do-desenvolvimento-socioeconomico\\\/#breadcrumb\"},\"inLanguage\":\"zh-Hans\",\"potentialAction\":[{\"@type\":\"ReadAction\",\"target\":[\"http:\\\/\\\/encontreportugal.pt\\\/de\\\/a-industria-como-pilar-do-desenvolvimento-socioeconomico\\\/\"]}]},{\"@type\":\"ImageObject\",\"inLanguage\":\"zh-Hans\",\"@id\":\"http:\\\/\\\/encontreportugal.pt\\\/de\\\/a-industria-como-pilar-do-desenvolvimento-socioeconomico\\\/#primaryimage\",\"url\":\"https:\\\/\\\/encontreportugal.pt\\\/wp-content\\\/uploads\\\/2024\\\/01\\\/retrato-de-operario-com-os-bracos-cruzados-em-pe-pela-maquina-industrial-na-planta-de-producao-scaled.jpg\",\"contentUrl\":\"https:\\\/\\\/encontreportugal.pt\\\/wp-content\\\/uploads\\\/2024\\\/01\\\/retrato-de-operario-com-os-bracos-cruzados-em-pe-pela-maquina-industrial-na-planta-de-producao-scaled.jpg\",\"width\":2560,\"height\":1707,\"caption\":\"curso de manobrador de m\u00e1quinas\"},{\"@type\":\"BreadcrumbList\",\"@id\":\"http:\\\/\\\/encontreportugal.pt\\\/de\\\/a-industria-como-pilar-do-desenvolvimento-socioeconomico\\\/#breadcrumb\",\"itemListElement\":[{\"@type\":\"ListItem\",\"position\":1,\"name\":\"In\u00edcio\",\"item\":\"https:\\\/\\\/encontreportugal.pt\\\/zh\\\/\"},{\"@type\":\"ListItem\",\"position\":2,\"name\":\"A Ind\u00fastria como pilar do desenvolvimento socioecon\u00f4mico\u00a0\"}]},{\"@type\":\"WebSite\",\"@id\":\"https:\\\/\\\/encontreportugal.pt\\\/zh\\\/#website\",\"url\":\"https:\\\/\\\/encontreportugal.pt\\\/zh\\\/\",\"name\":\"Encontre Portugal\",\"description\":\"O maior Portal de dicas ao imigrante brasileiro em Portugal.\",\"publisher\":{\"@id\":\"https:\\\/\\\/encontreportugal.pt\\\/zh\\\/#organization\"},\"potentialAction\":[{\"@type\":\"SearchAction\",\"target\":{\"@type\":\"EntryPoint\",\"urlTemplate\":\"https:\\\/\\\/encontreportugal.pt\\\/zh\\\/?s={search_term_string}\"},\"query-input\":{\"@type\":\"PropertyValueSpecification\",\"valueRequired\":true,\"valueName\":\"search_term_string\"}}],\"inLanguage\":\"zh-Hans\"},{\"@type\":\"Organization\",\"@id\":\"https:\\\/\\\/encontreportugal.pt\\\/zh\\\/#organization\",\"name\":\"Encontre Portugal\",\"url\":\"https:\\\/\\\/encontreportugal.pt\\\/zh\\\/\",\"logo\":{\"@type\":\"ImageObject\",\"inLanguage\":\"zh-Hans\",\"@id\":\"https:\\\/\\\/encontreportugal.pt\\\/zh\\\/#\\\/schema\\\/logo\\\/image\\\/\",\"url\":\"https:\\\/\\\/encontreportugal.pt\\\/wp-content\\\/uploads\\\/2024\\\/04\\\/cropped-logo-encontre-portugal.png\",\"contentUrl\":\"https:\\\/\\\/encontreportugal.pt\\\/wp-content\\\/uploads\\\/2024\\\/04\\\/cropped-logo-encontre-portugal.png\",\"width\":500,\"height\":165,\"caption\":\"Encontre Portugal\"},\"image\":{\"@id\":\"https:\\\/\\\/encontreportugal.pt\\\/zh\\\/#\\\/schema\\\/logo\\\/image\\\/\"}},{\"@type\":\"Person\",\"@id\":\"https:\\\/\\\/encontreportugal.pt\\\/zh\\\/#\\\/schema\\\/person\\\/71ee126caa8e8746f4e1d07bb50ba747\",\"name\":\"Douglas Barbosa\",\"image\":{\"@type\":\"ImageObject\",\"inLanguage\":\"zh-Hans\",\"@id\":\"https:\\\/\\\/encontreportugal.pt\\\/wp-content\\\/uploads\\\/2024\\\/03\\\/douglasfdb_avatar-96x96.jpeg\",\"url\":\"https:\\\/\\\/encontreportugal.pt\\\/wp-content\\\/uploads\\\/2024\\\/03\\\/douglasfdb_avatar-96x96.jpeg\",\"contentUrl\":\"https:\\\/\\\/encontreportugal.pt\\\/wp-content\\\/uploads\\\/2024\\\/03\\\/douglasfdb_avatar-96x96.jpeg\",\"caption\":\"Douglas Barbosa\"},\"description\":\"Graduado em Tecnologia de Redes de Computadores e com P\u00f3s-Gradua\u00e7\u00e3o em Marketing Digital, Business Intelligence e Estrat\u00e9gia Data-Driven pela Pontif\u00edcia Universidade Cat\u00f3lica (PUC). Capacita\u00e7\u00e3o em Linguagem Corporal e Detec\u00e7\u00e3o de Microexpress\u00f5es Faciais. Participa\u00e7\u00e3o na forma\u00e7\u00e3o \\\"M\u00e1quina de Tr\u00e1fego e Convers\u00e3o - Aprenda a Vender Mais pelo Google Todos os Dias\\\". Certificado pelo Google em Rede de Pesquisa. Vasta experi\u00eancia em projetos de SEO, gest\u00e3o de tr\u00e1fego pago no Google Ads e Cria\u00e7\u00e3o de Websites.\",\"sameAs\":[\"https:\\\/\\\/encontreportugal.pt\"],\"url\":\"https:\\\/\\\/encontreportugal.pt\\\/zh\\\/author\\\/douglasfdb\\\/\"}]}<\/script>\n<!-- \/ Yoast SEO plugin. -->","yoast_head_json":{"title":"A Ind\u00fastria como pilar do desenvolvimento socioecon\u00f4mico\u00a0 - Encontre Portugal","robots":{"index":"index","follow":"follow","max-snippet":"max-snippet:-1","max-image-preview":"max-image-preview:large","max-video-preview":"max-video-preview:-1"},"canonical":"https:\/\/encontreportugal.pt\/zh\/a-industria-como-pilar-do-desenvolvimento-socioeconomico\/","og_locale":"zh_CN","og_type":"article","og_title":"A Ind\u00fastria como pilar do desenvolvimento socioecon\u00f4mico\u00a0 - Encontre Portugal","og_url":"https:\/\/encontreportugal.pt\/zh\/a-industria-como-pilar-do-desenvolvimento-socioeconomico\/","og_site_name":"Encontre Portugal","article_published_time":"2025-09-30T12:19:20+00:00","og_image":[{"width":2560,"height":1707,"url":"https:\/\/encontreportugal.pt\/wp-content\/uploads\/2024\/01\/retrato-de-operario-com-os-bracos-cruzados-em-pe-pela-maquina-industrial-na-planta-de-producao-scaled.jpg","type":"image\/jpeg"}],"author":"Douglas Barbosa","twitter_card":"summary_large_image","twitter_misc":{"\u4f5c\u8005":"Douglas Barbosa","\u9884\u8ba1\u9605\u8bfb\u65f6\u95f4":"18 \u5206"},"schema":{"@context":"https:\/\/schema.org","@graph":[{"@type":"Article","@id":"https:\/\/encontreportugal.pt\/de\/a-industria-como-pilar-do-desenvolvimento-socioeconomico\/#article","isPartOf":{"@id":"https:\/\/encontreportugal.pt\/de\/a-industria-como-pilar-do-desenvolvimento-socioeconomico\/"},"author":{"name":"Douglas Barbosa","@id":"https:\/\/encontreportugal.pt\/zh\/#\/schema\/person\/71ee126caa8e8746f4e1d07bb50ba747"},"headline":"A Ind\u00fastria como pilar do desenvolvimento socioecon\u00f4mico\u00a0","datePublished":"2025-09-30T12:19:20+00:00","mainEntityOfPage":{"@id":"https:\/\/encontreportugal.pt\/de\/a-industria-como-pilar-do-desenvolvimento-socioeconomico\/"},"wordCount":3544,"commentCount":0,"publisher":{"@id":"https:\/\/encontreportugal.pt\/zh\/#organization"},"image":{"@id":"https:\/\/encontreportugal.pt\/de\/a-industria-como-pilar-do-desenvolvimento-socioeconomico\/#primaryimage"},"thumbnailUrl":"https:\/\/encontreportugal.pt\/wp-content\/uploads\/2024\/01\/retrato-de-operario-com-os-bracos-cruzados-em-pe-pela-maquina-industrial-na-planta-de-producao-scaled.jpg","articleSection":["Finan\u00e7as","Outros"],"inLanguage":"zh-Hans","potentialAction":[{"@type":"CommentAction","name":"Comment","target":["https:\/\/encontreportugal.pt\/de\/a-industria-como-pilar-do-desenvolvimento-socioeconomico\/#respond"]}]},{"@type":"WebPage","@id":"https:\/\/encontreportugal.pt\/de\/a-industria-como-pilar-do-desenvolvimento-socioeconomico\/","url":"https:\/\/encontreportugal.pt\/de\/a-industria-como-pilar-do-desenvolvimento-socioeconomico\/","name":"A Ind\u00fastria como pilar do desenvolvimento socioecon\u00f4mico\u00a0 - Encontre Portugal","isPartOf":{"@id":"https:\/\/encontreportugal.pt\/zh\/#website"},"primaryImageOfPage":{"@id":"https:\/\/encontreportugal.pt\/de\/a-industria-como-pilar-do-desenvolvimento-socioeconomico\/#primaryimage"},"image":{"@id":"https:\/\/encontreportugal.pt\/de\/a-industria-como-pilar-do-desenvolvimento-socioeconomico\/#primaryimage"},"thumbnailUrl":"https:\/\/encontreportugal.pt\/wp-content\/uploads\/2024\/01\/retrato-de-operario-com-os-bracos-cruzados-em-pe-pela-maquina-industrial-na-planta-de-producao-scaled.jpg","datePublished":"2025-09-30T12:19:20+00:00","breadcrumb":{"@id":"https:\/\/encontreportugal.pt\/de\/a-industria-como-pilar-do-desenvolvimento-socioeconomico\/#breadcrumb"},"inLanguage":"zh-Hans","potentialAction":[{"@type":"ReadAction","target":["https:\/\/encontreportugal.pt\/de\/a-industria-como-pilar-do-desenvolvimento-socioeconomico\/"]}]},{"@type":"ImageObject","inLanguage":"zh-Hans","@id":"https:\/\/encontreportugal.pt\/de\/a-industria-como-pilar-do-desenvolvimento-socioeconomico\/#primaryimage","url":"https:\/\/encontreportugal.pt\/wp-content\/uploads\/2024\/01\/retrato-de-operario-com-os-bracos-cruzados-em-pe-pela-maquina-industrial-na-planta-de-producao-scaled.jpg","contentUrl":"https:\/\/encontreportugal.pt\/wp-content\/uploads\/2024\/01\/retrato-de-operario-com-os-bracos-cruzados-em-pe-pela-maquina-industrial-na-planta-de-producao-scaled.jpg","width":2560,"height":1707,"caption":"curso de manobrador de m\u00e1quinas"},{"@type":"BreadcrumbList","@id":"https:\/\/encontreportugal.pt\/de\/a-industria-como-pilar-do-desenvolvimento-socioeconomico\/#breadcrumb","itemListElement":[{"@type":"ListItem","position":1,"name":"In\u00edcio","item":"https:\/\/encontreportugal.pt\/zh\/"},{"@type":"ListItem","position":2,"name":"A Ind\u00fastria como pilar do desenvolvimento socioecon\u00f4mico\u00a0"}]},{"@type":"WebSite","@id":"https:\/\/encontreportugal.pt\/zh\/#website","url":"https:\/\/encontreportugal.pt\/zh\/","name":"\u5bfb\u627e\u8461\u8404\u7259","description":"\u8461\u8404\u7259\u6700\u5927\u7684\u5df4\u897f\u79fb\u6c11\u63d0\u793a\u95e8\u6237\u7f51\u7ad9\u3002","publisher":{"@id":"https:\/\/encontreportugal.pt\/zh\/#organization"},"potentialAction":[{"@type":"SearchAction","target":{"@type":"EntryPoint","urlTemplate":"https:\/\/encontreportugal.pt\/zh\/?s={search_term_string}"},"query-input":{"@type":"PropertyValueSpecification","valueRequired":true,"valueName":"search_term_string"}}],"inLanguage":"zh-Hans"},{"@type":"Organization","@id":"https:\/\/encontreportugal.pt\/zh\/#organization","name":"\u5bfb\u627e\u8461\u8404\u7259","url":"https:\/\/encontreportugal.pt\/zh\/","logo":{"@type":"ImageObject","inLanguage":"zh-Hans","@id":"https:\/\/encontreportugal.pt\/zh\/#\/schema\/logo\/image\/","url":"https:\/\/encontreportugal.pt\/wp-content\/uploads\/2024\/04\/cropped-logo-encontre-portugal.png","contentUrl":"https:\/\/encontreportugal.pt\/wp-content\/uploads\/2024\/04\/cropped-logo-encontre-portugal.png","width":500,"height":165,"caption":"Encontre Portugal"},"image":{"@id":"https:\/\/encontreportugal.pt\/zh\/#\/schema\/logo\/image\/"}},{"@type":"Person","@id":"https:\/\/encontreportugal.pt\/zh\/#\/schema\/person\/71ee126caa8e8746f4e1d07bb50ba747","name":"\u9053\u683c\u62c9\u65af-\u5df4\u5c14\u535a\u8428","image":{"@type":"ImageObject","inLanguage":"zh-Hans","@id":"https:\/\/encontreportugal.pt\/wp-content\/uploads\/2024\/03\/douglasfdb_avatar-96x96.jpeg","url":"https:\/\/encontreportugal.pt\/wp-content\/uploads\/2024\/03\/douglasfdb_avatar-96x96.jpeg","contentUrl":"https:\/\/encontreportugal.pt\/wp-content\/uploads\/2024\/03\/douglasfdb_avatar-96x96.jpeg","caption":"Douglas Barbosa"},"description":"\u4ed6\u62e5\u6709\u5929\u4e3b\u6559\u5b97\u5ea7\u5927\u5b66\uff08PUC\uff09\u8ba1\u7b97\u673a\u7f51\u7edc\u6280\u672f\u5b66\u4f4d\u4ee5\u53ca\u6570\u5b57\u8425\u9500\u3001\u5546\u4e1a\u667a\u80fd\u548c\u6570\u636e\u9a71\u52a8\u6218\u7565\u7814\u7a76\u751f\u5b66\u5386\u3002\u8eab\u4f53\u8bed\u8a00\u548c\u9762\u90e8\u5fae\u8868\u60c5\u68c0\u6d4b\u57f9\u8bad\u3002\u53c2\u52a0 \"\u6d41\u91cf\u548c\u8f6c\u5316\u673a\u5668--\u5b66\u4f1a\u6bcf\u5929\u901a\u8fc7\u8c37\u6b4c\u9500\u552e\u66f4\u591a\u4ea7\u54c1 \"\u57f9\u8bad\u8bfe\u7a0b\u3002\u83b7\u5f97\u8c37\u6b4c\u641c\u7d22\u5f15\u64ce\u4f18\u5316\u8ba4\u8bc1\u3002\u5728\u641c\u7d22\u5f15\u64ce\u4f18\u5316\u9879\u76ee\u3001\u8c37\u6b4c\u5e7f\u544a\u4ed8\u8d39\u6d41\u91cf\u7ba1\u7406\u548c\u7f51\u7ad9\u521b\u5efa\u65b9\u9762\u62e5\u6709\u4e30\u5bcc\u7ecf\u9a8c\u3002","sameAs":["https:\/\/encontreportugal.pt"],"url":"https:\/\/encontreportugal.pt\/zh\/author\/douglasfdb\/"}]}},"_links":{"self":[{"href":"https:\/\/encontreportugal.pt\/zh\/wp-json\/wp\/v2\/posts\/21538","targetHints":{"allow":["GET"]}}],"collection":[{"href":"https:\/\/encontreportugal.pt\/zh\/wp-json\/wp\/v2\/posts"}],"about":[{"href":"https:\/\/encontreportugal.pt\/zh\/wp-json\/wp\/v2\/types\/post"}],"author":[{"embeddable":true,"href":"https:\/\/encontreportugal.pt\/zh\/wp-json\/wp\/v2\/users\/1"}],"replies":[{"embeddable":true,"href":"https:\/\/encontreportugal.pt\/zh\/wp-json\/wp\/v2\/comments?post=21538"}],"version-history":[{"count":0,"href":"https:\/\/encontreportugal.pt\/zh\/wp-json\/wp\/v2\/posts\/21538\/revisions"}],"wp:featuredmedia":[{"embeddable":true,"href":"https:\/\/encontreportugal.pt\/zh\/wp-json\/wp\/v2\/media\/4489"}],"wp:attachment":[{"href":"https:\/\/encontreportugal.pt\/zh\/wp-json\/wp\/v2\/media?parent=21538"}],"wp:term":[{"taxonomy":"category","embeddable":true,"href":"https:\/\/encontreportugal.pt\/zh\/wp-json\/wp\/v2\/categories?post=21538"},{"taxonomy":"post_tag","embeddable":true,"href":"https:\/\/encontreportugal.pt\/zh\/wp-json\/wp\/v2\/tags?post=21538"}],"curies":[{"name":"wp","href":"https:\/\/api.w.org\/{rel}","templated":true}]}}