{"id":3556,"date":"2023-10-31T17:30:57","date_gmt":"2023-10-31T17:30:57","guid":{"rendered":"https:\/\/encontreportugal.pt\/?p=3556"},"modified":"2023-11-06T13:23:56","modified_gmt":"2023-11-06T13:23:56","slug":"violencia-domestica-em-portugal","status":"publish","type":"post","link":"https:\/\/encontreportugal.pt\/zh\/violencia-domestica-em-portugal\/","title":{"rendered":"\u8461\u8404\u7259\u7684\u5bb6\u5ead\u66b4\u529b"},"content":{"rendered":"<h1>Viol\u00eancia Dom\u00e9stica em Portugal e a Import\u00e2ncia de Advogados em Braga, Barcelos e Guimar\u00e3es<\/h1>\n<p>A viol\u00eancia dom\u00e9stica em Portugal \u00e9 uma quest\u00e3o s\u00e9ria que exige uma abordagem legal e social abrangente. Neste artigo, discutiremos os aspectos-chave da legisla\u00e7\u00e3o portuguesa relacionada \u00e0 viol\u00eancia dom\u00e9stica, destacando a import\u00e2ncia fundamental de advogados em Braga, Barcelos e Guimar\u00e3es para apoiar as v\u00edtimas e garantir que a justi\u00e7a seja feita.<\/p>\n<h2>O Contexto da Viol\u00eancia Dom\u00e9stica em Portugal<\/h2>\n<h3>Panorama Atual da Viol\u00eancia Dom\u00e9stica<\/h3>\n<p>Portugal tem enfrentado desafios cont\u00ednuos no combate \u00e0 viol\u00eancia dom\u00e9stica. De acordo com estat\u00edsticas recentes, o n\u00famero de casos relatados tem aumentado, destacando a necessidade urgente de uma resposta eficaz por parte das autoridades e profissionais jur\u00eddicos.<\/p>\n<h4>Impactos Sociais e Psicol\u00f3gicos da Viol\u00eancia Dom\u00e9stica<\/h4>\n<p>Os impactos da viol\u00eancia dom\u00e9stica v\u00e3o al\u00e9m das les\u00f5es f\u00edsicas, afetando profundamente a sa\u00fade mental e emocional das v\u00edtimas. Muitas vezes, as v\u00edtimas enfrentam traumas duradouros e t\u00eam dificuldades para reconstruir suas vidas ap\u00f3s experi\u00eancias traum\u00e1ticas.<\/p>\n<h3>O Papel dos Advogados em Braga, Barcelos e Guimar\u00e3es<\/h3>\n<h4>Orienta\u00e7\u00e3o Legal Especializada<\/h4>\n<p><a href=\"https:\/\/dcs-advogados.com\/advogados-em-braga-a-chave-para-solucoes-juridicas-confiaveis-em-portugal\/\">Advogados em Braga<\/a>, Barcelos e Guimar\u00e3es desempenham um papel crucial na prote\u00e7\u00e3o e na busca por justi\u00e7a para as v\u00edtimas de viol\u00eancia dom\u00e9stica. Com seu conhecimento especializado da legisla\u00e7\u00e3o portuguesa e das pr\u00e1ticas judiciais locais, esses profissionais oferecem orienta\u00e7\u00e3o jur\u00eddica especializada e representa\u00e7\u00e3o legal para garantir a defesa dos direitos das v\u00edtimas.<\/p>\n<h4>Apoio durante o Processo Judicial<\/h4>\n<p>Al\u00e9m de oferecer aconselhamento jur\u00eddico, os advogados capacitados em Braga, Barcelos e Guimar\u00e3es fornecem apoio emocional e psicol\u00f3gico \u00e0s v\u00edtimas durante o processo judicial. Eles atuam como defensores incans\u00e1veis, trabalhando para assegurar que as vozes das v\u00edtimas sejam ouvidas e que os perpetradores sejam responsabilizados perante a lei.<\/p>\n<h4>Advocacia para a Preven\u00e7\u00e3o e Conscientiza\u00e7\u00e3o<\/h4>\n<p>Os advogados n\u00e3o apenas lidam com casos individuais, mas tamb\u00e9m desempenham um papel fundamental na promo\u00e7\u00e3o da conscientiza\u00e7\u00e3o e preven\u00e7\u00e3o da viol\u00eancia dom\u00e9stica. Eles trabalham em estreita colabora\u00e7\u00e3o com organiza\u00e7\u00f5es locais e autoridades para implementar programas e pol\u00edticas que visam reduzir a incid\u00eancia desse tipo de viol\u00eancia e proteger os direitos das v\u00edtimas.<\/p>\n<p>Em resumo, a quest\u00e3o da viol\u00eancia dom\u00e9stica em Portugal exige uma abordagem multifacetada que envolva a colabora\u00e7\u00e3o entre autoridades, profissionais jur\u00eddicos e a comunidade em geral. A atua\u00e7\u00e3o dos <a href=\"https:\/\/dcs-advogados.com\/advogados-em-barcelos\/\">advogados em Barcelos<\/a> e <a href=\"https:\/\/dcs-advogados.com\/advogados-em-guimaraes\/\">advogados em Guimar\u00e3es<\/a> \u00e9 crucial para garantir que as v\u00edtimas recebam a assist\u00eancia necess\u00e1ria e que os perpetradores sejam responsabilizados por seus atos.<\/p>\n<p>Ao investir em recursos legais e apoio especializado, \u00e9 poss\u00edvel avan\u00e7ar em dire\u00e7\u00e3o a um futuro onde a viol\u00eancia dom\u00e9stica seja efetivamente combatida e as v\u00edtimas recebam o suporte necess\u00e1rio para reconstruir suas vidas com seguran\u00e7a e dignidade.<\/p>\n<div class=\"flex-1 overflow-hidden\">\n<div class=\"react-scroll-to-bottom--css-jsozs-79elbk h-full\">\n<div class=\"react-scroll-to-bottom--css-jsozs-1n7m0yu\">\n<div class=\"flex flex-col text-sm gizmo:pb-9 dark:bg-gray-800 gizmo:dark:bg-transparent\">\n<div class=\"group w-full text-token-text-primary border-b border-black\/10 gizmo:border-0 dark:border-gray-900\/50 gizmo:dark:border-0 bg-gray-50 gizmo:bg-transparent dark:bg-[#444654] gizmo:dark:bg-transparent\" data-testid=\"conversation-turn-5\">\n<div class=\"p-4 gizmo:py-2 justify-center text-base md:gap-6 md:py-6 m-auto\">\n<div class=\"flex flex-1 gap-4 text-base mx-auto md:gap-6 gizmo:gap-3 gizmo:md:px-5 gizmo:lg:px-1 gizmo:xl:px-5 md:max-w-2xl lg:max-w-[38rem] gizmo:md:max-w-3xl gizmo:lg:max-w-[40rem] gizmo:xl:max-w-[48rem] xl:max-w-3xl }\">\n<div class=\"relative flex w-[calc(100%-50px)] flex-col gizmo:w-full lg:w-[calc(100%-115px)] agent-turn\">\n<div class=\"flex-col gap-1 md:gap-3\">\n<div class=\"flex flex-grow flex-col gap-3 max-w-full\">\n<div class=\"min-h-[20px] flex flex-col items-start gap-3 whitespace-pre-wrap break-words overflow-x-auto\" data-message-author-role=\"assistant\" data-message-id=\"0addd3a8-c196-4f2d-9935-83257aa908d9\">\n<div class=\"markdown prose w-full break-words dark:prose-invert light\">\n<h3>Educa\u00e7\u00e3o e Conscientiza\u00e7\u00e3o P\u00fablica<\/h3>\n<p>A educa\u00e7\u00e3o desempenha um papel fundamental na preven\u00e7\u00e3o da viol\u00eancia dom\u00e9stica. A implementa\u00e7\u00e3o de programas educacionais abrangentes, desde as escolas at\u00e9 as comunidades, pode ajudar a aumentar a conscientiza\u00e7\u00e3o sobre os sinais de abuso e promover uma cultura de respeito e igualdade. Palestras, workshops e campanhas de sensibiliza\u00e7\u00e3o podem capacitar as pessoas a refletir e denunciar casos de viol\u00eancia dom\u00e9stica, garantindo que as v\u00edtimas recebam o suporte necess\u00e1rio.<\/p>\n<h3>Acesso Facilitado a Recursos de Apoio<\/h3>\n<p>Garantir o acesso facilitado a recursos de apoio, como abrigos seguros, aconselhamento psicol\u00f3gico e assist\u00eancia jur\u00eddica gratuita, \u00e9 crucial para ajudar as v\u00edtimas a se libertarem de situa\u00e7\u00f5es abusivas. A disponibilidade de linhas de apoio telef\u00f4nico proporcionadas e de servi\u00e7os de aconselhamento online pode garantir que as v\u00edtimas recebam ajuda imediata e confidencial sempre que precisarem, permitindo-lhes buscar orienta\u00e7\u00e3o e prote\u00e7\u00e3o sem medo de retalia\u00e7\u00e3o.<\/p>\n<h3>Fortalecimento das Leis de Prote\u00e7\u00e3o e Puni\u00e7\u00e3o<\/h3>\n<p>\u00c9 imperativo fortalecer as leis de prote\u00e7\u00e3o e prote\u00e7\u00e3o para os agressores. Isso envolve a implementa\u00e7\u00e3o eficaz de medidas legais que garantam a seguran\u00e7a das v\u00edtimas e que responsabilizem os agressores por suas a\u00e7\u00f5es. Al\u00e9m disso, a aplica\u00e7\u00e3o espec\u00edfica das leis existentes e o aprimoramento do sistema judicial para lidar especificamente com casos de viol\u00eancia dom\u00e9stica s\u00e3o essenciais para garantir que as v\u00edtimas recebam justi\u00e7a e prote\u00e7\u00e3o adequadas.<\/p>\n<h3>Capacita\u00e7\u00e3o e Sensibiliza\u00e7\u00e3o das Autoridades<\/h3>\n<p>Capacitar as autoridades locais, incluindo a pol\u00edcia e os servi\u00e7os de assist\u00eancia social, com treinamento especializado sobre como lidar com casos de viol\u00eancia dom\u00e9stica \u00e9 crucial. Isso garantir\u00e1 que as v\u00edtimas sejam tratadas com sensibilidade e que recebam o apoio necess\u00e1rio durante os processos de den\u00fancia e investiga\u00e7\u00e3o. Al\u00e9m disso, a sensibiliza\u00e7\u00e3o cont\u00ednua e a atualiza\u00e7\u00e3o dos protocolos de interven\u00e7\u00e3o podem garantir uma resposta eficaz e imediata a situa\u00e7\u00f5es de viol\u00eancia dom\u00e9stica.<\/p>\n<p>Ao implementar e fortalecer essas medidas preventivas, Portugal pode avan\u00e7ar na dire\u00e7\u00e3o de uma sociedade mais segura e inclusiva, onde a viol\u00eancia dom\u00e9stica seja reduzida e as v\u00edtimas recebam o apoio e a prote\u00e7\u00e3o necess\u00e1ria para reconstruir suas vidas.<\/p>\n<div class=\"flex-1 overflow-hidden\">\n<div class=\"react-scroll-to-bottom--css-griyi-79elbk h-full\">\n<div class=\"react-scroll-to-bottom--css-griyi-1n7m0yu\">\n<div class=\"flex flex-col text-sm gizmo:pb-9 dark:bg-gray-800 gizmo:dark:bg-transparent\">\n<div class=\"group w-full text-token-text-primary border-b border-black\/10 gizmo:border-0 dark:border-gray-900\/50 gizmo:dark:border-0 bg-gray-50 gizmo:bg-transparent dark:bg-[#444654] gizmo:dark:bg-transparent\" data-testid=\"conversation-turn-7\">\n<div class=\"p-4 gizmo:py-2 justify-center text-base md:gap-6 md:py-6 m-auto\">\n<div class=\"flex flex-1 gap-4 text-base mx-auto md:gap-6 gizmo:gap-3 gizmo:md:px-5 gizmo:lg:px-1 gizmo:xl:px-5 md:max-w-2xl lg:max-w-[38rem] gizmo:md:max-w-3xl gizmo:lg:max-w-[40rem] gizmo:xl:max-w-[48rem] xl:max-w-3xl }\">\n<div class=\"relative flex w-[calc(100%-50px)] flex-col gizmo:w-full lg:w-[calc(100%-115px)] agent-turn\">\n<div class=\"flex-col gap-1 md:gap-3\">\n<div class=\"flex flex-grow flex-col gap-3 max-w-full\">\n<div class=\"min-h-[20px] flex flex-col items-start gap-3 whitespace-pre-wrap break-words overflow-x-auto\" data-message-author-role=\"assistant\" data-message-id=\"9f8577c3-ced1-4446-a864-b87be8f0f1ee\">\n<div class=\"markdown prose w-full break-words dark:prose-invert light\">\n<p>Identificar os sintomas de sofrer viol\u00eancia dom\u00e9stica \u00e9 crucial para intervir precocemente e evitar danos adicionais. Aqui est\u00e3o alguns sinais comuns que podem indicar a presen\u00e7a de viol\u00eancia dom\u00e9stica:<\/p>\n<h3>Sinais F\u00edsicos e Emocionais<\/h3>\n<ol>\n<li><strong>Les\u00f5es F\u00edsicas n\u00e3o Justificadas:<\/strong> Ferimentos frequentes, como contus\u00f5es, cortes, queimaduras ou fraturas, que n\u00e3o podem ser explicadas especificamente.<\/li>\n<li><strong>Problemas de Sa\u00fade Recorrentes:<\/strong> Queixas frequentes de dores de cabe\u00e7a, dores no corpo, problemas gastrointestinais ou outros problemas de sa\u00fade relacionados ao estresse e \u00e0 ansiedade.<\/li>\n<li><strong>Altera\u00e7\u00f5es Emocionais Dr\u00e1sticas:<\/strong> Mudan\u00e7as repentinas de humor, depress\u00e3o, ansiedade extrema ou isolamento social podem indicar que algu\u00e9m est\u00e1 lidando com <a href=\"https:\/\/encontreportugal.pt\/psicologia-coimbra\/\">abuso emocional ou psicol\u00f3gico<\/a>.<\/li>\n<\/ol>\n<h3>Comportamento e Atitudes<\/h3>\n<ol>\n<li><strong>Isolamento Social Repentino:<\/strong> A v\u00edtima pode afastar amigos e familiares, evitar intera\u00e7\u00f5es sociais ou demonstrar um comportamento recluso.<\/li>\n<li><strong>Controle Excessivo do Parceiro:<\/strong> Se uma pessoa parece v\u00edtima de pouca ou nenhuma autonomia em rela\u00e7\u00e3o a decis\u00f5es pessoais, financeiras ou de estilo de vida, pode ser um sinal de que est\u00e1 sendo controlado pelo parceiro.<\/li>\n<li><strong>Medo Manifesto ou Ansiedade em Rela\u00e7\u00e3o ao Parceiro:<\/strong> A v\u00edtima pode demonstrar sinais de medo palp\u00e1veis \u200b\u200bao discutir o parceiro ou ao ser confrontada sobre o relacionamento.<\/li>\n<\/ol>\n<h3>Mudan\u00e7as no Comportamento Sexual e Financeiro<\/h3>\n<ol>\n<li><strong>Problemas Sexuais ou Reprodutivos:<\/strong> Disfun\u00e7\u00e3o sexual, gravidez indesejada ou infec\u00e7\u00f5es sexualmente transmiss\u00edveis (ISTs) podem ser indicativos de coer\u00e7\u00e3o sexual ou falta de consentimento.<\/li>\n<li><strong>Restri\u00e7\u00f5es Financeiras Inexplic\u00e1veis:<\/strong> Se uma v\u00edtima parece ter um controle limitado sobre os recursos financeiros pessoais, falta de acesso a contas banc\u00e1rias ou uma falta de conhecimento sobre os assuntos financeiros da fam\u00edlia, pode indicar abuso financeiro.<\/li>\n<\/ol>\n<p>\u00c9 fundamental estar atento a esses sinais e oferecer apoio \u00e0s v\u00edtimas de viol\u00eancia dom\u00e9stica. Encorajar uma comunica\u00e7\u00e3o aberta e emp\u00e1tica pode ajudar a criar um ambiente seguro para que as v\u00edtimas possam falar sobre sua situa\u00e7\u00e3o e receber o suporte necess\u00e1rio para sair de um relacionamento abusivo. \u00c9 igualmente importante encaminhar as v\u00edtimas para profissionais de apoio e servi\u00e7os especializados que possam oferecer aconselhamento jur\u00eddico, psicol\u00f3gico e social.<\/p>\n<\/div>\n<\/div>\n<\/div>\n<\/div>\n<\/div>\n<\/div>\n<\/div>\n<\/div>\n<p><button class=\"cursor-pointer absolute z-10 rounded-full gizmo:bg-clip-padding border text-gray-600 dark:border-white\/10 dark:bg-white\/10 dark:text-gray-200 right-6 bottom-[124px] md:bottom-[180px] gizmo:md:bottom-[143px] lg:bottom-[120px] border-gray-200 bg-gray-50\">\u00a0<\/button><\/p>\n<\/div>\n<\/div>\n<\/div>\n<\/div>\n<\/div>\n<\/div>\n<\/div>\n<\/div>\n<\/div>\n<\/div>\n<\/div>\n<\/div>\n<\/div>\n<\/div>\n<\/div>\n<\/div>\n","protected":false},"excerpt":{"rendered":"<p>Viol\u00eancia Dom\u00e9stica em Portugal e a Import\u00e2ncia de Advogados em Braga, Barcelos e Guimar\u00e3es A viol\u00eancia dom\u00e9stica em Portugal \u00e9 uma quest\u00e3o s\u00e9ria que exige uma abordagem legal e social abrangente. Neste artigo, discutiremos os aspectos-chave da legisla\u00e7\u00e3o portuguesa relacionada \u00e0 viol\u00eancia dom\u00e9stica, destacando a import\u00e2ncia fundamental de advogados em Braga, Barcelos e Guimar\u00e3es para [&hellip;]<\/p>\n","protected":false},"author":1,"featured_media":3557,"comment_status":"open","ping_status":"open","sticky":false,"template":"","format":"standard","meta":{"footnotes":""},"categories":[680],"tags":[],"class_list":["post-3556","post","type-post","status-publish","format-standard","has-post-thumbnail","hentry","category-juridico"],"acf":[],"yoast_head":"<!-- This site is optimized with the Yoast SEO plugin v27.4 - https:\/\/yoast.com\/product\/yoast-seo-wordpress\/ -->\n<title>Viol\u00eancia Dom\u00e9stica em Portugal - Encontre Portugal<\/title>\n<meta name=\"robots\" content=\"index, follow, max-snippet:-1, max-image-preview:large, max-video-preview:-1\" \/>\n<link rel=\"canonical\" href=\"https:\/\/encontreportugal.pt\/zh\/violencia-domestica-em-portugal\/\" \/>\n<meta property=\"og:locale\" content=\"zh_CN\" \/>\n<meta property=\"og:type\" content=\"article\" \/>\n<meta property=\"og:title\" content=\"Viol\u00eancia Dom\u00e9stica em Portugal - Encontre Portugal\" \/>\n<meta property=\"og:url\" content=\"https:\/\/encontreportugal.pt\/zh\/violencia-domestica-em-portugal\/\" \/>\n<meta property=\"og:site_name\" content=\"Encontre Portugal\" \/>\n<meta property=\"article:published_time\" content=\"2023-10-31T17:30:57+00:00\" \/>\n<meta property=\"article:modified_time\" content=\"2023-11-06T13:23:56+00:00\" \/>\n<meta property=\"og:image\" content=\"https:\/\/encontreportugal.pt\/wp-content\/uploads\/2023\/10\/violencia-domestica-em-portugal-scaled.jpg\" \/>\n\t<meta property=\"og:image:width\" content=\"2560\" \/>\n\t<meta property=\"og:image:height\" content=\"1707\" \/>\n\t<meta property=\"og:image:type\" content=\"image\/jpeg\" \/>\n<meta name=\"author\" content=\"Douglas Barbosa\" \/>\n<meta name=\"twitter:card\" content=\"summary_large_image\" \/>\n<meta name=\"twitter:label1\" content=\"\u4f5c\u8005\" \/>\n\t<meta name=\"twitter:data1\" content=\"Douglas Barbosa\" \/>\n\t<meta name=\"twitter:label2\" content=\"\u9884\u8ba1\u9605\u8bfb\u65f6\u95f4\" \/>\n\t<meta name=\"twitter:data2\" content=\"6 \u5206\" \/>\n<script type=\"application\/ld+json\" class=\"yoast-schema-graph\">{\"@context\":\"https:\\\/\\\/schema.org\",\"@graph\":[{\"@type\":\"Article\",\"@id\":\"https:\\\/\\\/encontreportugal.pt\\\/violencia-domestica-em-portugal\\\/#article\",\"isPartOf\":{\"@id\":\"https:\\\/\\\/encontreportugal.pt\\\/violencia-domestica-em-portugal\\\/\"},\"author\":{\"name\":\"Douglas Barbosa\",\"@id\":\"https:\\\/\\\/encontreportugal.pt\\\/zh\\\/#\\\/schema\\\/person\\\/71ee126caa8e8746f4e1d07bb50ba747\"},\"headline\":\"Viol\u00eancia Dom\u00e9stica em Portugal\",\"datePublished\":\"2023-10-31T17:30:57+00:00\",\"dateModified\":\"2023-11-06T13:23:56+00:00\",\"mainEntityOfPage\":{\"@id\":\"https:\\\/\\\/encontreportugal.pt\\\/violencia-domestica-em-portugal\\\/\"},\"wordCount\":1289,\"commentCount\":1,\"publisher\":{\"@id\":\"https:\\\/\\\/encontreportugal.pt\\\/zh\\\/#organization\"},\"image\":{\"@id\":\"https:\\\/\\\/encontreportugal.pt\\\/violencia-domestica-em-portugal\\\/#primaryimage\"},\"thumbnailUrl\":\"https:\\\/\\\/encontreportugal.pt\\\/wp-content\\\/uploads\\\/2023\\\/10\\\/violencia-domestica-em-portugal-scaled.jpg\",\"articleSection\":[\"Juridico\"],\"inLanguage\":\"zh-Hans\",\"potentialAction\":[{\"@type\":\"CommentAction\",\"name\":\"Comment\",\"target\":[\"https:\\\/\\\/encontreportugal.pt\\\/violencia-domestica-em-portugal\\\/#respond\"]}]},{\"@type\":\"WebPage\",\"@id\":\"https:\\\/\\\/encontreportugal.pt\\\/violencia-domestica-em-portugal\\\/\",\"url\":\"https:\\\/\\\/encontreportugal.pt\\\/violencia-domestica-em-portugal\\\/\",\"name\":\"Viol\u00eancia Dom\u00e9stica em Portugal - Encontre Portugal\",\"isPartOf\":{\"@id\":\"https:\\\/\\\/encontreportugal.pt\\\/zh\\\/#website\"},\"primaryImageOfPage\":{\"@id\":\"https:\\\/\\\/encontreportugal.pt\\\/violencia-domestica-em-portugal\\\/#primaryimage\"},\"image\":{\"@id\":\"https:\\\/\\\/encontreportugal.pt\\\/violencia-domestica-em-portugal\\\/#primaryimage\"},\"thumbnailUrl\":\"https:\\\/\\\/encontreportugal.pt\\\/wp-content\\\/uploads\\\/2023\\\/10\\\/violencia-domestica-em-portugal-scaled.jpg\",\"datePublished\":\"2023-10-31T17:30:57+00:00\",\"dateModified\":\"2023-11-06T13:23:56+00:00\",\"breadcrumb\":{\"@id\":\"https:\\\/\\\/encontreportugal.pt\\\/violencia-domestica-em-portugal\\\/#breadcrumb\"},\"inLanguage\":\"zh-Hans\",\"potentialAction\":[{\"@type\":\"ReadAction\",\"target\":[\"https:\\\/\\\/encontreportugal.pt\\\/violencia-domestica-em-portugal\\\/\"]}]},{\"@type\":\"ImageObject\",\"inLanguage\":\"zh-Hans\",\"@id\":\"https:\\\/\\\/encontreportugal.pt\\\/violencia-domestica-em-portugal\\\/#primaryimage\",\"url\":\"https:\\\/\\\/encontreportugal.pt\\\/wp-content\\\/uploads\\\/2023\\\/10\\\/violencia-domestica-em-portugal-scaled.jpg\",\"contentUrl\":\"https:\\\/\\\/encontreportugal.pt\\\/wp-content\\\/uploads\\\/2023\\\/10\\\/violencia-domestica-em-portugal-scaled.jpg\",\"width\":2560,\"height\":1707,\"caption\":\"Hispanic woman standing over isolated background covering eyes with hands and doing stop gesture with sad and fear expression. embarrassed and negative concept.\"},{\"@type\":\"BreadcrumbList\",\"@id\":\"https:\\\/\\\/encontreportugal.pt\\\/violencia-domestica-em-portugal\\\/#breadcrumb\",\"itemListElement\":[{\"@type\":\"ListItem\",\"position\":1,\"name\":\"In\u00edcio\",\"item\":\"https:\\\/\\\/encontreportugal.pt\\\/zh\\\/\"},{\"@type\":\"ListItem\",\"position\":2,\"name\":\"Viol\u00eancia Dom\u00e9stica em Portugal\"}]},{\"@type\":\"WebSite\",\"@id\":\"https:\\\/\\\/encontreportugal.pt\\\/zh\\\/#website\",\"url\":\"https:\\\/\\\/encontreportugal.pt\\\/zh\\\/\",\"name\":\"Encontre Portugal\",\"description\":\"O maior Portal de dicas ao imigrante brasileiro em Portugal.\",\"publisher\":{\"@id\":\"https:\\\/\\\/encontreportugal.pt\\\/zh\\\/#organization\"},\"potentialAction\":[{\"@type\":\"SearchAction\",\"target\":{\"@type\":\"EntryPoint\",\"urlTemplate\":\"https:\\\/\\\/encontreportugal.pt\\\/zh\\\/?s={search_term_string}\"},\"query-input\":{\"@type\":\"PropertyValueSpecification\",\"valueRequired\":true,\"valueName\":\"search_term_string\"}}],\"inLanguage\":\"zh-Hans\"},{\"@type\":\"Organization\",\"@id\":\"https:\\\/\\\/encontreportugal.pt\\\/zh\\\/#organization\",\"name\":\"Encontre Portugal\",\"url\":\"https:\\\/\\\/encontreportugal.pt\\\/zh\\\/\",\"logo\":{\"@type\":\"ImageObject\",\"inLanguage\":\"zh-Hans\",\"@id\":\"https:\\\/\\\/encontreportugal.pt\\\/zh\\\/#\\\/schema\\\/logo\\\/image\\\/\",\"url\":\"https:\\\/\\\/encontreportugal.pt\\\/wp-content\\\/uploads\\\/2024\\\/04\\\/cropped-logo-encontre-portugal.png\",\"contentUrl\":\"https:\\\/\\\/encontreportugal.pt\\\/wp-content\\\/uploads\\\/2024\\\/04\\\/cropped-logo-encontre-portugal.png\",\"width\":500,\"height\":165,\"caption\":\"Encontre Portugal\"},\"image\":{\"@id\":\"https:\\\/\\\/encontreportugal.pt\\\/zh\\\/#\\\/schema\\\/logo\\\/image\\\/\"}},{\"@type\":\"Person\",\"@id\":\"https:\\\/\\\/encontreportugal.pt\\\/zh\\\/#\\\/schema\\\/person\\\/71ee126caa8e8746f4e1d07bb50ba747\",\"name\":\"Douglas Barbosa\",\"image\":{\"@type\":\"ImageObject\",\"inLanguage\":\"zh-Hans\",\"@id\":\"https:\\\/\\\/encontreportugal.pt\\\/wp-content\\\/uploads\\\/2024\\\/03\\\/douglasfdb_avatar-96x96.jpeg\",\"url\":\"https:\\\/\\\/encontreportugal.pt\\\/wp-content\\\/uploads\\\/2024\\\/03\\\/douglasfdb_avatar-96x96.jpeg\",\"contentUrl\":\"https:\\\/\\\/encontreportugal.pt\\\/wp-content\\\/uploads\\\/2024\\\/03\\\/douglasfdb_avatar-96x96.jpeg\",\"caption\":\"Douglas Barbosa\"},\"description\":\"Graduado em Tecnologia de Redes de Computadores e com P\u00f3s-Gradua\u00e7\u00e3o em Marketing Digital, Business Intelligence e Estrat\u00e9gia Data-Driven pela Pontif\u00edcia Universidade Cat\u00f3lica (PUC). Capacita\u00e7\u00e3o em Linguagem Corporal e Detec\u00e7\u00e3o de Microexpress\u00f5es Faciais. Participa\u00e7\u00e3o na forma\u00e7\u00e3o \\\"M\u00e1quina de Tr\u00e1fego e Convers\u00e3o - Aprenda a Vender Mais pelo Google Todos os Dias\\\". Certificado pelo Google em Rede de Pesquisa. Vasta experi\u00eancia em projetos de SEO, gest\u00e3o de tr\u00e1fego pago no Google Ads e Cria\u00e7\u00e3o de Websites.\",\"sameAs\":[\"https:\\\/\\\/encontreportugal.pt\"],\"url\":\"https:\\\/\\\/encontreportugal.pt\\\/zh\\\/author\\\/douglasfdb\\\/\"}]}<\/script>\n<!-- \/ Yoast SEO plugin. -->","yoast_head_json":{"title":"Viol\u00eancia Dom\u00e9stica em Portugal - Encontre Portugal","robots":{"index":"index","follow":"follow","max-snippet":"max-snippet:-1","max-image-preview":"max-image-preview:large","max-video-preview":"max-video-preview:-1"},"canonical":"https:\/\/encontreportugal.pt\/zh\/violencia-domestica-em-portugal\/","og_locale":"zh_CN","og_type":"article","og_title":"Viol\u00eancia Dom\u00e9stica em Portugal - Encontre Portugal","og_url":"https:\/\/encontreportugal.pt\/zh\/violencia-domestica-em-portugal\/","og_site_name":"Encontre Portugal","article_published_time":"2023-10-31T17:30:57+00:00","article_modified_time":"2023-11-06T13:23:56+00:00","og_image":[{"width":2560,"height":1707,"url":"https:\/\/encontreportugal.pt\/wp-content\/uploads\/2023\/10\/violencia-domestica-em-portugal-scaled.jpg","type":"image\/jpeg"}],"author":"Douglas Barbosa","twitter_card":"summary_large_image","twitter_misc":{"\u4f5c\u8005":"Douglas Barbosa","\u9884\u8ba1\u9605\u8bfb\u65f6\u95f4":"6 \u5206"},"schema":{"@context":"https:\/\/schema.org","@graph":[{"@type":"Article","@id":"https:\/\/encontreportugal.pt\/violencia-domestica-em-portugal\/#article","isPartOf":{"@id":"https:\/\/encontreportugal.pt\/violencia-domestica-em-portugal\/"},"author":{"name":"Douglas Barbosa","@id":"https:\/\/encontreportugal.pt\/zh\/#\/schema\/person\/71ee126caa8e8746f4e1d07bb50ba747"},"headline":"Viol\u00eancia Dom\u00e9stica em Portugal","datePublished":"2023-10-31T17:30:57+00:00","dateModified":"2023-11-06T13:23:56+00:00","mainEntityOfPage":{"@id":"https:\/\/encontreportugal.pt\/violencia-domestica-em-portugal\/"},"wordCount":1289,"commentCount":1,"publisher":{"@id":"https:\/\/encontreportugal.pt\/zh\/#organization"},"image":{"@id":"https:\/\/encontreportugal.pt\/violencia-domestica-em-portugal\/#primaryimage"},"thumbnailUrl":"https:\/\/encontreportugal.pt\/wp-content\/uploads\/2023\/10\/violencia-domestica-em-portugal-scaled.jpg","articleSection":["Juridico"],"inLanguage":"zh-Hans","potentialAction":[{"@type":"CommentAction","name":"Comment","target":["https:\/\/encontreportugal.pt\/violencia-domestica-em-portugal\/#respond"]}]},{"@type":"WebPage","@id":"https:\/\/encontreportugal.pt\/violencia-domestica-em-portugal\/","url":"https:\/\/encontreportugal.pt\/violencia-domestica-em-portugal\/","name":"Viol\u00eancia Dom\u00e9stica em Portugal - Encontre Portugal","isPartOf":{"@id":"https:\/\/encontreportugal.pt\/zh\/#website"},"primaryImageOfPage":{"@id":"https:\/\/encontreportugal.pt\/violencia-domestica-em-portugal\/#primaryimage"},"image":{"@id":"https:\/\/encontreportugal.pt\/violencia-domestica-em-portugal\/#primaryimage"},"thumbnailUrl":"https:\/\/encontreportugal.pt\/wp-content\/uploads\/2023\/10\/violencia-domestica-em-portugal-scaled.jpg","datePublished":"2023-10-31T17:30:57+00:00","dateModified":"2023-11-06T13:23:56+00:00","breadcrumb":{"@id":"https:\/\/encontreportugal.pt\/violencia-domestica-em-portugal\/#breadcrumb"},"inLanguage":"zh-Hans","potentialAction":[{"@type":"ReadAction","target":["https:\/\/encontreportugal.pt\/violencia-domestica-em-portugal\/"]}]},{"@type":"ImageObject","inLanguage":"zh-Hans","@id":"https:\/\/encontreportugal.pt\/violencia-domestica-em-portugal\/#primaryimage","url":"https:\/\/encontreportugal.pt\/wp-content\/uploads\/2023\/10\/violencia-domestica-em-portugal-scaled.jpg","contentUrl":"https:\/\/encontreportugal.pt\/wp-content\/uploads\/2023\/10\/violencia-domestica-em-portugal-scaled.jpg","width":2560,"height":1707,"caption":"Hispanic woman standing over isolated background covering eyes with hands and doing stop gesture with sad and fear expression. embarrassed and negative concept."},{"@type":"BreadcrumbList","@id":"https:\/\/encontreportugal.pt\/violencia-domestica-em-portugal\/#breadcrumb","itemListElement":[{"@type":"ListItem","position":1,"name":"In\u00edcio","item":"https:\/\/encontreportugal.pt\/zh\/"},{"@type":"ListItem","position":2,"name":"Viol\u00eancia Dom\u00e9stica em Portugal"}]},{"@type":"WebSite","@id":"https:\/\/encontreportugal.pt\/zh\/#website","url":"https:\/\/encontreportugal.pt\/zh\/","name":"\u5bfb\u627e\u8461\u8404\u7259","description":"\u8461\u8404\u7259\u6700\u5927\u7684\u5df4\u897f\u79fb\u6c11\u63d0\u793a\u95e8\u6237\u7f51\u7ad9\u3002","publisher":{"@id":"https:\/\/encontreportugal.pt\/zh\/#organization"},"potentialAction":[{"@type":"SearchAction","target":{"@type":"EntryPoint","urlTemplate":"https:\/\/encontreportugal.pt\/zh\/?s={search_term_string}"},"query-input":{"@type":"PropertyValueSpecification","valueRequired":true,"valueName":"search_term_string"}}],"inLanguage":"zh-Hans"},{"@type":"Organization","@id":"https:\/\/encontreportugal.pt\/zh\/#organization","name":"\u5bfb\u627e\u8461\u8404\u7259","url":"https:\/\/encontreportugal.pt\/zh\/","logo":{"@type":"ImageObject","inLanguage":"zh-Hans","@id":"https:\/\/encontreportugal.pt\/zh\/#\/schema\/logo\/image\/","url":"https:\/\/encontreportugal.pt\/wp-content\/uploads\/2024\/04\/cropped-logo-encontre-portugal.png","contentUrl":"https:\/\/encontreportugal.pt\/wp-content\/uploads\/2024\/04\/cropped-logo-encontre-portugal.png","width":500,"height":165,"caption":"Encontre Portugal"},"image":{"@id":"https:\/\/encontreportugal.pt\/zh\/#\/schema\/logo\/image\/"}},{"@type":"Person","@id":"https:\/\/encontreportugal.pt\/zh\/#\/schema\/person\/71ee126caa8e8746f4e1d07bb50ba747","name":"\u9053\u683c\u62c9\u65af-\u5df4\u5c14\u535a\u8428","image":{"@type":"ImageObject","inLanguage":"zh-Hans","@id":"https:\/\/encontreportugal.pt\/wp-content\/uploads\/2024\/03\/douglasfdb_avatar-96x96.jpeg","url":"https:\/\/encontreportugal.pt\/wp-content\/uploads\/2024\/03\/douglasfdb_avatar-96x96.jpeg","contentUrl":"https:\/\/encontreportugal.pt\/wp-content\/uploads\/2024\/03\/douglasfdb_avatar-96x96.jpeg","caption":"Douglas Barbosa"},"description":"\u4ed6\u62e5\u6709\u5929\u4e3b\u6559\u5b97\u5ea7\u5927\u5b66\uff08PUC\uff09\u8ba1\u7b97\u673a\u7f51\u7edc\u6280\u672f\u5b66\u4f4d\u4ee5\u53ca\u6570\u5b57\u8425\u9500\u3001\u5546\u4e1a\u667a\u80fd\u548c\u6570\u636e\u9a71\u52a8\u6218\u7565\u7814\u7a76\u751f\u5b66\u5386\u3002\u8eab\u4f53\u8bed\u8a00\u548c\u9762\u90e8\u5fae\u8868\u60c5\u68c0\u6d4b\u57f9\u8bad\u3002\u53c2\u52a0 \"\u6d41\u91cf\u548c\u8f6c\u5316\u673a\u5668--\u5b66\u4f1a\u6bcf\u5929\u901a\u8fc7\u8c37\u6b4c\u9500\u552e\u66f4\u591a\u4ea7\u54c1 \"\u57f9\u8bad\u8bfe\u7a0b\u3002\u83b7\u5f97\u8c37\u6b4c\u641c\u7d22\u5f15\u64ce\u4f18\u5316\u8ba4\u8bc1\u3002\u5728\u641c\u7d22\u5f15\u64ce\u4f18\u5316\u9879\u76ee\u3001\u8c37\u6b4c\u5e7f\u544a\u4ed8\u8d39\u6d41\u91cf\u7ba1\u7406\u548c\u7f51\u7ad9\u521b\u5efa\u65b9\u9762\u62e5\u6709\u4e30\u5bcc\u7ecf\u9a8c\u3002","sameAs":["https:\/\/encontreportugal.pt"],"url":"https:\/\/encontreportugal.pt\/zh\/author\/douglasfdb\/"}]}},"_links":{"self":[{"href":"https:\/\/encontreportugal.pt\/zh\/wp-json\/wp\/v2\/posts\/3556","targetHints":{"allow":["GET"]}}],"collection":[{"href":"https:\/\/encontreportugal.pt\/zh\/wp-json\/wp\/v2\/posts"}],"about":[{"href":"https:\/\/encontreportugal.pt\/zh\/wp-json\/wp\/v2\/types\/post"}],"author":[{"embeddable":true,"href":"https:\/\/encontreportugal.pt\/zh\/wp-json\/wp\/v2\/users\/1"}],"replies":[{"embeddable":true,"href":"https:\/\/encontreportugal.pt\/zh\/wp-json\/wp\/v2\/comments?post=3556"}],"version-history":[{"count":0,"href":"https:\/\/encontreportugal.pt\/zh\/wp-json\/wp\/v2\/posts\/3556\/revisions"}],"wp:featuredmedia":[{"embeddable":true,"href":"https:\/\/encontreportugal.pt\/zh\/wp-json\/wp\/v2\/media\/3557"}],"wp:attachment":[{"href":"https:\/\/encontreportugal.pt\/zh\/wp-json\/wp\/v2\/media?parent=3556"}],"wp:term":[{"taxonomy":"category","embeddable":true,"href":"https:\/\/encontreportugal.pt\/zh\/wp-json\/wp\/v2\/categories?post=3556"},{"taxonomy":"post_tag","embeddable":true,"href":"https:\/\/encontreportugal.pt\/zh\/wp-json\/wp\/v2\/tags?post=3556"}],"curies":[{"name":"wp","href":"https:\/\/api.w.org\/{rel}","templated":true}]}}