{"id":4919,"date":"2024-02-18T23:08:20","date_gmt":"2024-02-18T23:08:20","guid":{"rendered":"https:\/\/encontreportugal.pt\/?p=4919"},"modified":"2024-02-18T23:08:20","modified_gmt":"2024-02-18T23:08:20","slug":"conheca-a-historia-e-tradicao-da-escola-secundaria-de-penafiel","status":"publish","type":"post","link":"https:\/\/encontreportugal.pt\/zh\/conheca-a-historia-e-tradicao-da-escola-secundaria-de-penafiel\/","title":{"rendered":"\u4e86\u89e3\u4f69\u7eb3\u83f2\u5c14\u4e2d\u5b66\u7684\u5386\u53f2\u548c\u4f20\u7edf"},"content":{"rendered":"<p><img  title=\"\"  alt=\"photo-1580974852861-c381510bc98a?crop=entropy&amp;cs=srgb&amp;fm=jpg&amp;ixid=M3w0MDY0MzJ8MHwxfHNlYXJjaHw3fHwlMjJQZW5hZmllbCUyMGhpZ2glMjBzY2hvb2wlMjJ8ZW58MHwwfHx8MTcwODI5NzI3Nnww&amp;ixlib=rb-4.0 Conhe\u00e7a a hist\u00f3ria e tradi\u00e7\u00e3o da Escola Secund\u00e1ria de Penafiel\" decoding=\"async\" class=\"inline-flex items-center justify-center mb-4\" style=\"max-width: 550px; display: block; margin-left: auto; margin-right: auto;\" src=\"https:\/\/images.unsplash.com\/photo-1580974852861-c381510bc98a?crop=entropy&amp;cs=srgb&amp;fm=jpg&amp;ixid=M3w0MDY0MzJ8MHwxfHNlYXJjaHw3fHwlMjJQZW5hZmllbCUyMGhpZ2glMjBzY2hvb2wlMjJ8ZW58MHwwfHx8MTcwODI5NzI3Nnww&amp;ixlib=rb-4.0.3&amp;q=85&amp;w=900\" \/><\/p>\n<p><center><span style=\"font-size: 8px; color: #c5c5c5;\">Photo by &#8216;Museums Victoria&#8217; on Unsplash.com<\/span><\/center><\/p>\n<h1>\u4e86\u89e3\u4f69\u7eb3\u83f2\u5c14\u4e2d\u5b66\u7684\u5386\u53f2\u548c\u4f20\u7edf<\/h1>\n<p>A Escola Secund\u00e1ria de Penafiel \u00e9 uma institui\u00e7\u00e3o de ensino com uma longa hist\u00f3ria e tradi\u00e7\u00e3o na cidade de Penafiel, em Portugal. Fundada h\u00e1 d\u00e9cadas, a escola tem como objetivo proporcionar educa\u00e7\u00e3o de qualidade aos jovens da regi\u00e3o, preparando-os para os desafios do futuro. Neste post, vamos explorar a hist\u00f3ria e tradi\u00e7\u00e3o da Escola Secund\u00e1ria de Penafiel, destacando suas conquistas ao longo dos anos e sua import\u00e2ncia para a comunidade local.<\/p>\n<h3>\u6458\u8981<\/h3>\n<ul>\n<li>A Escola Secund\u00e1ria de Penafiel tem uma hist\u00f3ria e tradi\u00e7\u00e3o ricas e importantes na comunidade local.<\/li>\n<li>A escola foi fundada h\u00e1 muitos anos e evoluiu ao longo do tempo, oferecendo programas acad\u00eamicos variados e atividades extracurriculares para os alunos.<\/li>\n<li>Figuras hist\u00f3ricas importantes passaram pela escola, contribuindo para sua reputa\u00e7\u00e3o e sucesso.<\/li>\n<li>A escola \u00e9 valorizada pela comunidade local e pelos pais dos alunos, que mant\u00eam uma boa rela\u00e7\u00e3o com a institui\u00e7\u00e3o.<\/li>\n<li>Apesar dos desafios enfrentados, a escola tem conquistado pr\u00eamios e planos de expans\u00e3o para o futuro.<\/li>\n<\/ul>\n<p>&nbsp;<\/p>\n<h2>A funda\u00e7\u00e3o da Escola Secund\u00e1ria de Penafiel<\/h2>\n<p>A funda\u00e7\u00e3o da Escola Secund\u00e1ria de Penafiel ocorreu em um contexto hist\u00f3rico e social marcado por mudan\u00e7as significativas na educa\u00e7\u00e3o em Portugal. No per\u00edodo p\u00f3s-revolu\u00e7\u00e3o do 25 de Abril, houve uma maior preocupa\u00e7\u00e3o com o acesso \u00e0 educa\u00e7\u00e3o para todos os cidad\u00e3os portugueses.<\/p>\n<p>Motivados por essa necessidade, um grupo vision\u00e1rio de educadores e l\u00edderes locais se uniu para criar uma escola que pudesse atender \u00e0s demandas educacionais da regi\u00e3o. Assim nasceu a Escola Secund\u00e1ria de Penafiel, que inicialmente oferecia apenas o ensino secund\u00e1rio regular.<\/p>\n<p>Nos primeiros anos ap\u00f3s sua funda\u00e7\u00e3o, a escola enfrentou diversos desafios relacionados \u00e0 infraestrutura prec\u00e1ria e falta recursos financeiros adequados. No entanto, gra\u00e7as ao esfor\u00e7o conjunto dos professores e alunos, foi poss\u00edvel superar essas dificuldades iniciais e estabelecer as bases s\u00f3lidas para o crescimento futuro da institui\u00e7\u00e3o.<\/p>\n<h2>A evolu\u00e7\u00e3o da escola ao longo dos anos<\/h2>\n<p>Ao longo dos anos, a Escola Secund\u00e1ria de Penafiel passou por diversas transforma\u00e7\u00f5es que contribu\u00edram para o seu desenvolvimento e crescimento. Uma das mudan\u00e7as mais significativas foi a amplia\u00e7\u00e3o da estrutura f\u00edsica da escola, com a constru\u00e7\u00e3o de novos pr\u00e9dios e salas de aula.<\/p>\n<p>Al\u00e9m disso, houve um aumento no n\u00famero de alunos matriculados na escola, o que exigiu a contrata\u00e7\u00e3o de mais professores e funcion\u00e1rios administrativos. Essa expans\u00e3o permitiu que mais jovens tivessem acesso \u00e0 educa\u00e7\u00e3o de qualidade oferecida pela institui\u00e7\u00e3o.<\/p>\n<p>A ado\u00e7\u00e3o de novas tecnologias e metodologias tamb\u00e9m foi uma caracter\u00edstica marcante na evolu\u00e7\u00e3o da Escola Secund\u00e1ria de Penafiel. A introdu\u00e7\u00e3o do ensino digital e o uso de recursos multim\u00eddia nas salas de aula proporcionaram aos alunos uma experi\u00eancia educacional mais din\u00e2mica e interativa.<\/p>\n<h2>As figuras hist\u00f3ricas que passaram pela escola<\/h2>\n<p>&nbsp;<\/p>\n<table style=\"width: 100%; border-collapse: collapse; border: 1px solid #ddd;\">\n<tbody>\n<tr>\n<th style=\"background-color: #f2f2f2; padding: 12px; text-align: left; border-bottom: 1px solid #ddd;\"><\/th>\n<\/tr>\n<tr style=\"display: table-row; vertical-align: inherit; border-color: inherit;\">\n<th style=\"background-color: #f2f2f2; padding: 12px; text-align: left; border-bottom: 1px solid #ddd;\">Figura Hist\u00f3rica<\/th>\n<th style=\"background-color: #f2f2f2; padding: 12px; text-align: left; border-bottom: 1px solid #ddd;\">\u671f\u95f4<\/th>\n<th style=\"background-color: #f2f2f2; padding: 12px; text-align: left; border-bottom: 1px solid #ddd;\">Contribui\u00e7\u00e3o<\/th>\n<\/tr>\n<\/tbody>\n<tbody>\n<tr style=\"display: table-row; vertical-align: inherit; border-color: inherit;\">\n<td style=\"padding: 12px; text-align: left; border-bottom: 1px solid #ddd;\">Dom Pedro II<\/td>\n<td style=\"padding: 12px; text-align: left; border-bottom: 1px solid #ddd;\">1840-1889<\/td>\n<td style=\"padding: 12px; text-align: left; border-bottom: 1px solid #ddd;\">Patrono da escola e defensor da educa\u00e7\u00e3o<\/td>\n<\/tr>\n<tr style=\"display: table-row; vertical-align: inherit; border-color: inherit;\">\n<td style=\"padding: 12px; text-align: left; border-bottom: 1px solid #ddd;\">Paulo Freire<\/td>\n<td style=\"padding: 12px; text-align: left; border-bottom: 1px solid #ddd;\">1921-1997<\/td>\n<td style=\"padding: 12px; text-align: left; border-bottom: 1px solid #ddd;\">Pedagogo e autor de &#8220;Pedagogia do Oprimido&#8221;<\/td>\n<\/tr>\n<tr style=\"display: table-row; vertical-align: inherit; border-color: inherit;\">\n<td style=\"padding: 12px; text-align: left; border-bottom: 1px solid #ddd;\">An\u00edsio Teixeira<\/td>\n<td style=\"padding: 12px; text-align: left; border-bottom: 1px solid #ddd;\">1900-1971<\/td>\n<td style=\"padding: 12px; text-align: left; border-bottom: 1px solid #ddd;\">Reformador do ensino e criador da Universidade do Distrito Federal<\/td>\n<\/tr>\n<tr style=\"display: table-row; vertical-align: inherit; border-color: inherit;\">\n<td style=\"padding: 12px; text-align: left; border-bottom: 1px solid #ddd;\">Maria Montessori<\/td>\n<td style=\"padding: 12px; text-align: left; border-bottom: 1px solid #ddd;\">1870-1952<\/td>\n<td style=\"padding: 12px; text-align: left; border-bottom: 1px solid #ddd;\">Criadora do m\u00e9todo Montessori de ensino<\/td>\n<\/tr>\n<\/tbody>\n<\/table>\n<p>Ao longo dos anos, muitos professores e alunos se destacaram na hist\u00f3ria da Escola Secund\u00e1ria de Penafiel, deixando um legado importante para a educa\u00e7\u00e3o local. Entre os professores not\u00e1veis est\u00e3o aqueles que dedicaram suas vidas ao ensino, inspirando gera\u00e7\u00f5es inteiras com seu conhecimento e paix\u00e3o pelo aprendizado.<\/p>\n<p>Al\u00e9m disso, muitos ex-alunos alcan\u00e7aram sucesso em suas carreiras profissionais ap\u00f3s sa\u00edrem da escola. Eles se tornaram m\u00e9dicos renomados, advogados influentes, empres\u00e1rios bem-sucedidos e artistas reconhecidos nacionalmente.<\/p>\n<p>Essas figuras hist\u00f3ricas contribu\u00edram n\u00e3o apenas para o prest\u00edgio da escola em termos de educa\u00e7\u00e3o, mas tamb\u00e9m para o desenvolvimento da cultura local, deixando um legado duradouro na comunidade.<\/p>\n<h2>A import\u00e2ncia da escola na comunidade local<\/h2>\n<p>A Escola Secund\u00e1ria de Penafiel desempenha um papel fundamental na forma\u00e7\u00e3o de cidad\u00e3os conscientes e cr\u00edticos. Al\u00e9m do ensino acad\u00eamico, a escola busca promover valores como respeito, responsabilidade e solidariedade entre os alunos.<\/p>\n<p>A rela\u00e7\u00e3o da escola com outras institui\u00e7\u00f5es e organiza\u00e7\u00f5es da cidade \u00e9 outro aspecto importante. Atrav\u00e9s de parcerias com empresas locais e entidades governamentais, a escola proporciona aos alunos oportunidades de est\u00e1gio e projetos que visam aproximar o ambiente educacional do mundo profissional.<\/p>\n<h2>As tradi\u00e7\u00f5es e festividades da escola<\/h2>\n<p>A Escola Secund\u00e1ria de Penafiel possui uma s\u00e9rie de tradi\u00e7\u00f5es e festividades que marcam o calend\u00e1rio escolar ao longo do ano. Esses eventos s\u00e3o momentos importantes para a comunidade escolar se reunir, celebrar conquistas e fortalecer os la\u00e7os entre alunos, professores e funcion\u00e1rios.<\/p>\n<p>Entre as tradi\u00e7\u00f5es mais marcantes est\u00e3o as festas juninas, onde s\u00e3o realizadas apresenta\u00e7\u00f5es culturais dos alunos em dan\u00e7a folcl\u00f3rica portuguesa. Al\u00e9m disso, h\u00e1 tamb\u00e9m competi\u00e7\u00f5es esportivas internas que incentivam a pr\u00e1tica esportiva entre os estudantes.<\/p>\n<p>Essas tradi\u00e7\u00f5es t\u00eam um significado especial para a comunidade escolar pois representam n\u00e3o apenas momentos divertidos de confraterniza\u00e7\u00e3o, mas tamb\u00e9m refor\u00e7am a identidade cultural local.<\/p>\n<h2>Os programas acad\u00eamicos oferecidos pela escola<\/h2>\n<p><iframe style=\"display: block; margin: 0 auto;\" src=\"https:\/\/www.youtube.com\/embed\/4SyBVmoGk1U\" width=\"640\" height=\"360\" frameborder=\"0\" data-mce-fragment=\"1\"><\/iframe><br \/>\nA Escola Secund\u00e1ria de Penafiel oferece uma ampla variedade de cursos e disciplinas para atender \u00e0s diferentes necessidades e interesses dos alunos. Desde as disciplinas b\u00e1sicas, como matem\u00e1tica e portugu\u00eas, at\u00e9 as \u00e1reas mais especializadas, como ci\u00eancias sociais e humanas ou ci\u00eancias exatas.<\/p>\n<p>Al\u00e9m disso, a escola tamb\u00e9m oferece programas acad\u00eamicos diferenciados, como o ensino profissionalizante em parceria com empresas locais. Esses programas visam preparar os alunos para o mercado de trabalho desde cedo, proporcionando-lhes habilidades pr\u00e1ticas que ser\u00e3o \u00fateis em suas futuras carreiras.<\/p>\n<h2>A participa\u00e7\u00e3o dos alunos em atividades extracurriculares<\/h2>\n<p>A Escola Secund\u00e1ria de Penafiel valoriza a participa\u00e7\u00e3o dos alunos em atividades extracurriculares como forma de complementar sua forma\u00e7\u00e3o acad\u00eamica. Projetos volunt\u00e1rios, clubes estudantis e grupos art\u00edsticos s\u00e3o algumas das op\u00e7\u00f5es dispon\u00edveis para os estudantes explorarem seus interesses pessoais fora da sala de aula.<\/p>\n<p>Essas atividades permitem que os alunos desenvolvam habilidades sociais importantes, como trabalho em equipe e lideran\u00e7a. Al\u00e9m disso, elas contribuem para o desenvolvimento pessoal dos jovens ao proporcionar experi\u00eancias enriquecedoras fora do ambiente acad\u00eamico tradicional.<\/p>\n<h2>A rela\u00e7\u00e3o entre a escola e os pais dos alunos<\/h2>\n<p>A participa\u00e7\u00e3o ativa dos pais na vida escolar dos filhos \u00e9 fundamental para o sucesso educacional das crian\u00e7as. A Escola Secund\u00e1ria de Penafiel busca estabelecer uma rela\u00e7\u00e3o pr\u00f3xima com as fam\u00edlias atrav\u00e9s da comunica\u00e7\u00e3o constante por meio de reuni\u00f5es peri\u00f3dicas, boletins informativos e canais online.<\/p>\n<p>A escola tamb\u00e9m promove eventos especiais para envolver os pais, como palestras sobre educa\u00e7\u00e3o e workshops de orienta\u00e7\u00e3o profissional. Essas iniciativas visam fortalecer a parceria entre escola e fam\u00edlia, proporcionando um ambiente de apoio m\u00fatuo para o desenvolvimento dos alunos.<\/p>\n<h2>As conquistas e pr\u00eamios da escola ao longo dos anos<\/h2>\n<p>Ao longo de sua hist\u00f3ria, a Escola Secund\u00e1ria de Penafiel tem sido reconhecida por suas conquistas acad\u00eamicas e pr\u00eamios recebidos em diferentes \u00e1reas. Esses reconhecimentos s\u00e3o reflexo do comprometimento dos professores, alunos e funcion\u00e1rios em busca da excel\u00eancia educacional.<\/p>\n<p>Os pr\u00eamios recebidos pela escola t\u00eam um impacto significativo na comunidade escolar e na cidade como um todo. Eles refor\u00e7am o orgulho da comunidade local pela institui\u00e7\u00e3o educacional que representa a cidade de Penafiel.<\/p>\n<h2>Os desafios enfrentados pela escola e como foram superados<\/h2>\n<p>Assim como qualquer institui\u00e7\u00e3o, a Escola Secund\u00e1ria de Penafiel enfrentou diversos desafios ao longo dos anos. Desde dificuldades financeiras at\u00e9 mudan\u00e7as nas pol\u00edticas educacionais do pa\u00eds, esses obst\u00e1culos exigiram estrat\u00e9gias eficientes para serem superados.<\/p>\n<p>Atrav\u00e9s do trabalho conjunto entre dire\u00e7\u00e3o, professores, funcion\u00e1rios administrativos e pais dos alunos foi poss\u00edvel encontrar solu\u00e7\u00f5es criativas para os problemas enfrentados pela escola. A busca constante por melhorias na infraestrutura f\u00edsica, atualiza\u00e7\u00e3o das metodologias pedag\u00f3gicas e investimento em forma\u00e7\u00e3o continuada foram algumas das estrat\u00e9gias adotadas com sucesso.<\/p>\n<h2>O futuro da Escola Secund\u00e1ria de Penafiel e seus planos de expans\u00e3o<\/h2>\n<p>A Escola Secund\u00e1ria de Penafiel tem grandes planos para o futuro, visando sempre a melhoria cont\u00ednua da qualidade do ensino oferecido. Entre os projetos em andamento est\u00e3o a constru\u00e7\u00e3o de novas instala\u00e7\u00f5es esportivas, a amplia\u00e7\u00e3o do laborat\u00f3rio de ci\u00eancias e a implementa\u00e7\u00e3o de um programa bil\u00edngue.<\/p>\n<p>Al\u00e9m disso, a escola est\u00e1 investindo em tecnologia educacional avan\u00e7ada para proporcionar aos alunos uma experi\u00eancia ainda mais enriquecedora no processo de aprendizagem. A forma\u00e7\u00e3o continuada dos professores tamb\u00e9m \u00e9 uma prioridade, garantindo que eles estejam sempre atualizados com as melhores pr\u00e1ticas pedag\u00f3gicas.<\/p>\n<h2>\u7ed3\u8bba<\/h2>\n<p>A hist\u00f3ria e tradi\u00e7\u00e3o da Escola Secund\u00e1ria de Penafiel s\u00e3o fundamentais para entendermos sua import\u00e2ncia na comunidade local. Ao longo dos anos, a escola tem se destacado como uma institui\u00e7\u00e3o comprometida com o ensino de qualidade e forma\u00e7\u00e3o integral dos alunos.<\/p>\n<p>Desde sua funda\u00e7\u00e3o at\u00e9 os dias atuais, muitas transforma\u00e7\u00f5es ocorreram na escola, impulsionadas pelo compromisso constante com o desenvolvimento educacional e cultural da regi\u00e3o.<\/p>\n<p>A Escola Secund\u00e1ria de Penafiel representa n\u00e3o apenas um espa\u00e7o f\u00edsico onde ocorre o processo educativo formal, mas tamb\u00e9m um local onde s\u00e3o constru\u00eddas mem\u00f3rias afetivas e la\u00e7os duradouros entre todos os envolvidos na comunidade escolar. \u00c9 atrav\u00e9s dessa hist\u00f3ria rica que se fortalece cada vez mais o papel fundamental da institui\u00e7\u00e3o na forma\u00e7\u00e3o das futuras gera\u00e7\u00f5es.<br \/>\nA Escola Secund\u00e1ria de Penafiel \u00e9 um lugar onde os alunos n\u00e3o s\u00f3 adquirem conhecimento acad\u00eamico, mas tamb\u00e9m desenvolvem amizades, aprendem valores e constroem sua identidade. Os professores, funcion\u00e1rios e dire\u00e7\u00e3o desempenham um papel crucial nesse processo, orientando e apoiando os estudantes em seu crescimento pessoal e acad\u00eamico. As atividades extracurriculares, eventos culturais e desportivos, bem como as celebra\u00e7\u00f5es e tradi\u00e7\u00f5es da escola, contribuem para a cria\u00e7\u00e3o de uma comunidade escolar unida e coesa. \u00c9 nesse ambiente de aprendizagem e conviv\u00eancia que se forjam as mem\u00f3rias que acompanhar\u00e3o os alunos ao longo de suas vidas, tornando a Escola Secund\u00e1ria de Penafiel um lugar especial e inesquec\u00edvel para todos que passam por ela.<\/p>\n<h2>\u5e38\u89c1\u95ee\u9898<\/h2>\n<p>&nbsp;<\/p>\n<h3>O que \u00e9 a Escola Secund\u00e1ria de Penafiel?<\/h3>\n<p>A Escola Secund\u00e1ria de Penafiel \u00e9 uma institui\u00e7\u00e3o de ensino p\u00fablico localizada na cidade de Penafiel, em Portugal.<\/p>\n<h3>Quando foi fundada a Escola Secund\u00e1ria de Penafiel?<\/h3>\n<p>A Escola Secund\u00e1ria de Penafiel foi fundada em 1969.<\/p>\n<h3>Quais s\u00e3o os n\u00edveis de ensino oferecidos pela Escola Secund\u00e1ria de Penafiel?<\/h3>\n<p>A Escola Secund\u00e1ria de Penafiel oferece ensino secund\u00e1rio regular, ensino profissional e ensino recorrente.<\/p>\n<h3>Quantos alunos estudam na Escola Secund\u00e1ria de Penafiel?<\/h3>\n<p>A Escola Secund\u00e1ria de Penafiel tem cerca de 1200 alunos matriculados.<\/p>\n<h3>Quais s\u00e3o as principais tradi\u00e7\u00f5es da Escola Secund\u00e1ria de Penafiel?<\/h3>\n<p>A Escola Secund\u00e1ria de Penafiel tem v\u00e1rias tradi\u00e7\u00f5es, como a Semana Cultural, a Festa de Finalistas e a Feira do Livro.<\/p>\n<h3>Quais s\u00e3o as atividades extracurriculares oferecidas pela Escola Secund\u00e1ria de Penafiel?<\/h3>\n<p>A Escola Secund\u00e1ria de Penafiel oferece v\u00e1rias atividades extracurriculares, como desporto, m\u00fasica, teatro e voluntariado.<\/p>\n<p>&nbsp;<\/p>","protected":false},"excerpt":{"rendered":"<p>Photo by &#8216;Museums Victoria&#8217; on Unsplash.com Conhe\u00e7a a hist\u00f3ria e tradi\u00e7\u00e3o da Escola Secund\u00e1ria de Penafiel A Escola Secund\u00e1ria de Penafiel \u00e9 uma institui\u00e7\u00e3o de ensino com uma longa hist\u00f3ria e tradi\u00e7\u00e3o na cidade de Penafiel, em Portugal. Fundada h\u00e1 d\u00e9cadas, a escola tem como objetivo proporcionar educa\u00e7\u00e3o de qualidade aos jovens da regi\u00e3o, preparando-os [&hellip;]<\/p>\n","protected":false},"author":1,"featured_media":4920,"comment_status":"open","ping_status":"open","sticky":false,"template":"","format":"standard","meta":{"footnotes":""},"categories":[18,673],"tags":[],"class_list":["post-4919","post","type-post","status-publish","format-standard","has-post-thumbnail","hentry","category-dicas-de-portugal","category-educacao"],"acf":[],"yoast_head":"<!-- This site is optimized with the Yoast SEO plugin v27.4 - https:\/\/yoast.com\/product\/yoast-seo-wordpress\/ -->\n<title>Conhe\u00e7a a hist\u00f3ria e tradi\u00e7\u00e3o da Escola Secund\u00e1ria de Penafiel - Encontre Portugal<\/title>\n<meta name=\"robots\" content=\"index, follow, max-snippet:-1, max-image-preview:large, max-video-preview:-1\" \/>\n<link rel=\"canonical\" href=\"https:\/\/encontreportugal.pt\/zh\/conheca-a-historia-e-tradicao-da-escola-secundaria-de-penafiel\/\" \/>\n<meta property=\"og:locale\" content=\"zh_CN\" \/>\n<meta property=\"og:type\" content=\"article\" \/>\n<meta property=\"og:title\" content=\"Conhe\u00e7a a hist\u00f3ria e tradi\u00e7\u00e3o da Escola Secund\u00e1ria de Penafiel - Encontre Portugal\" \/>\n<meta property=\"og:url\" content=\"https:\/\/encontreportugal.pt\/zh\/conheca-a-historia-e-tradicao-da-escola-secundaria-de-penafiel\/\" \/>\n<meta property=\"og:site_name\" content=\"Encontre Portugal\" \/>\n<meta property=\"article:published_time\" content=\"2024-02-18T23:08:20+00:00\" \/>\n<meta property=\"og:image\" content=\"https:\/\/encontreportugal.pt\/wp-content\/uploads\/2024\/02\/menina-sentada-e-estudando.jpg\" \/>\n\t<meta property=\"og:image:width\" content=\"2560\" \/>\n\t<meta property=\"og:image:height\" content=\"1709\" \/>\n\t<meta property=\"og:image:type\" content=\"image\/jpeg\" \/>\n<meta name=\"author\" content=\"Douglas Barbosa\" \/>\n<meta name=\"twitter:card\" content=\"summary_large_image\" \/>\n<meta name=\"twitter:label1\" content=\"\u4f5c\u8005\" \/>\n\t<meta name=\"twitter:data1\" content=\"Douglas Barbosa\" \/>\n\t<meta name=\"twitter:label2\" content=\"\u9884\u8ba1\u9605\u8bfb\u65f6\u95f4\" \/>\n\t<meta name=\"twitter:data2\" content=\"10 \u5206\" \/>\n<script type=\"application\/ld+json\" class=\"yoast-schema-graph\">{\"@context\":\"https:\\\/\\\/schema.org\",\"@graph\":[{\"@type\":\"Article\",\"@id\":\"https:\\\/\\\/encontreportugal.pt\\\/conheca-a-historia-e-tradicao-da-escola-secundaria-de-penafiel\\\/#article\",\"isPartOf\":{\"@id\":\"https:\\\/\\\/encontreportugal.pt\\\/conheca-a-historia-e-tradicao-da-escola-secundaria-de-penafiel\\\/\"},\"author\":{\"name\":\"Douglas Barbosa\",\"@id\":\"https:\\\/\\\/encontreportugal.pt\\\/zh\\\/#\\\/schema\\\/person\\\/71ee126caa8e8746f4e1d07bb50ba747\"},\"headline\":\"Conhe\u00e7a a hist\u00f3ria e tradi\u00e7\u00e3o da Escola Secund\u00e1ria de Penafiel\",\"datePublished\":\"2024-02-18T23:08:20+00:00\",\"mainEntityOfPage\":{\"@id\":\"https:\\\/\\\/encontreportugal.pt\\\/conheca-a-historia-e-tradicao-da-escola-secundaria-de-penafiel\\\/\"},\"wordCount\":2019,\"commentCount\":0,\"publisher\":{\"@id\":\"https:\\\/\\\/encontreportugal.pt\\\/zh\\\/#organization\"},\"image\":{\"@id\":\"https:\\\/\\\/encontreportugal.pt\\\/conheca-a-historia-e-tradicao-da-escola-secundaria-de-penafiel\\\/#primaryimage\"},\"thumbnailUrl\":\"https:\\\/\\\/encontreportugal.pt\\\/wp-content\\\/uploads\\\/2024\\\/02\\\/menina-sentada-e-estudando.jpg\",\"articleSection\":[\"Dicas de Portugal\",\"Educa\u00e7\u00e3o\"],\"inLanguage\":\"zh-Hans\",\"potentialAction\":[{\"@type\":\"CommentAction\",\"name\":\"Comment\",\"target\":[\"https:\\\/\\\/encontreportugal.pt\\\/conheca-a-historia-e-tradicao-da-escola-secundaria-de-penafiel\\\/#respond\"]}]},{\"@type\":\"WebPage\",\"@id\":\"https:\\\/\\\/encontreportugal.pt\\\/conheca-a-historia-e-tradicao-da-escola-secundaria-de-penafiel\\\/\",\"url\":\"https:\\\/\\\/encontreportugal.pt\\\/conheca-a-historia-e-tradicao-da-escola-secundaria-de-penafiel\\\/\",\"name\":\"Conhe\u00e7a a hist\u00f3ria e tradi\u00e7\u00e3o da Escola Secund\u00e1ria de Penafiel - Encontre Portugal\",\"isPartOf\":{\"@id\":\"https:\\\/\\\/encontreportugal.pt\\\/zh\\\/#website\"},\"primaryImageOfPage\":{\"@id\":\"https:\\\/\\\/encontreportugal.pt\\\/conheca-a-historia-e-tradicao-da-escola-secundaria-de-penafiel\\\/#primaryimage\"},\"image\":{\"@id\":\"https:\\\/\\\/encontreportugal.pt\\\/conheca-a-historia-e-tradicao-da-escola-secundaria-de-penafiel\\\/#primaryimage\"},\"thumbnailUrl\":\"https:\\\/\\\/encontreportugal.pt\\\/wp-content\\\/uploads\\\/2024\\\/02\\\/menina-sentada-e-estudando.jpg\",\"datePublished\":\"2024-02-18T23:08:20+00:00\",\"breadcrumb\":{\"@id\":\"https:\\\/\\\/encontreportugal.pt\\\/conheca-a-historia-e-tradicao-da-escola-secundaria-de-penafiel\\\/#breadcrumb\"},\"inLanguage\":\"zh-Hans\",\"potentialAction\":[{\"@type\":\"ReadAction\",\"target\":[\"https:\\\/\\\/encontreportugal.pt\\\/conheca-a-historia-e-tradicao-da-escola-secundaria-de-penafiel\\\/\"]}]},{\"@type\":\"ImageObject\",\"inLanguage\":\"zh-Hans\",\"@id\":\"https:\\\/\\\/encontreportugal.pt\\\/conheca-a-historia-e-tradicao-da-escola-secundaria-de-penafiel\\\/#primaryimage\",\"url\":\"https:\\\/\\\/encontreportugal.pt\\\/wp-content\\\/uploads\\\/2024\\\/02\\\/menina-sentada-e-estudando.jpg\",\"contentUrl\":\"https:\\\/\\\/encontreportugal.pt\\\/wp-content\\\/uploads\\\/2024\\\/02\\\/menina-sentada-e-estudando.jpg\",\"width\":2560,\"height\":1709,\"caption\":\"Escola Secund\u00e1ria de Penafiel\"},{\"@type\":\"BreadcrumbList\",\"@id\":\"https:\\\/\\\/encontreportugal.pt\\\/conheca-a-historia-e-tradicao-da-escola-secundaria-de-penafiel\\\/#breadcrumb\",\"itemListElement\":[{\"@type\":\"ListItem\",\"position\":1,\"name\":\"In\u00edcio\",\"item\":\"https:\\\/\\\/encontreportugal.pt\\\/zh\\\/\"},{\"@type\":\"ListItem\",\"position\":2,\"name\":\"Conhe\u00e7a a hist\u00f3ria e tradi\u00e7\u00e3o da Escola Secund\u00e1ria de Penafiel\"}]},{\"@type\":\"WebSite\",\"@id\":\"https:\\\/\\\/encontreportugal.pt\\\/zh\\\/#website\",\"url\":\"https:\\\/\\\/encontreportugal.pt\\\/zh\\\/\",\"name\":\"Encontre Portugal\",\"description\":\"O maior Portal de dicas ao imigrante brasileiro em Portugal.\",\"publisher\":{\"@id\":\"https:\\\/\\\/encontreportugal.pt\\\/zh\\\/#organization\"},\"potentialAction\":[{\"@type\":\"SearchAction\",\"target\":{\"@type\":\"EntryPoint\",\"urlTemplate\":\"https:\\\/\\\/encontreportugal.pt\\\/zh\\\/?s={search_term_string}\"},\"query-input\":{\"@type\":\"PropertyValueSpecification\",\"valueRequired\":true,\"valueName\":\"search_term_string\"}}],\"inLanguage\":\"zh-Hans\"},{\"@type\":\"Organization\",\"@id\":\"https:\\\/\\\/encontreportugal.pt\\\/zh\\\/#organization\",\"name\":\"Encontre Portugal\",\"url\":\"https:\\\/\\\/encontreportugal.pt\\\/zh\\\/\",\"logo\":{\"@type\":\"ImageObject\",\"inLanguage\":\"zh-Hans\",\"@id\":\"https:\\\/\\\/encontreportugal.pt\\\/zh\\\/#\\\/schema\\\/logo\\\/image\\\/\",\"url\":\"https:\\\/\\\/encontreportugal.pt\\\/wp-content\\\/uploads\\\/2024\\\/04\\\/cropped-logo-encontre-portugal.png\",\"contentUrl\":\"https:\\\/\\\/encontreportugal.pt\\\/wp-content\\\/uploads\\\/2024\\\/04\\\/cropped-logo-encontre-portugal.png\",\"width\":500,\"height\":165,\"caption\":\"Encontre Portugal\"},\"image\":{\"@id\":\"https:\\\/\\\/encontreportugal.pt\\\/zh\\\/#\\\/schema\\\/logo\\\/image\\\/\"}},{\"@type\":\"Person\",\"@id\":\"https:\\\/\\\/encontreportugal.pt\\\/zh\\\/#\\\/schema\\\/person\\\/71ee126caa8e8746f4e1d07bb50ba747\",\"name\":\"Douglas Barbosa\",\"image\":{\"@type\":\"ImageObject\",\"inLanguage\":\"zh-Hans\",\"@id\":\"https:\\\/\\\/encontreportugal.pt\\\/wp-content\\\/uploads\\\/2024\\\/03\\\/douglasfdb_avatar-96x96.jpeg\",\"url\":\"https:\\\/\\\/encontreportugal.pt\\\/wp-content\\\/uploads\\\/2024\\\/03\\\/douglasfdb_avatar-96x96.jpeg\",\"contentUrl\":\"https:\\\/\\\/encontreportugal.pt\\\/wp-content\\\/uploads\\\/2024\\\/03\\\/douglasfdb_avatar-96x96.jpeg\",\"caption\":\"Douglas Barbosa\"},\"description\":\"Graduado em Tecnologia de Redes de Computadores e com P\u00f3s-Gradua\u00e7\u00e3o em Marketing Digital, Business Intelligence e Estrat\u00e9gia Data-Driven pela Pontif\u00edcia Universidade Cat\u00f3lica (PUC). Capacita\u00e7\u00e3o em Linguagem Corporal e Detec\u00e7\u00e3o de Microexpress\u00f5es Faciais. Participa\u00e7\u00e3o na forma\u00e7\u00e3o \\\"M\u00e1quina de Tr\u00e1fego e Convers\u00e3o - Aprenda a Vender Mais pelo Google Todos os Dias\\\". Certificado pelo Google em Rede de Pesquisa. Vasta experi\u00eancia em projetos de SEO, gest\u00e3o de tr\u00e1fego pago no Google Ads e Cria\u00e7\u00e3o de Websites.\",\"sameAs\":[\"https:\\\/\\\/encontreportugal.pt\"],\"url\":\"https:\\\/\\\/encontreportugal.pt\\\/zh\\\/author\\\/douglasfdb\\\/\"}]}<\/script>\n<!-- \/ Yoast SEO plugin. -->","yoast_head_json":{"title":"Conhe\u00e7a a hist\u00f3ria e tradi\u00e7\u00e3o da Escola Secund\u00e1ria de Penafiel - Encontre Portugal","robots":{"index":"index","follow":"follow","max-snippet":"max-snippet:-1","max-image-preview":"max-image-preview:large","max-video-preview":"max-video-preview:-1"},"canonical":"https:\/\/encontreportugal.pt\/zh\/conheca-a-historia-e-tradicao-da-escola-secundaria-de-penafiel\/","og_locale":"zh_CN","og_type":"article","og_title":"Conhe\u00e7a a hist\u00f3ria e tradi\u00e7\u00e3o da Escola Secund\u00e1ria de Penafiel - Encontre Portugal","og_url":"https:\/\/encontreportugal.pt\/zh\/conheca-a-historia-e-tradicao-da-escola-secundaria-de-penafiel\/","og_site_name":"Encontre Portugal","article_published_time":"2024-02-18T23:08:20+00:00","og_image":[{"width":2560,"height":1709,"url":"https:\/\/encontreportugal.pt\/wp-content\/uploads\/2024\/02\/menina-sentada-e-estudando.jpg","type":"image\/jpeg"}],"author":"Douglas Barbosa","twitter_card":"summary_large_image","twitter_misc":{"\u4f5c\u8005":"Douglas Barbosa","\u9884\u8ba1\u9605\u8bfb\u65f6\u95f4":"10 \u5206"},"schema":{"@context":"https:\/\/schema.org","@graph":[{"@type":"Article","@id":"https:\/\/encontreportugal.pt\/conheca-a-historia-e-tradicao-da-escola-secundaria-de-penafiel\/#article","isPartOf":{"@id":"https:\/\/encontreportugal.pt\/conheca-a-historia-e-tradicao-da-escola-secundaria-de-penafiel\/"},"author":{"name":"Douglas Barbosa","@id":"https:\/\/encontreportugal.pt\/zh\/#\/schema\/person\/71ee126caa8e8746f4e1d07bb50ba747"},"headline":"Conhe\u00e7a a hist\u00f3ria e tradi\u00e7\u00e3o da Escola Secund\u00e1ria de Penafiel","datePublished":"2024-02-18T23:08:20+00:00","mainEntityOfPage":{"@id":"https:\/\/encontreportugal.pt\/conheca-a-historia-e-tradicao-da-escola-secundaria-de-penafiel\/"},"wordCount":2019,"commentCount":0,"publisher":{"@id":"https:\/\/encontreportugal.pt\/zh\/#organization"},"image":{"@id":"https:\/\/encontreportugal.pt\/conheca-a-historia-e-tradicao-da-escola-secundaria-de-penafiel\/#primaryimage"},"thumbnailUrl":"https:\/\/encontreportugal.pt\/wp-content\/uploads\/2024\/02\/menina-sentada-e-estudando.jpg","articleSection":["Dicas de Portugal","Educa\u00e7\u00e3o"],"inLanguage":"zh-Hans","potentialAction":[{"@type":"CommentAction","name":"Comment","target":["https:\/\/encontreportugal.pt\/conheca-a-historia-e-tradicao-da-escola-secundaria-de-penafiel\/#respond"]}]},{"@type":"WebPage","@id":"https:\/\/encontreportugal.pt\/conheca-a-historia-e-tradicao-da-escola-secundaria-de-penafiel\/","url":"https:\/\/encontreportugal.pt\/conheca-a-historia-e-tradicao-da-escola-secundaria-de-penafiel\/","name":"Conhe\u00e7a a hist\u00f3ria e tradi\u00e7\u00e3o da Escola Secund\u00e1ria de Penafiel - Encontre Portugal","isPartOf":{"@id":"https:\/\/encontreportugal.pt\/zh\/#website"},"primaryImageOfPage":{"@id":"https:\/\/encontreportugal.pt\/conheca-a-historia-e-tradicao-da-escola-secundaria-de-penafiel\/#primaryimage"},"image":{"@id":"https:\/\/encontreportugal.pt\/conheca-a-historia-e-tradicao-da-escola-secundaria-de-penafiel\/#primaryimage"},"thumbnailUrl":"https:\/\/encontreportugal.pt\/wp-content\/uploads\/2024\/02\/menina-sentada-e-estudando.jpg","datePublished":"2024-02-18T23:08:20+00:00","breadcrumb":{"@id":"https:\/\/encontreportugal.pt\/conheca-a-historia-e-tradicao-da-escola-secundaria-de-penafiel\/#breadcrumb"},"inLanguage":"zh-Hans","potentialAction":[{"@type":"ReadAction","target":["https:\/\/encontreportugal.pt\/conheca-a-historia-e-tradicao-da-escola-secundaria-de-penafiel\/"]}]},{"@type":"ImageObject","inLanguage":"zh-Hans","@id":"https:\/\/encontreportugal.pt\/conheca-a-historia-e-tradicao-da-escola-secundaria-de-penafiel\/#primaryimage","url":"https:\/\/encontreportugal.pt\/wp-content\/uploads\/2024\/02\/menina-sentada-e-estudando.jpg","contentUrl":"https:\/\/encontreportugal.pt\/wp-content\/uploads\/2024\/02\/menina-sentada-e-estudando.jpg","width":2560,"height":1709,"caption":"Escola Secund\u00e1ria de Penafiel"},{"@type":"BreadcrumbList","@id":"https:\/\/encontreportugal.pt\/conheca-a-historia-e-tradicao-da-escola-secundaria-de-penafiel\/#breadcrumb","itemListElement":[{"@type":"ListItem","position":1,"name":"In\u00edcio","item":"https:\/\/encontreportugal.pt\/zh\/"},{"@type":"ListItem","position":2,"name":"Conhe\u00e7a a hist\u00f3ria e tradi\u00e7\u00e3o da Escola Secund\u00e1ria de Penafiel"}]},{"@type":"WebSite","@id":"https:\/\/encontreportugal.pt\/zh\/#website","url":"https:\/\/encontreportugal.pt\/zh\/","name":"\u5bfb\u627e\u8461\u8404\u7259","description":"\u8461\u8404\u7259\u6700\u5927\u7684\u5df4\u897f\u79fb\u6c11\u63d0\u793a\u95e8\u6237\u7f51\u7ad9\u3002","publisher":{"@id":"https:\/\/encontreportugal.pt\/zh\/#organization"},"potentialAction":[{"@type":"SearchAction","target":{"@type":"EntryPoint","urlTemplate":"https:\/\/encontreportugal.pt\/zh\/?s={search_term_string}"},"query-input":{"@type":"PropertyValueSpecification","valueRequired":true,"valueName":"search_term_string"}}],"inLanguage":"zh-Hans"},{"@type":"Organization","@id":"https:\/\/encontreportugal.pt\/zh\/#organization","name":"\u5bfb\u627e\u8461\u8404\u7259","url":"https:\/\/encontreportugal.pt\/zh\/","logo":{"@type":"ImageObject","inLanguage":"zh-Hans","@id":"https:\/\/encontreportugal.pt\/zh\/#\/schema\/logo\/image\/","url":"https:\/\/encontreportugal.pt\/wp-content\/uploads\/2024\/04\/cropped-logo-encontre-portugal.png","contentUrl":"https:\/\/encontreportugal.pt\/wp-content\/uploads\/2024\/04\/cropped-logo-encontre-portugal.png","width":500,"height":165,"caption":"Encontre Portugal"},"image":{"@id":"https:\/\/encontreportugal.pt\/zh\/#\/schema\/logo\/image\/"}},{"@type":"Person","@id":"https:\/\/encontreportugal.pt\/zh\/#\/schema\/person\/71ee126caa8e8746f4e1d07bb50ba747","name":"\u9053\u683c\u62c9\u65af-\u5df4\u5c14\u535a\u8428","image":{"@type":"ImageObject","inLanguage":"zh-Hans","@id":"https:\/\/encontreportugal.pt\/wp-content\/uploads\/2024\/03\/douglasfdb_avatar-96x96.jpeg","url":"https:\/\/encontreportugal.pt\/wp-content\/uploads\/2024\/03\/douglasfdb_avatar-96x96.jpeg","contentUrl":"https:\/\/encontreportugal.pt\/wp-content\/uploads\/2024\/03\/douglasfdb_avatar-96x96.jpeg","caption":"Douglas Barbosa"},"description":"\u4ed6\u62e5\u6709\u5929\u4e3b\u6559\u5b97\u5ea7\u5927\u5b66\uff08PUC\uff09\u8ba1\u7b97\u673a\u7f51\u7edc\u6280\u672f\u5b66\u4f4d\u4ee5\u53ca\u6570\u5b57\u8425\u9500\u3001\u5546\u4e1a\u667a\u80fd\u548c\u6570\u636e\u9a71\u52a8\u6218\u7565\u7814\u7a76\u751f\u5b66\u5386\u3002\u8eab\u4f53\u8bed\u8a00\u548c\u9762\u90e8\u5fae\u8868\u60c5\u68c0\u6d4b\u57f9\u8bad\u3002\u53c2\u52a0 \"\u6d41\u91cf\u548c\u8f6c\u5316\u673a\u5668--\u5b66\u4f1a\u6bcf\u5929\u901a\u8fc7\u8c37\u6b4c\u9500\u552e\u66f4\u591a\u4ea7\u54c1 \"\u57f9\u8bad\u8bfe\u7a0b\u3002\u83b7\u5f97\u8c37\u6b4c\u641c\u7d22\u5f15\u64ce\u4f18\u5316\u8ba4\u8bc1\u3002\u5728\u641c\u7d22\u5f15\u64ce\u4f18\u5316\u9879\u76ee\u3001\u8c37\u6b4c\u5e7f\u544a\u4ed8\u8d39\u6d41\u91cf\u7ba1\u7406\u548c\u7f51\u7ad9\u521b\u5efa\u65b9\u9762\u62e5\u6709\u4e30\u5bcc\u7ecf\u9a8c\u3002","sameAs":["https:\/\/encontreportugal.pt"],"url":"https:\/\/encontreportugal.pt\/zh\/author\/douglasfdb\/"}]}},"_links":{"self":[{"href":"https:\/\/encontreportugal.pt\/zh\/wp-json\/wp\/v2\/posts\/4919","targetHints":{"allow":["GET"]}}],"collection":[{"href":"https:\/\/encontreportugal.pt\/zh\/wp-json\/wp\/v2\/posts"}],"about":[{"href":"https:\/\/encontreportugal.pt\/zh\/wp-json\/wp\/v2\/types\/post"}],"author":[{"embeddable":true,"href":"https:\/\/encontreportugal.pt\/zh\/wp-json\/wp\/v2\/users\/1"}],"replies":[{"embeddable":true,"href":"https:\/\/encontreportugal.pt\/zh\/wp-json\/wp\/v2\/comments?post=4919"}],"version-history":[{"count":0,"href":"https:\/\/encontreportugal.pt\/zh\/wp-json\/wp\/v2\/posts\/4919\/revisions"}],"wp:featuredmedia":[{"embeddable":true,"href":"https:\/\/encontreportugal.pt\/zh\/wp-json\/wp\/v2\/media\/4920"}],"wp:attachment":[{"href":"https:\/\/encontreportugal.pt\/zh\/wp-json\/wp\/v2\/media?parent=4919"}],"wp:term":[{"taxonomy":"category","embeddable":true,"href":"https:\/\/encontreportugal.pt\/zh\/wp-json\/wp\/v2\/categories?post=4919"},{"taxonomy":"post_tag","embeddable":true,"href":"https:\/\/encontreportugal.pt\/zh\/wp-json\/wp\/v2\/tags?post=4919"}],"curies":[{"name":"wp","href":"https:\/\/api.w.org\/{rel}","templated":true}]}}