{"id":5016,"date":"2024-02-25T01:30:20","date_gmt":"2024-02-25T01:30:20","guid":{"rendered":"https:\/\/encontreportugal.pt\/?p=5016"},"modified":"2024-04-07T11:15:34","modified_gmt":"2024-04-07T11:15:34","slug":"unhas-de-gel-para-o-verao-dicas-para-arrasar-na-praia","status":"publish","type":"post","link":"https:\/\/encontreportugal.pt\/zh\/unhas-de-gel-para-o-verao-dicas-para-arrasar-na-praia\/","title":{"rendered":"\u590f\u5b63\u51dd\u80f6\u7532\uff1a\u9707\u64bc\u6d77\u6ee9\u7684\u79d8\u8bc0"},"content":{"rendered":"<div data-elementor-type=\"wp-post\" data-elementor-id=\"5016\" class=\"elementor elementor-5016\" data-elementor-post-type=\"post\">\n\t\t\t\t\t\t<section data-particle_enable=\"false\" data-particle-mobile-disabled=\"false\" class=\"elementor-section elementor-top-section elementor-element elementor-element-367ea888 elementor-section-boxed elementor-section-height-default elementor-section-height-default\" data-id=\"367ea888\" data-element_type=\"section\" data-e-type=\"section\">\n\t\t\t\t\t\t<div class=\"elementor-container elementor-column-gap-default\">\n\t\t\t\t\t<div class=\"elementor-column elementor-col-100 elementor-top-column elementor-element elementor-element-78a80425\" data-id=\"78a80425\" data-element_type=\"column\" data-e-type=\"column\">\n\t\t\t<div class=\"elementor-widget-wrap elementor-element-populated\">\n\t\t\t\t\t\t<div class=\"elementor-element elementor-element-57f02a33 elementor-widget elementor-widget-text-editor\" data-id=\"57f02a33\" data-element_type=\"widget\" data-e-type=\"widget\" data-widget_type=\"text-editor.default\">\n\t\t\t\t<div class=\"elementor-widget-container\">\n\t\t\t\t\t\t\t\t\t<p><img  title=\"\"  alt=\"photo-1469915244577-f1bb72126afb?crop=entropy&amp;cs=srgb&amp;fm=jpg&amp;ixid=M3w0MDY0MzJ8MHwxfHNlYXJjaHwyfHwlMjJHZWwlMjBuYWlscyUyMGZvciUyMHN1bW1lci4lMjJ8ZW58MHwwfHx8MTcwODgyMjA3OXww&amp;ixlib=rb-4.0 Unhas de gel para o ver\u00e3o: dicas para arrasar na praia\" decoding=\"async\" class=\"inline-flex items-center justify-center mb-4\" style=\"max-width: 550px; display: block; margin-left: auto; margin-right: auto;\" src=\"https:\/\/images.unsplash.com\/photo-1469915244577-f1bb72126afb?crop=entropy&amp;cs=srgb&amp;fm=jpg&amp;ixid=M3w0MDY0MzJ8MHwxfHNlYXJjaHwyfHwlMjJHZWwlMjBuYWlscyUyMGZvciUyMHN1bW1lci4lMjJ8ZW58MHwwfHx8MTcwODgyMjA3OXww&amp;ixlib=rb-4.0.3&amp;q=85&amp;w=900\" \/><\/p><center><span style=\"font-size: 8px; color: #c5c5c5;\">Photo by &#8216;Mona Eendra&#8217; on Unsplash.com<\/span><\/center><h1>\u590f\u5b63\u51dd\u80f6\u7532\uff1a\u9707\u64bc\u6d77\u6ee9\u7684\u79d8\u8bc0<\/h1><p>No ver\u00e3o, \u00e9 essencial cuidar de todos os aspectos do nosso corpo, incluindo as unhas. Afinal, elas s\u00e3o um dos principais elementos de beleza e podem fazer toda a diferen\u00e7a no visual. Neste artigo, vamos falar sobre as unhas de gel para o ver\u00e3o e a import\u00e2ncia de cuidar delas durante a esta\u00e7\u00e3o mais quente do ano.<\/p><h3>\u6458\u8981<\/h3><ul><li>Unhas de gel s\u00e3o uma t\u00e9cnica de alongamento e fortalecimento das unhas naturais.<\/li><li>As unhas de gel s\u00e3o ideais para o ver\u00e3o, pois s\u00e3o resistentes \u00e0 \u00e1gua e ao sol.<\/li><li>O formato ideal para as unhas de gel deve levar em considera\u00e7\u00e3o o formato das m\u00e3os e dos dedos.<\/li><li><p>Cores vibrantes e alegres s\u00e3o as mais indicadas para o ver\u00e3o.<\/p><\/li><li>\u00c9 importante cuidar das unhas de gel na praia, evitando o contato com produtos qu\u00edmicos e usando protetor solar.<\/li><\/ul><h2>O que s\u00e3o unhas de gel?<\/h2><p>As unhas de gel s\u00e3o uma t\u00e9cnica de alongamento e fortalecimento das unhas naturais. O processo de aplica\u00e7\u00e3o envolve a utiliza\u00e7\u00e3o de um gel especial que \u00e9 moldado sobre as unhas, conferindo-lhes maior resist\u00eancia e durabilidade. Diferentemente das unhas posti\u00e7as convencionais, as unhas de gel s\u00e3o mais naturais e se adaptam perfeitamente ao formato das unhas naturais.<\/p><h2>Vantagens das unhas de gel para o ver\u00e3o<\/h2><p>No ver\u00e3o, as unhas est\u00e3o mais expostas a diversos fatores que podem danific\u00e1-las, como o sol, a \u00e1gua do mar e o cloro das piscinas. As unhas de gel oferecem diversas vantagens nessa esta\u00e7\u00e3o. Primeiramente, sua durabilidade e resist\u00eancia permitem que voc\u00ea aproveite suas f\u00e9rias sem se preocupar com unhas quebradas ou descascadas. Al\u00e9m disso, as unhas de gel oferecem uma maior variedade de cores e acabamentos, permitindo que voc\u00ea esteja sempre com as unhas bonitas e na moda durante o ver\u00e3o.<\/p><h2>Como escolher o formato ideal para as unhas de gel<\/h2><table style=\"width: 100%; border-collapse: collapse; border: 1px solid #ddd;\"><tbody><tr style=\"display: table-row; vertical-align: inherit; border-color: inherit;\"><th style=\"background-color: #f2f2f2; padding: 12px; text-align: left; border-bottom: 1px solid #ddd;\">Formato de unha<\/th><th style=\"background-color: #f2f2f2; padding: 12px; text-align: left; border-bottom: 1px solid #ddd;\">\u8bf4\u660e<\/th><th style=\"background-color: #f2f2f2; padding: 12px; text-align: left; border-bottom: 1px solid #ddd;\">\u8bf4\u660e<\/th><\/tr><tr style=\"display: table-row; vertical-align: inherit; border-color: inherit;\"><td style=\"padding: 12px; text-align: left; border-bottom: 1px solid #ddd;\">Quadrada<\/td><td style=\"padding: 12px; text-align: left; border-bottom: 1px solid #ddd;\">Unhas retas com cantos quadrados<\/td><td style=\"padding: 12px; text-align: left; border-bottom: 1px solid #ddd;\">Indicada para quem tem unhas curtas e largas<\/td><\/tr><tr style=\"display: table-row; vertical-align: inherit; border-color: inherit;\"><td style=\"padding: 12px; text-align: left; border-bottom: 1px solid #ddd;\">Oval<\/td><td style=\"padding: 12px; text-align: left; border-bottom: 1px solid #ddd;\">Unhas com formato arredondado nas pontas<\/td><td style=\"padding: 12px; text-align: left; border-bottom: 1px solid #ddd;\">Indicada para quem tem unhas curtas e finas<\/td><\/tr><tr style=\"display: table-row; vertical-align: inherit; border-color: inherit;\"><td style=\"padding: 12px; text-align: left; border-bottom: 1px solid #ddd;\">Stiletto<\/td><td style=\"padding: 12px; text-align: left; border-bottom: 1px solid #ddd;\">Unhas pontiagudas e afiadas<\/td><td style=\"padding: 12px; text-align: left; border-bottom: 1px solid #ddd;\">Indicada para quem quer um visual mais ousado e moderno<\/td><\/tr><tr style=\"display: table-row; vertical-align: inherit; border-color: inherit;\"><td style=\"padding: 12px; text-align: left; border-bottom: 1px solid #ddd;\">Coffin<\/td><td style=\"padding: 12px; text-align: left; border-bottom: 1px solid #ddd;\">Unhas com formato de caix\u00e3o, com pontas retas e angulares<\/td><td style=\"padding: 12px; text-align: left; border-bottom: 1px solid #ddd;\">Indicada para quem quer um visual elegante e sofisticado<\/td><\/tr><tr style=\"display: table-row; vertical-align: inherit; border-color: inherit;\"><td style=\"padding: 12px; text-align: left; border-bottom: 1px solid #ddd;\">Almond<\/td><td style=\"padding: 12px; text-align: left; border-bottom: 1px solid #ddd;\">Unhas com formato de am\u00eandoa, com pontas arredondadas e laterais retas<\/td><td style=\"padding: 12px; text-align: left; border-bottom: 1px solid #ddd;\">Indicada para quem quer um visual delicado e feminino<\/td><\/tr><\/tbody><\/table><p>Ao optar pelas unhas de gel, \u00e9 importante escolher o formato ideal para suas m\u00e3os e estilo pessoal. Existem diversas op\u00e7\u00f5es de formatos de unhas, como quadrado, oval, stiletto e am\u00eandoa. Cada formato tem suas caracter\u00edsticas e pode valorizar diferentes tipos de m\u00e3os. Para escolher o formato ideal, leve em considera\u00e7\u00e3o o tamanho das suas m\u00e3os, a forma dos seus dedos e seu estilo pessoal. Experimente diferentes formatos antes de decidir qual combina melhor com voc\u00ea.<\/p><h2>Cores de esmalte que combinam com o ver\u00e3o<\/h2><p>No ver\u00e3o, as cores vibrantes e alegres s\u00e3o as mais indicadas para combinar com as unhas de gel. Cores como laranja, rosa, azul turquesa e amarelo s\u00e3o perfeitas para essa esta\u00e7\u00e3o. Al\u00e9m disso, as tend\u00eancias de cores para o ver\u00e3o costumam incluir tons pastel e met\u00e1licos. Aposte em esmaltes nessas tonalidades para deixar suas unhas ainda mais bonitas e na moda durante o ver\u00e3o.<\/p><h2>Como cuidar das unhas de gel na praia<\/h2><p>Se voc\u00ea pretende passar suas f\u00e9rias na praia, \u00e9 importante tomar alguns cuidados extras para evitar danos \u00e0s suas unhas de gel. O sol e a \u00e1gua do mar podem enfraquecer o gel e fazer com que ele descasque mais facilmente. Para evitar isso, aplique um protetor solar espec\u00edfico para unhas antes de ir \u00e0 praia e evite ficar muito tempo com as m\u00e3os na \u00e1gua do mar. Al\u00e9m disso, evite usar as unhas como ferramentas para abrir latas ou raspar areia, pois isso pode danificar o gel.<\/p><h2>Dicas para manter as unhas de gel bonitas durante as f\u00e9rias<\/h2><p>Durante as f\u00e9rias, \u00e9 importante cuidar diariamente das suas unhas de gel para mant\u00ea-las sempre bonitas. Aplique um \u00f3leo hidratante nas cut\u00edculas diariamente para mant\u00ea-las saud\u00e1veis e evitar o ressecamento. Al\u00e9m disso, evite usar produtos de limpeza agressivos sem luvas, pois eles podem danificar o gel. Leve na sua mala de viagem um kit b\u00e1sico de cuidados para as unhas, como uma lixa, um alicate de cut\u00edcula e um esmalte de retoque na cor escolhida.<\/p><h2>Unhas de gel para quem pratica esportes aqu\u00e1ticos<\/h2><p>Se voc\u00ea pratica esportes aqu\u00e1ticos e usa unhas de gel, \u00e9 importante tomar alguns cuidados especiais. O contato frequente com a \u00e1gua pode enfraquecer o gel e fazer com que ele descasque mais facilmente. Para evitar isso, aplique uma camada extra de gel antes de praticar esportes aqu\u00e1ticos e use luvas protetoras sempre que poss\u00edvel. Al\u00e9m disso, evite bater as unhas com for\u00e7a em superf\u00edcies duras, pois isso pode danificar o gel.<\/p><h2>Como remover as unhas de gel sem danificar as unhas naturais<\/h2><p>Quando chegar a hora de remover as unhas de gel, \u00e9 importante fazer isso corretamente para evitar danos \u00e0s suas unhas naturais. O processo de remo\u00e7\u00e3o envolve a aplica\u00e7\u00e3o de um removedor espec\u00edfico para unhas de gel e a utiliza\u00e7\u00e3o de uma esp\u00e1tula para retirar o gel amolecido. Evite arrancar o gel com for\u00e7a, pois isso pode danificar suas unhas naturais. Ap\u00f3s a remo\u00e7\u00e3o, hidrate bem as unhas e cut\u00edculas para recuperar a sa\u00fade delas.<\/p><h5>Cuidados com as cut\u00edculas durante o uso das unhas de gel<\/h5><p>Durante o uso das unhas de gel, \u00e9 importante cuidar das cut\u00edculas para mant\u00ea-las saud\u00e1veis. Evite retirar as cut\u00edculas com alicate, pois isso pode causar ferimentos e infec\u00e7\u00f5es. Em vez disso, empurre suavemente as cut\u00edculas com uma esp\u00e1tula de metal ou use um removedor de cut\u00edculas l\u00edquido. Al\u00e9m disso, aplique diariamente um \u00f3leo hidratante nas cut\u00edculas para mant\u00ea-las macias e evitar o ressecamento.<\/p><h4>Unhas de gel para quem tem alergia a esmaltes convencionais<\/h4><p>As unhas de gel s\u00e3o uma \u00f3tima op\u00e7\u00e3o para quem tem alergia a esmaltes convencionais. O gel utilizado nas unhas de gel \u00e9 hipoalerg\u00eanico e n\u00e3o causa rea\u00e7\u00f5es al\u00e9rgicas. Al\u00e9m disso, como o gel \u00e9 aplicado diretamente sobre as unhas naturais, n\u00e3o h\u00e1 contato direto com o esmalte convencional, evitando assim poss\u00edveis rea\u00e7\u00f5es al\u00e9rgicas.<\/p><h4>Onde encontrar profissionais qualificados para fazer as unhas de gel<\/h4><p>Para garantir um resultado perfeito e duradouro, \u00e9 importante escolher um profissional qualificado para fazer suas unhas de gel. Procure por sal\u00f5es de beleza renomados e com boas recomenda\u00e7\u00f5es. Al\u00e9m disso, verifique se o profissional possui certifica\u00e7\u00f5es e experi\u00eancia na \u00e1rea. N\u00e3o hesite em pedir refer\u00eancias e fotos do trabalho anterior do profissional antes de agendar seu atendimento.<\/p><h2>\u7ed3\u8bba<\/h2><p>Cuidar das unhas durante o ver\u00e3o \u00e9 essencial para manter um visual bonito e saud\u00e1vel. As unhas de gel s\u00e3o uma excelente op\u00e7\u00e3o para quem deseja ter unhas sempre bonitas e duradouras durante a esta\u00e7\u00e3o mais quente do ano. Com uma maior resist\u00eancia e variedade de cores, as unhas de gel s\u00e3o ideais para quem quer aproveitar as f\u00e9rias sem se preocupar com unhas quebradas ou descascadas. Lembre-se de seguir as dicas de cuidados e escolher um profissional qualificado para garantir o melhor resultado. Invista nas suas unhas e aproveite o ver\u00e3o com muito estilo!<\/p>\t\t\t\t\t\t\t\t<\/div>\n\t\t\t\t<\/div>\n\t\t\t\t\t<\/div>\n\t\t<\/div>\n\t\t\t\t\t<\/div>\n\t\t<\/section>\n\t\t\t\t<\/div>","protected":false},"excerpt":{"rendered":"<p>Photo by &#8216;Mona Eendra&#8217; on Unsplash.com Unhas de gel para o ver\u00e3o: dicas para arrasar na praia No ver\u00e3o, \u00e9 essencial cuidar de todos os aspectos do nosso corpo, incluindo as unhas. Afinal, elas s\u00e3o um dos principais elementos de beleza e podem fazer toda a diferen\u00e7a no visual. Neste artigo, vamos falar sobre as [&hellip;]<\/p>\n","protected":false},"author":1,"featured_media":5017,"comment_status":"open","ping_status":"open","sticky":false,"template":"","format":"standard","meta":{"footnotes":""},"categories":[667],"tags":[],"class_list":["post-5016","post","type-post","status-publish","format-standard","has-post-thumbnail","hentry","category-anuncios-de-vendas-de-servicos"],"acf":[],"yoast_head":"<!-- This site is optimized with the Yoast SEO plugin v27.5 - https:\/\/yoast.com\/product\/yoast-seo-wordpress\/ -->\n<title>Unhas de gel para o ver\u00e3o: dicas para arrasar na praia - Encontre Portugal<\/title>\n<meta name=\"robots\" content=\"index, follow, max-snippet:-1, max-image-preview:large, max-video-preview:-1\" \/>\n<link rel=\"canonical\" href=\"https:\/\/encontreportugal.pt\/zh\/unhas-de-gel-para-o-verao-dicas-para-arrasar-na-praia\/\" \/>\n<meta property=\"og:locale\" content=\"zh_CN\" \/>\n<meta property=\"og:type\" content=\"article\" \/>\n<meta property=\"og:title\" content=\"Unhas de gel para o ver\u00e3o: dicas para arrasar na praia - Encontre Portugal\" \/>\n<meta property=\"og:url\" content=\"https:\/\/encontreportugal.pt\/zh\/unhas-de-gel-para-o-verao-dicas-para-arrasar-na-praia\/\" \/>\n<meta property=\"og:site_name\" content=\"Encontre Portugal\" \/>\n<meta property=\"article:published_time\" content=\"2024-02-25T01:30:20+00:00\" \/>\n<meta property=\"article:modified_time\" content=\"2024-04-07T11:15:34+00:00\" \/>\n<meta property=\"og:image\" content=\"https:\/\/encontreportugal.pt\/wp-content\/uploads\/2024\/02\/beautiful-woman-s-nails-with-beautiful-french-white-manicure.jpg\" \/>\n\t<meta property=\"og:image:width\" content=\"2560\" \/>\n\t<meta property=\"og:image:height\" content=\"2560\" \/>\n\t<meta property=\"og:image:type\" content=\"image\/jpeg\" \/>\n<meta name=\"author\" content=\"Douglas Barbosa\" \/>\n<meta name=\"twitter:card\" content=\"summary_large_image\" \/>\n<meta name=\"twitter:label1\" content=\"\u4f5c\u8005\" \/>\n\t<meta name=\"twitter:data1\" content=\"Douglas Barbosa\" \/>\n\t<meta name=\"twitter:label2\" content=\"\u9884\u8ba1\u9605\u8bfb\u65f6\u95f4\" \/>\n\t<meta name=\"twitter:data2\" content=\"6 \u5206\" \/>\n<script type=\"application\/ld+json\" class=\"yoast-schema-graph\">{\"@context\":\"https:\\\/\\\/schema.org\",\"@graph\":[{\"@type\":\"Article\",\"@id\":\"https:\\\/\\\/encontreportugal.pt\\\/unhas-de-gel-para-o-verao-dicas-para-arrasar-na-praia\\\/#article\",\"isPartOf\":{\"@id\":\"https:\\\/\\\/encontreportugal.pt\\\/unhas-de-gel-para-o-verao-dicas-para-arrasar-na-praia\\\/\"},\"author\":{\"name\":\"Douglas Barbosa\",\"@id\":\"https:\\\/\\\/encontreportugal.pt\\\/zh\\\/#\\\/schema\\\/person\\\/71ee126caa8e8746f4e1d07bb50ba747\"},\"headline\":\"Unhas de gel para o ver\u00e3o: dicas para arrasar na praia\",\"datePublished\":\"2024-02-25T01:30:20+00:00\",\"dateModified\":\"2024-04-07T11:15:34+00:00\",\"mainEntityOfPage\":{\"@id\":\"https:\\\/\\\/encontreportugal.pt\\\/unhas-de-gel-para-o-verao-dicas-para-arrasar-na-praia\\\/\"},\"wordCount\":1329,\"commentCount\":0,\"publisher\":{\"@id\":\"https:\\\/\\\/encontreportugal.pt\\\/zh\\\/#organization\"},\"image\":{\"@id\":\"https:\\\/\\\/encontreportugal.pt\\\/unhas-de-gel-para-o-verao-dicas-para-arrasar-na-praia\\\/#primaryimage\"},\"thumbnailUrl\":\"https:\\\/\\\/encontreportugal.pt\\\/wp-content\\\/uploads\\\/2024\\\/02\\\/beautiful-woman-s-nails-with-beautiful-french-white-manicure.jpg\",\"articleSection\":[\"An\u00fancios de Vendas de Servi\u00e7os\"],\"inLanguage\":\"zh-Hans\",\"potentialAction\":[{\"@type\":\"CommentAction\",\"name\":\"Comment\",\"target\":[\"https:\\\/\\\/encontreportugal.pt\\\/unhas-de-gel-para-o-verao-dicas-para-arrasar-na-praia\\\/#respond\"]}]},{\"@type\":\"WebPage\",\"@id\":\"https:\\\/\\\/encontreportugal.pt\\\/unhas-de-gel-para-o-verao-dicas-para-arrasar-na-praia\\\/\",\"url\":\"https:\\\/\\\/encontreportugal.pt\\\/unhas-de-gel-para-o-verao-dicas-para-arrasar-na-praia\\\/\",\"name\":\"Unhas de gel para o ver\u00e3o: dicas para arrasar na praia - Encontre Portugal\",\"isPartOf\":{\"@id\":\"https:\\\/\\\/encontreportugal.pt\\\/zh\\\/#website\"},\"primaryImageOfPage\":{\"@id\":\"https:\\\/\\\/encontreportugal.pt\\\/unhas-de-gel-para-o-verao-dicas-para-arrasar-na-praia\\\/#primaryimage\"},\"image\":{\"@id\":\"https:\\\/\\\/encontreportugal.pt\\\/unhas-de-gel-para-o-verao-dicas-para-arrasar-na-praia\\\/#primaryimage\"},\"thumbnailUrl\":\"https:\\\/\\\/encontreportugal.pt\\\/wp-content\\\/uploads\\\/2024\\\/02\\\/beautiful-woman-s-nails-with-beautiful-french-white-manicure.jpg\",\"datePublished\":\"2024-02-25T01:30:20+00:00\",\"dateModified\":\"2024-04-07T11:15:34+00:00\",\"breadcrumb\":{\"@id\":\"https:\\\/\\\/encontreportugal.pt\\\/unhas-de-gel-para-o-verao-dicas-para-arrasar-na-praia\\\/#breadcrumb\"},\"inLanguage\":\"zh-Hans\",\"potentialAction\":[{\"@type\":\"ReadAction\",\"target\":[\"https:\\\/\\\/encontreportugal.pt\\\/unhas-de-gel-para-o-verao-dicas-para-arrasar-na-praia\\\/\"]}]},{\"@type\":\"ImageObject\",\"inLanguage\":\"zh-Hans\",\"@id\":\"https:\\\/\\\/encontreportugal.pt\\\/unhas-de-gel-para-o-verao-dicas-para-arrasar-na-praia\\\/#primaryimage\",\"url\":\"https:\\\/\\\/encontreportugal.pt\\\/wp-content\\\/uploads\\\/2024\\\/02\\\/beautiful-woman-s-nails-with-beautiful-french-white-manicure.jpg\",\"contentUrl\":\"https:\\\/\\\/encontreportugal.pt\\\/wp-content\\\/uploads\\\/2024\\\/02\\\/beautiful-woman-s-nails-with-beautiful-french-white-manicure.jpg\",\"width\":2560,\"height\":2560,\"caption\":\"unhas de gel para o ver\u00e3o\"},{\"@type\":\"BreadcrumbList\",\"@id\":\"https:\\\/\\\/encontreportugal.pt\\\/unhas-de-gel-para-o-verao-dicas-para-arrasar-na-praia\\\/#breadcrumb\",\"itemListElement\":[{\"@type\":\"ListItem\",\"position\":1,\"name\":\"In\u00edcio\",\"item\":\"https:\\\/\\\/encontreportugal.pt\\\/zh\\\/\"},{\"@type\":\"ListItem\",\"position\":2,\"name\":\"Unhas de gel para o ver\u00e3o: dicas para arrasar na praia\"}]},{\"@type\":\"WebSite\",\"@id\":\"https:\\\/\\\/encontreportugal.pt\\\/zh\\\/#website\",\"url\":\"https:\\\/\\\/encontreportugal.pt\\\/zh\\\/\",\"name\":\"Encontre Portugal\",\"description\":\"O maior Portal de dicas ao imigrante brasileiro em Portugal.\",\"publisher\":{\"@id\":\"https:\\\/\\\/encontreportugal.pt\\\/zh\\\/#organization\"},\"potentialAction\":[{\"@type\":\"SearchAction\",\"target\":{\"@type\":\"EntryPoint\",\"urlTemplate\":\"https:\\\/\\\/encontreportugal.pt\\\/zh\\\/?s={search_term_string}\"},\"query-input\":{\"@type\":\"PropertyValueSpecification\",\"valueRequired\":true,\"valueName\":\"search_term_string\"}}],\"inLanguage\":\"zh-Hans\"},{\"@type\":\"Organization\",\"@id\":\"https:\\\/\\\/encontreportugal.pt\\\/zh\\\/#organization\",\"name\":\"Encontre Portugal\",\"url\":\"https:\\\/\\\/encontreportugal.pt\\\/zh\\\/\",\"logo\":{\"@type\":\"ImageObject\",\"inLanguage\":\"zh-Hans\",\"@id\":\"https:\\\/\\\/encontreportugal.pt\\\/zh\\\/#\\\/schema\\\/logo\\\/image\\\/\",\"url\":\"https:\\\/\\\/encontreportugal.pt\\\/wp-content\\\/uploads\\\/2024\\\/04\\\/cropped-logo-encontre-portugal.png\",\"contentUrl\":\"https:\\\/\\\/encontreportugal.pt\\\/wp-content\\\/uploads\\\/2024\\\/04\\\/cropped-logo-encontre-portugal.png\",\"width\":500,\"height\":165,\"caption\":\"Encontre Portugal\"},\"image\":{\"@id\":\"https:\\\/\\\/encontreportugal.pt\\\/zh\\\/#\\\/schema\\\/logo\\\/image\\\/\"}},{\"@type\":\"Person\",\"@id\":\"https:\\\/\\\/encontreportugal.pt\\\/zh\\\/#\\\/schema\\\/person\\\/71ee126caa8e8746f4e1d07bb50ba747\",\"name\":\"Douglas Barbosa\",\"image\":{\"@type\":\"ImageObject\",\"inLanguage\":\"zh-Hans\",\"@id\":\"https:\\\/\\\/encontreportugal.pt\\\/wp-content\\\/uploads\\\/2024\\\/03\\\/douglasfdb_avatar-96x96.jpeg\",\"url\":\"https:\\\/\\\/encontreportugal.pt\\\/wp-content\\\/uploads\\\/2024\\\/03\\\/douglasfdb_avatar-96x96.jpeg\",\"contentUrl\":\"https:\\\/\\\/encontreportugal.pt\\\/wp-content\\\/uploads\\\/2024\\\/03\\\/douglasfdb_avatar-96x96.jpeg\",\"caption\":\"Douglas Barbosa\"},\"description\":\"Graduado em Tecnologia de Redes de Computadores e com P\u00f3s-Gradua\u00e7\u00e3o em Marketing Digital, Business Intelligence e Estrat\u00e9gia Data-Driven pela Pontif\u00edcia Universidade Cat\u00f3lica (PUC). Capacita\u00e7\u00e3o em Linguagem Corporal e Detec\u00e7\u00e3o de Microexpress\u00f5es Faciais. Participa\u00e7\u00e3o na forma\u00e7\u00e3o \\\"M\u00e1quina de Tr\u00e1fego e Convers\u00e3o - Aprenda a Vender Mais pelo Google Todos os Dias\\\". Certificado pelo Google em Rede de Pesquisa. Vasta experi\u00eancia em projetos de SEO, gest\u00e3o de tr\u00e1fego pago no Google Ads e Cria\u00e7\u00e3o de Websites.\",\"sameAs\":[\"https:\\\/\\\/encontreportugal.pt\"],\"url\":\"https:\\\/\\\/encontreportugal.pt\\\/zh\\\/author\\\/douglasfdb\\\/\"}]}<\/script>\n<!-- \/ Yoast SEO plugin. -->","yoast_head_json":{"title":"Unhas de gel para o ver\u00e3o: dicas para arrasar na praia - Encontre Portugal","robots":{"index":"index","follow":"follow","max-snippet":"max-snippet:-1","max-image-preview":"max-image-preview:large","max-video-preview":"max-video-preview:-1"},"canonical":"https:\/\/encontreportugal.pt\/zh\/unhas-de-gel-para-o-verao-dicas-para-arrasar-na-praia\/","og_locale":"zh_CN","og_type":"article","og_title":"Unhas de gel para o ver\u00e3o: dicas para arrasar na praia - Encontre Portugal","og_url":"https:\/\/encontreportugal.pt\/zh\/unhas-de-gel-para-o-verao-dicas-para-arrasar-na-praia\/","og_site_name":"Encontre Portugal","article_published_time":"2024-02-25T01:30:20+00:00","article_modified_time":"2024-04-07T11:15:34+00:00","og_image":[{"width":2560,"height":2560,"url":"https:\/\/encontreportugal.pt\/wp-content\/uploads\/2024\/02\/beautiful-woman-s-nails-with-beautiful-french-white-manicure.jpg","type":"image\/jpeg"}],"author":"Douglas Barbosa","twitter_card":"summary_large_image","twitter_misc":{"\u4f5c\u8005":"Douglas Barbosa","\u9884\u8ba1\u9605\u8bfb\u65f6\u95f4":"6 \u5206"},"schema":{"@context":"https:\/\/schema.org","@graph":[{"@type":"Article","@id":"https:\/\/encontreportugal.pt\/unhas-de-gel-para-o-verao-dicas-para-arrasar-na-praia\/#article","isPartOf":{"@id":"https:\/\/encontreportugal.pt\/unhas-de-gel-para-o-verao-dicas-para-arrasar-na-praia\/"},"author":{"name":"Douglas Barbosa","@id":"https:\/\/encontreportugal.pt\/zh\/#\/schema\/person\/71ee126caa8e8746f4e1d07bb50ba747"},"headline":"Unhas de gel para o ver\u00e3o: dicas para arrasar na praia","datePublished":"2024-02-25T01:30:20+00:00","dateModified":"2024-04-07T11:15:34+00:00","mainEntityOfPage":{"@id":"https:\/\/encontreportugal.pt\/unhas-de-gel-para-o-verao-dicas-para-arrasar-na-praia\/"},"wordCount":1329,"commentCount":0,"publisher":{"@id":"https:\/\/encontreportugal.pt\/zh\/#organization"},"image":{"@id":"https:\/\/encontreportugal.pt\/unhas-de-gel-para-o-verao-dicas-para-arrasar-na-praia\/#primaryimage"},"thumbnailUrl":"https:\/\/encontreportugal.pt\/wp-content\/uploads\/2024\/02\/beautiful-woman-s-nails-with-beautiful-french-white-manicure.jpg","articleSection":["An\u00fancios de Vendas de Servi\u00e7os"],"inLanguage":"zh-Hans","potentialAction":[{"@type":"CommentAction","name":"Comment","target":["https:\/\/encontreportugal.pt\/unhas-de-gel-para-o-verao-dicas-para-arrasar-na-praia\/#respond"]}]},{"@type":"WebPage","@id":"https:\/\/encontreportugal.pt\/unhas-de-gel-para-o-verao-dicas-para-arrasar-na-praia\/","url":"https:\/\/encontreportugal.pt\/unhas-de-gel-para-o-verao-dicas-para-arrasar-na-praia\/","name":"Unhas de gel para o ver\u00e3o: dicas para arrasar na praia - Encontre Portugal","isPartOf":{"@id":"https:\/\/encontreportugal.pt\/zh\/#website"},"primaryImageOfPage":{"@id":"https:\/\/encontreportugal.pt\/unhas-de-gel-para-o-verao-dicas-para-arrasar-na-praia\/#primaryimage"},"image":{"@id":"https:\/\/encontreportugal.pt\/unhas-de-gel-para-o-verao-dicas-para-arrasar-na-praia\/#primaryimage"},"thumbnailUrl":"https:\/\/encontreportugal.pt\/wp-content\/uploads\/2024\/02\/beautiful-woman-s-nails-with-beautiful-french-white-manicure.jpg","datePublished":"2024-02-25T01:30:20+00:00","dateModified":"2024-04-07T11:15:34+00:00","breadcrumb":{"@id":"https:\/\/encontreportugal.pt\/unhas-de-gel-para-o-verao-dicas-para-arrasar-na-praia\/#breadcrumb"},"inLanguage":"zh-Hans","potentialAction":[{"@type":"ReadAction","target":["https:\/\/encontreportugal.pt\/unhas-de-gel-para-o-verao-dicas-para-arrasar-na-praia\/"]}]},{"@type":"ImageObject","inLanguage":"zh-Hans","@id":"https:\/\/encontreportugal.pt\/unhas-de-gel-para-o-verao-dicas-para-arrasar-na-praia\/#primaryimage","url":"https:\/\/encontreportugal.pt\/wp-content\/uploads\/2024\/02\/beautiful-woman-s-nails-with-beautiful-french-white-manicure.jpg","contentUrl":"https:\/\/encontreportugal.pt\/wp-content\/uploads\/2024\/02\/beautiful-woman-s-nails-with-beautiful-french-white-manicure.jpg","width":2560,"height":2560,"caption":"unhas de gel para o ver\u00e3o"},{"@type":"BreadcrumbList","@id":"https:\/\/encontreportugal.pt\/unhas-de-gel-para-o-verao-dicas-para-arrasar-na-praia\/#breadcrumb","itemListElement":[{"@type":"ListItem","position":1,"name":"In\u00edcio","item":"https:\/\/encontreportugal.pt\/zh\/"},{"@type":"ListItem","position":2,"name":"Unhas de gel para o ver\u00e3o: dicas para arrasar na praia"}]},{"@type":"WebSite","@id":"https:\/\/encontreportugal.pt\/zh\/#website","url":"https:\/\/encontreportugal.pt\/zh\/","name":"\u5bfb\u627e\u8461\u8404\u7259","description":"\u8461\u8404\u7259\u6700\u5927\u7684\u5df4\u897f\u79fb\u6c11\u63d0\u793a\u95e8\u6237\u7f51\u7ad9\u3002","publisher":{"@id":"https:\/\/encontreportugal.pt\/zh\/#organization"},"potentialAction":[{"@type":"SearchAction","target":{"@type":"EntryPoint","urlTemplate":"https:\/\/encontreportugal.pt\/zh\/?s={search_term_string}"},"query-input":{"@type":"PropertyValueSpecification","valueRequired":true,"valueName":"search_term_string"}}],"inLanguage":"zh-Hans"},{"@type":"Organization","@id":"https:\/\/encontreportugal.pt\/zh\/#organization","name":"\u5bfb\u627e\u8461\u8404\u7259","url":"https:\/\/encontreportugal.pt\/zh\/","logo":{"@type":"ImageObject","inLanguage":"zh-Hans","@id":"https:\/\/encontreportugal.pt\/zh\/#\/schema\/logo\/image\/","url":"https:\/\/encontreportugal.pt\/wp-content\/uploads\/2024\/04\/cropped-logo-encontre-portugal.png","contentUrl":"https:\/\/encontreportugal.pt\/wp-content\/uploads\/2024\/04\/cropped-logo-encontre-portugal.png","width":500,"height":165,"caption":"Encontre Portugal"},"image":{"@id":"https:\/\/encontreportugal.pt\/zh\/#\/schema\/logo\/image\/"}},{"@type":"Person","@id":"https:\/\/encontreportugal.pt\/zh\/#\/schema\/person\/71ee126caa8e8746f4e1d07bb50ba747","name":"\u9053\u683c\u62c9\u65af-\u5df4\u5c14\u535a\u8428","image":{"@type":"ImageObject","inLanguage":"zh-Hans","@id":"https:\/\/encontreportugal.pt\/wp-content\/uploads\/2024\/03\/douglasfdb_avatar-96x96.jpeg","url":"https:\/\/encontreportugal.pt\/wp-content\/uploads\/2024\/03\/douglasfdb_avatar-96x96.jpeg","contentUrl":"https:\/\/encontreportugal.pt\/wp-content\/uploads\/2024\/03\/douglasfdb_avatar-96x96.jpeg","caption":"Douglas Barbosa"},"description":"\u4ed6\u62e5\u6709\u5929\u4e3b\u6559\u5b97\u5ea7\u5927\u5b66\uff08PUC\uff09\u8ba1\u7b97\u673a\u7f51\u7edc\u6280\u672f\u5b66\u4f4d\u4ee5\u53ca\u6570\u5b57\u8425\u9500\u3001\u5546\u4e1a\u667a\u80fd\u548c\u6570\u636e\u9a71\u52a8\u6218\u7565\u7814\u7a76\u751f\u5b66\u5386\u3002\u8eab\u4f53\u8bed\u8a00\u548c\u9762\u90e8\u5fae\u8868\u60c5\u68c0\u6d4b\u57f9\u8bad\u3002\u53c2\u52a0 \"\u6d41\u91cf\u548c\u8f6c\u5316\u673a\u5668--\u5b66\u4f1a\u6bcf\u5929\u901a\u8fc7\u8c37\u6b4c\u9500\u552e\u66f4\u591a\u4ea7\u54c1 \"\u57f9\u8bad\u8bfe\u7a0b\u3002\u83b7\u5f97\u8c37\u6b4c\u641c\u7d22\u5f15\u64ce\u4f18\u5316\u8ba4\u8bc1\u3002\u5728\u641c\u7d22\u5f15\u64ce\u4f18\u5316\u9879\u76ee\u3001\u8c37\u6b4c\u5e7f\u544a\u4ed8\u8d39\u6d41\u91cf\u7ba1\u7406\u548c\u7f51\u7ad9\u521b\u5efa\u65b9\u9762\u62e5\u6709\u4e30\u5bcc\u7ecf\u9a8c\u3002","sameAs":["https:\/\/encontreportugal.pt"],"url":"https:\/\/encontreportugal.pt\/zh\/author\/douglasfdb\/"}]}},"_links":{"self":[{"href":"https:\/\/encontreportugal.pt\/zh\/wp-json\/wp\/v2\/posts\/5016","targetHints":{"allow":["GET"]}}],"collection":[{"href":"https:\/\/encontreportugal.pt\/zh\/wp-json\/wp\/v2\/posts"}],"about":[{"href":"https:\/\/encontreportugal.pt\/zh\/wp-json\/wp\/v2\/types\/post"}],"author":[{"embeddable":true,"href":"https:\/\/encontreportugal.pt\/zh\/wp-json\/wp\/v2\/users\/1"}],"replies":[{"embeddable":true,"href":"https:\/\/encontreportugal.pt\/zh\/wp-json\/wp\/v2\/comments?post=5016"}],"version-history":[{"count":0,"href":"https:\/\/encontreportugal.pt\/zh\/wp-json\/wp\/v2\/posts\/5016\/revisions"}],"wp:featuredmedia":[{"embeddable":true,"href":"https:\/\/encontreportugal.pt\/zh\/wp-json\/wp\/v2\/media\/5017"}],"wp:attachment":[{"href":"https:\/\/encontreportugal.pt\/zh\/wp-json\/wp\/v2\/media?parent=5016"}],"wp:term":[{"taxonomy":"category","embeddable":true,"href":"https:\/\/encontreportugal.pt\/zh\/wp-json\/wp\/v2\/categories?post=5016"},{"taxonomy":"post_tag","embeddable":true,"href":"https:\/\/encontreportugal.pt\/zh\/wp-json\/wp\/v2\/tags?post=5016"}],"curies":[{"name":"wp","href":"https:\/\/api.w.org\/{rel}","templated":true}]}}