{"id":5168,"date":"2024-03-08T18:38:19","date_gmt":"2024-03-08T18:38:19","guid":{"rendered":"https:\/\/encontreportugal.pt\/?p=5168"},"modified":"2025-01-03T11:25:38","modified_gmt":"2025-01-03T11:25:38","slug":"%e5%a4%a9%e7%84%b6%e5%81%87%e5%8f%91-%e6%b0%b8%e4%b8%8d%e8%bf%87%e6%97%b6%e7%9a%84%e6%bd%ae%e6%b5%81-2","status":"publish","type":"post","link":"https:\/\/encontreportugal.pt\/zh\/%e5%a4%a9%e7%84%b6%e5%81%87%e5%8f%91-%e6%b0%b8%e4%b8%8d%e8%bf%87%e6%97%b6%e7%9a%84%e6%bd%ae%e6%b5%81-2\/","title":{"rendered":"\u5929\u7136\u5047\u53d1\uff1a\u6c38\u4e0d\u8fc7\u65f6\u7684\u6f6e\u6d41"},"content":{"rendered":"<p><img  title=\"\"  alt=\"photo-1472747624745-ce92d32d3c24?crop=entropy&amp;cs=srgb&amp;fm=jpg&amp;ixid=M3w0MDY0MzJ8MHwxfHNlYXJjaHwyfHwlMjJOYXR1cmFsJTIwaGFpciUyMHdpZyUyMnxlbnwwfDB8fHwxNzA5OTIyNjI4fDA&amp;ixlib=rb-4.0 Peruca de cabelo natural: a tend\u00eancia que veio para ficar\" decoding=\"async\" class=\"inline-flex items-center justify-center mb-4\" style=\"max-width: 550px; display: block; margin-left: auto; margin-right: auto;\" src=\"https:\/\/images.unsplash.com\/photo-1472747624745-ce92d32d3c24?crop=entropy&amp;cs=srgb&amp;fm=jpg&amp;ixid=M3w0MDY0MzJ8MHwxfHNlYXJjaHwyfHwlMjJOYXR1cmFsJTIwaGFpciUyMHdpZyUyMnxlbnwwfDB8fHwxNzA5OTIyNjI4fDA&amp;ixlib=rb-4.0.3&amp;q=85&amp;w=900\" \/><\/p>\n<p><center><span style=\"font-size: 8px; color: #c5c5c5;\">Photo by &#8216;Tamara Bellis&#8217; on Unsplash.com<\/span><\/center><\/p>\n<h1>\u5929\u7136\u5047\u53d1\uff1a\u6c38\u4e0d\u8fc7\u65f6\u7684\u6f6e\u6d41<\/h1>\n<p>A<a href=\"https:\/\/lojadoscabelos.pt\/categoria-produto\/perucas\/\"> peruca de cabelo natural<\/a> \u00e9 um acess\u00f3rio que tem ganhado cada vez mais destaque no mundo da moda e beleza. A escolha da peruca certa pode ter um impacto significativo na autoestima e autoconfian\u00e7a de uma pessoa, pois permite que ela se sinta confort\u00e1vel e confiante com seu visual. Neste artigo, exploraremos o que \u00e9 uma peruca de cabelo natural, por que elas est\u00e3o se tornando t\u00e3o populares, como escolher a peruca perfeita para voc\u00ea, os diferentes tipos de cabelo natural utilizados em perucas, como cuidar delas adequadamente, por que s\u00e3o mais caras do que as sint\u00e9ticas, como us\u00e1-las com estilo e confian\u00e7a, as tend\u00eancias atuais nesse mercado e onde comprar perucas de qualidade.<\/p>\n<h3>\u6458\u8981<\/h3>\n<ul>\n<li>Peruca de cabelo natural \u00e9 uma tend\u00eancia que veio para ficar.<\/li>\n<li>As perucas de cabelo natural s\u00e3o feitas com cabelo humano e est\u00e3o se tornando cada vez mais populares.<\/li>\n<li>Para escolher a peruca de cabelo natural perfeita para voc\u00ea, \u00e9 importante considerar o tipo de cabelo e o estilo desejado.<\/li>\n<li>Existem diferentes <a href=\"http:\/\/lojadoscabelos.pt\">tipos de cabelo natural<\/a> usados em perucas, como o cabelo brasileiro, indiano e europeu.<\/li>\n<li>Para manter sua peruca de cabelo natural em \u00f3timo estado, \u00e9 importante cuidar dela adequadamente e seguir as instru\u00e7\u00f5es de manuten\u00e7\u00e3o.<\/li>\n<\/ul>\n<p>&nbsp;<\/p>\n<h2>O que \u00e9 uma peruca de cabelo natural?<\/h2>\n<p>Uma peruca de cabelo natural \u00e9 feita a partir de fios reais do cabelo humano. Esses fios s\u00e3o coletados atrav\u00e9s de doa\u00e7\u00f5es ou comprados diretamente dos doadores. As perucas naturais t\u00eam caracter\u00edsticas \u00fanicas: elas possuem movimento e brilho semelhantes aos fios naturais; podem ser estilizadas com ferramentas t\u00e9rmicas; t\u00eam maior durabilidade quando comparadas \u00e0s sint\u00e9ticas; al\u00e9m disso, proporcionam um aspecto mais realista ao couro cabeludo.<\/p>\n<p>Por outro lado, as perucas sint\u00e9ticas s\u00e3o feitas a partir de fibras artificiais criadas para imitar o aspecto do cabelo humano. Embora sejam mais acess\u00edveis financeiramente em compara\u00e7\u00e3o \u00e0s naturais, elas n\u00e3o oferecem a mesma apar\u00eancia realista nem permitem tantos tipos de estiliza\u00e7\u00e3o.<\/p>\n<h2>Por que as perucas de cabelo natural est\u00e3o se tornando t\u00e3o populares?<\/h2>\n<p>As perucas de cabelo natural t\u00eam ganhado popularidade por diversas raz\u00f5es. Em primeiro lugar, elas oferecem vantagens significativas em rela\u00e7\u00e3o \u00e0s perucas sint\u00e9ticas. Al\u00e9m da apar\u00eancia mais realista, as perucas naturais tamb\u00e9m s\u00e3o mais dur\u00e1veis e podem ser estilizadas com ferramentas t\u00e9rmicas, como chapinhas e babyliss.<\/p>\n<p>Outro fator que contribui para a popularidade das perucas naturais \u00e9 a sua maior durabilidade. Enquanto as sint\u00e9ticas tendem a perder o brilho e ficar embara\u00e7adas com o tempo, as naturais mant\u00eam sua apar\u00eancia por um per\u00edodo mais longo quando cuidadas adequadamente.<\/p>\n<h2>Como escolher a peruca de cabelo natural perfeita para voc\u00ea?<\/h2>\n<p>&nbsp;<\/p>\n<table style=\"width: 100%; border-collapse: collapse; border: 1px solid #ddd;\">\n<tbody>\n<tr style=\"display: table-row; vertical-align: inherit; border-color: inherit;\">\n<th style=\"background-color: #f2f2f2; padding: 12px; text-align: left; border-bottom: 1px solid #ddd;\">Aspecto<\/th>\n<th style=\"background-color: #f2f2f2; padding: 12px; text-align: left; border-bottom: 1px solid #ddd;\">\u8bf4\u660e<\/th>\n<\/tr>\n<tr style=\"display: table-row; vertical-align: inherit; border-color: inherit;\">\n<td style=\"padding: 12px; text-align: left; border-bottom: 1px solid #ddd;\">\u5c3a\u5bf8<\/td>\n<td style=\"padding: 12px; text-align: left; border-bottom: 1px solid #ddd;\">Escolha uma peruca que se ajuste perfeitamente \u00e0 sua cabe\u00e7a, sem ficar muito apertada ou solta.<\/td>\n<\/tr>\n<tr style=\"display: table-row; vertical-align: inherit; border-color: inherit;\">\n<td style=\"padding: 12px; text-align: left; border-bottom: 1px solid #ddd;\">Cor<\/td>\n<td style=\"padding: 12px; text-align: left; border-bottom: 1px solid #ddd;\">Escolha uma cor que combine com o seu tom de pele e cabelo natural.<\/td>\n<\/tr>\n<tr style=\"display: table-row; vertical-align: inherit; border-color: inherit;\">\n<td style=\"padding: 12px; text-align: left; border-bottom: 1px solid #ddd;\">Textura<\/td>\n<td style=\"padding: 12px; text-align: left; border-bottom: 1px solid #ddd;\">Escolha uma textura que se assemelhe ao seu cabelo natural, seja ele liso, ondulado ou cacheado.<\/td>\n<\/tr>\n<tr style=\"display: table-row; vertical-align: inherit; border-color: inherit;\">\n<td style=\"padding: 12px; text-align: left; border-bottom: 1px solid #ddd;\">Material<\/td>\n<td style=\"padding: 12px; text-align: left; border-bottom: 1px solid #ddd;\">Escolha uma peruca feita de cabelo humano, pois \u00e9 mais dur\u00e1vel e natural do que as perucas sint\u00e9ticas.<\/td>\n<\/tr>\n<tr style=\"display: table-row; vertical-align: inherit; border-color: inherit;\">\n<td style=\"padding: 12px; text-align: left; border-bottom: 1px solid #ddd;\">Estilo<\/td>\n<td style=\"padding: 12px; text-align: left; border-bottom: 1px solid #ddd;\">Escolha um estilo que se adapte ao seu gosto pessoal e ao seu estilo de vida.<\/td>\n<\/tr>\n<tr style=\"display: table-row; vertical-align: inherit; border-color: inherit;\">\n<td style=\"padding: 12px; text-align: left; border-bottom: 1px solid #ddd;\">Manuten\u00e7\u00e3o<\/td>\n<td style=\"padding: 12px; text-align: left; border-bottom: 1px solid #ddd;\">Escolha uma peruca que seja f\u00e1cil de cuidar e manter, para que possa durar mais tempo.<\/td>\n<\/tr>\n<\/tbody>\n<\/table>\n<p>Ao escolher uma peruca de cabelo natural, \u00e9 importante levar em considera\u00e7\u00e3o alguns aspectos importantes. Primeiramente, \u00e9 necess\u00e1rio determinar o estilo desejado: liso, ondulado ou cacheado. Em seguida, deve-se considerar o comprimento do cabelo e se ele ser\u00e1 usado solto ou preso.<\/p>\n<p>Outro fator crucial na escolha da peruca certa \u00e9 a cor do cabelo. \u00c9 recomend\u00e1vel selecionar uma cor pr\u00f3xima \u00e0 tonalidade natural dos seus fios para obter um resultado mais harmonioso e realista.<\/p>\n<p>Al\u00e9m disso, \u00e9 essencial experimentar diferentes modelos antes de tomar uma decis\u00e3o final. Isso permitir\u00e1 avaliar qual modelo se encaixa melhor no formato do seu rosto e proporciona maior conforto durante o uso.<\/p>\n<p>Vale ressaltar que buscar orienta\u00e7\u00e3o profissional pode ser \u00fatil nesse processo de escolha, pois um especialista poder\u00e1 oferecer conselhos personalizados com base nas suas caracter\u00edsticas individuais.<\/p>\n<h2>Quais s\u00e3o os diferentes tipos de cabelo natural usados em perucas?<\/h2>\n<p>Existem diferentes tipos de cabelo natural utilizados na confec\u00e7\u00e3o de perucas. Os mais comuns s\u00e3o o cabelo humano virgem, o cabelo humano processado e o cabelo Remy.<\/p>\n<p>O cabelo humano virgem \u00e9 aquele que nunca passou por nenhum tipo de tratamento qu\u00edmico, como tinturas ou alisamentos. Esse tipo de fio \u00e9 considerado o mais saud\u00e1vel e duradouro, proporcionando uma apar\u00eancia natural e brilhante \u00e0s perucas.<\/p>\n<p>J\u00e1 o cabelo humano processado passa por algum tipo de tratamento qu\u00edmico para alterar sua cor ou textura. Embora ainda seja feito a partir do cabelo humano real, esse processo pode afetar a qualidade dos fios e reduzir sua durabilidade.<\/p>\n<p>Por fim, temos o cabelo Remy, que \u00e9 considerado um dos melhores tipos para perucas. Esse termo se refere ao m\u00e9todo utilizado para coletar os fios: eles s\u00e3o cuidadosamente selecionados para garantir que as cut\u00edculas estejam todas alinhadas na mesma dire\u00e7\u00e3o. Isso resulta em uma peruca com menos embara\u00e7os e maior facilidade na hora da estiliza\u00e7\u00e3o.<\/p>\n<h2>Como cuidar de sua peruca de cabelo natural para mant\u00ea-la em \u00f3timo estado?<\/h2>\n<p>Para manter sua peruca de cabelo natural em \u00f3timo estado por mais tempo, alguns cuidados essenciais devem ser seguidos regularmente. Primeiramente, \u00e9 importante escovar suavemente os fios antes e ap\u00f3s cada uso para evitar n\u00f3s e embara\u00e7os.<\/p>\n<p>Al\u00e9m disso, \u00e9 recomend\u00e1vel lavar a peruca com produtos espec\u00edficos para cabelos naturais. Evite o uso de shampoos e condicionadores com sulfatos, pois eles podem danificar os fios. Ap\u00f3s a lavagem, deixe a peruca secar naturalmente em um suporte adequado.<\/p>\n<p>Outro cuidado importante \u00e9 evitar o uso excessivo de ferramentas t\u00e9rmicas, como chapinhas e babyliss. O calor em excesso pode danificar os fios e reduzir sua durabilidade.<\/p>\n<p>Por fim, ao guardar a peruca, certifique-se de que ela esteja completamente seca e livre de n\u00f3s. Utilize uma capa protetora ou uma caixa pr\u00f3pria para perucas para evitar que ela se danifique durante o armazenamento.<\/p>\n<h2>Por que as perucas de cabelo natural s\u00e3o mais caras do que as perucas sint\u00e9ticas?<\/h2>\n<p><iframe style=\"display: block; margin: 0 auto;\" src=\"https:\/\/www.youtube.com\/embed\/qanYFT5amJY\" width=\"640\" height=\"360\" frameborder=\"0\" data-mce-fragment=\"1\"><\/iframe><br \/>\nUma das principais raz\u00f5es pelas quais as perucas de cabelo natural s\u00e3o mais caras do que as sint\u00e9ticas est\u00e1 relacionada \u00e0 qualidade dos materiais utilizados na confec\u00e7\u00e3o desses acess\u00f3rios. O cabelo humano real \u00e9 um recurso limitado e sua coleta demanda tempo e esfor\u00e7o.<\/p>\n<p>Al\u00e9m disso, como mencionado anteriormente, as perucas naturais t\u00eam maior durabilidade quando comparadas \u00e0s sint\u00e9ticas. Isso significa que elas podem ser usadas por um per\u00edodo mais longo sem perder sua apar\u00eancia original ou necessitar de substitui\u00e7\u00e3o frequente.<\/p>\n<p>Outro fator importante \u00e9 o investimento em qualidade realizado pelos fabricantes dessas perucas. A sele\u00e7\u00e3o criteriosa dos fios utilizados na confec\u00e7\u00e3o das perucas naturais garante um produto final superior em termos de apar\u00eancia e conforto.<\/p>\n<h2>Como usar sua peruca de cabelo natural com confian\u00e7a e estilo?<\/h2>\n<p>Usar uma peruca de cabelo natural com confian\u00e7a e estilo requer alguns cuidados e dicas importantes. Primeiramente, \u00e9 essencial ajustar corretamente a peruca \u00e0 sua cabe\u00e7a para garantir um encaixe confort\u00e1vel e seguro.<\/p>\n<p>Al\u00e9m disso, experimente diferentes penteados e estilos para variar o visual. As perucas naturais permitem que voc\u00ea use ferramentas t\u00e9rmicas para criar cachos, ondas ou alisamentos tempor\u00e1rios.<\/p>\n<p>Outra dica \u00e9 escolher acess\u00f3rios que combinem com a sua peruca, como len\u00e7os ou tiaras. Isso ajudar\u00e1 a integr\u00e1-la ao seu look geral e proporcionar\u00e1 um visual mais harmonioso.<\/p>\n<p>Por fim, lembre-se de se sentir confort\u00e1vel com a sua escolha. A autoconfian\u00e7a \u00e9 fundamental para usar uma peruca de cabelo natural com estilo e atitude.<\/p>\n<h2>Quais s\u00e3o as tend\u00eancias atuais em perucas de cabelo natural?<\/h2>\n<p>O mercado de perucas est\u00e1 sempre evoluindo e trazendo novidades em termos de estilos, cores e texturas. Atualmente, algumas tend\u00eancias t\u00eam se destacado nesse segmento.<\/p>\n<p>Uma delas \u00e9 o uso das chamadas &#8220;lace front wigs&#8221;, que possuem uma tela transparente na parte frontal da peruca para simular o couro cabeludo realista. Essa t\u00e9cnica permite um acabamento mais natural na linha do cabelo.<\/p>\n<p>Outra tend\u00eancia s\u00e3o as perucas coloridas ou ombr\u00e9 hair, que oferecem op\u00e7\u00f5es al\u00e9m das cores tradicionais do cabelo humano. Essas varia\u00e7\u00f5es permitem experimentar looks ousados sem precisar alterar permanentemente a cor do cabelo.<\/p>\n<h2>Como as celebridades est\u00e3o usando perucas de cabelo natural para mudar seu visual?<\/h2>\n<p>As celebridades t\u00eam sido grandes influenciadoras no uso de perucas de cabelo natural para mudar o visual. Muitas famosas adotaram esse acess\u00f3rio como uma forma de experimentar diferentes estilos e cores sem danificar seus pr\u00f3prios fios.<\/p>\n<p>Exemplos not\u00e1veis incluem Beyonc\u00e9, que \u00e9 conhecida por usar perucas em suas apresenta\u00e7\u00f5es e eventos; Kim Kardashian, que j\u00e1 foi vista com diferentes comprimentos e texturas de cabelo; e Rihanna, que \u00e9 famosa por suas mudan\u00e7as frequentes no visual, muitas vezes utilizando perucas.<\/p>\n<p>Essas celebridades servem como inspira\u00e7\u00e3o para pessoas que desejam experimentar novos looks sem comprometer a sa\u00fade dos seus pr\u00f3prios fios.<\/p>\n<h2>Onde comprar perucas de cabelo natural de qualidade?<\/h2>\n<p>\u81f3 <a href=\"https:\/\/lojadoscabelos.pt\/categoria-produto\/perucas\/\">comprar uma peruca de cabelo natural<\/a>, \u00e9 importante escolher lojas e marcas confi\u00e1veis. Pesquise sobre a reputa\u00e7\u00e3o da empresa antes da compra e verifique se eles oferecem garantia ou pol\u00edtica de devolu\u00e7\u00e3o caso voc\u00ea n\u00e3o esteja satisfeito com o produto.<\/p>\n<p>Al\u00e9m disso, considere buscar recomenda\u00e7\u00f5es ou opini\u00f5es online sobre a marca ou loja em quest\u00e3o. Isso pode ajud\u00e1-lo a tomar uma decis\u00e3o mais informada antes da compra.<\/p>\n<h2>Como a peruca de cabelo natural pode ajudar a melhorar a autoestima e autoconfian\u00e7a?<\/h2>\n<p>A escolha da peruca certa pode ter um impacto significativo na autoestima e autoconfian\u00e7a das pessoas que as utilizam. Depoimentos mostram como esses acess\u00f3rios podem fazer diferen\u00e7a na vida das pessoas ao proporcionarem um visual mais pr\u00f3ximo do que elas desejam.<\/p>\n<p>Al\u00e9m disso, a possibilidade de experimentar diferentes estilos e cores sem comprometer a sa\u00fade dos fios naturais pode ser libertadora para muitas pessoas. A peruca de cabelo natural oferece uma solu\u00e7\u00e3o pr\u00e1tica e vers\u00e1til para quem busca mudan\u00e7as no visual sem grandes consequ\u00eancias.<\/p>\n<h2>\u7ed3\u8bba<\/h2>\n<p>A escolha da peruca de cabelo natural certa \u00e9 fundamental para a autoestima e autoconfian\u00e7a das pessoas que as utilizam. Esses acess\u00f3rios oferecem vantagens significativas em rela\u00e7\u00e3o \u00e0s perucas sint\u00e9ticas, como maior durabilidade e apar\u00eancia mais realista.<\/p>\n<p>Ao escolher uma peruca, \u00e9 importante considerar o estilo desejado, o comprimento do cabelo, a cor e experimentar diferentes modelos antes de tomar uma decis\u00e3o final. Cuidados adequados s\u00e3o essenciais para manter sua peruca em \u00f3timo estado por mais tempo.<\/p>\n<p>Embora as perucas de cabelo natural sejam mais caras do que as sint\u00e9ticas, esse investimento vale a pena pela qualidade superior e durabilidade proporcionadas por esses acess\u00f3rios.<\/p>\n<p>As tend\u00eancias atuais incluem perucas com tela transparente na parte frontal para um acabamento mais natural na linha do cabelo, al\u00e9m das op\u00e7\u00f5es coloridas ou ombr\u00e9 hair.<\/p>\n<p>Celebridades t\u00eam utilizado perucas de cabelo natural como forma de mudar seu visual sem danificar seus pr\u00f3prios fios. Essa influ\u00eancia tem inspirado muitas pessoas a experimentarem novos looks com confian\u00e7a.<\/p>\n<p>Ao comprar uma peruca de cabelo natural, \u00e9 importante buscar lojas e marcas confi\u00e1veis que ofere\u00e7am garantia ou pol\u00edtica de devolu\u00e7\u00e3o caso necess\u00e1rio.<\/p>\n<p>Por fim, ao utilizar uma peruca de cabelo natural adequada, \u00e9 poss\u00edvel melhorar a autoestima e autoconfian\u00e7a, al\u00e9m de experimentar diferentes estilos e cores sem comprometer a sa\u00fade dos fios naturais.<\/p>\n<h2>\u5e38\u89c1\u95ee\u9898<\/h2>\n<p>&nbsp;<\/p>\n<h3>O que \u00e9 uma peruca de cabelo natural?<\/h3>\n<p>Uma peruca de cabelo natural \u00e9 uma peruca feita de cabelo humano real, em vez de fibras sint\u00e9ticas.<\/p>\n<h3>Como as perucas de cabelo natural s\u00e3o feitas?<\/h3>\n<p>As perucas de cabelo natural s\u00e3o feitas a partir de cabelo humano real que \u00e9 coletado de doadores. O cabelo \u00e9 ent\u00e3o limpo, tratado e estilizado em perucas.<\/p>\n<h3>Quais s\u00e3o as vantagens de usar uma peruca de cabelo natural?<\/h3>\n<p>As perucas de cabelo natural parecem mais realistas e naturais do que as perucas sint\u00e9ticas. Elas tamb\u00e9m podem ser estilizadas com ferramentas de calor, como chapinhas e babyliss, e podem durar mais tempo do que as perucas sint\u00e9ticas.<\/p>\n<h3>Como cuidar de uma peruca de cabelo natural?<\/h3>\n<p>As perucas de cabelo natural devem ser lavadas regularmente com um shampoo suave e condicionador. Elas tamb\u00e9m devem ser armazenadas em um local fresco e seco, longe da luz solar direta.<\/p>\n<h3>Quanto tempo uma peruca de cabelo natural pode durar?<\/h3>\n<p>Uma peruca de cabelo natural pode durar de seis meses a um ano, dependendo de como ela \u00e9 cuidada e usada.<\/p>\n<h3>Quanto custa uma peruca de cabelo natural?<\/h3>\n<p>O pre\u00e7o de uma peruca de cabelo natural varia dependendo do comprimento, qualidade e estilo do cabelo. Elas podem custar de algumas centenas a alguns milhares de euros.<\/p>","protected":false},"excerpt":{"rendered":"<p>Photo by &#8216;Tamara Bellis&#8217; on Unsplash.com Peruca de cabelo natural: a tend\u00eancia que veio para ficar A peruca de cabelo natural \u00e9 um acess\u00f3rio que tem ganhado cada vez mais destaque no mundo da moda e beleza. A escolha da peruca certa pode ter um impacto significativo na autoestima e autoconfian\u00e7a de uma pessoa, pois [&hellip;]<\/p>\n","protected":false},"author":1,"featured_media":5169,"comment_status":"open","ping_status":"open","sticky":false,"template":"","format":"standard","meta":{"footnotes":""},"categories":[664],"tags":[],"class_list":["post-5168","post","type-post","status-publish","format-standard","has-post-thumbnail","hentry","category-estetica-e-beleza-em-portugal"],"acf":[],"yoast_head":"<!-- This site is optimized with the Yoast SEO plugin v27.5 - https:\/\/yoast.com\/product\/yoast-seo-wordpress\/ -->\n<title>Peruca de cabelo natural: a tend\u00eancia que veio para ficar - Encontre Portugal<\/title>\n<meta name=\"robots\" content=\"index, follow, max-snippet:-1, max-image-preview:large, max-video-preview:-1\" \/>\n<link rel=\"canonical\" href=\"https:\/\/encontreportugal.pt\/zh\/\u5929\u7136\u5047\u53d1-\u6c38\u4e0d\u8fc7\u65f6\u7684\u6f6e\u6d41-2\/\" \/>\n<meta property=\"og:locale\" content=\"zh_CN\" \/>\n<meta property=\"og:type\" content=\"article\" \/>\n<meta property=\"og:title\" content=\"Peruca de cabelo natural: a tend\u00eancia que veio para ficar - Encontre Portugal\" \/>\n<meta property=\"og:url\" content=\"https:\/\/encontreportugal.pt\/zh\/\u5929\u7136\u5047\u53d1-\u6c38\u4e0d\u8fc7\u65f6\u7684\u6f6e\u6d41-2\/\" \/>\n<meta property=\"og:site_name\" content=\"Encontre Portugal\" \/>\n<meta property=\"article:published_time\" content=\"2024-03-08T18:38:19+00:00\" \/>\n<meta property=\"article:modified_time\" content=\"2025-01-03T11:25:38+00:00\" \/>\n<meta property=\"og:image\" content=\"https:\/\/encontreportugal.pt\/wp-content\/uploads\/2024\/03\/beautiful-girl-with-long-hair.jpg\" \/>\n\t<meta property=\"og:image:width\" content=\"1707\" \/>\n\t<meta property=\"og:image:height\" content=\"2560\" \/>\n\t<meta property=\"og:image:type\" content=\"image\/jpeg\" \/>\n<meta name=\"author\" content=\"Douglas Barbosa\" \/>\n<meta name=\"twitter:card\" content=\"summary_large_image\" \/>\n<meta name=\"twitter:label1\" content=\"\u4f5c\u8005\" \/>\n\t<meta name=\"twitter:data1\" content=\"Douglas Barbosa\" \/>\n\t<meta name=\"twitter:label2\" content=\"\u9884\u8ba1\u9605\u8bfb\u65f6\u95f4\" \/>\n\t<meta name=\"twitter:data2\" content=\"11 \u5206\" \/>\n<script type=\"application\/ld+json\" class=\"yoast-schema-graph\">{\"@context\":\"https:\\\/\\\/schema.org\",\"@graph\":[{\"@type\":\"Article\",\"@id\":\"https:\\\/\\\/encontreportugal.pt\\\/peruca-de-cabelo-natural-a-tendencia-que-veio-para-ficar\\\/#article\",\"isPartOf\":{\"@id\":\"https:\\\/\\\/encontreportugal.pt\\\/peruca-de-cabelo-natural-a-tendencia-que-veio-para-ficar\\\/\"},\"author\":{\"name\":\"Douglas Barbosa\",\"@id\":\"https:\\\/\\\/encontreportugal.pt\\\/zh\\\/#\\\/schema\\\/person\\\/71ee126caa8e8746f4e1d07bb50ba747\"},\"headline\":\"Peruca de cabelo natural: a tend\u00eancia que veio para ficar\",\"datePublished\":\"2024-03-08T18:38:19+00:00\",\"dateModified\":\"2025-01-03T11:25:38+00:00\",\"mainEntityOfPage\":{\"@id\":\"https:\\\/\\\/encontreportugal.pt\\\/peruca-de-cabelo-natural-a-tendencia-que-veio-para-ficar\\\/\"},\"wordCount\":2256,\"commentCount\":0,\"publisher\":{\"@id\":\"https:\\\/\\\/encontreportugal.pt\\\/zh\\\/#organization\"},\"image\":{\"@id\":\"https:\\\/\\\/encontreportugal.pt\\\/peruca-de-cabelo-natural-a-tendencia-que-veio-para-ficar\\\/#primaryimage\"},\"thumbnailUrl\":\"https:\\\/\\\/encontreportugal.pt\\\/wp-content\\\/uploads\\\/2024\\\/03\\\/beautiful-girl-with-long-hair.jpg\",\"articleSection\":[\"Est\u00e9tica e Beleza em Portugal\"],\"inLanguage\":\"zh-Hans\",\"potentialAction\":[{\"@type\":\"CommentAction\",\"name\":\"Comment\",\"target\":[\"https:\\\/\\\/encontreportugal.pt\\\/peruca-de-cabelo-natural-a-tendencia-que-veio-para-ficar\\\/#respond\"]}]},{\"@type\":\"WebPage\",\"@id\":\"https:\\\/\\\/encontreportugal.pt\\\/peruca-de-cabelo-natural-a-tendencia-que-veio-para-ficar\\\/\",\"url\":\"https:\\\/\\\/encontreportugal.pt\\\/peruca-de-cabelo-natural-a-tendencia-que-veio-para-ficar\\\/\",\"name\":\"Peruca de cabelo natural: a tend\u00eancia que veio para ficar - Encontre Portugal\",\"isPartOf\":{\"@id\":\"https:\\\/\\\/encontreportugal.pt\\\/zh\\\/#website\"},\"primaryImageOfPage\":{\"@id\":\"https:\\\/\\\/encontreportugal.pt\\\/peruca-de-cabelo-natural-a-tendencia-que-veio-para-ficar\\\/#primaryimage\"},\"image\":{\"@id\":\"https:\\\/\\\/encontreportugal.pt\\\/peruca-de-cabelo-natural-a-tendencia-que-veio-para-ficar\\\/#primaryimage\"},\"thumbnailUrl\":\"https:\\\/\\\/encontreportugal.pt\\\/wp-content\\\/uploads\\\/2024\\\/03\\\/beautiful-girl-with-long-hair.jpg\",\"datePublished\":\"2024-03-08T18:38:19+00:00\",\"dateModified\":\"2025-01-03T11:25:38+00:00\",\"breadcrumb\":{\"@id\":\"https:\\\/\\\/encontreportugal.pt\\\/peruca-de-cabelo-natural-a-tendencia-que-veio-para-ficar\\\/#breadcrumb\"},\"inLanguage\":\"zh-Hans\",\"potentialAction\":[{\"@type\":\"ReadAction\",\"target\":[\"https:\\\/\\\/encontreportugal.pt\\\/peruca-de-cabelo-natural-a-tendencia-que-veio-para-ficar\\\/\"]}]},{\"@type\":\"ImageObject\",\"inLanguage\":\"zh-Hans\",\"@id\":\"https:\\\/\\\/encontreportugal.pt\\\/peruca-de-cabelo-natural-a-tendencia-que-veio-para-ficar\\\/#primaryimage\",\"url\":\"https:\\\/\\\/encontreportugal.pt\\\/wp-content\\\/uploads\\\/2024\\\/03\\\/beautiful-girl-with-long-hair.jpg\",\"contentUrl\":\"https:\\\/\\\/encontreportugal.pt\\\/wp-content\\\/uploads\\\/2024\\\/03\\\/beautiful-girl-with-long-hair.jpg\",\"width\":1707,\"height\":2560,\"caption\":\"peruca cabelo natural\"},{\"@type\":\"BreadcrumbList\",\"@id\":\"https:\\\/\\\/encontreportugal.pt\\\/peruca-de-cabelo-natural-a-tendencia-que-veio-para-ficar\\\/#breadcrumb\",\"itemListElement\":[{\"@type\":\"ListItem\",\"position\":1,\"name\":\"In\u00edcio\",\"item\":\"https:\\\/\\\/encontreportugal.pt\\\/zh\\\/\"},{\"@type\":\"ListItem\",\"position\":2,\"name\":\"Peruca de cabelo natural: a tend\u00eancia que veio para ficar\"}]},{\"@type\":\"WebSite\",\"@id\":\"https:\\\/\\\/encontreportugal.pt\\\/zh\\\/#website\",\"url\":\"https:\\\/\\\/encontreportugal.pt\\\/zh\\\/\",\"name\":\"Encontre Portugal\",\"description\":\"O maior Portal de dicas ao imigrante brasileiro em Portugal.\",\"publisher\":{\"@id\":\"https:\\\/\\\/encontreportugal.pt\\\/zh\\\/#organization\"},\"potentialAction\":[{\"@type\":\"SearchAction\",\"target\":{\"@type\":\"EntryPoint\",\"urlTemplate\":\"https:\\\/\\\/encontreportugal.pt\\\/zh\\\/?s={search_term_string}\"},\"query-input\":{\"@type\":\"PropertyValueSpecification\",\"valueRequired\":true,\"valueName\":\"search_term_string\"}}],\"inLanguage\":\"zh-Hans\"},{\"@type\":\"Organization\",\"@id\":\"https:\\\/\\\/encontreportugal.pt\\\/zh\\\/#organization\",\"name\":\"Encontre Portugal\",\"url\":\"https:\\\/\\\/encontreportugal.pt\\\/zh\\\/\",\"logo\":{\"@type\":\"ImageObject\",\"inLanguage\":\"zh-Hans\",\"@id\":\"https:\\\/\\\/encontreportugal.pt\\\/zh\\\/#\\\/schema\\\/logo\\\/image\\\/\",\"url\":\"https:\\\/\\\/encontreportugal.pt\\\/wp-content\\\/uploads\\\/2024\\\/04\\\/cropped-logo-encontre-portugal.png\",\"contentUrl\":\"https:\\\/\\\/encontreportugal.pt\\\/wp-content\\\/uploads\\\/2024\\\/04\\\/cropped-logo-encontre-portugal.png\",\"width\":500,\"height\":165,\"caption\":\"Encontre Portugal\"},\"image\":{\"@id\":\"https:\\\/\\\/encontreportugal.pt\\\/zh\\\/#\\\/schema\\\/logo\\\/image\\\/\"}},{\"@type\":\"Person\",\"@id\":\"https:\\\/\\\/encontreportugal.pt\\\/zh\\\/#\\\/schema\\\/person\\\/71ee126caa8e8746f4e1d07bb50ba747\",\"name\":\"Douglas Barbosa\",\"image\":{\"@type\":\"ImageObject\",\"inLanguage\":\"zh-Hans\",\"@id\":\"https:\\\/\\\/encontreportugal.pt\\\/wp-content\\\/uploads\\\/2024\\\/03\\\/douglasfdb_avatar-96x96.jpeg\",\"url\":\"https:\\\/\\\/encontreportugal.pt\\\/wp-content\\\/uploads\\\/2024\\\/03\\\/douglasfdb_avatar-96x96.jpeg\",\"contentUrl\":\"https:\\\/\\\/encontreportugal.pt\\\/wp-content\\\/uploads\\\/2024\\\/03\\\/douglasfdb_avatar-96x96.jpeg\",\"caption\":\"Douglas Barbosa\"},\"description\":\"Graduado em Tecnologia de Redes de Computadores e com P\u00f3s-Gradua\u00e7\u00e3o em Marketing Digital, Business Intelligence e Estrat\u00e9gia Data-Driven pela Pontif\u00edcia Universidade Cat\u00f3lica (PUC). Capacita\u00e7\u00e3o em Linguagem Corporal e Detec\u00e7\u00e3o de Microexpress\u00f5es Faciais. Participa\u00e7\u00e3o na forma\u00e7\u00e3o \\\"M\u00e1quina de Tr\u00e1fego e Convers\u00e3o - Aprenda a Vender Mais pelo Google Todos os Dias\\\". Certificado pelo Google em Rede de Pesquisa. Vasta experi\u00eancia em projetos de SEO, gest\u00e3o de tr\u00e1fego pago no Google Ads e Cria\u00e7\u00e3o de Websites.\",\"sameAs\":[\"https:\\\/\\\/encontreportugal.pt\"],\"url\":\"https:\\\/\\\/encontreportugal.pt\\\/zh\\\/author\\\/douglasfdb\\\/\"}]}<\/script>\n<!-- \/ Yoast SEO plugin. -->","yoast_head_json":{"title":"Peruca de cabelo natural: a tend\u00eancia que veio para ficar - Encontre Portugal","robots":{"index":"index","follow":"follow","max-snippet":"max-snippet:-1","max-image-preview":"max-image-preview:large","max-video-preview":"max-video-preview:-1"},"canonical":"https:\/\/encontreportugal.pt\/zh\/\u5929\u7136\u5047\u53d1-\u6c38\u4e0d\u8fc7\u65f6\u7684\u6f6e\u6d41-2\/","og_locale":"zh_CN","og_type":"article","og_title":"Peruca de cabelo natural: a tend\u00eancia que veio para ficar - Encontre Portugal","og_url":"https:\/\/encontreportugal.pt\/zh\/\u5929\u7136\u5047\u53d1-\u6c38\u4e0d\u8fc7\u65f6\u7684\u6f6e\u6d41-2\/","og_site_name":"Encontre Portugal","article_published_time":"2024-03-08T18:38:19+00:00","article_modified_time":"2025-01-03T11:25:38+00:00","og_image":[{"width":1707,"height":2560,"url":"https:\/\/encontreportugal.pt\/wp-content\/uploads\/2024\/03\/beautiful-girl-with-long-hair.jpg","type":"image\/jpeg"}],"author":"Douglas Barbosa","twitter_card":"summary_large_image","twitter_misc":{"\u4f5c\u8005":"Douglas Barbosa","\u9884\u8ba1\u9605\u8bfb\u65f6\u95f4":"11 \u5206"},"schema":{"@context":"https:\/\/schema.org","@graph":[{"@type":"Article","@id":"https:\/\/encontreportugal.pt\/peruca-de-cabelo-natural-a-tendencia-que-veio-para-ficar\/#article","isPartOf":{"@id":"https:\/\/encontreportugal.pt\/peruca-de-cabelo-natural-a-tendencia-que-veio-para-ficar\/"},"author":{"name":"Douglas Barbosa","@id":"https:\/\/encontreportugal.pt\/zh\/#\/schema\/person\/71ee126caa8e8746f4e1d07bb50ba747"},"headline":"Peruca de cabelo natural: a tend\u00eancia que veio para ficar","datePublished":"2024-03-08T18:38:19+00:00","dateModified":"2025-01-03T11:25:38+00:00","mainEntityOfPage":{"@id":"https:\/\/encontreportugal.pt\/peruca-de-cabelo-natural-a-tendencia-que-veio-para-ficar\/"},"wordCount":2256,"commentCount":0,"publisher":{"@id":"https:\/\/encontreportugal.pt\/zh\/#organization"},"image":{"@id":"https:\/\/encontreportugal.pt\/peruca-de-cabelo-natural-a-tendencia-que-veio-para-ficar\/#primaryimage"},"thumbnailUrl":"https:\/\/encontreportugal.pt\/wp-content\/uploads\/2024\/03\/beautiful-girl-with-long-hair.jpg","articleSection":["Est\u00e9tica e Beleza em Portugal"],"inLanguage":"zh-Hans","potentialAction":[{"@type":"CommentAction","name":"Comment","target":["https:\/\/encontreportugal.pt\/peruca-de-cabelo-natural-a-tendencia-que-veio-para-ficar\/#respond"]}]},{"@type":"WebPage","@id":"https:\/\/encontreportugal.pt\/peruca-de-cabelo-natural-a-tendencia-que-veio-para-ficar\/","url":"https:\/\/encontreportugal.pt\/peruca-de-cabelo-natural-a-tendencia-que-veio-para-ficar\/","name":"Peruca de cabelo natural: a tend\u00eancia que veio para ficar - Encontre Portugal","isPartOf":{"@id":"https:\/\/encontreportugal.pt\/zh\/#website"},"primaryImageOfPage":{"@id":"https:\/\/encontreportugal.pt\/peruca-de-cabelo-natural-a-tendencia-que-veio-para-ficar\/#primaryimage"},"image":{"@id":"https:\/\/encontreportugal.pt\/peruca-de-cabelo-natural-a-tendencia-que-veio-para-ficar\/#primaryimage"},"thumbnailUrl":"https:\/\/encontreportugal.pt\/wp-content\/uploads\/2024\/03\/beautiful-girl-with-long-hair.jpg","datePublished":"2024-03-08T18:38:19+00:00","dateModified":"2025-01-03T11:25:38+00:00","breadcrumb":{"@id":"https:\/\/encontreportugal.pt\/peruca-de-cabelo-natural-a-tendencia-que-veio-para-ficar\/#breadcrumb"},"inLanguage":"zh-Hans","potentialAction":[{"@type":"ReadAction","target":["https:\/\/encontreportugal.pt\/peruca-de-cabelo-natural-a-tendencia-que-veio-para-ficar\/"]}]},{"@type":"ImageObject","inLanguage":"zh-Hans","@id":"https:\/\/encontreportugal.pt\/peruca-de-cabelo-natural-a-tendencia-que-veio-para-ficar\/#primaryimage","url":"https:\/\/encontreportugal.pt\/wp-content\/uploads\/2024\/03\/beautiful-girl-with-long-hair.jpg","contentUrl":"https:\/\/encontreportugal.pt\/wp-content\/uploads\/2024\/03\/beautiful-girl-with-long-hair.jpg","width":1707,"height":2560,"caption":"peruca cabelo natural"},{"@type":"BreadcrumbList","@id":"https:\/\/encontreportugal.pt\/peruca-de-cabelo-natural-a-tendencia-que-veio-para-ficar\/#breadcrumb","itemListElement":[{"@type":"ListItem","position":1,"name":"In\u00edcio","item":"https:\/\/encontreportugal.pt\/zh\/"},{"@type":"ListItem","position":2,"name":"Peruca de cabelo natural: a tend\u00eancia que veio para ficar"}]},{"@type":"WebSite","@id":"https:\/\/encontreportugal.pt\/zh\/#website","url":"https:\/\/encontreportugal.pt\/zh\/","name":"\u5bfb\u627e\u8461\u8404\u7259","description":"\u8461\u8404\u7259\u6700\u5927\u7684\u5df4\u897f\u79fb\u6c11\u63d0\u793a\u95e8\u6237\u7f51\u7ad9\u3002","publisher":{"@id":"https:\/\/encontreportugal.pt\/zh\/#organization"},"potentialAction":[{"@type":"SearchAction","target":{"@type":"EntryPoint","urlTemplate":"https:\/\/encontreportugal.pt\/zh\/?s={search_term_string}"},"query-input":{"@type":"PropertyValueSpecification","valueRequired":true,"valueName":"search_term_string"}}],"inLanguage":"zh-Hans"},{"@type":"Organization","@id":"https:\/\/encontreportugal.pt\/zh\/#organization","name":"\u5bfb\u627e\u8461\u8404\u7259","url":"https:\/\/encontreportugal.pt\/zh\/","logo":{"@type":"ImageObject","inLanguage":"zh-Hans","@id":"https:\/\/encontreportugal.pt\/zh\/#\/schema\/logo\/image\/","url":"https:\/\/encontreportugal.pt\/wp-content\/uploads\/2024\/04\/cropped-logo-encontre-portugal.png","contentUrl":"https:\/\/encontreportugal.pt\/wp-content\/uploads\/2024\/04\/cropped-logo-encontre-portugal.png","width":500,"height":165,"caption":"Encontre Portugal"},"image":{"@id":"https:\/\/encontreportugal.pt\/zh\/#\/schema\/logo\/image\/"}},{"@type":"Person","@id":"https:\/\/encontreportugal.pt\/zh\/#\/schema\/person\/71ee126caa8e8746f4e1d07bb50ba747","name":"\u9053\u683c\u62c9\u65af-\u5df4\u5c14\u535a\u8428","image":{"@type":"ImageObject","inLanguage":"zh-Hans","@id":"https:\/\/encontreportugal.pt\/wp-content\/uploads\/2024\/03\/douglasfdb_avatar-96x96.jpeg","url":"https:\/\/encontreportugal.pt\/wp-content\/uploads\/2024\/03\/douglasfdb_avatar-96x96.jpeg","contentUrl":"https:\/\/encontreportugal.pt\/wp-content\/uploads\/2024\/03\/douglasfdb_avatar-96x96.jpeg","caption":"Douglas Barbosa"},"description":"\u4ed6\u62e5\u6709\u5929\u4e3b\u6559\u5b97\u5ea7\u5927\u5b66\uff08PUC\uff09\u8ba1\u7b97\u673a\u7f51\u7edc\u6280\u672f\u5b66\u4f4d\u4ee5\u53ca\u6570\u5b57\u8425\u9500\u3001\u5546\u4e1a\u667a\u80fd\u548c\u6570\u636e\u9a71\u52a8\u6218\u7565\u7814\u7a76\u751f\u5b66\u5386\u3002\u8eab\u4f53\u8bed\u8a00\u548c\u9762\u90e8\u5fae\u8868\u60c5\u68c0\u6d4b\u57f9\u8bad\u3002\u53c2\u52a0 \"\u6d41\u91cf\u548c\u8f6c\u5316\u673a\u5668--\u5b66\u4f1a\u6bcf\u5929\u901a\u8fc7\u8c37\u6b4c\u9500\u552e\u66f4\u591a\u4ea7\u54c1 \"\u57f9\u8bad\u8bfe\u7a0b\u3002\u83b7\u5f97\u8c37\u6b4c\u641c\u7d22\u5f15\u64ce\u4f18\u5316\u8ba4\u8bc1\u3002\u5728\u641c\u7d22\u5f15\u64ce\u4f18\u5316\u9879\u76ee\u3001\u8c37\u6b4c\u5e7f\u544a\u4ed8\u8d39\u6d41\u91cf\u7ba1\u7406\u548c\u7f51\u7ad9\u521b\u5efa\u65b9\u9762\u62e5\u6709\u4e30\u5bcc\u7ecf\u9a8c\u3002","sameAs":["https:\/\/encontreportugal.pt"],"url":"https:\/\/encontreportugal.pt\/zh\/author\/douglasfdb\/"}]}},"_links":{"self":[{"href":"https:\/\/encontreportugal.pt\/zh\/wp-json\/wp\/v2\/posts\/5168","targetHints":{"allow":["GET"]}}],"collection":[{"href":"https:\/\/encontreportugal.pt\/zh\/wp-json\/wp\/v2\/posts"}],"about":[{"href":"https:\/\/encontreportugal.pt\/zh\/wp-json\/wp\/v2\/types\/post"}],"author":[{"embeddable":true,"href":"https:\/\/encontreportugal.pt\/zh\/wp-json\/wp\/v2\/users\/1"}],"replies":[{"embeddable":true,"href":"https:\/\/encontreportugal.pt\/zh\/wp-json\/wp\/v2\/comments?post=5168"}],"version-history":[{"count":0,"href":"https:\/\/encontreportugal.pt\/zh\/wp-json\/wp\/v2\/posts\/5168\/revisions"}],"wp:featuredmedia":[{"embeddable":true,"href":"https:\/\/encontreportugal.pt\/zh\/wp-json\/wp\/v2\/media\/5169"}],"wp:attachment":[{"href":"https:\/\/encontreportugal.pt\/zh\/wp-json\/wp\/v2\/media?parent=5168"}],"wp:term":[{"taxonomy":"category","embeddable":true,"href":"https:\/\/encontreportugal.pt\/zh\/wp-json\/wp\/v2\/categories?post=5168"},{"taxonomy":"post_tag","embeddable":true,"href":"https:\/\/encontreportugal.pt\/zh\/wp-json\/wp\/v2\/tags?post=5168"}],"curies":[{"name":"wp","href":"https:\/\/api.w.org\/{rel}","templated":true}]}}