{"id":7309,"date":"2024-05-01T10:32:52","date_gmt":"2024-05-01T10:32:52","guid":{"rendered":"https:\/\/encontreportugal.pt\/?p=7309"},"modified":"2024-05-01T10:32:52","modified_gmt":"2024-05-01T10:32:52","slug":"cidadania-portuguesa-para-nascidos-em-cabo-verde","status":"publish","type":"post","link":"https:\/\/encontreportugal.pt\/zh\/cidadania-portuguesa-para-nascidos-em-cabo-verde\/","title":{"rendered":"\u5728\u4f5b\u5f97\u89d2\u51fa\u751f\u8005\u53ef\u83b7\u5f97\u8461\u8404\u7259\u516c\u6c11\u8eab\u4efd"},"content":{"rendered":"<p>A aquisi\u00e7\u00e3o da cidadania portuguesa para nascidos em Cabo Verde \u00e9 um processo que tem sido facilitado devido \u00e0s rela\u00e7\u00f5es hist\u00f3ricas entre os dois pa\u00edses. Muitos cabo-verdianos t\u00eam optado por obter a cidadania portuguesa, o que lhes confere diversos benef\u00edcios, tanto em termos de direitos como de liberdade de movimenta\u00e7\u00e3o no espa\u00e7o europeu.<\/p>\n<h2>Processo de aquisi\u00e7\u00e3o da cidadania portuguesa para nascidos em Cabo Verde<\/h2>\n<p>O processo para obter a cidadania portuguesa para nascidos em Cabo Verde \u00e9 relativamente simples. Os interessados devem reunir a documenta\u00e7\u00e3o necess\u00e1ria, que inclui certid\u00e3o de nascimento, documentos de identifica\u00e7\u00e3o, comprovativo de resid\u00eancia em Portugal, entre outros. \u00c9 importante ressaltar que \u00e9 poss\u00edvel obter a cidadania por descend\u00eancia, ou seja, atrav\u00e9s dos pais ou av\u00f3s portugueses.<\/p>\n<p>Al\u00e9m disso, \u00e9 necess\u00e1rio realizar o pedido de naturaliza\u00e7\u00e3o junto das autoridades portuguesas competentes, que ir\u00e3o analisar a documenta\u00e7\u00e3o e verificar se os requisitos legais est\u00e3o preenchidos. Ap\u00f3s a aprova\u00e7\u00e3o do pedido, o requerente poder\u00e1 usufruir de todos os direitos e deveres inerentes \u00e0 cidadania portuguesa, incluindo o direito de residir e trabalhar em Portugal e nos demais pa\u00edses da Uni\u00e3o Europeia.<\/p>\n<h2>Requisitos e benef\u00edcios para os cidad\u00e3os cabo-verdianos obterem a cidadania portuguesa<\/h2>\n<p>Para os cidad\u00e3os cabo-verdianos obterem a cidadania portuguesa, \u00e9 necess\u00e1rio que residam legalmente em Portugal por um per\u00edodo m\u00ednimo de cinco anos. Al\u00e9m disso, \u00e9 importante que tenham conhecimento da l\u00edngua portuguesa, para facilitar a integra\u00e7\u00e3o na sociedade portuguesa. Uma vez obtida a cidadania, os cabo-verdianos passam a usufruir de benef\u00edcios como acesso a servi\u00e7os p\u00fablicos, direito de voto, livre circula\u00e7\u00e3o no espa\u00e7o Schengen, entre outros.<\/p>\n<p>A cidadania portuguesa para nascidos em Cabo Verde representa uma oportunidade \u00fanica para aqueles que desejam estreitar os la\u00e7os com o pa\u00eds europeu e usufruir de todas as vantagens que a cidadania portuguesa oferece. Com um processo relativamente simples e requisitos bem definidos, os cabo-verdianos t\u00eam a possibilidade de obter a dupla nacionalidade e garantir um futuro mais promissor tanto em Portugal como em toda a Uni\u00e3o Europeia.<\/p>\n<p>Em suma, a aquisi\u00e7\u00e3o da cidadania portuguesa para nascidos em Cabo Verde \u00e9 um passo importante para aqueles que desejam expandir as suas oportunidades pessoais e profissionais. Com a obten\u00e7\u00e3o da cidadania portuguesa, os cabo-verdianos podem desfrutar de uma s\u00e9rie de benef\u00edcios e direitos que lhes proporcionam uma maior seguran\u00e7a e liberdade no contexto europeu. A dupla nacionalidade abre portas para novas possibilidades e representa um v\u00ednculo duradouro entre Cabo Verde e Portugal.<\/p>","protected":false},"excerpt":{"rendered":"<p>O processo de obten\u00e7\u00e3o da cidadania portuguesa para nascidos em Cabo Verde \u00e9 relativamente simples e direto.<\/p>","protected":false},"author":1,"featured_media":7465,"comment_status":"open","ping_status":"open","sticky":false,"template":"","format":"standard","meta":{"footnotes":""},"categories":[669,18,680],"tags":[],"class_list":["post-7309","post","type-post","status-publish","format-standard","has-post-thumbnail","hentry","category-assessoria-imigrantes","category-dicas-de-portugal","category-juridico"],"acf":[],"yoast_head":"<!-- This site is optimized with the Yoast SEO plugin v27.5 - https:\/\/yoast.com\/product\/yoast-seo-wordpress\/ -->\n<title>Cidadania portuguesa para nascidos em Cabo Verde - Encontre Portugal<\/title>\n<meta name=\"robots\" content=\"index, follow, max-snippet:-1, max-image-preview:large, max-video-preview:-1\" \/>\n<link rel=\"canonical\" href=\"https:\/\/encontreportugal.pt\/zh\/cidadania-portuguesa-para-nascidos-em-cabo-verde\/\" \/>\n<meta property=\"og:locale\" content=\"zh_CN\" \/>\n<meta property=\"og:type\" content=\"article\" \/>\n<meta property=\"og:title\" content=\"Cidadania portuguesa para nascidos em Cabo Verde - Encontre Portugal\" \/>\n<meta property=\"og:url\" content=\"https:\/\/encontreportugal.pt\/zh\/cidadania-portuguesa-para-nascidos-em-cabo-verde\/\" \/>\n<meta property=\"og:site_name\" content=\"Encontre Portugal\" \/>\n<meta property=\"article:published_time\" content=\"2024-05-01T10:32:52+00:00\" \/>\n<meta property=\"og:image\" content=\"https:\/\/encontreportugal.pt\/wp-content\/uploads\/2024\/04\/Cidadania-portuguesa-para-nascidos-em-Cabo-Verde.jpg\" \/>\n\t<meta property=\"og:image:width\" content=\"1707\" \/>\n\t<meta property=\"og:image:height\" content=\"2560\" \/>\n\t<meta property=\"og:image:type\" content=\"image\/jpeg\" \/>\n<meta name=\"author\" content=\"Douglas Barbosa\" \/>\n<meta name=\"twitter:card\" content=\"summary_large_image\" \/>\n<meta name=\"twitter:label1\" content=\"\u4f5c\u8005\" \/>\n\t<meta name=\"twitter:data1\" content=\"Douglas Barbosa\" \/>\n\t<meta name=\"twitter:label2\" content=\"\u9884\u8ba1\u9605\u8bfb\u65f6\u95f4\" \/>\n\t<meta name=\"twitter:data2\" content=\"2 \u5206\" \/>\n<script type=\"application\/ld+json\" class=\"yoast-schema-graph\">{\"@context\":\"https:\\\/\\\/schema.org\",\"@graph\":[{\"@type\":\"Article\",\"@id\":\"https:\\\/\\\/encontreportugal.pt\\\/cidadania-portuguesa-para-nascidos-em-cabo-verde\\\/#article\",\"isPartOf\":{\"@id\":\"https:\\\/\\\/encontreportugal.pt\\\/cidadania-portuguesa-para-nascidos-em-cabo-verde\\\/\"},\"author\":{\"name\":\"Douglas Barbosa\",\"@id\":\"https:\\\/\\\/encontreportugal.pt\\\/zh\\\/#\\\/schema\\\/person\\\/71ee126caa8e8746f4e1d07bb50ba747\"},\"headline\":\"Cidadania portuguesa para nascidos em Cabo Verde\",\"datePublished\":\"2024-05-01T10:32:52+00:00\",\"mainEntityOfPage\":{\"@id\":\"https:\\\/\\\/encontreportugal.pt\\\/cidadania-portuguesa-para-nascidos-em-cabo-verde\\\/\"},\"wordCount\":450,\"commentCount\":0,\"publisher\":{\"@id\":\"https:\\\/\\\/encontreportugal.pt\\\/zh\\\/#organization\"},\"image\":{\"@id\":\"https:\\\/\\\/encontreportugal.pt\\\/cidadania-portuguesa-para-nascidos-em-cabo-verde\\\/#primaryimage\"},\"thumbnailUrl\":\"https:\\\/\\\/encontreportugal.pt\\\/wp-content\\\/uploads\\\/2024\\\/04\\\/Cidadania-portuguesa-para-nascidos-em-Cabo-Verde.jpg\",\"articleSection\":[\"Assessoria imigrantes\",\"Dicas de Portugal\",\"Juridico\"],\"inLanguage\":\"zh-Hans\",\"potentialAction\":[{\"@type\":\"CommentAction\",\"name\":\"Comment\",\"target\":[\"https:\\\/\\\/encontreportugal.pt\\\/cidadania-portuguesa-para-nascidos-em-cabo-verde\\\/#respond\"]}]},{\"@type\":\"WebPage\",\"@id\":\"https:\\\/\\\/encontreportugal.pt\\\/cidadania-portuguesa-para-nascidos-em-cabo-verde\\\/\",\"url\":\"https:\\\/\\\/encontreportugal.pt\\\/cidadania-portuguesa-para-nascidos-em-cabo-verde\\\/\",\"name\":\"Cidadania portuguesa para nascidos em Cabo Verde - Encontre Portugal\",\"isPartOf\":{\"@id\":\"https:\\\/\\\/encontreportugal.pt\\\/zh\\\/#website\"},\"primaryImageOfPage\":{\"@id\":\"https:\\\/\\\/encontreportugal.pt\\\/cidadania-portuguesa-para-nascidos-em-cabo-verde\\\/#primaryimage\"},\"image\":{\"@id\":\"https:\\\/\\\/encontreportugal.pt\\\/cidadania-portuguesa-para-nascidos-em-cabo-verde\\\/#primaryimage\"},\"thumbnailUrl\":\"https:\\\/\\\/encontreportugal.pt\\\/wp-content\\\/uploads\\\/2024\\\/04\\\/Cidadania-portuguesa-para-nascidos-em-Cabo-Verde.jpg\",\"datePublished\":\"2024-05-01T10:32:52+00:00\",\"breadcrumb\":{\"@id\":\"https:\\\/\\\/encontreportugal.pt\\\/cidadania-portuguesa-para-nascidos-em-cabo-verde\\\/#breadcrumb\"},\"inLanguage\":\"zh-Hans\",\"potentialAction\":[{\"@type\":\"ReadAction\",\"target\":[\"https:\\\/\\\/encontreportugal.pt\\\/cidadania-portuguesa-para-nascidos-em-cabo-verde\\\/\"]}]},{\"@type\":\"ImageObject\",\"inLanguage\":\"zh-Hans\",\"@id\":\"https:\\\/\\\/encontreportugal.pt\\\/cidadania-portuguesa-para-nascidos-em-cabo-verde\\\/#primaryimage\",\"url\":\"https:\\\/\\\/encontreportugal.pt\\\/wp-content\\\/uploads\\\/2024\\\/04\\\/Cidadania-portuguesa-para-nascidos-em-Cabo-Verde.jpg\",\"contentUrl\":\"https:\\\/\\\/encontreportugal.pt\\\/wp-content\\\/uploads\\\/2024\\\/04\\\/Cidadania-portuguesa-para-nascidos-em-Cabo-Verde.jpg\",\"width\":1707,\"height\":2560,\"caption\":\"Cidadania portuguesa para nascidos em Cabo Verde\"},{\"@type\":\"BreadcrumbList\",\"@id\":\"https:\\\/\\\/encontreportugal.pt\\\/cidadania-portuguesa-para-nascidos-em-cabo-verde\\\/#breadcrumb\",\"itemListElement\":[{\"@type\":\"ListItem\",\"position\":1,\"name\":\"In\u00edcio\",\"item\":\"https:\\\/\\\/encontreportugal.pt\\\/zh\\\/\"},{\"@type\":\"ListItem\",\"position\":2,\"name\":\"Cidadania portuguesa para nascidos em Cabo Verde\"}]},{\"@type\":\"WebSite\",\"@id\":\"https:\\\/\\\/encontreportugal.pt\\\/zh\\\/#website\",\"url\":\"https:\\\/\\\/encontreportugal.pt\\\/zh\\\/\",\"name\":\"Encontre Portugal\",\"description\":\"O maior Portal de dicas ao imigrante brasileiro em Portugal.\",\"publisher\":{\"@id\":\"https:\\\/\\\/encontreportugal.pt\\\/zh\\\/#organization\"},\"potentialAction\":[{\"@type\":\"SearchAction\",\"target\":{\"@type\":\"EntryPoint\",\"urlTemplate\":\"https:\\\/\\\/encontreportugal.pt\\\/zh\\\/?s={search_term_string}\"},\"query-input\":{\"@type\":\"PropertyValueSpecification\",\"valueRequired\":true,\"valueName\":\"search_term_string\"}}],\"inLanguage\":\"zh-Hans\"},{\"@type\":\"Organization\",\"@id\":\"https:\\\/\\\/encontreportugal.pt\\\/zh\\\/#organization\",\"name\":\"Encontre Portugal\",\"url\":\"https:\\\/\\\/encontreportugal.pt\\\/zh\\\/\",\"logo\":{\"@type\":\"ImageObject\",\"inLanguage\":\"zh-Hans\",\"@id\":\"https:\\\/\\\/encontreportugal.pt\\\/zh\\\/#\\\/schema\\\/logo\\\/image\\\/\",\"url\":\"https:\\\/\\\/encontreportugal.pt\\\/wp-content\\\/uploads\\\/2024\\\/04\\\/cropped-logo-encontre-portugal.png\",\"contentUrl\":\"https:\\\/\\\/encontreportugal.pt\\\/wp-content\\\/uploads\\\/2024\\\/04\\\/cropped-logo-encontre-portugal.png\",\"width\":500,\"height\":165,\"caption\":\"Encontre Portugal\"},\"image\":{\"@id\":\"https:\\\/\\\/encontreportugal.pt\\\/zh\\\/#\\\/schema\\\/logo\\\/image\\\/\"}},{\"@type\":\"Person\",\"@id\":\"https:\\\/\\\/encontreportugal.pt\\\/zh\\\/#\\\/schema\\\/person\\\/71ee126caa8e8746f4e1d07bb50ba747\",\"name\":\"Douglas Barbosa\",\"image\":{\"@type\":\"ImageObject\",\"inLanguage\":\"zh-Hans\",\"@id\":\"https:\\\/\\\/encontreportugal.pt\\\/wp-content\\\/uploads\\\/2024\\\/03\\\/douglasfdb_avatar-96x96.jpeg\",\"url\":\"https:\\\/\\\/encontreportugal.pt\\\/wp-content\\\/uploads\\\/2024\\\/03\\\/douglasfdb_avatar-96x96.jpeg\",\"contentUrl\":\"https:\\\/\\\/encontreportugal.pt\\\/wp-content\\\/uploads\\\/2024\\\/03\\\/douglasfdb_avatar-96x96.jpeg\",\"caption\":\"Douglas Barbosa\"},\"description\":\"Graduado em Tecnologia de Redes de Computadores e com P\u00f3s-Gradua\u00e7\u00e3o em Marketing Digital, Business Intelligence e Estrat\u00e9gia Data-Driven pela Pontif\u00edcia Universidade Cat\u00f3lica (PUC). Capacita\u00e7\u00e3o em Linguagem Corporal e Detec\u00e7\u00e3o de Microexpress\u00f5es Faciais. Participa\u00e7\u00e3o na forma\u00e7\u00e3o \\\"M\u00e1quina de Tr\u00e1fego e Convers\u00e3o - Aprenda a Vender Mais pelo Google Todos os Dias\\\". Certificado pelo Google em Rede de Pesquisa. Vasta experi\u00eancia em projetos de SEO, gest\u00e3o de tr\u00e1fego pago no Google Ads e Cria\u00e7\u00e3o de Websites.\",\"sameAs\":[\"https:\\\/\\\/encontreportugal.pt\"],\"url\":\"https:\\\/\\\/encontreportugal.pt\\\/zh\\\/author\\\/douglasfdb\\\/\"}]}<\/script>\n<!-- \/ Yoast SEO plugin. -->","yoast_head_json":{"title":"Cidadania portuguesa para nascidos em Cabo Verde - Encontre Portugal","robots":{"index":"index","follow":"follow","max-snippet":"max-snippet:-1","max-image-preview":"max-image-preview:large","max-video-preview":"max-video-preview:-1"},"canonical":"https:\/\/encontreportugal.pt\/zh\/cidadania-portuguesa-para-nascidos-em-cabo-verde\/","og_locale":"zh_CN","og_type":"article","og_title":"Cidadania portuguesa para nascidos em Cabo Verde - Encontre Portugal","og_url":"https:\/\/encontreportugal.pt\/zh\/cidadania-portuguesa-para-nascidos-em-cabo-verde\/","og_site_name":"Encontre Portugal","article_published_time":"2024-05-01T10:32:52+00:00","og_image":[{"width":1707,"height":2560,"url":"https:\/\/encontreportugal.pt\/wp-content\/uploads\/2024\/04\/Cidadania-portuguesa-para-nascidos-em-Cabo-Verde.jpg","type":"image\/jpeg"}],"author":"Douglas Barbosa","twitter_card":"summary_large_image","twitter_misc":{"\u4f5c\u8005":"Douglas Barbosa","\u9884\u8ba1\u9605\u8bfb\u65f6\u95f4":"2 \u5206"},"schema":{"@context":"https:\/\/schema.org","@graph":[{"@type":"Article","@id":"https:\/\/encontreportugal.pt\/cidadania-portuguesa-para-nascidos-em-cabo-verde\/#article","isPartOf":{"@id":"https:\/\/encontreportugal.pt\/cidadania-portuguesa-para-nascidos-em-cabo-verde\/"},"author":{"name":"Douglas Barbosa","@id":"https:\/\/encontreportugal.pt\/zh\/#\/schema\/person\/71ee126caa8e8746f4e1d07bb50ba747"},"headline":"Cidadania portuguesa para nascidos em Cabo Verde","datePublished":"2024-05-01T10:32:52+00:00","mainEntityOfPage":{"@id":"https:\/\/encontreportugal.pt\/cidadania-portuguesa-para-nascidos-em-cabo-verde\/"},"wordCount":450,"commentCount":0,"publisher":{"@id":"https:\/\/encontreportugal.pt\/zh\/#organization"},"image":{"@id":"https:\/\/encontreportugal.pt\/cidadania-portuguesa-para-nascidos-em-cabo-verde\/#primaryimage"},"thumbnailUrl":"https:\/\/encontreportugal.pt\/wp-content\/uploads\/2024\/04\/Cidadania-portuguesa-para-nascidos-em-Cabo-Verde.jpg","articleSection":["Assessoria imigrantes","Dicas de Portugal","Juridico"],"inLanguage":"zh-Hans","potentialAction":[{"@type":"CommentAction","name":"Comment","target":["https:\/\/encontreportugal.pt\/cidadania-portuguesa-para-nascidos-em-cabo-verde\/#respond"]}]},{"@type":"WebPage","@id":"https:\/\/encontreportugal.pt\/cidadania-portuguesa-para-nascidos-em-cabo-verde\/","url":"https:\/\/encontreportugal.pt\/cidadania-portuguesa-para-nascidos-em-cabo-verde\/","name":"Cidadania portuguesa para nascidos em Cabo Verde - Encontre Portugal","isPartOf":{"@id":"https:\/\/encontreportugal.pt\/zh\/#website"},"primaryImageOfPage":{"@id":"https:\/\/encontreportugal.pt\/cidadania-portuguesa-para-nascidos-em-cabo-verde\/#primaryimage"},"image":{"@id":"https:\/\/encontreportugal.pt\/cidadania-portuguesa-para-nascidos-em-cabo-verde\/#primaryimage"},"thumbnailUrl":"https:\/\/encontreportugal.pt\/wp-content\/uploads\/2024\/04\/Cidadania-portuguesa-para-nascidos-em-Cabo-Verde.jpg","datePublished":"2024-05-01T10:32:52+00:00","breadcrumb":{"@id":"https:\/\/encontreportugal.pt\/cidadania-portuguesa-para-nascidos-em-cabo-verde\/#breadcrumb"},"inLanguage":"zh-Hans","potentialAction":[{"@type":"ReadAction","target":["https:\/\/encontreportugal.pt\/cidadania-portuguesa-para-nascidos-em-cabo-verde\/"]}]},{"@type":"ImageObject","inLanguage":"zh-Hans","@id":"https:\/\/encontreportugal.pt\/cidadania-portuguesa-para-nascidos-em-cabo-verde\/#primaryimage","url":"https:\/\/encontreportugal.pt\/wp-content\/uploads\/2024\/04\/Cidadania-portuguesa-para-nascidos-em-Cabo-Verde.jpg","contentUrl":"https:\/\/encontreportugal.pt\/wp-content\/uploads\/2024\/04\/Cidadania-portuguesa-para-nascidos-em-Cabo-Verde.jpg","width":1707,"height":2560,"caption":"Cidadania portuguesa para nascidos em Cabo Verde"},{"@type":"BreadcrumbList","@id":"https:\/\/encontreportugal.pt\/cidadania-portuguesa-para-nascidos-em-cabo-verde\/#breadcrumb","itemListElement":[{"@type":"ListItem","position":1,"name":"In\u00edcio","item":"https:\/\/encontreportugal.pt\/zh\/"},{"@type":"ListItem","position":2,"name":"Cidadania portuguesa para nascidos em Cabo Verde"}]},{"@type":"WebSite","@id":"https:\/\/encontreportugal.pt\/zh\/#website","url":"https:\/\/encontreportugal.pt\/zh\/","name":"\u5bfb\u627e\u8461\u8404\u7259","description":"\u8461\u8404\u7259\u6700\u5927\u7684\u5df4\u897f\u79fb\u6c11\u63d0\u793a\u95e8\u6237\u7f51\u7ad9\u3002","publisher":{"@id":"https:\/\/encontreportugal.pt\/zh\/#organization"},"potentialAction":[{"@type":"SearchAction","target":{"@type":"EntryPoint","urlTemplate":"https:\/\/encontreportugal.pt\/zh\/?s={search_term_string}"},"query-input":{"@type":"PropertyValueSpecification","valueRequired":true,"valueName":"search_term_string"}}],"inLanguage":"zh-Hans"},{"@type":"Organization","@id":"https:\/\/encontreportugal.pt\/zh\/#organization","name":"\u5bfb\u627e\u8461\u8404\u7259","url":"https:\/\/encontreportugal.pt\/zh\/","logo":{"@type":"ImageObject","inLanguage":"zh-Hans","@id":"https:\/\/encontreportugal.pt\/zh\/#\/schema\/logo\/image\/","url":"https:\/\/encontreportugal.pt\/wp-content\/uploads\/2024\/04\/cropped-logo-encontre-portugal.png","contentUrl":"https:\/\/encontreportugal.pt\/wp-content\/uploads\/2024\/04\/cropped-logo-encontre-portugal.png","width":500,"height":165,"caption":"Encontre Portugal"},"image":{"@id":"https:\/\/encontreportugal.pt\/zh\/#\/schema\/logo\/image\/"}},{"@type":"Person","@id":"https:\/\/encontreportugal.pt\/zh\/#\/schema\/person\/71ee126caa8e8746f4e1d07bb50ba747","name":"\u9053\u683c\u62c9\u65af-\u5df4\u5c14\u535a\u8428","image":{"@type":"ImageObject","inLanguage":"zh-Hans","@id":"https:\/\/encontreportugal.pt\/wp-content\/uploads\/2024\/03\/douglasfdb_avatar-96x96.jpeg","url":"https:\/\/encontreportugal.pt\/wp-content\/uploads\/2024\/03\/douglasfdb_avatar-96x96.jpeg","contentUrl":"https:\/\/encontreportugal.pt\/wp-content\/uploads\/2024\/03\/douglasfdb_avatar-96x96.jpeg","caption":"Douglas Barbosa"},"description":"\u4ed6\u62e5\u6709\u5929\u4e3b\u6559\u5b97\u5ea7\u5927\u5b66\uff08PUC\uff09\u8ba1\u7b97\u673a\u7f51\u7edc\u6280\u672f\u5b66\u4f4d\u4ee5\u53ca\u6570\u5b57\u8425\u9500\u3001\u5546\u4e1a\u667a\u80fd\u548c\u6570\u636e\u9a71\u52a8\u6218\u7565\u7814\u7a76\u751f\u5b66\u5386\u3002\u8eab\u4f53\u8bed\u8a00\u548c\u9762\u90e8\u5fae\u8868\u60c5\u68c0\u6d4b\u57f9\u8bad\u3002\u53c2\u52a0 \"\u6d41\u91cf\u548c\u8f6c\u5316\u673a\u5668--\u5b66\u4f1a\u6bcf\u5929\u901a\u8fc7\u8c37\u6b4c\u9500\u552e\u66f4\u591a\u4ea7\u54c1 \"\u57f9\u8bad\u8bfe\u7a0b\u3002\u83b7\u5f97\u8c37\u6b4c\u641c\u7d22\u5f15\u64ce\u4f18\u5316\u8ba4\u8bc1\u3002\u5728\u641c\u7d22\u5f15\u64ce\u4f18\u5316\u9879\u76ee\u3001\u8c37\u6b4c\u5e7f\u544a\u4ed8\u8d39\u6d41\u91cf\u7ba1\u7406\u548c\u7f51\u7ad9\u521b\u5efa\u65b9\u9762\u62e5\u6709\u4e30\u5bcc\u7ecf\u9a8c\u3002","sameAs":["https:\/\/encontreportugal.pt"],"url":"https:\/\/encontreportugal.pt\/zh\/author\/douglasfdb\/"}]}},"_links":{"self":[{"href":"https:\/\/encontreportugal.pt\/zh\/wp-json\/wp\/v2\/posts\/7309","targetHints":{"allow":["GET"]}}],"collection":[{"href":"https:\/\/encontreportugal.pt\/zh\/wp-json\/wp\/v2\/posts"}],"about":[{"href":"https:\/\/encontreportugal.pt\/zh\/wp-json\/wp\/v2\/types\/post"}],"author":[{"embeddable":true,"href":"https:\/\/encontreportugal.pt\/zh\/wp-json\/wp\/v2\/users\/1"}],"replies":[{"embeddable":true,"href":"https:\/\/encontreportugal.pt\/zh\/wp-json\/wp\/v2\/comments?post=7309"}],"version-history":[{"count":0,"href":"https:\/\/encontreportugal.pt\/zh\/wp-json\/wp\/v2\/posts\/7309\/revisions"}],"wp:featuredmedia":[{"embeddable":true,"href":"https:\/\/encontreportugal.pt\/zh\/wp-json\/wp\/v2\/media\/7465"}],"wp:attachment":[{"href":"https:\/\/encontreportugal.pt\/zh\/wp-json\/wp\/v2\/media?parent=7309"}],"wp:term":[{"taxonomy":"category","embeddable":true,"href":"https:\/\/encontreportugal.pt\/zh\/wp-json\/wp\/v2\/categories?post=7309"},{"taxonomy":"post_tag","embeddable":true,"href":"https:\/\/encontreportugal.pt\/zh\/wp-json\/wp\/v2\/tags?post=7309"}],"curies":[{"name":"wp","href":"https:\/\/api.w.org\/{rel}","templated":true}]}}