{"id":884,"date":"2023-01-26T14:42:28","date_gmt":"2023-01-26T14:42:28","guid":{"rendered":"https:\/\/encontreportugal.pt\/?p=884"},"modified":"2023-11-08T20:00:23","modified_gmt":"2023-11-08T20:00:23","slug":"vistos-de-trabalho-e-de-procura-de-emprego-em-portugal-diferencas","status":"publish","type":"post","link":"https:\/\/encontreportugal.pt\/zh\/vistos-de-trabalho-e-de-procura-de-emprego-em-portugal-diferencas\/","title":{"rendered":"\u8461\u8404\u7259\u5de5\u4f5c\u548c\u6c42\u804c\u7b7e\u8bc1\u7684\u5dee\u5f02"},"content":{"rendered":"<div class=\"flex-1 overflow-hidden\">\n<div class=\"react-scroll-to-bottom--css-splxu-79elbk h-full dark:bg-gray-800\">\n<div class=\"react-scroll-to-bottom--css-splxu-1n7m0yu\">\n<div class=\"flex flex-col items-center text-sm h-full dark:bg-gray-800\">\n<div class=\"w-full border-b border-black\/10 dark:border-gray-900\/50 text-gray-800 dark:text-gray-100 group bg-gray-50 dark:bg-[#444654]\">\n<div class=\"text-base gap-4 md:gap-6 m-auto md:max-w-2xl lg:max-w-2xl xl:max-w-3xl p-4 md:py-6 flex lg:px-0\">\n<div class=\"relative flex w-[calc(100%-50px)] md:flex-col lg:w-[calc(100%-115px)]\">\n<div class=\"flex flex-grow flex-col gap-3\">\n<div class=\"min-h-[20px] flex flex-col items-start gap-4 whitespace-pre-wrap\">\n<div class=\"markdown prose w-full break-words dark:prose-invert dark\">\n<p>Os <strong>vistos de trabalho<\/strong> e de <strong>procura de trabalho<\/strong> em Portugal s\u00e3o <strong>dois tipos de vistos diferentes<\/strong> que s\u00e3o emitidos pelas autoridades portuguesas para permitir que estrangeiros entrem e permane\u00e7am no pa\u00eds com o objetivo de trabalhar.<\/p>\n<p><strong>Um visto de trabalho<\/strong> \u00e9 um documento legal que permite que uma pessoa entre e trabalhe legalmente em Portugal. Ele<strong> \u00e9 emitido para pessoas que j\u00e1 t\u00eam um emprego garantido no pa\u00eds<\/strong> e \u00e9 v\u00e1lido por um per\u00edodo de tempo espec\u00edfico, geralmente de 1 a 2 anos. Este visto \u00e9 renov\u00e1vel.<\/p>\n<p>J\u00e1 o <strong>visto de procura de trabalho<\/strong> \u00e9 emitido para aqueles que desejam entrar em Portugal com o <strong>objetivo de procurar emprego<\/strong>. Este tipo de visto \u00e9 v\u00e1lido por um per\u00edodo de 6 meses, e n\u00e3o \u00e9 renov\u00e1vel. Durante esse per\u00edodo, o solicitante pode procurar emprego e, se conseguir, pode solicitar um visto de trabalho.<\/p>\n<p>\u00c9 importante notar que os requisitos para obten\u00e7\u00e3o de ambos os vistos podem variar dependendo da nacionalidade do solicitante e do tipo de trabalho que ele ou ela est\u00e1 procurando. Al\u00e9m disso, \u00e9 importante que o solicitante tenha uma carta de convite ou proposta de emprego para apresentar como parte da documenta\u00e7\u00e3o do visto.<\/p>\n<p>Em resumo, os vistos de trabalho e de procura de trabalho em Portugal s\u00e3o dois tipos de vistos diferentes que permitem que estrangeiros entrem e permane\u00e7am no pa\u00eds com o objetivo de trabalhar. O visto de trabalho \u00e9 emitido para pessoas que j\u00e1 tem alguma proposta de alguma empresa em Portugal.<\/p>\n<h2>Como funciona o visto de procura de emprego em Portugal e valores?<\/h2>\n<p><strong>As condi\u00e7\u00f5es s\u00e3o:<\/strong><\/p>\n<p><em>Ter um documento de viagem v\u00e1lido (passaporte);<\/em><br \/>\n<em>Possuir um seguro viagem;<\/em><br \/>\n<em>Dispor de meios de subsist\u00eancia comprovados durante o per\u00edodo de estadia;<\/em><br \/>\n<em>Possuir passagem a\u00e9rea de regresso ao seu pa\u00eds para a data prevista para o fim do visto;<\/em><br \/>\n<em>Se inscrever no Instituto de Emprego e Forma\u00e7\u00e3o Profissional (IEFP), indicando as habilita\u00e7\u00f5es acad\u00eamicas e experi\u00eancias profissionais;<\/em><br \/>\n<em>N\u00e3o estar sujeito a medida de afastamento ou per\u00edodo de interdi\u00e7\u00e3o de entrada no pa\u00eds;<\/em><br \/>\n<em>N\u00e3o estar indicado como cidad\u00e3o n\u00e3o admitido no Espa\u00e7o Schengen ou no Sistema de Informa\u00e7\u00f5es do SEF.<\/em><br \/>\n<em>\u00c9 importante destacar que o visto para procurar emprego em Portugal \u00e9 v\u00e1lido apenas para quem pretende ter um trabalho subordinado, n\u00e3o sendo aplic\u00e1vel aos trabalhadores aut\u00f4nomos ou n\u00f4mades digitais.<\/em><\/p>\n<p><strong>Comprova\u00e7\u00e3o de meios de subsist\u00eancia<\/strong><br \/>\nEm 30 de setembro de 2022, o Di\u00e1rio da Rep\u00fablica de Portugal informou que, para solicitar o visto para procurar emprego em Portugal, o imigrante precisar\u00e1 comprovar que possui o valor de 2.115\u20ac \u2013 equivalente a aproximadamente R$ 11 mil (na cota\u00e7\u00e3o atual).<\/p>\n<p>Esse valor refere-se a 3 sal\u00e1rios m\u00ednimos de Portugal, que em 2022 \u00e9 de 705\u20ac.<\/p>\n<\/div>\n<p><strong>NOTA:<\/strong> Como alternativa pode ainda recorrer a um portugu\u00eas que possa arcar com seus custos e multa durante o per\u00edodo que estiver em Portugal a vig\u00eancia do visto.\u00a0 Essa pessoa que for ficar respons\u00e1vel por voc\u00ea devera comprovar <strong>tr\u00eas vezes o valor do sal\u00e1rio m\u00ednimo<\/strong> (705\u20ac). A comprova\u00e7\u00e3o poder\u00e1 ser feita atrav\u00e9s de saldo banc\u00e1rio e declara\u00e7\u00e3o de IRS do ano anterior, preferencialmente.<\/p>\n<\/div>\n<h3>Qual custo para aplicar para esse visto?<\/h3>\n<p>Atualmente (em novembro de 2022), os vistos de resid\u00eancia custam\u00a0<strong>R$ 606,23<\/strong>.<\/p>\n<p>O valor pode variar pois \u00e9 calculado com base na varia\u00e7\u00e3o do euro. No momento de fazer o pedido, recomendamos que confirme o custo no site da VFS Global.<\/p>\n<\/div>\n<h3>Qual o tempo para conseguir esse visto?<\/h3>\n<p>Tempo m\u00e9dio de 60 dias.<\/p>\n<p><strong>Nota:\u00a0 <em>Esse visto tem um per\u00edodo de 120 dias(4 meses) podendo ser prorrogado para mais 60 dias(2 meses).<\/em><\/strong><\/p>\n<\/div>\n<\/div>\n<h3>Posso trazer minha fam\u00edlia atrav\u00e9s desse visto de procura de emprego?<\/h3>\n<p>Sim. O reagrupamento familiar ser\u00e1 tratado de forma semelhante aos demais vistos de resid\u00eancia.<\/p>\n<h3>Quais os documentos necess\u00e1rios para solicitar o visto de procura de emprego em Portugal?<\/h3>\n<\/div>\n<ul>\n<li><a href=\"https:\/\/www.vfsglobal.com\/portugal\/Brazil\/pdf\/Formul%C3%A1rio-de-pedido-de-visto.pdf\" target=\"_blank\" rel=\"noopener\">Formul\u00e1rio do pedido de visto<\/a>\u00a0preenchido e assinado;<\/li>\n<li>2 fotos 3\u00d74 iguais e atuais (1 colada no formul\u00e1rio);<\/li>\n<li>Passaporte (com validade por mais de tr\u00eas meses ap\u00f3s a data prevista para regresso);<\/li>\n<li>Seguro viagem\u00a0ou PB4;<\/li>\n<li>Certid\u00e3o de Antecedentes Criminais (emitida nos \u00faltimos 30 dias e com\u00a0Apostila de Haia);<\/li>\n<li>Requerimento para consulta do registro criminal portugu\u00eas pelo SEF;<\/li>\n<li>C\u00f3pia da passagem a\u00e9rea de volta;<\/li>\n<li>Comprovante de recursos financeiros equivalentes a tr\u00eas sal\u00e1rios m\u00ednimos de Portugal (valor total de 2.115\u20ac em 2022);<\/li>\n<li>Declara\u00e7\u00e3o com a indica\u00e7\u00f5es das condi\u00e7\u00f5es de estada previstas;<\/li>\n<li>Comprovante de apresenta\u00e7\u00e3o da\u00a0<a href=\"https:\/\/www.iefp.pt\/declaracao-visto-de-procura-de-trabalho\" target=\"_blank\" rel=\"noopener\">declara\u00e7\u00e3o de manifesta\u00e7\u00e3o de interesse para inscri\u00e7\u00e3o no IEFP<\/a>.<\/li>\n<\/ul>\n<div class=\"w-full border-b border-black\/10 dark:border-gray-900\/50 text-gray-800 dark:text-gray-100 group bg-gray-50 dark:bg-[#444654]\">\n<div class=\"text-base gap-4 md:gap-6 m-auto md:max-w-2xl lg:max-w-2xl xl:max-w-3xl p-4 md:py-6 flex lg:px-0\">\n<div class=\"relative flex w-[calc(100%-50px)] md:flex-col lg:w-[calc(100%-115px)]\">\n<p class=\"text-gray-400 flex self-end lg:self-center justify-center mt-2 gap-4 lg:gap-1 lg:absolute lg:top-0 lg:translate-x-full lg:right-0 lg:mt-0 lg:pl-2 visible\"><strong>Nota: Cidad\u00e3os brasileiros ou da CPLP podem apresentarem um termo de responsabilidade de um respons\u00e1vel portugu\u00eas ou estrangeiro que resida de forma legal no pa\u00eds onde assumam responsabilidade do requerente ao visto por:<\/strong><\/p>\n<p>Alojamento, Reposi\u00e7\u00e3o dos custos de afastamento em caso de perman\u00eancia irregular em Portugal e Alimenta\u00e7\u00e3o.<\/p>\n<\/div>\n<\/div>\n<\/div>\n<\/div>\n<p>&nbsp;<\/p>\n<p>Maiores informa\u00e7\u00f5es sobre o visto no site oficial do governo <a href=\"https:\/\/vistos.mne.gov.pt\/pt\/vistos-nacionais\/documentacao-instrutoria\/procura-de-trabalho\">https:\/\/vistos.mne.gov.pt\/pt\/vistos-nacionais\/documentacao-instrutoria\/procura-de-trabalho<\/a><\/p>\n<div class=\"flex flex-col items-center text-sm h-full dark:bg-gray-800\">\n<div class=\"w-full border-b border-black\/10 dark:border-gray-900\/50 text-gray-800 dark:text-gray-100 group bg-gray-50 dark:bg-[#444654]\">\n<div class=\"text-base gap-4 md:gap-6 m-auto md:max-w-2xl lg:max-w-2xl xl:max-w-3xl p-4 md:py-6 flex lg:px-0\">\n<div class=\"relative flex w-[calc(100%-50px)] md:flex-col lg:w-[calc(100%-115px)]\">\n<div><\/div>\n<\/div>\n<\/div>\n<\/div>\n<div class=\"w-full h-48 flex-shrink-0\"><\/div>\n<\/div>\n<\/div>\n<\/div>\n<\/div>\n<div class=\"absolute bottom-0 left-0 w-full border-t md:border-t-0 dark:border-white\/20 md:border-transparent md:dark:border-transparent md:bg-vert-light-gradient bg-white dark:bg-gray-800 md:!bg-transparent dark:md:bg-vert-dark-gradient\">\n<form class=\"stretch mx-2 flex flex-row gap-3 pt-2 last:mb-2 md:last:mb-6 lg:mx-auto lg:max-w-3xl lg:pt-6\">\n<div class=\"relative flex h-full flex-1 md:flex-col\">\n<div class=\"ml-1 mt-1.5 md:w-full md:m-auto md:flex md:mb-2 gap-2 justify-center\"><\/div>\n<div class=\"flex flex-col w-full py-2 flex-grow md:py-3 md:pl-4 relative border border-black\/10 bg-white dark:border-gray-900\/50 dark:text-white dark:bg-gray-700 rounded-md shadow-[0_0_10px_rgba(0,0,0,0.10)] dark:shadow-[0_0_15px_rgba(0,0,0,0.10)]\"><\/div>\n<\/div>\n<\/form>\n<\/div>\n","protected":false},"excerpt":{"rendered":"<p>Os vistos de trabalho e de procura de trabalho em Portugal s\u00e3o dois tipos de vistos diferentes que s\u00e3o emitidos pelas autoridades portuguesas para permitir que estrangeiros entrem e permane\u00e7am no pa\u00eds com o objetivo de trabalhar. Um visto de trabalho \u00e9 um documento legal que permite que uma pessoa entre e trabalhe legalmente em [&hellip;]<\/p>\n","protected":false},"author":1,"featured_media":885,"comment_status":"open","ping_status":"open","sticky":false,"template":"","format":"standard","meta":{"footnotes":""},"categories":[669],"tags":[],"class_list":["post-884","post","type-post","status-publish","format-standard","has-post-thumbnail","hentry","category-assessoria-imigrantes"],"acf":[],"yoast_head":"<!-- This site is optimized with the Yoast SEO plugin v27.5 - https:\/\/yoast.com\/product\/yoast-seo-wordpress\/ -->\n<title>Vistos de Trabalho e de Procura de emprego em Portugal diferen\u00e7as - Encontre Portugal<\/title>\n<meta name=\"robots\" content=\"index, follow, max-snippet:-1, max-image-preview:large, max-video-preview:-1\" \/>\n<link rel=\"canonical\" href=\"https:\/\/encontreportugal.pt\/zh\/vistos-de-trabalho-e-de-procura-de-emprego-em-portugal-diferencas\/\" \/>\n<meta property=\"og:locale\" content=\"zh_CN\" \/>\n<meta property=\"og:type\" content=\"article\" \/>\n<meta property=\"og:title\" content=\"Vistos de Trabalho e de Procura de emprego em Portugal diferen\u00e7as - Encontre Portugal\" \/>\n<meta property=\"og:url\" content=\"https:\/\/encontreportugal.pt\/zh\/vistos-de-trabalho-e-de-procura-de-emprego-em-portugal-diferencas\/\" \/>\n<meta property=\"og:site_name\" content=\"Encontre Portugal\" \/>\n<meta property=\"article:published_time\" content=\"2023-01-26T14:42:28+00:00\" \/>\n<meta property=\"article:modified_time\" content=\"2023-11-08T20:00:23+00:00\" \/>\n<meta property=\"og:image\" content=\"https:\/\/encontreportugal.pt\/wp-content\/uploads\/2023\/01\/woman-sits-on-the-street-and-works-with-a-laptop-scaled.jpg\" \/>\n\t<meta property=\"og:image:width\" content=\"2560\" \/>\n\t<meta property=\"og:image:height\" content=\"1707\" \/>\n\t<meta property=\"og:image:type\" content=\"image\/jpeg\" \/>\n<meta name=\"author\" content=\"Douglas Barbosa\" \/>\n<meta name=\"twitter:card\" content=\"summary_large_image\" \/>\n<meta name=\"twitter:label1\" content=\"\u4f5c\u8005\" \/>\n\t<meta name=\"twitter:data1\" content=\"Douglas Barbosa\" \/>\n\t<meta name=\"twitter:label2\" content=\"\u9884\u8ba1\u9605\u8bfb\u65f6\u95f4\" \/>\n\t<meta name=\"twitter:data2\" content=\"4 \u5206\" \/>\n<script type=\"application\/ld+json\" class=\"yoast-schema-graph\">{\"@context\":\"https:\\\/\\\/schema.org\",\"@graph\":[{\"@type\":\"Article\",\"@id\":\"https:\\\/\\\/encontreportugal.pt\\\/vistos-de-trabalho-e-de-procura-de-emprego-em-portugal-diferencas\\\/#article\",\"isPartOf\":{\"@id\":\"https:\\\/\\\/encontreportugal.pt\\\/vistos-de-trabalho-e-de-procura-de-emprego-em-portugal-diferencas\\\/\"},\"author\":{\"name\":\"Douglas Barbosa\",\"@id\":\"https:\\\/\\\/encontreportugal.pt\\\/zh\\\/#\\\/schema\\\/person\\\/71ee126caa8e8746f4e1d07bb50ba747\"},\"headline\":\"Vistos de Trabalho e de Procura de emprego em Portugal diferen\u00e7as\",\"datePublished\":\"2023-01-26T14:42:28+00:00\",\"dateModified\":\"2023-11-08T20:00:23+00:00\",\"mainEntityOfPage\":{\"@id\":\"https:\\\/\\\/encontreportugal.pt\\\/vistos-de-trabalho-e-de-procura-de-emprego-em-portugal-diferencas\\\/\"},\"wordCount\":869,\"commentCount\":5,\"publisher\":{\"@id\":\"https:\\\/\\\/encontreportugal.pt\\\/zh\\\/#organization\"},\"image\":{\"@id\":\"https:\\\/\\\/encontreportugal.pt\\\/vistos-de-trabalho-e-de-procura-de-emprego-em-portugal-diferencas\\\/#primaryimage\"},\"thumbnailUrl\":\"https:\\\/\\\/encontreportugal.pt\\\/wp-content\\\/uploads\\\/2023\\\/01\\\/woman-sits-on-the-street-and-works-with-a-laptop-scaled.jpg\",\"articleSection\":[\"Assessoria imigrantes\"],\"inLanguage\":\"zh-Hans\",\"potentialAction\":[{\"@type\":\"CommentAction\",\"name\":\"Comment\",\"target\":[\"https:\\\/\\\/encontreportugal.pt\\\/vistos-de-trabalho-e-de-procura-de-emprego-em-portugal-diferencas\\\/#respond\"]}]},{\"@type\":\"WebPage\",\"@id\":\"https:\\\/\\\/encontreportugal.pt\\\/vistos-de-trabalho-e-de-procura-de-emprego-em-portugal-diferencas\\\/\",\"url\":\"https:\\\/\\\/encontreportugal.pt\\\/vistos-de-trabalho-e-de-procura-de-emprego-em-portugal-diferencas\\\/\",\"name\":\"Vistos de Trabalho e de Procura de emprego em Portugal diferen\u00e7as - Encontre Portugal\",\"isPartOf\":{\"@id\":\"https:\\\/\\\/encontreportugal.pt\\\/zh\\\/#website\"},\"primaryImageOfPage\":{\"@id\":\"https:\\\/\\\/encontreportugal.pt\\\/vistos-de-trabalho-e-de-procura-de-emprego-em-portugal-diferencas\\\/#primaryimage\"},\"image\":{\"@id\":\"https:\\\/\\\/encontreportugal.pt\\\/vistos-de-trabalho-e-de-procura-de-emprego-em-portugal-diferencas\\\/#primaryimage\"},\"thumbnailUrl\":\"https:\\\/\\\/encontreportugal.pt\\\/wp-content\\\/uploads\\\/2023\\\/01\\\/woman-sits-on-the-street-and-works-with-a-laptop-scaled.jpg\",\"datePublished\":\"2023-01-26T14:42:28+00:00\",\"dateModified\":\"2023-11-08T20:00:23+00:00\",\"breadcrumb\":{\"@id\":\"https:\\\/\\\/encontreportugal.pt\\\/vistos-de-trabalho-e-de-procura-de-emprego-em-portugal-diferencas\\\/#breadcrumb\"},\"inLanguage\":\"zh-Hans\",\"potentialAction\":[{\"@type\":\"ReadAction\",\"target\":[\"https:\\\/\\\/encontreportugal.pt\\\/vistos-de-trabalho-e-de-procura-de-emprego-em-portugal-diferencas\\\/\"]}]},{\"@type\":\"ImageObject\",\"inLanguage\":\"zh-Hans\",\"@id\":\"https:\\\/\\\/encontreportugal.pt\\\/vistos-de-trabalho-e-de-procura-de-emprego-em-portugal-diferencas\\\/#primaryimage\",\"url\":\"https:\\\/\\\/encontreportugal.pt\\\/wp-content\\\/uploads\\\/2023\\\/01\\\/woman-sits-on-the-street-and-works-with-a-laptop-scaled.jpg\",\"contentUrl\":\"https:\\\/\\\/encontreportugal.pt\\\/wp-content\\\/uploads\\\/2023\\\/01\\\/woman-sits-on-the-street-and-works-with-a-laptop-scaled.jpg\",\"width\":2560,\"height\":1707},{\"@type\":\"BreadcrumbList\",\"@id\":\"https:\\\/\\\/encontreportugal.pt\\\/vistos-de-trabalho-e-de-procura-de-emprego-em-portugal-diferencas\\\/#breadcrumb\",\"itemListElement\":[{\"@type\":\"ListItem\",\"position\":1,\"name\":\"In\u00edcio\",\"item\":\"https:\\\/\\\/encontreportugal.pt\\\/zh\\\/\"},{\"@type\":\"ListItem\",\"position\":2,\"name\":\"Vistos de Trabalho e de Procura de emprego em Portugal diferen\u00e7as\"}]},{\"@type\":\"WebSite\",\"@id\":\"https:\\\/\\\/encontreportugal.pt\\\/zh\\\/#website\",\"url\":\"https:\\\/\\\/encontreportugal.pt\\\/zh\\\/\",\"name\":\"Encontre Portugal\",\"description\":\"O maior Portal de dicas ao imigrante brasileiro em Portugal.\",\"publisher\":{\"@id\":\"https:\\\/\\\/encontreportugal.pt\\\/zh\\\/#organization\"},\"potentialAction\":[{\"@type\":\"SearchAction\",\"target\":{\"@type\":\"EntryPoint\",\"urlTemplate\":\"https:\\\/\\\/encontreportugal.pt\\\/zh\\\/?s={search_term_string}\"},\"query-input\":{\"@type\":\"PropertyValueSpecification\",\"valueRequired\":true,\"valueName\":\"search_term_string\"}}],\"inLanguage\":\"zh-Hans\"},{\"@type\":\"Organization\",\"@id\":\"https:\\\/\\\/encontreportugal.pt\\\/zh\\\/#organization\",\"name\":\"Encontre Portugal\",\"url\":\"https:\\\/\\\/encontreportugal.pt\\\/zh\\\/\",\"logo\":{\"@type\":\"ImageObject\",\"inLanguage\":\"zh-Hans\",\"@id\":\"https:\\\/\\\/encontreportugal.pt\\\/zh\\\/#\\\/schema\\\/logo\\\/image\\\/\",\"url\":\"https:\\\/\\\/encontreportugal.pt\\\/wp-content\\\/uploads\\\/2024\\\/04\\\/cropped-logo-encontre-portugal.png\",\"contentUrl\":\"https:\\\/\\\/encontreportugal.pt\\\/wp-content\\\/uploads\\\/2024\\\/04\\\/cropped-logo-encontre-portugal.png\",\"width\":500,\"height\":165,\"caption\":\"Encontre Portugal\"},\"image\":{\"@id\":\"https:\\\/\\\/encontreportugal.pt\\\/zh\\\/#\\\/schema\\\/logo\\\/image\\\/\"}},{\"@type\":\"Person\",\"@id\":\"https:\\\/\\\/encontreportugal.pt\\\/zh\\\/#\\\/schema\\\/person\\\/71ee126caa8e8746f4e1d07bb50ba747\",\"name\":\"Douglas Barbosa\",\"image\":{\"@type\":\"ImageObject\",\"inLanguage\":\"zh-Hans\",\"@id\":\"https:\\\/\\\/encontreportugal.pt\\\/wp-content\\\/uploads\\\/2024\\\/03\\\/douglasfdb_avatar-96x96.jpeg\",\"url\":\"https:\\\/\\\/encontreportugal.pt\\\/wp-content\\\/uploads\\\/2024\\\/03\\\/douglasfdb_avatar-96x96.jpeg\",\"contentUrl\":\"https:\\\/\\\/encontreportugal.pt\\\/wp-content\\\/uploads\\\/2024\\\/03\\\/douglasfdb_avatar-96x96.jpeg\",\"caption\":\"Douglas Barbosa\"},\"description\":\"Graduado em Tecnologia de Redes de Computadores e com P\u00f3s-Gradua\u00e7\u00e3o em Marketing Digital, Business Intelligence e Estrat\u00e9gia Data-Driven pela Pontif\u00edcia Universidade Cat\u00f3lica (PUC). Capacita\u00e7\u00e3o em Linguagem Corporal e Detec\u00e7\u00e3o de Microexpress\u00f5es Faciais. Participa\u00e7\u00e3o na forma\u00e7\u00e3o \\\"M\u00e1quina de Tr\u00e1fego e Convers\u00e3o - Aprenda a Vender Mais pelo Google Todos os Dias\\\". Certificado pelo Google em Rede de Pesquisa. Vasta experi\u00eancia em projetos de SEO, gest\u00e3o de tr\u00e1fego pago no Google Ads e Cria\u00e7\u00e3o de Websites.\",\"sameAs\":[\"https:\\\/\\\/encontreportugal.pt\"],\"url\":\"https:\\\/\\\/encontreportugal.pt\\\/zh\\\/author\\\/douglasfdb\\\/\"}]}<\/script>\n<!-- \/ Yoast SEO plugin. -->","yoast_head_json":{"title":"Vistos de Trabalho e de Procura de emprego em Portugal diferen\u00e7as - Encontre Portugal","robots":{"index":"index","follow":"follow","max-snippet":"max-snippet:-1","max-image-preview":"max-image-preview:large","max-video-preview":"max-video-preview:-1"},"canonical":"https:\/\/encontreportugal.pt\/zh\/vistos-de-trabalho-e-de-procura-de-emprego-em-portugal-diferencas\/","og_locale":"zh_CN","og_type":"article","og_title":"Vistos de Trabalho e de Procura de emprego em Portugal diferen\u00e7as - Encontre Portugal","og_url":"https:\/\/encontreportugal.pt\/zh\/vistos-de-trabalho-e-de-procura-de-emprego-em-portugal-diferencas\/","og_site_name":"Encontre Portugal","article_published_time":"2023-01-26T14:42:28+00:00","article_modified_time":"2023-11-08T20:00:23+00:00","og_image":[{"width":2560,"height":1707,"url":"https:\/\/encontreportugal.pt\/wp-content\/uploads\/2023\/01\/woman-sits-on-the-street-and-works-with-a-laptop-scaled.jpg","type":"image\/jpeg"}],"author":"Douglas Barbosa","twitter_card":"summary_large_image","twitter_misc":{"\u4f5c\u8005":"Douglas Barbosa","\u9884\u8ba1\u9605\u8bfb\u65f6\u95f4":"4 \u5206"},"schema":{"@context":"https:\/\/schema.org","@graph":[{"@type":"Article","@id":"https:\/\/encontreportugal.pt\/vistos-de-trabalho-e-de-procura-de-emprego-em-portugal-diferencas\/#article","isPartOf":{"@id":"https:\/\/encontreportugal.pt\/vistos-de-trabalho-e-de-procura-de-emprego-em-portugal-diferencas\/"},"author":{"name":"Douglas Barbosa","@id":"https:\/\/encontreportugal.pt\/zh\/#\/schema\/person\/71ee126caa8e8746f4e1d07bb50ba747"},"headline":"Vistos de Trabalho e de Procura de emprego em Portugal diferen\u00e7as","datePublished":"2023-01-26T14:42:28+00:00","dateModified":"2023-11-08T20:00:23+00:00","mainEntityOfPage":{"@id":"https:\/\/encontreportugal.pt\/vistos-de-trabalho-e-de-procura-de-emprego-em-portugal-diferencas\/"},"wordCount":869,"commentCount":5,"publisher":{"@id":"https:\/\/encontreportugal.pt\/zh\/#organization"},"image":{"@id":"https:\/\/encontreportugal.pt\/vistos-de-trabalho-e-de-procura-de-emprego-em-portugal-diferencas\/#primaryimage"},"thumbnailUrl":"https:\/\/encontreportugal.pt\/wp-content\/uploads\/2023\/01\/woman-sits-on-the-street-and-works-with-a-laptop-scaled.jpg","articleSection":["Assessoria imigrantes"],"inLanguage":"zh-Hans","potentialAction":[{"@type":"CommentAction","name":"Comment","target":["https:\/\/encontreportugal.pt\/vistos-de-trabalho-e-de-procura-de-emprego-em-portugal-diferencas\/#respond"]}]},{"@type":"WebPage","@id":"https:\/\/encontreportugal.pt\/vistos-de-trabalho-e-de-procura-de-emprego-em-portugal-diferencas\/","url":"https:\/\/encontreportugal.pt\/vistos-de-trabalho-e-de-procura-de-emprego-em-portugal-diferencas\/","name":"Vistos de Trabalho e de Procura de emprego em Portugal diferen\u00e7as - Encontre Portugal","isPartOf":{"@id":"https:\/\/encontreportugal.pt\/zh\/#website"},"primaryImageOfPage":{"@id":"https:\/\/encontreportugal.pt\/vistos-de-trabalho-e-de-procura-de-emprego-em-portugal-diferencas\/#primaryimage"},"image":{"@id":"https:\/\/encontreportugal.pt\/vistos-de-trabalho-e-de-procura-de-emprego-em-portugal-diferencas\/#primaryimage"},"thumbnailUrl":"https:\/\/encontreportugal.pt\/wp-content\/uploads\/2023\/01\/woman-sits-on-the-street-and-works-with-a-laptop-scaled.jpg","datePublished":"2023-01-26T14:42:28+00:00","dateModified":"2023-11-08T20:00:23+00:00","breadcrumb":{"@id":"https:\/\/encontreportugal.pt\/vistos-de-trabalho-e-de-procura-de-emprego-em-portugal-diferencas\/#breadcrumb"},"inLanguage":"zh-Hans","potentialAction":[{"@type":"ReadAction","target":["https:\/\/encontreportugal.pt\/vistos-de-trabalho-e-de-procura-de-emprego-em-portugal-diferencas\/"]}]},{"@type":"ImageObject","inLanguage":"zh-Hans","@id":"https:\/\/encontreportugal.pt\/vistos-de-trabalho-e-de-procura-de-emprego-em-portugal-diferencas\/#primaryimage","url":"https:\/\/encontreportugal.pt\/wp-content\/uploads\/2023\/01\/woman-sits-on-the-street-and-works-with-a-laptop-scaled.jpg","contentUrl":"https:\/\/encontreportugal.pt\/wp-content\/uploads\/2023\/01\/woman-sits-on-the-street-and-works-with-a-laptop-scaled.jpg","width":2560,"height":1707},{"@type":"BreadcrumbList","@id":"https:\/\/encontreportugal.pt\/vistos-de-trabalho-e-de-procura-de-emprego-em-portugal-diferencas\/#breadcrumb","itemListElement":[{"@type":"ListItem","position":1,"name":"In\u00edcio","item":"https:\/\/encontreportugal.pt\/zh\/"},{"@type":"ListItem","position":2,"name":"Vistos de Trabalho e de Procura de emprego em Portugal diferen\u00e7as"}]},{"@type":"WebSite","@id":"https:\/\/encontreportugal.pt\/zh\/#website","url":"https:\/\/encontreportugal.pt\/zh\/","name":"\u5bfb\u627e\u8461\u8404\u7259","description":"\u8461\u8404\u7259\u6700\u5927\u7684\u5df4\u897f\u79fb\u6c11\u63d0\u793a\u95e8\u6237\u7f51\u7ad9\u3002","publisher":{"@id":"https:\/\/encontreportugal.pt\/zh\/#organization"},"potentialAction":[{"@type":"SearchAction","target":{"@type":"EntryPoint","urlTemplate":"https:\/\/encontreportugal.pt\/zh\/?s={search_term_string}"},"query-input":{"@type":"PropertyValueSpecification","valueRequired":true,"valueName":"search_term_string"}}],"inLanguage":"zh-Hans"},{"@type":"Organization","@id":"https:\/\/encontreportugal.pt\/zh\/#organization","name":"\u5bfb\u627e\u8461\u8404\u7259","url":"https:\/\/encontreportugal.pt\/zh\/","logo":{"@type":"ImageObject","inLanguage":"zh-Hans","@id":"https:\/\/encontreportugal.pt\/zh\/#\/schema\/logo\/image\/","url":"https:\/\/encontreportugal.pt\/wp-content\/uploads\/2024\/04\/cropped-logo-encontre-portugal.png","contentUrl":"https:\/\/encontreportugal.pt\/wp-content\/uploads\/2024\/04\/cropped-logo-encontre-portugal.png","width":500,"height":165,"caption":"Encontre Portugal"},"image":{"@id":"https:\/\/encontreportugal.pt\/zh\/#\/schema\/logo\/image\/"}},{"@type":"Person","@id":"https:\/\/encontreportugal.pt\/zh\/#\/schema\/person\/71ee126caa8e8746f4e1d07bb50ba747","name":"\u9053\u683c\u62c9\u65af-\u5df4\u5c14\u535a\u8428","image":{"@type":"ImageObject","inLanguage":"zh-Hans","@id":"https:\/\/encontreportugal.pt\/wp-content\/uploads\/2024\/03\/douglasfdb_avatar-96x96.jpeg","url":"https:\/\/encontreportugal.pt\/wp-content\/uploads\/2024\/03\/douglasfdb_avatar-96x96.jpeg","contentUrl":"https:\/\/encontreportugal.pt\/wp-content\/uploads\/2024\/03\/douglasfdb_avatar-96x96.jpeg","caption":"Douglas Barbosa"},"description":"\u4ed6\u62e5\u6709\u5929\u4e3b\u6559\u5b97\u5ea7\u5927\u5b66\uff08PUC\uff09\u8ba1\u7b97\u673a\u7f51\u7edc\u6280\u672f\u5b66\u4f4d\u4ee5\u53ca\u6570\u5b57\u8425\u9500\u3001\u5546\u4e1a\u667a\u80fd\u548c\u6570\u636e\u9a71\u52a8\u6218\u7565\u7814\u7a76\u751f\u5b66\u5386\u3002\u8eab\u4f53\u8bed\u8a00\u548c\u9762\u90e8\u5fae\u8868\u60c5\u68c0\u6d4b\u57f9\u8bad\u3002\u53c2\u52a0 \"\u6d41\u91cf\u548c\u8f6c\u5316\u673a\u5668--\u5b66\u4f1a\u6bcf\u5929\u901a\u8fc7\u8c37\u6b4c\u9500\u552e\u66f4\u591a\u4ea7\u54c1 \"\u57f9\u8bad\u8bfe\u7a0b\u3002\u83b7\u5f97\u8c37\u6b4c\u641c\u7d22\u5f15\u64ce\u4f18\u5316\u8ba4\u8bc1\u3002\u5728\u641c\u7d22\u5f15\u64ce\u4f18\u5316\u9879\u76ee\u3001\u8c37\u6b4c\u5e7f\u544a\u4ed8\u8d39\u6d41\u91cf\u7ba1\u7406\u548c\u7f51\u7ad9\u521b\u5efa\u65b9\u9762\u62e5\u6709\u4e30\u5bcc\u7ecf\u9a8c\u3002","sameAs":["https:\/\/encontreportugal.pt"],"url":"https:\/\/encontreportugal.pt\/zh\/author\/douglasfdb\/"}]}},"_links":{"self":[{"href":"https:\/\/encontreportugal.pt\/zh\/wp-json\/wp\/v2\/posts\/884","targetHints":{"allow":["GET"]}}],"collection":[{"href":"https:\/\/encontreportugal.pt\/zh\/wp-json\/wp\/v2\/posts"}],"about":[{"href":"https:\/\/encontreportugal.pt\/zh\/wp-json\/wp\/v2\/types\/post"}],"author":[{"embeddable":true,"href":"https:\/\/encontreportugal.pt\/zh\/wp-json\/wp\/v2\/users\/1"}],"replies":[{"embeddable":true,"href":"https:\/\/encontreportugal.pt\/zh\/wp-json\/wp\/v2\/comments?post=884"}],"version-history":[{"count":0,"href":"https:\/\/encontreportugal.pt\/zh\/wp-json\/wp\/v2\/posts\/884\/revisions"}],"wp:featuredmedia":[{"embeddable":true,"href":"https:\/\/encontreportugal.pt\/zh\/wp-json\/wp\/v2\/media\/885"}],"wp:attachment":[{"href":"https:\/\/encontreportugal.pt\/zh\/wp-json\/wp\/v2\/media?parent=884"}],"wp:term":[{"taxonomy":"category","embeddable":true,"href":"https:\/\/encontreportugal.pt\/zh\/wp-json\/wp\/v2\/categories?post=884"},{"taxonomy":"post_tag","embeddable":true,"href":"https:\/\/encontreportugal.pt\/zh\/wp-json\/wp\/v2\/tags?post=884"}],"curies":[{"name":"wp","href":"https:\/\/api.w.org\/{rel}","templated":true}]}}